{"id":15143,"date":"2019-06-07T09:30:39","date_gmt":"2019-06-07T12:30:39","guid":{"rendered":"http:\/\/www.legistdf.gob.ar\/?p=15143"},"modified":"2019-06-06T17:07:11","modified_gmt":"2019-06-06T20:07:11","slug":"sociedad-arcando-fue-reconocido-por-la-fundacion-te-quiero-paraguay","status":"publish","type":"post","link":"https:\/\/www.legistdf.gob.ar\/index.php\/2019\/06\/07\/sociedad-arcando-fue-reconocido-por-la-fundacion-te-quiero-paraguay\/","title":{"rendered":"SOCIEDAD: Arcando fue reconocido por la Fundaci\u00f3n \u201cTe Quiero Paraguay\u201d"},"content":{"rendered":"<p><strong>Ushuaia, viernes 7 de junio de 2019.- En mayo pasado, la Fundaci\u00f3n Cultural Te Quiero Paraguay organiz\u00f3 la Gran Fiesta de Polca y Chamam\u00e9. El evento, se enmarc\u00f3 en un nuevo aniversario de la Independencia de la Rep\u00fablica del Paraguay y en el festejo del d\u00eda de la madre en aquel pa\u00eds. La titular de la Fundaci\u00f3n, Liduvina Ferreira, visit\u00f3 al Presidente del Parlamento, vicegobernador Juan Carlos Arcando, para entregarle un reconocimiento.<\/strong><\/p>\n<p>&nbsp;<\/p>\n<p>\u201cVinimos a traerle a Arcando un presente que ten\u00edamos previsto entregarle el 11 de mayo, pero por cuestiones de agenda \u00e9l no pudo ir a la fiesta. Por ello, aprovech\u00e9 para acercarme y entregarle personalmente este obsequio\u201d, dijo la representante de los paraguayos en la ciudad.<\/p>\n<p>&nbsp;<\/p>\n<p>\u201cDe nuestra parte es grande nuestro agradecimiento, porque siempre que hemos acudido al Vicegobernador, \u00e9l nos dio una respuesta positiva, en todos los proyectos nos ayud\u00f3. Por eso es m\u00e1s que merecido nuestro reconocimiento a su esfuerzo y su compromiso para con nuestra casa cultural\u201d, cerr\u00f3 Ferreira.<\/p>\n<p>&nbsp;<\/p>\n<p>El festejo, cont\u00f3 con la presencia de los grupos musicales \u00abLos Caba\u00f1as\u00bb, que son de R\u00edo Grande y \u00abConjunto Sentimiento\u00bb, oriundos de Buenos Aires, como as\u00ed tambi\u00e9n de la cantante paraguaya Mirna Romero, tambi\u00e9n proveniente de la capital nacional.<\/p>\n<p>&nbsp;<\/p>\n<p>Desde la Fundaci\u00f3n \u201cTe Quiero Paraguay\u201d destacaron que la fiesta \u00abestuvo destinada a toda la comunidad de las ciudades de Ushuaia, Tolhuin y R\u00edo Grande\u00bb.<\/p>\n<p>&nbsp;<\/p>\n\n\t\t<style type=\"text\/css\">\n\t\t\t#gallery-1 {\n\t\t\t\tmargin: auto;\n\t\t\t}\n\t\t\t#gallery-1 .gallery-item {\n\t\t\t\tfloat: left;\n\t\t\t\tmargin-top: 10px;\n\t\t\t\ttext-align: center;\n\t\t\t\twidth: 100%;\n\t\t\t}\n\t\t\t#gallery-1 img {\n\t\t\t\tborder: 2px solid #cfcfcf;\n\t\t\t}\n\t\t\t#gallery-1 .gallery-caption {\n\t\t\t\tmargin-left: 0;\n\t\t\t}\n\t\t\t\/* see gallery_shortcode() in wp-includes\/media.php *\/\n\t\t<\/style>\n\t\t<div data-carousel-extra='{\"blog_id\":1,\"permalink\":\"https:\\\/\\\/www.legistdf.gob.ar\\\/index.php\\\/2019\\\/06\\\/07\\\/sociedad-arcando-fue-reconocido-por-la-fundacion-te-quiero-paraguay\\\/\"}' id='gallery-1' class='gallery galleryid-15143 gallery-columns-1 gallery-size-thumbnail'><dl class='gallery-item'>\n\t\t\t<dt class='gallery-icon landscape'>\n\t\t\t\t<a href='https:\/\/www.legistdf.gob.ar\/index.php\/2019\/06\/07\/sociedad-arcando-fue-reconocido-por-la-fundacion-te-quiero-paraguay\/img_8753\/'><img loading=\"lazy\" decoding=\"async\" width=\"150\" height=\"150\" src=\"https:\/\/www.legistdf.gob.ar\/wp-content\/uploads\/2019\/06\/IMG_8753-150x150.jpg\" class=\"attachment-thumbnail size-thumbnail\" alt=\"\" srcset=\"https:\/\/www.legistdf.gob.ar\/wp-content\/uploads\/2019\/06\/IMG_8753-150x150.jpg 150w, https:\/\/www.legistdf.gob.ar\/wp-content\/uploads\/2019\/06\/IMG_8753-64x64.jpg 64w\" sizes=\"(max-width: 150px) 100vw, 150px\" data-attachment-id=\"15144\" data-permalink=\"https:\/\/www.legistdf.gob.ar\/index.php\/2019\/06\/07\/sociedad-arcando-fue-reconocido-por-la-fundacion-te-quiero-paraguay\/img_8753\/\" data-orig-file=\"https:\/\/www.legistdf.gob.ar\/wp-content\/uploads\/2019\/06\/IMG_8753.jpg\" data-orig-size=\"1000,667\" data-comments-opened=\"0\" data-image-meta=\"{&quot;aperture&quot;:&quot;2.8&quot;,&quot;credit&quot;:&quot;&quot;,&quot;camera&quot;:&quot;Canon EOS 6D&quot;,&quot;caption&quot;:&quot;&quot;,&quot;created_timestamp&quot;:&quot;1559794505&quot;,&quot;copyright&quot;:&quot;&quot;,&quot;focal_length&quot;:&quot;47&quot;,&quot;iso&quot;:&quot;500&quot;,&quot;shutter_speed&quot;:&quot;0.00625&quot;,&quot;title&quot;:&quot;&quot;,&quot;orientation&quot;:&quot;0&quot;}\" data-image-title=\"IMG_8753\" data-image-description=\"\" data-image-caption=\"\" data-medium-file=\"https:\/\/www.legistdf.gob.ar\/wp-content\/uploads\/2019\/06\/IMG_8753-300x200.jpg\" data-large-file=\"https:\/\/www.legistdf.gob.ar\/wp-content\/uploads\/2019\/06\/IMG_8753.jpg\" \/><\/a>\n\t\t\t<\/dt><\/dl><br style=\"clear: both\" \/>\n\t\t<\/div>\n\n<p>&nbsp;<\/p>\n","protected":false},"excerpt":{"rendered":"<p>Ushuaia, viernes 7 de junio de 2019.- En mayo pasado, la Fundaci\u00f3n Cultural Te Quiero Paraguay organiz\u00f3 la Gran Fiesta de Polca y Chamam\u00e9. El evento, se enmarc\u00f3 en un nuevo aniversario de la Independencia de la Rep\u00fablica del Paraguay y en el festejo del d\u00eda de la madre en aquel pa\u00eds. La titular de [&hellip;]<\/p>\n","protected":false},"author":352,"featured_media":15144,"comment_status":"closed","ping_status":"open","sticky":false,"template":"","format":"standard","meta":{"jetpack_post_was_ever_published":false,"_jetpack_newsletter_access":"","_jetpack_dont_email_post_to_subs":false,"_jetpack_newsletter_tier_id":0,"footnotes":"","jetpack_publicize_message":"","jetpack_publicize_feature_enabled":true,"jetpack_social_post_already_shared":false,"jetpack_social_options":{"image_generator_settings":{"template":"highway","enabled":false}}},"categories":[1],"tags":[1569,1571,1566,97,856,1572,1570,1568,1567],"jetpack_publicize_connections":[],"jetpack_sharing_enabled":true,"jetpack_featured_media_url":"https:\/\/www.legistdf.gob.ar\/wp-content\/uploads\/2019\/06\/IMG_8753.jpg","jetpack-related-posts":[],"_links":{"self":[{"href":"https:\/\/www.legistdf.gob.ar\/index.php\/wp-json\/wp\/v2\/posts\/15143"}],"collection":[{"href":"https:\/\/www.legistdf.gob.ar\/index.php\/wp-json\/wp\/v2\/posts"}],"about":[{"href":"https:\/\/www.legistdf.gob.ar\/index.php\/wp-json\/wp\/v2\/types\/post"}],"author":[{"embeddable":true,"href":"https:\/\/www.legistdf.gob.ar\/index.php\/wp-json\/wp\/v2\/users\/352"}],"replies":[{"embeddable":true,"href":"https:\/\/www.legistdf.gob.ar\/index.php\/wp-json\/wp\/v2\/comments?post=15143"}],"version-history":[{"count":1,"href":"https:\/\/www.legistdf.gob.ar\/index.php\/wp-json\/wp\/v2\/posts\/15143\/revisions"}],"predecessor-version":[{"id":15145,"href":"https:\/\/www.legistdf.gob.ar\/index.php\/wp-json\/wp\/v2\/posts\/15143\/revisions\/15145"}],"wp:featuredmedia":[{"embeddable":true,"href":"https:\/\/www.legistdf.gob.ar\/index.php\/wp-json\/wp\/v2\/media\/15144"}],"wp:attachment":[{"href":"https:\/\/www.legistdf.gob.ar\/index.php\/wp-json\/wp\/v2\/media?parent=15143"}],"wp:term":[{"taxonomy":"category","embeddable":true,"href":"https:\/\/www.legistdf.gob.ar\/index.php\/wp-json\/wp\/v2\/categories?post=15143"},{"taxonomy":"post_tag","embeddable":true,"href":"https:\/\/www.legistdf.gob.ar\/index.php\/wp-json\/wp\/v2\/tags?post=15143"}],"curies":[{"name":"wp","href":"https:\/\/api.w.org\/{rel}","templated":true}]}}