{"id":15322,"date":"2019-07-11T01:50:45","date_gmt":"2019-07-11T04:50:45","guid":{"rendered":"http:\/\/www.legistdf.gob.ar\/?p=15322"},"modified":"2019-07-11T01:50:46","modified_gmt":"2019-07-11T04:50:46","slug":"rio-grande-arcando-participo-de-los-reconocimientos-playero-rojizo-2019","status":"publish","type":"post","link":"https:\/\/www.legistdf.gob.ar\/index.php\/2019\/07\/11\/rio-grande-arcando-participo-de-los-reconocimientos-playero-rojizo-2019\/","title":{"rendered":"R\u00cdO GRANDE: Arcando particip\u00f3 de los Reconocimientos Playero Rojizo 2019"},"content":{"rendered":"<p><strong>R\u00edo Grande, jueves 11 de julio de 2019.- En el polideportivo municipal \u2018Carlos Margalot, el intendente Gustavo Melella, acompa\u00f1ado por el vicegobernador Juan Carlos Arcando, encabezaron el acto de premiaci\u00f3n \u2018Playero Rojizo 2019\u2019 con el cual la ciudad reconoce a personalidades destacadas y a los mejores promedios de los colegios secundarios. Fue anoche en el marco de los festejos por el 98 aniversario de la fundaci\u00f3n de la ciudad norte.<\/strong><\/p>\n<p>&nbsp;<\/p>\n<p>Estuvieron presentes, el diputado Nacional Mart\u00edn P\u00e9rez, la concejal Ver\u00f3nica Gonz\u00e1lez e integrantes del gabinete municipal adem\u00e1s de los secretarios Federico Run\u00edn (Participaci\u00f3n y Gesti\u00f3n Ciudadana); Agust\u00edn Tita (Coordinaci\u00f3n de Gabinete y Control de Gesti\u00f3n); Gabriela Castillo (Obras y Servicios P\u00fablicos); Sonia Castiglione (Producci\u00f3n y Ambiente); Anal\u00eda Cubino (Promoci\u00f3n Social) y \u00a0Andr\u00e9s Dachary, subsecretario de Modernizaci\u00f3n e Innovaci\u00f3n.<\/p>\n<p>&nbsp;<\/p>\n<p>Asimismo, se reconoci\u00f3 el trabajo de Ceremonial y Protocolo municipal, \u00c1rea T\u00e9cnica, Prensa y Difusi\u00f3n, entre otras \u00e1reas que hicieron su aporte para este reconocimiento. El propio intendente Melella salud\u00f3 y felicit\u00f3 a cada uno de ellos.<\/p>\n<p>&nbsp;<\/p>\n<p>El vicegobernador Juan Carlos Arcando destac\u00f3 a los j\u00f3venes estudiantes que han obtenido los mejores promedios y que recibieron este reconocimiento. \u201cMe voy muy reconfortado por el esp\u00edritu que tienen estos estudiantes que d\u00eda a d\u00eda intentan superarse con promedios superiores a nueve, incluso hubo uno que tiene diez; y m\u00e1s all\u00e1 de ser el futuro de R\u00edo Grande, son el futuro de toda Tierra del Fuego; los chicos nos comentaron sus expectativas profesionales a futuro, algunos quieren ser m\u00e9dicos, otros contadores, incluso algunos de ellos veterinarios. Son j\u00f3venes que apuestan al futuro con el acompa\u00f1amiento de sus padres\u201d.<\/p>\n<p>&nbsp;<\/p>\n<p>Tambi\u00e9n, el Vicegobernador resalt\u00f3: \u201cSe reconoci\u00f3 la trayectoria de vecinos destacados como Juan Jos\u00e9 Degratti, que en 1960 uni\u00f3 Tierra del Fuego con Alaska y cuya traves\u00eda se puede apreciar en la muestra de la Torre de Agua, a la hermana Carla, quien tiene una destacada labor pastoral y social no solo en R\u00edo Grande, sino tambi\u00e9n en Tolhuin. Ella no pudo estar hoy pero sabe del amor de la gente por ella; asimismo escultores, voluntarios sociales como la licenciada Pamela Flores que tiene el emprendimiento NIDO, a trav\u00e9s del cual impulsa la lactancia materna, tan sana y tan necesaria para que los ni\u00f1os puedan crecer bien con buenas defensas, ayudando a las mam\u00e1s\u201d.<\/p>\n<p>&nbsp;<\/p>\n<p>Finalmente Arcando consider\u00f3 que \u201ctodos ellos vinieron a hacer Patria, a desarrollar sus conocimientos, a apostar por su futuro y a apostar por Tierra del Fuego y por eso estoy muy contento de participar en este importante evento\u201d.<\/p>\n<p>&nbsp;<\/p>\n<p>Los premiados<\/p>\n<p>Juan Jos\u00e9 Degratti (deportista)<\/p>\n<p>Osvaldo Gabriel Olgiatti (Escultor)<\/p>\n<p>Hermana Carla Riva (Religiosa)<\/p>\n<p>Margarita Fell (Primer modista de la ciudad)<\/p>\n<p>Profesor Rodolfo Daniel Lizardo (Voluntariado \u2013 Discapacidad)<\/p>\n<p>Jos\u00e9 Baciocchi (Primitivo Tattoo)<\/p>\n<p>Escuela Provincial N\u00b0 2 Dr. Benjam\u00edn Zorrilla<\/p>\n<p>Licenciada Pamela Flores (Consultorio NIDO de Lactancia).<\/p>\n\n\t\t<style type=\"text\/css\">\n\t\t\t#gallery-1 {\n\t\t\t\tmargin: auto;\n\t\t\t}\n\t\t\t#gallery-1 .gallery-item {\n\t\t\t\tfloat: left;\n\t\t\t\tmargin-top: 10px;\n\t\t\t\ttext-align: center;\n\t\t\t\twidth: 33%;\n\t\t\t}\n\t\t\t#gallery-1 img {\n\t\t\t\tborder: 2px solid #cfcfcf;\n\t\t\t}\n\t\t\t#gallery-1 .gallery-caption {\n\t\t\t\tmargin-left: 0;\n\t\t\t}\n\t\t\t\/* see gallery_shortcode() in wp-includes\/media.php *\/\n\t\t<\/style>\n\t\t<div data-carousel-extra='{\"blog_id\":1,\"permalink\":\"https:\\\/\\\/www.legistdf.gob.ar\\\/index.php\\\/2019\\\/07\\\/11\\\/rio-grande-arcando-participo-de-los-reconocimientos-playero-rojizo-2019\\\/\"}' id='gallery-1' class='gallery galleryid-15322 gallery-columns-3 gallery-size-thumbnail'><dl class='gallery-item'>\n\t\t\t<dt class='gallery-icon landscape'>\n\t\t\t\t<a href='https:\/\/www.legistdf.gob.ar\/index.php\/2019\/07\/11\/rio-grande-arcando-participo-de-los-reconocimientos-playero-rojizo-2019\/img_0903\/'><img loading=\"lazy\" decoding=\"async\" width=\"150\" height=\"150\" src=\"https:\/\/www.legistdf.gob.ar\/wp-content\/uploads\/2019\/07\/IMG_0903-150x150.jpg\" class=\"attachment-thumbnail size-thumbnail\" alt=\"\" srcset=\"https:\/\/www.legistdf.gob.ar\/wp-content\/uploads\/2019\/07\/IMG_0903-150x150.jpg 150w, https:\/\/www.legistdf.gob.ar\/wp-content\/uploads\/2019\/07\/IMG_0903-64x64.jpg 64w\" sizes=\"(max-width: 150px) 100vw, 150px\" data-attachment-id=\"15323\" data-permalink=\"https:\/\/www.legistdf.gob.ar\/index.php\/2019\/07\/11\/rio-grande-arcando-participo-de-los-reconocimientos-playero-rojizo-2019\/img_0903\/\" data-orig-file=\"https:\/\/www.legistdf.gob.ar\/wp-content\/uploads\/2019\/07\/IMG_0903.jpg\" data-orig-size=\"1500,1000\" data-comments-opened=\"0\" data-image-meta=\"{&quot;aperture&quot;:&quot;4.5&quot;,&quot;credit&quot;:&quot;&quot;,&quot;camera&quot;:&quot;Canon EOS 760D&quot;,&quot;caption&quot;:&quot;&quot;,&quot;created_timestamp&quot;:&quot;1562767425&quot;,&quot;copyright&quot;:&quot;&quot;,&quot;focal_length&quot;:&quot;34&quot;,&quot;iso&quot;:&quot;1600&quot;,&quot;shutter_speed&quot;:&quot;0.025&quot;,&quot;title&quot;:&quot;&quot;,&quot;orientation&quot;:&quot;0&quot;}\" data-image-title=\"IMG_0903\" data-image-description=\"\" data-image-caption=\"\" data-medium-file=\"https:\/\/www.legistdf.gob.ar\/wp-content\/uploads\/2019\/07\/IMG_0903-300x200.jpg\" data-large-file=\"https:\/\/www.legistdf.gob.ar\/wp-content\/uploads\/2019\/07\/IMG_0903-1024x683.jpg\" \/><\/a>\n\t\t\t<\/dt><\/dl><dl class='gallery-item'>\n\t\t\t<dt class='gallery-icon landscape'>\n\t\t\t\t<a href='https:\/\/www.legistdf.gob.ar\/index.php\/2019\/07\/11\/rio-grande-arcando-participo-de-los-reconocimientos-playero-rojizo-2019\/img_0919\/'><img loading=\"lazy\" decoding=\"async\" width=\"150\" height=\"150\" src=\"https:\/\/www.legistdf.gob.ar\/wp-content\/uploads\/2019\/07\/IMG_0919-150x150.jpg\" class=\"attachment-thumbnail size-thumbnail\" alt=\"\" srcset=\"https:\/\/www.legistdf.gob.ar\/wp-content\/uploads\/2019\/07\/IMG_0919-150x150.jpg 150w, https:\/\/www.legistdf.gob.ar\/wp-content\/uploads\/2019\/07\/IMG_0919-64x64.jpg 64w\" sizes=\"(max-width: 150px) 100vw, 150px\" data-attachment-id=\"15324\" data-permalink=\"https:\/\/www.legistdf.gob.ar\/index.php\/2019\/07\/11\/rio-grande-arcando-participo-de-los-reconocimientos-playero-rojizo-2019\/img_0919\/\" data-orig-file=\"https:\/\/www.legistdf.gob.ar\/wp-content\/uploads\/2019\/07\/IMG_0919.jpg\" data-orig-size=\"1500,1000\" data-comments-opened=\"0\" data-image-meta=\"{&quot;aperture&quot;:&quot;4.5&quot;,&quot;credit&quot;:&quot;&quot;,&quot;camera&quot;:&quot;Canon EOS 760D&quot;,&quot;caption&quot;:&quot;&quot;,&quot;created_timestamp&quot;:&quot;1562768309&quot;,&quot;copyright&quot;:&quot;&quot;,&quot;focal_length&quot;:&quot;33&quot;,&quot;iso&quot;:&quot;1600&quot;,&quot;shutter_speed&quot;:&quot;0.016666666666667&quot;,&quot;title&quot;:&quot;&quot;,&quot;orientation&quot;:&quot;0&quot;}\" data-image-title=\"IMG_0919\" data-image-description=\"\" data-image-caption=\"\" data-medium-file=\"https:\/\/www.legistdf.gob.ar\/wp-content\/uploads\/2019\/07\/IMG_0919-300x200.jpg\" data-large-file=\"https:\/\/www.legistdf.gob.ar\/wp-content\/uploads\/2019\/07\/IMG_0919-1024x683.jpg\" \/><\/a>\n\t\t\t<\/dt><\/dl><dl class='gallery-item'>\n\t\t\t<dt class='gallery-icon landscape'>\n\t\t\t\t<a href='https:\/\/www.legistdf.gob.ar\/index.php\/2019\/07\/11\/rio-grande-arcando-participo-de-los-reconocimientos-playero-rojizo-2019\/img_0923-2\/'><img loading=\"lazy\" decoding=\"async\" width=\"150\" height=\"150\" src=\"https:\/\/www.legistdf.gob.ar\/wp-content\/uploads\/2019\/07\/IMG_0923-150x150.jpg\" class=\"attachment-thumbnail size-thumbnail\" alt=\"\" srcset=\"https:\/\/www.legistdf.gob.ar\/wp-content\/uploads\/2019\/07\/IMG_0923-150x150.jpg 150w, https:\/\/www.legistdf.gob.ar\/wp-content\/uploads\/2019\/07\/IMG_0923-64x64.jpg 64w\" sizes=\"(max-width: 150px) 100vw, 150px\" data-attachment-id=\"15325\" data-permalink=\"https:\/\/www.legistdf.gob.ar\/index.php\/2019\/07\/11\/rio-grande-arcando-participo-de-los-reconocimientos-playero-rojizo-2019\/img_0923-2\/\" data-orig-file=\"https:\/\/www.legistdf.gob.ar\/wp-content\/uploads\/2019\/07\/IMG_0923.jpg\" data-orig-size=\"1500,1000\" data-comments-opened=\"0\" data-image-meta=\"{&quot;aperture&quot;:&quot;4&quot;,&quot;credit&quot;:&quot;&quot;,&quot;camera&quot;:&quot;Canon EOS 760D&quot;,&quot;caption&quot;:&quot;&quot;,&quot;created_timestamp&quot;:&quot;1562768453&quot;,&quot;copyright&quot;:&quot;&quot;,&quot;focal_length&quot;:&quot;27&quot;,&quot;iso&quot;:&quot;1600&quot;,&quot;shutter_speed&quot;:&quot;0.003125&quot;,&quot;title&quot;:&quot;&quot;,&quot;orientation&quot;:&quot;0&quot;}\" data-image-title=\"IMG_0923\" data-image-description=\"\" data-image-caption=\"\" data-medium-file=\"https:\/\/www.legistdf.gob.ar\/wp-content\/uploads\/2019\/07\/IMG_0923-300x200.jpg\" data-large-file=\"https:\/\/www.legistdf.gob.ar\/wp-content\/uploads\/2019\/07\/IMG_0923-1024x683.jpg\" \/><\/a>\n\t\t\t<\/dt><\/dl><br style=\"clear: both\" \/><dl class='gallery-item'>\n\t\t\t<dt class='gallery-icon landscape'>\n\t\t\t\t<a href='https:\/\/www.legistdf.gob.ar\/index.php\/2019\/07\/11\/rio-grande-arcando-participo-de-los-reconocimientos-playero-rojizo-2019\/img_0939-2\/'><img loading=\"lazy\" decoding=\"async\" width=\"150\" height=\"150\" src=\"https:\/\/www.legistdf.gob.ar\/wp-content\/uploads\/2019\/07\/IMG_0939-150x150.jpg\" class=\"attachment-thumbnail size-thumbnail\" alt=\"\" srcset=\"https:\/\/www.legistdf.gob.ar\/wp-content\/uploads\/2019\/07\/IMG_0939-150x150.jpg 150w, https:\/\/www.legistdf.gob.ar\/wp-content\/uploads\/2019\/07\/IMG_0939-64x64.jpg 64w\" sizes=\"(max-width: 150px) 100vw, 150px\" data-attachment-id=\"15326\" data-permalink=\"https:\/\/www.legistdf.gob.ar\/index.php\/2019\/07\/11\/rio-grande-arcando-participo-de-los-reconocimientos-playero-rojizo-2019\/img_0939-2\/\" data-orig-file=\"https:\/\/www.legistdf.gob.ar\/wp-content\/uploads\/2019\/07\/IMG_0939.jpg\" data-orig-size=\"1500,1000\" data-comments-opened=\"0\" data-image-meta=\"{&quot;aperture&quot;:&quot;5&quot;,&quot;credit&quot;:&quot;&quot;,&quot;camera&quot;:&quot;Canon EOS 760D&quot;,&quot;caption&quot;:&quot;&quot;,&quot;created_timestamp&quot;:&quot;1562769481&quot;,&quot;copyright&quot;:&quot;&quot;,&quot;focal_length&quot;:&quot;61&quot;,&quot;iso&quot;:&quot;1600&quot;,&quot;shutter_speed&quot;:&quot;0.0025&quot;,&quot;title&quot;:&quot;&quot;,&quot;orientation&quot;:&quot;0&quot;}\" data-image-title=\"IMG_0939\" data-image-description=\"\" data-image-caption=\"\" data-medium-file=\"https:\/\/www.legistdf.gob.ar\/wp-content\/uploads\/2019\/07\/IMG_0939-300x200.jpg\" data-large-file=\"https:\/\/www.legistdf.gob.ar\/wp-content\/uploads\/2019\/07\/IMG_0939-1024x683.jpg\" \/><\/a>\n\t\t\t<\/dt><\/dl><dl class='gallery-item'>\n\t\t\t<dt class='gallery-icon landscape'>\n\t\t\t\t<a href='https:\/\/www.legistdf.gob.ar\/index.php\/2019\/07\/11\/rio-grande-arcando-participo-de-los-reconocimientos-playero-rojizo-2019\/img_0940\/'><img loading=\"lazy\" decoding=\"async\" width=\"150\" height=\"150\" src=\"https:\/\/www.legistdf.gob.ar\/wp-content\/uploads\/2019\/07\/IMG_0940-150x150.jpg\" class=\"attachment-thumbnail size-thumbnail\" alt=\"\" srcset=\"https:\/\/www.legistdf.gob.ar\/wp-content\/uploads\/2019\/07\/IMG_0940-150x150.jpg 150w, https:\/\/www.legistdf.gob.ar\/wp-content\/uploads\/2019\/07\/IMG_0940-64x64.jpg 64w\" sizes=\"(max-width: 150px) 100vw, 150px\" data-attachment-id=\"15327\" data-permalink=\"https:\/\/www.legistdf.gob.ar\/index.php\/2019\/07\/11\/rio-grande-arcando-participo-de-los-reconocimientos-playero-rojizo-2019\/img_0940\/\" data-orig-file=\"https:\/\/www.legistdf.gob.ar\/wp-content\/uploads\/2019\/07\/IMG_0940.jpg\" data-orig-size=\"1500,1000\" data-comments-opened=\"0\" data-image-meta=\"{&quot;aperture&quot;:&quot;5&quot;,&quot;credit&quot;:&quot;&quot;,&quot;camera&quot;:&quot;Canon EOS 760D&quot;,&quot;caption&quot;:&quot;&quot;,&quot;created_timestamp&quot;:&quot;1562769484&quot;,&quot;copyright&quot;:&quot;&quot;,&quot;focal_length&quot;:&quot;61&quot;,&quot;iso&quot;:&quot;1600&quot;,&quot;shutter_speed&quot;:&quot;0.0025&quot;,&quot;title&quot;:&quot;&quot;,&quot;orientation&quot;:&quot;0&quot;}\" data-image-title=\"IMG_0940\" data-image-description=\"\" data-image-caption=\"\" data-medium-file=\"https:\/\/www.legistdf.gob.ar\/wp-content\/uploads\/2019\/07\/IMG_0940-300x200.jpg\" data-large-file=\"https:\/\/www.legistdf.gob.ar\/wp-content\/uploads\/2019\/07\/IMG_0940-1024x683.jpg\" \/><\/a>\n\t\t\t<\/dt><\/dl><dl class='gallery-item'>\n\t\t\t<dt class='gallery-icon landscape'>\n\t\t\t\t<a href='https:\/\/www.legistdf.gob.ar\/index.php\/2019\/07\/11\/rio-grande-arcando-participo-de-los-reconocimientos-playero-rojizo-2019\/img_0942\/'><img loading=\"lazy\" decoding=\"async\" width=\"150\" height=\"150\" src=\"https:\/\/www.legistdf.gob.ar\/wp-content\/uploads\/2019\/07\/IMG_0942-150x150.jpg\" class=\"attachment-thumbnail size-thumbnail\" alt=\"\" srcset=\"https:\/\/www.legistdf.gob.ar\/wp-content\/uploads\/2019\/07\/IMG_0942-150x150.jpg 150w, https:\/\/www.legistdf.gob.ar\/wp-content\/uploads\/2019\/07\/IMG_0942-64x64.jpg 64w\" sizes=\"(max-width: 150px) 100vw, 150px\" data-attachment-id=\"15328\" data-permalink=\"https:\/\/www.legistdf.gob.ar\/index.php\/2019\/07\/11\/rio-grande-arcando-participo-de-los-reconocimientos-playero-rojizo-2019\/img_0942\/\" data-orig-file=\"https:\/\/www.legistdf.gob.ar\/wp-content\/uploads\/2019\/07\/IMG_0942.jpg\" data-orig-size=\"1500,1000\" data-comments-opened=\"0\" data-image-meta=\"{&quot;aperture&quot;:&quot;5&quot;,&quot;credit&quot;:&quot;&quot;,&quot;camera&quot;:&quot;Canon EOS 760D&quot;,&quot;caption&quot;:&quot;&quot;,&quot;created_timestamp&quot;:&quot;1562769486&quot;,&quot;copyright&quot;:&quot;&quot;,&quot;focal_length&quot;:&quot;61&quot;,&quot;iso&quot;:&quot;1600&quot;,&quot;shutter_speed&quot;:&quot;0.0025&quot;,&quot;title&quot;:&quot;&quot;,&quot;orientation&quot;:&quot;0&quot;}\" data-image-title=\"IMG_0942\" data-image-description=\"\" data-image-caption=\"\" data-medium-file=\"https:\/\/www.legistdf.gob.ar\/wp-content\/uploads\/2019\/07\/IMG_0942-300x200.jpg\" data-large-file=\"https:\/\/www.legistdf.gob.ar\/wp-content\/uploads\/2019\/07\/IMG_0942-1024x683.jpg\" \/><\/a>\n\t\t\t<\/dt><\/dl><br style=\"clear: both\" \/><dl class='gallery-item'>\n\t\t\t<dt class='gallery-icon landscape'>\n\t\t\t\t<a href='https:\/\/www.legistdf.gob.ar\/index.php\/2019\/07\/11\/rio-grande-arcando-participo-de-los-reconocimientos-playero-rojizo-2019\/img_0947\/'><img loading=\"lazy\" decoding=\"async\" width=\"150\" height=\"150\" src=\"https:\/\/www.legistdf.gob.ar\/wp-content\/uploads\/2019\/07\/IMG_0947-150x150.jpg\" class=\"attachment-thumbnail size-thumbnail\" alt=\"\" srcset=\"https:\/\/www.legistdf.gob.ar\/wp-content\/uploads\/2019\/07\/IMG_0947-150x150.jpg 150w, https:\/\/www.legistdf.gob.ar\/wp-content\/uploads\/2019\/07\/IMG_0947-64x64.jpg 64w\" sizes=\"(max-width: 150px) 100vw, 150px\" data-attachment-id=\"15329\" data-permalink=\"https:\/\/www.legistdf.gob.ar\/index.php\/2019\/07\/11\/rio-grande-arcando-participo-de-los-reconocimientos-playero-rojizo-2019\/img_0947\/\" data-orig-file=\"https:\/\/www.legistdf.gob.ar\/wp-content\/uploads\/2019\/07\/IMG_0947.jpg\" data-orig-size=\"1500,1000\" data-comments-opened=\"0\" data-image-meta=\"{&quot;aperture&quot;:&quot;5&quot;,&quot;credit&quot;:&quot;&quot;,&quot;camera&quot;:&quot;Canon EOS 760D&quot;,&quot;caption&quot;:&quot;&quot;,&quot;created_timestamp&quot;:&quot;1562769549&quot;,&quot;copyright&quot;:&quot;&quot;,&quot;focal_length&quot;:&quot;68&quot;,&quot;iso&quot;:&quot;1600&quot;,&quot;shutter_speed&quot;:&quot;0.003125&quot;,&quot;title&quot;:&quot;&quot;,&quot;orientation&quot;:&quot;0&quot;}\" data-image-title=\"IMG_0947\" data-image-description=\"\" data-image-caption=\"\" data-medium-file=\"https:\/\/www.legistdf.gob.ar\/wp-content\/uploads\/2019\/07\/IMG_0947-300x200.jpg\" data-large-file=\"https:\/\/www.legistdf.gob.ar\/wp-content\/uploads\/2019\/07\/IMG_0947-1024x683.jpg\" \/><\/a>\n\t\t\t<\/dt><\/dl><dl class='gallery-item'>\n\t\t\t<dt class='gallery-icon landscape'>\n\t\t\t\t<a href='https:\/\/www.legistdf.gob.ar\/index.php\/2019\/07\/11\/rio-grande-arcando-participo-de-los-reconocimientos-playero-rojizo-2019\/whatsapp-image-2019-07-11-at-01-30-46\/'><img loading=\"lazy\" decoding=\"async\" width=\"150\" height=\"150\" src=\"https:\/\/www.legistdf.gob.ar\/wp-content\/uploads\/2019\/07\/WhatsApp-Image-2019-07-11-at-01.30.46-150x150.jpeg\" class=\"attachment-thumbnail size-thumbnail\" alt=\"\" srcset=\"https:\/\/www.legistdf.gob.ar\/wp-content\/uploads\/2019\/07\/WhatsApp-Image-2019-07-11-at-01.30.46-150x150.jpeg 150w, https:\/\/www.legistdf.gob.ar\/wp-content\/uploads\/2019\/07\/WhatsApp-Image-2019-07-11-at-01.30.46-64x64.jpeg 64w\" sizes=\"(max-width: 150px) 100vw, 150px\" data-attachment-id=\"15330\" data-permalink=\"https:\/\/www.legistdf.gob.ar\/index.php\/2019\/07\/11\/rio-grande-arcando-participo-de-los-reconocimientos-playero-rojizo-2019\/whatsapp-image-2019-07-11-at-01-30-46\/\" data-orig-file=\"https:\/\/www.legistdf.gob.ar\/wp-content\/uploads\/2019\/07\/WhatsApp-Image-2019-07-11-at-01.30.46.jpeg\" data-orig-size=\"1280,850\" data-comments-opened=\"0\" data-image-meta=\"{&quot;aperture&quot;:&quot;0&quot;,&quot;credit&quot;:&quot;&quot;,&quot;camera&quot;:&quot;&quot;,&quot;caption&quot;:&quot;&quot;,&quot;created_timestamp&quot;:&quot;0&quot;,&quot;copyright&quot;:&quot;&quot;,&quot;focal_length&quot;:&quot;0&quot;,&quot;iso&quot;:&quot;0&quot;,&quot;shutter_speed&quot;:&quot;0&quot;,&quot;title&quot;:&quot;&quot;,&quot;orientation&quot;:&quot;0&quot;}\" data-image-title=\"WhatsApp Image 2019-07-11 at 01.30.46\" data-image-description=\"\" data-image-caption=\"\" data-medium-file=\"https:\/\/www.legistdf.gob.ar\/wp-content\/uploads\/2019\/07\/WhatsApp-Image-2019-07-11-at-01.30.46-300x199.jpeg\" data-large-file=\"https:\/\/www.legistdf.gob.ar\/wp-content\/uploads\/2019\/07\/WhatsApp-Image-2019-07-11-at-01.30.46-1024x680.jpeg\" \/><\/a>\n\t\t\t<\/dt><\/dl><dl class='gallery-item'>\n\t\t\t<dt class='gallery-icon landscape'>\n\t\t\t\t<a href='https:\/\/www.legistdf.gob.ar\/index.php\/2019\/07\/11\/rio-grande-arcando-participo-de-los-reconocimientos-playero-rojizo-2019\/whatsapp-image-2019-07-11-at-01-30-49\/'><img loading=\"lazy\" decoding=\"async\" width=\"150\" height=\"150\" src=\"https:\/\/www.legistdf.gob.ar\/wp-content\/uploads\/2019\/07\/WhatsApp-Image-2019-07-11-at-01.30.49-150x150.jpeg\" class=\"attachment-thumbnail size-thumbnail\" alt=\"\" srcset=\"https:\/\/www.legistdf.gob.ar\/wp-content\/uploads\/2019\/07\/WhatsApp-Image-2019-07-11-at-01.30.49-150x150.jpeg 150w, https:\/\/www.legistdf.gob.ar\/wp-content\/uploads\/2019\/07\/WhatsApp-Image-2019-07-11-at-01.30.49-64x64.jpeg 64w\" sizes=\"(max-width: 150px) 100vw, 150px\" data-attachment-id=\"15331\" data-permalink=\"https:\/\/www.legistdf.gob.ar\/index.php\/2019\/07\/11\/rio-grande-arcando-participo-de-los-reconocimientos-playero-rojizo-2019\/whatsapp-image-2019-07-11-at-01-30-49\/\" data-orig-file=\"https:\/\/www.legistdf.gob.ar\/wp-content\/uploads\/2019\/07\/WhatsApp-Image-2019-07-11-at-01.30.49.jpeg\" data-orig-size=\"1280,850\" data-comments-opened=\"0\" data-image-meta=\"{&quot;aperture&quot;:&quot;0&quot;,&quot;credit&quot;:&quot;&quot;,&quot;camera&quot;:&quot;&quot;,&quot;caption&quot;:&quot;&quot;,&quot;created_timestamp&quot;:&quot;0&quot;,&quot;copyright&quot;:&quot;&quot;,&quot;focal_length&quot;:&quot;0&quot;,&quot;iso&quot;:&quot;0&quot;,&quot;shutter_speed&quot;:&quot;0&quot;,&quot;title&quot;:&quot;&quot;,&quot;orientation&quot;:&quot;0&quot;}\" data-image-title=\"WhatsApp Image 2019-07-11 at 01.30.49\" data-image-description=\"\" data-image-caption=\"\" data-medium-file=\"https:\/\/www.legistdf.gob.ar\/wp-content\/uploads\/2019\/07\/WhatsApp-Image-2019-07-11-at-01.30.49-300x199.jpeg\" data-large-file=\"https:\/\/www.legistdf.gob.ar\/wp-content\/uploads\/2019\/07\/WhatsApp-Image-2019-07-11-at-01.30.49-1024x680.jpeg\" \/><\/a>\n\t\t\t<\/dt><\/dl><br style=\"clear: both\" \/>\n\t\t<\/div>\n\n<p>&nbsp;<\/p>\n<p>&nbsp;<\/p>\n","protected":false},"excerpt":{"rendered":"<p>R\u00edo Grande, jueves 11 de julio de 2019.- En el polideportivo municipal \u2018Carlos Margalot, el intendente Gustavo Melella, acompa\u00f1ado por el vicegobernador Juan Carlos Arcando, encabezaron el acto de premiaci\u00f3n \u2018Playero Rojizo 2019\u2019 con el cual la ciudad reconoce a personalidades destacadas y a los mejores promedios de los colegios secundarios. Fue anoche en el [&hellip;]<\/p>\n","protected":false},"author":352,"featured_media":15330,"comment_status":"closed","ping_status":"open","sticky":false,"template":"","format":"standard","meta":{"jetpack_post_was_ever_published":false,"_jetpack_newsletter_access":"","_jetpack_dont_email_post_to_subs":false,"_jetpack_newsletter_tier_id":0,"footnotes":"","jetpack_publicize_message":"","jetpack_publicize_feature_enabled":true,"jetpack_social_post_already_shared":true,"jetpack_social_options":{"image_generator_settings":{"template":"highway","enabled":false}}},"categories":[1],"tags":[931,96],"jetpack_publicize_connections":[],"jetpack_sharing_enabled":true,"jetpack_featured_media_url":"https:\/\/www.legistdf.gob.ar\/wp-content\/uploads\/2019\/07\/WhatsApp-Image-2019-07-11-at-01.30.46.jpeg","jetpack-related-posts":[],"_links":{"self":[{"href":"https:\/\/www.legistdf.gob.ar\/index.php\/wp-json\/wp\/v2\/posts\/15322"}],"collection":[{"href":"https:\/\/www.legistdf.gob.ar\/index.php\/wp-json\/wp\/v2\/posts"}],"about":[{"href":"https:\/\/www.legistdf.gob.ar\/index.php\/wp-json\/wp\/v2\/types\/post"}],"author":[{"embeddable":true,"href":"https:\/\/www.legistdf.gob.ar\/index.php\/wp-json\/wp\/v2\/users\/352"}],"replies":[{"embeddable":true,"href":"https:\/\/www.legistdf.gob.ar\/index.php\/wp-json\/wp\/v2\/comments?post=15322"}],"version-history":[{"count":1,"href":"https:\/\/www.legistdf.gob.ar\/index.php\/wp-json\/wp\/v2\/posts\/15322\/revisions"}],"predecessor-version":[{"id":15332,"href":"https:\/\/www.legistdf.gob.ar\/index.php\/wp-json\/wp\/v2\/posts\/15322\/revisions\/15332"}],"wp:featuredmedia":[{"embeddable":true,"href":"https:\/\/www.legistdf.gob.ar\/index.php\/wp-json\/wp\/v2\/media\/15330"}],"wp:attachment":[{"href":"https:\/\/www.legistdf.gob.ar\/index.php\/wp-json\/wp\/v2\/media?parent=15322"}],"wp:term":[{"taxonomy":"category","embeddable":true,"href":"https:\/\/www.legistdf.gob.ar\/index.php\/wp-json\/wp\/v2\/categories?post=15322"},{"taxonomy":"post_tag","embeddable":true,"href":"https:\/\/www.legistdf.gob.ar\/index.php\/wp-json\/wp\/v2\/tags?post=15322"}],"curies":[{"name":"wp","href":"https:\/\/api.w.org\/{rel}","templated":true}]}}