{"id":15456,"date":"2019-08-05T10:02:20","date_gmt":"2019-08-05T13:02:20","guid":{"rendered":"http:\/\/www.legistdf.gob.ar\/?p=15456"},"modified":"2019-08-05T10:02:20","modified_gmt":"2019-08-05T13:02:20","slug":"cultura-presentaron-la-sexta-edicion-de-la-revista-ush-magazine","status":"publish","type":"post","link":"https:\/\/www.legistdf.gob.ar\/index.php\/2019\/08\/05\/cultura-presentaron-la-sexta-edicion-de-la-revista-ush-magazine\/","title":{"rendered":"CULTURA: Presentaron la sexta edici\u00f3n de la revista USH Magazine"},"content":{"rendered":"<p><strong>Ushuaia, lunes 5 de agosto de 2019.- Alejandro Ursino y su equipo de periodistas, fot\u00f3grafos y diagramadores presentaron el viernes, la sexta edici\u00f3n de la revista USH Magazine. Se trata de una revista de divulgaci\u00f3n general que hace hincapi\u00e9 en Ushuaia, sus virtudes y posibilidades. La presentaci\u00f3n se hizo en la expanader\u00eda del Presidio y participaron diversas personalidades del quehacer cultural y tur\u00edstico de la capital.<\/strong><\/p>\n<p><strong>\u00a0<\/strong><\/p>\n<p>El Parlamento fueguino, apoya la publicaci\u00f3n semestral que en el nuevo n\u00famero, dedica la nota central al viaje de Ursino a la Ant\u00e1rtida donde visit\u00f3 sendas bases en ese continente. Tambi\u00e9n cuenta con un staff de profesionales de diversas \u00e1reas como la fotograf\u00eda, biolog\u00eda, econom\u00eda, arquitectura, gastronom\u00eda, el turismo, m\u00fasica, historiograf\u00eda, entre otras.<\/p>\n<p>Durante la presentaci\u00f3n, el director del medio fueguino, se\u00f1al\u00f3 que la revista logr\u00f3 instalarse en el exterior lo que posibilita la difusi\u00f3n del destino Fin del Mundo. As\u00ed tambi\u00e9n destac\u00f3 el contacto con empresas period\u00edsticas como la BBC de Londres (Inglaterra) y entidades como Greenpeace.<\/p>\n<p>&nbsp;<\/p>\n<p>En dialogo con Prensa Legislativa, el titular de USH Magazine, sostuvo que se trata de \u201cun logro colectivo, de la comunidad\u201d y de los pilares como entidades p\u00fablicas y privadas que apoyan la realizaci\u00f3n. \u201cHacemos lo posible para dignificar la profesi\u00f3n\u201d period\u00edstica \u201cy el lugar donde vivimos\u201d.<\/p>\n<p>\u201cLa Ant\u00e1rtida, si bien es cierto que es algo claro para nosotros donde tenemos trece bases argentinas; desconocemos por completo muchas cosas\u201d sobre el continente blanco. Agreg\u00f3 que lo \u201cideal\u201d es que la gente se \u201cacerque a esos contenidos y valores. Son \u00fanicos, no solamente para nosotros, sino para el mundo\u201d.<\/p>\n<p>&nbsp;<\/p>\n<p>Consultado sobre el futuro de la revista, Ursino apost\u00f3 a \u201ccrecer y sostenernos. La situaci\u00f3n pol\u00edtica del pa\u00eds no ayuda a tener una visi\u00f3n a futuro\u201d aunque se mostr\u00f3 esperanzado ya que, al transitar una situaci\u00f3n \u201cdram\u00e1tica\u201d en lo econ\u00f3mico, \u201cestamos muy contentos por lograr la sexta publicaci\u00f3n y a futuro tenemos muchas expectativas\u201d, dijo.<\/p>\n<p>&nbsp;<\/p>\n<p>Sobre la proyecci\u00f3n internacional de la revista biling\u00fce, inform\u00f3 que se busc\u00f3 internacionalizar la cultura de \u201cUshuaia, Tierra del Fuego y la Patagonia argentina\u201d y comprendi\u00f3 que al salir al exterior, USH Magazine \u201crepresenta al pa\u00eds\u201d, cerr\u00f3.<\/p>\n<p>&nbsp;<\/p>\n<p style=\"text-align: right\"><em>AT<\/em><\/p>\n\n\t\t<style type=\"text\/css\">\n\t\t\t#gallery-1 {\n\t\t\t\tmargin: auto;\n\t\t\t}\n\t\t\t#gallery-1 .gallery-item {\n\t\t\t\tfloat: left;\n\t\t\t\tmargin-top: 10px;\n\t\t\t\ttext-align: center;\n\t\t\t\twidth: 50%;\n\t\t\t}\n\t\t\t#gallery-1 img {\n\t\t\t\tborder: 2px solid #cfcfcf;\n\t\t\t}\n\t\t\t#gallery-1 .gallery-caption {\n\t\t\t\tmargin-left: 0;\n\t\t\t}\n\t\t\t\/* see gallery_shortcode() in wp-includes\/media.php *\/\n\t\t<\/style>\n\t\t<div data-carousel-extra='{\"blog_id\":1,\"permalink\":\"https:\\\/\\\/www.legistdf.gob.ar\\\/index.php\\\/2019\\\/08\\\/05\\\/cultura-presentaron-la-sexta-edicion-de-la-revista-ush-magazine\\\/\"}' id='gallery-1' class='gallery galleryid-15456 gallery-columns-2 gallery-size-thumbnail'><dl class='gallery-item'>\n\t\t\t<dt class='gallery-icon portrait'>\n\t\t\t\t<a href='https:\/\/www.legistdf.gob.ar\/index.php\/2019\/08\/05\/cultura-presentaron-la-sexta-edicion-de-la-revista-ush-magazine\/whatsapp-image-2019-08-05-at-09-48-54\/'><img loading=\"lazy\" decoding=\"async\" width=\"150\" height=\"150\" src=\"https:\/\/www.legistdf.gob.ar\/wp-content\/uploads\/2019\/08\/WhatsApp-Image-2019-08-05-at-09.48.54-150x150.jpeg\" class=\"attachment-thumbnail size-thumbnail\" alt=\"\" srcset=\"https:\/\/www.legistdf.gob.ar\/wp-content\/uploads\/2019\/08\/WhatsApp-Image-2019-08-05-at-09.48.54-150x150.jpeg 150w, https:\/\/www.legistdf.gob.ar\/wp-content\/uploads\/2019\/08\/WhatsApp-Image-2019-08-05-at-09.48.54-64x64.jpeg 64w\" sizes=\"(max-width: 150px) 100vw, 150px\" data-attachment-id=\"15459\" data-permalink=\"https:\/\/www.legistdf.gob.ar\/index.php\/2019\/08\/05\/cultura-presentaron-la-sexta-edicion-de-la-revista-ush-magazine\/whatsapp-image-2019-08-05-at-09-48-54\/\" data-orig-file=\"https:\/\/www.legistdf.gob.ar\/wp-content\/uploads\/2019\/08\/WhatsApp-Image-2019-08-05-at-09.48.54.jpeg\" data-orig-size=\"648,1152\" data-comments-opened=\"0\" data-image-meta=\"{&quot;aperture&quot;:&quot;0&quot;,&quot;credit&quot;:&quot;&quot;,&quot;camera&quot;:&quot;&quot;,&quot;caption&quot;:&quot;&quot;,&quot;created_timestamp&quot;:&quot;0&quot;,&quot;copyright&quot;:&quot;&quot;,&quot;focal_length&quot;:&quot;0&quot;,&quot;iso&quot;:&quot;0&quot;,&quot;shutter_speed&quot;:&quot;0&quot;,&quot;title&quot;:&quot;&quot;,&quot;orientation&quot;:&quot;0&quot;}\" data-image-title=\"WhatsApp Image 2019-08-05 at 09.48.54\" data-image-description=\"\" data-image-caption=\"\" data-medium-file=\"https:\/\/www.legistdf.gob.ar\/wp-content\/uploads\/2019\/08\/WhatsApp-Image-2019-08-05-at-09.48.54-169x300.jpeg\" data-large-file=\"https:\/\/www.legistdf.gob.ar\/wp-content\/uploads\/2019\/08\/WhatsApp-Image-2019-08-05-at-09.48.54-576x1024.jpeg\" \/><\/a>\n\t\t\t<\/dt><\/dl><dl class='gallery-item'>\n\t\t\t<dt class='gallery-icon landscape'>\n\t\t\t\t<a href='https:\/\/www.legistdf.gob.ar\/index.php\/2019\/08\/05\/cultura-presentaron-la-sexta-edicion-de-la-revista-ush-magazine\/whatsapp-image-2019-08-05-at-09-49-12-2\/'><img loading=\"lazy\" decoding=\"async\" width=\"150\" height=\"150\" src=\"https:\/\/www.legistdf.gob.ar\/wp-content\/uploads\/2019\/08\/WhatsApp-Image-2019-08-05-at-09.49.12-1-150x150.jpeg\" class=\"attachment-thumbnail size-thumbnail\" alt=\"\" srcset=\"https:\/\/www.legistdf.gob.ar\/wp-content\/uploads\/2019\/08\/WhatsApp-Image-2019-08-05-at-09.49.12-1-150x150.jpeg 150w, https:\/\/www.legistdf.gob.ar\/wp-content\/uploads\/2019\/08\/WhatsApp-Image-2019-08-05-at-09.49.12-1-64x64.jpeg 64w\" sizes=\"(max-width: 150px) 100vw, 150px\" data-attachment-id=\"15458\" data-permalink=\"https:\/\/www.legistdf.gob.ar\/index.php\/2019\/08\/05\/cultura-presentaron-la-sexta-edicion-de-la-revista-ush-magazine\/whatsapp-image-2019-08-05-at-09-49-12-2\/\" data-orig-file=\"https:\/\/www.legistdf.gob.ar\/wp-content\/uploads\/2019\/08\/WhatsApp-Image-2019-08-05-at-09.49.12-1.jpeg\" data-orig-size=\"1152,648\" data-comments-opened=\"0\" data-image-meta=\"{&quot;aperture&quot;:&quot;0&quot;,&quot;credit&quot;:&quot;&quot;,&quot;camera&quot;:&quot;&quot;,&quot;caption&quot;:&quot;&quot;,&quot;created_timestamp&quot;:&quot;0&quot;,&quot;copyright&quot;:&quot;&quot;,&quot;focal_length&quot;:&quot;0&quot;,&quot;iso&quot;:&quot;0&quot;,&quot;shutter_speed&quot;:&quot;0&quot;,&quot;title&quot;:&quot;&quot;,&quot;orientation&quot;:&quot;0&quot;}\" data-image-title=\"WhatsApp Image 2019-08-05 at 09.49.12\" data-image-description=\"\" data-image-caption=\"\" data-medium-file=\"https:\/\/www.legistdf.gob.ar\/wp-content\/uploads\/2019\/08\/WhatsApp-Image-2019-08-05-at-09.49.12-1-300x169.jpeg\" data-large-file=\"https:\/\/www.legistdf.gob.ar\/wp-content\/uploads\/2019\/08\/WhatsApp-Image-2019-08-05-at-09.49.12-1-1024x576.jpeg\" \/><\/a>\n\t\t\t<\/dt><\/dl><br style=\"clear: both\" \/>\n\t\t<\/div>\n\n<p>&nbsp;<\/p>\n","protected":false},"excerpt":{"rendered":"<p>Ushuaia, lunes 5 de agosto de 2019.- Alejandro Ursino y su equipo de periodistas, fot\u00f3grafos y diagramadores presentaron el viernes, la sexta edici\u00f3n de la revista USH Magazine. Se trata de una revista de divulgaci\u00f3n general que hace hincapi\u00e9 en Ushuaia, sus virtudes y posibilidades. La presentaci\u00f3n se hizo en la expanader\u00eda del Presidio y [&hellip;]<\/p>\n","protected":false},"author":352,"featured_media":15457,"comment_status":"closed","ping_status":"open","sticky":false,"template":"","format":"standard","meta":{"jetpack_post_was_ever_published":false,"_jetpack_newsletter_access":"","_jetpack_dont_email_post_to_subs":false,"_jetpack_newsletter_tier_id":0,"footnotes":"","jetpack_publicize_message":"","jetpack_publicize_feature_enabled":true,"jetpack_social_post_already_shared":true,"jetpack_social_options":{"image_generator_settings":{"template":"highway","enabled":false}}},"categories":[1],"tags":[1638,47,1639,87],"jetpack_publicize_connections":[],"jetpack_sharing_enabled":true,"jetpack_featured_media_url":"https:\/\/www.legistdf.gob.ar\/wp-content\/uploads\/2019\/08\/WhatsApp-Image-2019-08-05-at-09.49.12.jpeg","jetpack-related-posts":[],"_links":{"self":[{"href":"https:\/\/www.legistdf.gob.ar\/index.php\/wp-json\/wp\/v2\/posts\/15456"}],"collection":[{"href":"https:\/\/www.legistdf.gob.ar\/index.php\/wp-json\/wp\/v2\/posts"}],"about":[{"href":"https:\/\/www.legistdf.gob.ar\/index.php\/wp-json\/wp\/v2\/types\/post"}],"author":[{"embeddable":true,"href":"https:\/\/www.legistdf.gob.ar\/index.php\/wp-json\/wp\/v2\/users\/352"}],"replies":[{"embeddable":true,"href":"https:\/\/www.legistdf.gob.ar\/index.php\/wp-json\/wp\/v2\/comments?post=15456"}],"version-history":[{"count":1,"href":"https:\/\/www.legistdf.gob.ar\/index.php\/wp-json\/wp\/v2\/posts\/15456\/revisions"}],"predecessor-version":[{"id":15460,"href":"https:\/\/www.legistdf.gob.ar\/index.php\/wp-json\/wp\/v2\/posts\/15456\/revisions\/15460"}],"wp:featuredmedia":[{"embeddable":true,"href":"https:\/\/www.legistdf.gob.ar\/index.php\/wp-json\/wp\/v2\/media\/15457"}],"wp:attachment":[{"href":"https:\/\/www.legistdf.gob.ar\/index.php\/wp-json\/wp\/v2\/media?parent=15456"}],"wp:term":[{"taxonomy":"category","embeddable":true,"href":"https:\/\/www.legistdf.gob.ar\/index.php\/wp-json\/wp\/v2\/categories?post=15456"},{"taxonomy":"post_tag","embeddable":true,"href":"https:\/\/www.legistdf.gob.ar\/index.php\/wp-json\/wp\/v2\/tags?post=15456"}],"curies":[{"name":"wp","href":"https:\/\/api.w.org\/{rel}","templated":true}]}}