{"id":1547,"date":"2017-04-10T13:57:31","date_gmt":"2017-04-10T16:57:31","guid":{"rendered":"http:\/\/www.legistdf.gob.ar\/?p=1547"},"modified":"2017-04-10T14:11:13","modified_gmt":"2017-04-10T17:11:13","slug":"gendarmeria-custodios-de-la-frontera-y-la-soberania-cumplen-32-anos-en-u-shuaia","status":"publish","type":"post","link":"https:\/\/www.legistdf.gob.ar\/index.php\/2017\/04\/10\/gendarmeria-custodios-de-la-frontera-y-la-soberania-cumplen-32-anos-en-u-shuaia\/","title":{"rendered":"GENDARMER\u00cdA: Custodios de la frontera y la soberan\u00eda cumplen 32 a\u00f1os en Ushuaia"},"content":{"rendered":"<p><strong>Ushuaia, lunes 10 de abril de 2017.- Como brazo auxiliar de la Justicia Federal y de las jurisdicciones provinciales, el Escuadr\u00f3n 44, conmemor\u00f3 los 32 a\u00f1os de su creaci\u00f3n. Y al igual que el resto de sus pares, a lo largo del pa\u00eds, sus filas buscan \u201cconservar y hacer respetar las leyes nacionales en la jurisdicci\u00f3n local\u201d. El acto se concret\u00f3 esta ma\u00f1ana en sede del Escuadr\u00f3n y fue presidido por el titular de la fuerza en Ushuaia, comandante Mayor Miguel \u00c1ngel Cuenca y el Presidente de la Legislatura, Juan Carlos Arcando.<\/strong><\/p>\n<p>A propuesta del exgobernador, Adolfo Sciurano, la Gendarmer\u00eda Nacional no dud\u00f3 en instalar sus fuerzas en esta zona austral del pa\u00eds, para asegurar \u201cla custodia de los intereses nacionales ante el entonces, Territorio Nacional de Tierra del Fuego.\u201d Han transcurrido 32 a\u00f1os de la instalaci\u00f3n de la sede en Ushuaia.<\/p>\n<p>Durante el acto, se realiz\u00f3 el cambio de la bandera de ceremonias, que acompa\u00f1\u00f3 la presencia de los gendarmes durante su vida institucional en la capital fueguina. La ense\u00f1a, fue donada por Asociaci\u00f3n de Ayuda Mutua del personal de la fuerza.<\/p>\n<p>En di\u00e1logo con Prensa Legislativa, el vicegobernador Juan Carlos Arcando, record\u00f3 que presenci\u00f3 \u201cla creaci\u00f3n de este escuadr\u00f3n, en el paraje denominado La Mosca Loca, hace 32 a\u00f1os\u201d. Subray\u00f3 que se trato de \u201cun hecho trascendental\u201d, y tambi\u00e9n asegur\u00f3 que la presencia de la Gendarmer\u00eda Nacional en la provincia, sigue siendo de suma importancia.<\/p>\n<p>Entre las actividades que realiza la fuerza, el Presidente del Parlamento remarc\u00f3 el cuidado de la frontera, ya que \u201ctenemos grandes extensiones en nuestra Provincia y ellos est\u00e1n a la altura de las circunstancias\u201d. Destac\u00f3 el trabajo que hacen en la ruta 3 y la ayuda que brindan a los vecinos cuando hay inconvenientes clim\u00e1ticos. \u201cEl trabajo que realizan los gendarmes es m\u00e1s que importante para la comunidad de toda Tierra del Fuego\u201d, afirm\u00f3.<\/p>\n<p>Tambi\u00e9n, en lo que respecta al trabajo en conjunto con el Gobierno provincial, Arcando explic\u00f3 las distintas campa\u00f1as de salud en el interior provincial, \u201ccon m\u00e9dicos y profesionales que tiene Gendarmer\u00eda\u201d. Para finalizar, el Vicegobernador resalt\u00f3 que la instituci\u00f3n \u201cpone todo lo que tiene a disposici\u00f3n, para que en nuestra Provincia podamos utilizarlo, para beneficio de los que habitan en parajes distantes de las tres ciudades\u201d, cerr\u00f3<\/p>\n<p>El comandante Mayor, Miguel \u00c1ngel Cuenca, jefe del Escuadr\u00f3n 44, resalt\u00f3 la importancia de esta fecha para quienes forman parte de la instituci\u00f3n, \u201csobre todo para los que estamos en el Escuadr\u00f3n 44\u201d, asegur\u00f3. \u201cHoy se cumplen 32 a\u00f1os de aquella misi\u00f3n que nos impusieron; venir a custodiar la frontera terrestre, lo que para nosotros es un honor\u201d, record\u00f3.<\/p>\n<p>Hoy recordamos a los pioneros gendarmes que, junto a la poblaci\u00f3n, forjaron y formaron este lugar, para tener un mejor pa\u00eds y un mejor futuro para todos\u201d, refiri\u00f3 Cuenca, acerca de la creaci\u00f3n de la fuerza en Ushuaia.<\/p>\n<p>Consultado por Prensa Legislativa cerca de la significaci\u00f3n de la Gendarmer\u00eda en Tierra del Fuego, Cuenca asegur\u00f3 que la fuerza \u201ces parte de nuestra soberan\u00eda, tratamos en conjunto, con el poder pol\u00edtico, que Ushuaia se sienta segura, porque es el fin de la Gendarmer\u00eda. Poner todo nuestro servicio en la comunidad y hacerlo lo mejor posible\u201d, reflej\u00f3.<\/p>\n<p>Hoy la fuerza, no solo se ocupa del control de fronteras, \u201crealizamos asistencia en controles vehiculares. Tenemos una ruta nacional, por lo que tenemos la responsabilidad de brindar seguridad, sobre todo en \u00e9pocas invernales, pero tambi\u00e9n en temporadas tur\u00edsticas. Tenemos un grupo de rescate de monta\u00f1a que dan apoyo en caso de ser necesario\u201d, enumer\u00f3 el Jefe del Escuadr\u00f3n 44.<\/p>\n<p>Del acto participo, asimismo, el legislador Ricardo Romano (FPV \u2013 PJ), junto a referentes de la ciudad, el Poder Judicial, fuerzas armadas y de seguridad.<\/p>\n<pre><em>Con informaci\u00f3n y fotograf\u00edas de Prensa Legislativa\r\n\r\n<\/em><strong><a href=\"https:\/\/es-la.facebook.com\/PrensaLegislaturatdf\">\r\nFacebook<\/a> <a href=\"https:\/\/twitter.com\/PrensaLegisTDF\">Twitter<\/a> <a href=\"https:\/\/www.flickr.com\/photos\/prensalegistdf\/sets\/\">Flickr\r\n\r\n<\/a><\/strong>\r\n<strong>DIRECCI\u00d3N DE PRENSA Y DIFUSI\u00d3N INSTITUCIONAL LEGISLATURA DE TIERRA DEL FUEGO <\/strong><\/pre>\n\n\t\t<style type=\"text\/css\">\n\t\t\t#gallery-1 {\n\t\t\t\tmargin: auto;\n\t\t\t}\n\t\t\t#gallery-1 .gallery-item {\n\t\t\t\tfloat: left;\n\t\t\t\tmargin-top: 10px;\n\t\t\t\ttext-align: center;\n\t\t\t\twidth: 33%;\n\t\t\t}\n\t\t\t#gallery-1 img {\n\t\t\t\tborder: 2px solid #cfcfcf;\n\t\t\t}\n\t\t\t#gallery-1 .gallery-caption {\n\t\t\t\tmargin-left: 0;\n\t\t\t}\n\t\t\t\/* see gallery_shortcode() in wp-includes\/media.php *\/\n\t\t<\/style>\n\t\t<div data-carousel-extra='{\"blog_id\":1,\"permalink\":\"https:\\\/\\\/www.legistdf.gob.ar\\\/index.php\\\/2017\\\/04\\\/10\\\/gendarmeria-custodios-de-la-frontera-y-la-soberania-cumplen-32-anos-en-u-shuaia\\\/\"}' id='gallery-1' class='gallery galleryid-1547 gallery-columns-3 gallery-size-thumbnail'><dl class='gallery-item'>\n\t\t\t<dt class='gallery-icon landscape'>\n\t\t\t\t<a href='https:\/\/www.legistdf.gob.ar\/index.php\/2017\/04\/10\/gendarmeria-custodios-de-la-frontera-y-la-soberania-cumplen-32-anos-en-u-shuaia\/img_0008-5\/'><img loading=\"lazy\" decoding=\"async\" width=\"150\" height=\"150\" src=\"https:\/\/www.legistdf.gob.ar\/wp-content\/uploads\/2017\/04\/IMG_0008-150x150.jpg\" class=\"attachment-thumbnail size-thumbnail\" alt=\"\" srcset=\"https:\/\/www.legistdf.gob.ar\/wp-content\/uploads\/2017\/04\/IMG_0008-150x150.jpg 150w, https:\/\/www.legistdf.gob.ar\/wp-content\/uploads\/2017\/04\/IMG_0008-64x64.jpg 64w\" sizes=\"(max-width: 150px) 100vw, 150px\" data-attachment-id=\"1548\" data-permalink=\"https:\/\/www.legistdf.gob.ar\/index.php\/2017\/04\/10\/gendarmeria-custodios-de-la-frontera-y-la-soberania-cumplen-32-anos-en-u-shuaia\/img_0008-5\/\" data-orig-file=\"https:\/\/www.legistdf.gob.ar\/wp-content\/uploads\/2017\/04\/IMG_0008.jpg\" data-orig-size=\"1000,667\" data-comments-opened=\"0\" data-image-meta=\"{&quot;aperture&quot;:&quot;0&quot;,&quot;credit&quot;:&quot;&quot;,&quot;camera&quot;:&quot;&quot;,&quot;caption&quot;:&quot;&quot;,&quot;created_timestamp&quot;:&quot;0&quot;,&quot;copyright&quot;:&quot;&quot;,&quot;focal_length&quot;:&quot;0&quot;,&quot;iso&quot;:&quot;0&quot;,&quot;shutter_speed&quot;:&quot;0&quot;,&quot;title&quot;:&quot;&quot;,&quot;orientation&quot;:&quot;1&quot;}\" data-image-title=\"IMG_0008\" data-image-description=\"\" data-image-caption=\"\" data-medium-file=\"https:\/\/www.legistdf.gob.ar\/wp-content\/uploads\/2017\/04\/IMG_0008-300x200.jpg\" data-large-file=\"https:\/\/www.legistdf.gob.ar\/wp-content\/uploads\/2017\/04\/IMG_0008.jpg\" \/><\/a>\n\t\t\t<\/dt><\/dl><dl class='gallery-item'>\n\t\t\t<dt class='gallery-icon landscape'>\n\t\t\t\t<a href='https:\/\/www.legistdf.gob.ar\/index.php\/2017\/04\/10\/gendarmeria-custodios-de-la-frontera-y-la-soberania-cumplen-32-anos-en-u-shuaia\/img_0016-6\/'><img loading=\"lazy\" decoding=\"async\" width=\"150\" height=\"150\" src=\"https:\/\/www.legistdf.gob.ar\/wp-content\/uploads\/2017\/04\/IMG_0016-2-150x150.jpg\" class=\"attachment-thumbnail size-thumbnail\" alt=\"\" srcset=\"https:\/\/www.legistdf.gob.ar\/wp-content\/uploads\/2017\/04\/IMG_0016-2-150x150.jpg 150w, https:\/\/www.legistdf.gob.ar\/wp-content\/uploads\/2017\/04\/IMG_0016-2-64x64.jpg 64w\" sizes=\"(max-width: 150px) 100vw, 150px\" data-attachment-id=\"1549\" data-permalink=\"https:\/\/www.legistdf.gob.ar\/index.php\/2017\/04\/10\/gendarmeria-custodios-de-la-frontera-y-la-soberania-cumplen-32-anos-en-u-shuaia\/img_0016-6\/\" data-orig-file=\"https:\/\/www.legistdf.gob.ar\/wp-content\/uploads\/2017\/04\/IMG_0016-2.jpg\" data-orig-size=\"1000,667\" data-comments-opened=\"0\" data-image-meta=\"{&quot;aperture&quot;:&quot;0&quot;,&quot;credit&quot;:&quot;&quot;,&quot;camera&quot;:&quot;&quot;,&quot;caption&quot;:&quot;&quot;,&quot;created_timestamp&quot;:&quot;0&quot;,&quot;copyright&quot;:&quot;&quot;,&quot;focal_length&quot;:&quot;0&quot;,&quot;iso&quot;:&quot;0&quot;,&quot;shutter_speed&quot;:&quot;0&quot;,&quot;title&quot;:&quot;&quot;,&quot;orientation&quot;:&quot;1&quot;}\" data-image-title=\"IMG_0016\" data-image-description=\"\" data-image-caption=\"\" data-medium-file=\"https:\/\/www.legistdf.gob.ar\/wp-content\/uploads\/2017\/04\/IMG_0016-2-300x200.jpg\" data-large-file=\"https:\/\/www.legistdf.gob.ar\/wp-content\/uploads\/2017\/04\/IMG_0016-2.jpg\" \/><\/a>\n\t\t\t<\/dt><\/dl><dl class='gallery-item'>\n\t\t\t<dt class='gallery-icon landscape'>\n\t\t\t\t<a href='https:\/\/www.legistdf.gob.ar\/index.php\/2017\/04\/10\/gendarmeria-custodios-de-la-frontera-y-la-soberania-cumplen-32-anos-en-u-shuaia\/img_0019-4\/'><img loading=\"lazy\" decoding=\"async\" width=\"150\" height=\"150\" src=\"https:\/\/www.legistdf.gob.ar\/wp-content\/uploads\/2017\/04\/IMG_0019-1-150x150.jpg\" class=\"attachment-thumbnail size-thumbnail\" alt=\"\" srcset=\"https:\/\/www.legistdf.gob.ar\/wp-content\/uploads\/2017\/04\/IMG_0019-1-150x150.jpg 150w, https:\/\/www.legistdf.gob.ar\/wp-content\/uploads\/2017\/04\/IMG_0019-1-64x64.jpg 64w\" sizes=\"(max-width: 150px) 100vw, 150px\" data-attachment-id=\"1550\" data-permalink=\"https:\/\/www.legistdf.gob.ar\/index.php\/2017\/04\/10\/gendarmeria-custodios-de-la-frontera-y-la-soberania-cumplen-32-anos-en-u-shuaia\/img_0019-4\/\" data-orig-file=\"https:\/\/www.legistdf.gob.ar\/wp-content\/uploads\/2017\/04\/IMG_0019-1.jpg\" data-orig-size=\"1000,667\" data-comments-opened=\"0\" data-image-meta=\"{&quot;aperture&quot;:&quot;0&quot;,&quot;credit&quot;:&quot;&quot;,&quot;camera&quot;:&quot;&quot;,&quot;caption&quot;:&quot;&quot;,&quot;created_timestamp&quot;:&quot;0&quot;,&quot;copyright&quot;:&quot;&quot;,&quot;focal_length&quot;:&quot;0&quot;,&quot;iso&quot;:&quot;0&quot;,&quot;shutter_speed&quot;:&quot;0&quot;,&quot;title&quot;:&quot;&quot;,&quot;orientation&quot;:&quot;1&quot;}\" data-image-title=\"IMG_0019\" data-image-description=\"\" data-image-caption=\"\" data-medium-file=\"https:\/\/www.legistdf.gob.ar\/wp-content\/uploads\/2017\/04\/IMG_0019-1-300x200.jpg\" data-large-file=\"https:\/\/www.legistdf.gob.ar\/wp-content\/uploads\/2017\/04\/IMG_0019-1.jpg\" \/><\/a>\n\t\t\t<\/dt><\/dl><br style=\"clear: both\" \/><dl class='gallery-item'>\n\t\t\t<dt class='gallery-icon landscape'>\n\t\t\t\t<a href='https:\/\/www.legistdf.gob.ar\/index.php\/2017\/04\/10\/gendarmeria-custodios-de-la-frontera-y-la-soberania-cumplen-32-anos-en-u-shuaia\/img_0039-3\/'><img loading=\"lazy\" decoding=\"async\" width=\"150\" height=\"150\" src=\"https:\/\/www.legistdf.gob.ar\/wp-content\/uploads\/2017\/04\/IMG_0039-150x150.jpg\" class=\"attachment-thumbnail size-thumbnail\" alt=\"\" srcset=\"https:\/\/www.legistdf.gob.ar\/wp-content\/uploads\/2017\/04\/IMG_0039-150x150.jpg 150w, https:\/\/www.legistdf.gob.ar\/wp-content\/uploads\/2017\/04\/IMG_0039-64x64.jpg 64w\" sizes=\"(max-width: 150px) 100vw, 150px\" data-attachment-id=\"1551\" data-permalink=\"https:\/\/www.legistdf.gob.ar\/index.php\/2017\/04\/10\/gendarmeria-custodios-de-la-frontera-y-la-soberania-cumplen-32-anos-en-u-shuaia\/img_0039-3\/\" data-orig-file=\"https:\/\/www.legistdf.gob.ar\/wp-content\/uploads\/2017\/04\/IMG_0039.jpg\" data-orig-size=\"1000,667\" data-comments-opened=\"0\" data-image-meta=\"{&quot;aperture&quot;:&quot;0&quot;,&quot;credit&quot;:&quot;&quot;,&quot;camera&quot;:&quot;&quot;,&quot;caption&quot;:&quot;&quot;,&quot;created_timestamp&quot;:&quot;0&quot;,&quot;copyright&quot;:&quot;&quot;,&quot;focal_length&quot;:&quot;0&quot;,&quot;iso&quot;:&quot;0&quot;,&quot;shutter_speed&quot;:&quot;0&quot;,&quot;title&quot;:&quot;&quot;,&quot;orientation&quot;:&quot;1&quot;}\" data-image-title=\"IMG_0039\" data-image-description=\"\" data-image-caption=\"\" data-medium-file=\"https:\/\/www.legistdf.gob.ar\/wp-content\/uploads\/2017\/04\/IMG_0039-300x200.jpg\" data-large-file=\"https:\/\/www.legistdf.gob.ar\/wp-content\/uploads\/2017\/04\/IMG_0039.jpg\" \/><\/a>\n\t\t\t<\/dt><\/dl><dl class='gallery-item'>\n\t\t\t<dt class='gallery-icon landscape'>\n\t\t\t\t<a href='https:\/\/www.legistdf.gob.ar\/index.php\/2017\/04\/10\/gendarmeria-custodios-de-la-frontera-y-la-soberania-cumplen-32-anos-en-u-shuaia\/img_0067\/'><img loading=\"lazy\" decoding=\"async\" width=\"150\" height=\"150\" src=\"https:\/\/www.legistdf.gob.ar\/wp-content\/uploads\/2017\/04\/IMG_0067-150x150.jpg\" class=\"attachment-thumbnail size-thumbnail\" alt=\"\" srcset=\"https:\/\/www.legistdf.gob.ar\/wp-content\/uploads\/2017\/04\/IMG_0067-150x150.jpg 150w, https:\/\/www.legistdf.gob.ar\/wp-content\/uploads\/2017\/04\/IMG_0067-64x64.jpg 64w\" sizes=\"(max-width: 150px) 100vw, 150px\" data-attachment-id=\"1552\" data-permalink=\"https:\/\/www.legistdf.gob.ar\/index.php\/2017\/04\/10\/gendarmeria-custodios-de-la-frontera-y-la-soberania-cumplen-32-anos-en-u-shuaia\/img_0067\/\" data-orig-file=\"https:\/\/www.legistdf.gob.ar\/wp-content\/uploads\/2017\/04\/IMG_0067.jpg\" data-orig-size=\"1000,667\" data-comments-opened=\"0\" data-image-meta=\"{&quot;aperture&quot;:&quot;0&quot;,&quot;credit&quot;:&quot;&quot;,&quot;camera&quot;:&quot;&quot;,&quot;caption&quot;:&quot;&quot;,&quot;created_timestamp&quot;:&quot;0&quot;,&quot;copyright&quot;:&quot;&quot;,&quot;focal_length&quot;:&quot;0&quot;,&quot;iso&quot;:&quot;0&quot;,&quot;shutter_speed&quot;:&quot;0&quot;,&quot;title&quot;:&quot;&quot;,&quot;orientation&quot;:&quot;1&quot;}\" data-image-title=\"IMG_0067\" data-image-description=\"\" data-image-caption=\"\" data-medium-file=\"https:\/\/www.legistdf.gob.ar\/wp-content\/uploads\/2017\/04\/IMG_0067-300x200.jpg\" data-large-file=\"https:\/\/www.legistdf.gob.ar\/wp-content\/uploads\/2017\/04\/IMG_0067.jpg\" \/><\/a>\n\t\t\t<\/dt><\/dl><dl class='gallery-item'>\n\t\t\t<dt class='gallery-icon landscape'>\n\t\t\t\t<a href='https:\/\/www.legistdf.gob.ar\/index.php\/2017\/04\/10\/gendarmeria-custodios-de-la-frontera-y-la-soberania-cumplen-32-anos-en-u-shuaia\/img_0074\/'><img loading=\"lazy\" decoding=\"async\" width=\"150\" height=\"150\" src=\"https:\/\/www.legistdf.gob.ar\/wp-content\/uploads\/2017\/04\/IMG_0074-150x150.jpg\" class=\"attachment-thumbnail size-thumbnail\" alt=\"\" srcset=\"https:\/\/www.legistdf.gob.ar\/wp-content\/uploads\/2017\/04\/IMG_0074-150x150.jpg 150w, https:\/\/www.legistdf.gob.ar\/wp-content\/uploads\/2017\/04\/IMG_0074-64x64.jpg 64w\" sizes=\"(max-width: 150px) 100vw, 150px\" data-attachment-id=\"1553\" data-permalink=\"https:\/\/www.legistdf.gob.ar\/index.php\/2017\/04\/10\/gendarmeria-custodios-de-la-frontera-y-la-soberania-cumplen-32-anos-en-u-shuaia\/img_0074\/\" data-orig-file=\"https:\/\/www.legistdf.gob.ar\/wp-content\/uploads\/2017\/04\/IMG_0074.jpg\" data-orig-size=\"1000,667\" data-comments-opened=\"0\" data-image-meta=\"{&quot;aperture&quot;:&quot;0&quot;,&quot;credit&quot;:&quot;&quot;,&quot;camera&quot;:&quot;&quot;,&quot;caption&quot;:&quot;&quot;,&quot;created_timestamp&quot;:&quot;0&quot;,&quot;copyright&quot;:&quot;&quot;,&quot;focal_length&quot;:&quot;0&quot;,&quot;iso&quot;:&quot;0&quot;,&quot;shutter_speed&quot;:&quot;0&quot;,&quot;title&quot;:&quot;&quot;,&quot;orientation&quot;:&quot;1&quot;}\" data-image-title=\"IMG_0074\" data-image-description=\"\" data-image-caption=\"\" data-medium-file=\"https:\/\/www.legistdf.gob.ar\/wp-content\/uploads\/2017\/04\/IMG_0074-300x200.jpg\" data-large-file=\"https:\/\/www.legistdf.gob.ar\/wp-content\/uploads\/2017\/04\/IMG_0074.jpg\" \/><\/a>\n\t\t\t<\/dt><\/dl><br style=\"clear: both\" \/><dl class='gallery-item'>\n\t\t\t<dt class='gallery-icon landscape'>\n\t\t\t\t<a href='https:\/\/www.legistdf.gob.ar\/index.php\/2017\/04\/10\/gendarmeria-custodios-de-la-frontera-y-la-soberania-cumplen-32-anos-en-u-shuaia\/img_0112\/'><img loading=\"lazy\" decoding=\"async\" width=\"150\" height=\"150\" src=\"https:\/\/www.legistdf.gob.ar\/wp-content\/uploads\/2017\/04\/IMG_0112-150x150.jpg\" class=\"attachment-thumbnail size-thumbnail\" alt=\"\" srcset=\"https:\/\/www.legistdf.gob.ar\/wp-content\/uploads\/2017\/04\/IMG_0112-150x150.jpg 150w, https:\/\/www.legistdf.gob.ar\/wp-content\/uploads\/2017\/04\/IMG_0112-64x64.jpg 64w\" sizes=\"(max-width: 150px) 100vw, 150px\" data-attachment-id=\"1554\" data-permalink=\"https:\/\/www.legistdf.gob.ar\/index.php\/2017\/04\/10\/gendarmeria-custodios-de-la-frontera-y-la-soberania-cumplen-32-anos-en-u-shuaia\/img_0112\/\" data-orig-file=\"https:\/\/www.legistdf.gob.ar\/wp-content\/uploads\/2017\/04\/IMG_0112.jpg\" data-orig-size=\"1000,667\" data-comments-opened=\"0\" data-image-meta=\"{&quot;aperture&quot;:&quot;0&quot;,&quot;credit&quot;:&quot;&quot;,&quot;camera&quot;:&quot;&quot;,&quot;caption&quot;:&quot;&quot;,&quot;created_timestamp&quot;:&quot;0&quot;,&quot;copyright&quot;:&quot;&quot;,&quot;focal_length&quot;:&quot;0&quot;,&quot;iso&quot;:&quot;0&quot;,&quot;shutter_speed&quot;:&quot;0&quot;,&quot;title&quot;:&quot;&quot;,&quot;orientation&quot;:&quot;1&quot;}\" data-image-title=\"IMG_0112\" data-image-description=\"\" data-image-caption=\"\" data-medium-file=\"https:\/\/www.legistdf.gob.ar\/wp-content\/uploads\/2017\/04\/IMG_0112-300x200.jpg\" data-large-file=\"https:\/\/www.legistdf.gob.ar\/wp-content\/uploads\/2017\/04\/IMG_0112.jpg\" \/><\/a>\n\t\t\t<\/dt><\/dl>\n\t\t\t<br style='clear: both' \/>\n\t\t<\/div>\n\n","protected":false},"excerpt":{"rendered":"<p>Ushuaia, lunes 10 de abril de 2017.- Como brazo auxiliar de la Justicia Federal y de las jurisdicciones provinciales, el Escuadr\u00f3n 44, conmemor\u00f3 los 32 a\u00f1os de su creaci\u00f3n. Y al igual que el resto de sus pares, a lo largo del pa\u00eds, sus filas buscan \u201cconservar y hacer respetar las leyes nacionales en la [&hellip;]<\/p>\n","protected":false},"author":352,"featured_media":1548,"comment_status":"closed","ping_status":"open","sticky":false,"template":"","format":"standard","meta":{"jetpack_post_was_ever_published":false,"_jetpack_newsletter_access":"","_jetpack_dont_email_post_to_subs":false,"_jetpack_newsletter_tier_id":0,"footnotes":"","jetpack_publicize_message":"","jetpack_publicize_feature_enabled":true,"jetpack_social_post_already_shared":true,"jetpack_social_options":{"image_generator_settings":{"template":"highway","enabled":false}}},"categories":[1],"tags":[],"jetpack_publicize_connections":[],"jetpack_sharing_enabled":true,"jetpack_featured_media_url":"https:\/\/www.legistdf.gob.ar\/wp-content\/uploads\/2017\/04\/IMG_0008.jpg","jetpack-related-posts":[],"_links":{"self":[{"href":"https:\/\/www.legistdf.gob.ar\/index.php\/wp-json\/wp\/v2\/posts\/1547"}],"collection":[{"href":"https:\/\/www.legistdf.gob.ar\/index.php\/wp-json\/wp\/v2\/posts"}],"about":[{"href":"https:\/\/www.legistdf.gob.ar\/index.php\/wp-json\/wp\/v2\/types\/post"}],"author":[{"embeddable":true,"href":"https:\/\/www.legistdf.gob.ar\/index.php\/wp-json\/wp\/v2\/users\/352"}],"replies":[{"embeddable":true,"href":"https:\/\/www.legistdf.gob.ar\/index.php\/wp-json\/wp\/v2\/comments?post=1547"}],"version-history":[{"count":2,"href":"https:\/\/www.legistdf.gob.ar\/index.php\/wp-json\/wp\/v2\/posts\/1547\/revisions"}],"predecessor-version":[{"id":1559,"href":"https:\/\/www.legistdf.gob.ar\/index.php\/wp-json\/wp\/v2\/posts\/1547\/revisions\/1559"}],"wp:featuredmedia":[{"embeddable":true,"href":"https:\/\/www.legistdf.gob.ar\/index.php\/wp-json\/wp\/v2\/media\/1548"}],"wp:attachment":[{"href":"https:\/\/www.legistdf.gob.ar\/index.php\/wp-json\/wp\/v2\/media?parent=1547"}],"wp:term":[{"taxonomy":"category","embeddable":true,"href":"https:\/\/www.legistdf.gob.ar\/index.php\/wp-json\/wp\/v2\/categories?post=1547"},{"taxonomy":"post_tag","embeddable":true,"href":"https:\/\/www.legistdf.gob.ar\/index.php\/wp-json\/wp\/v2\/tags?post=1547"}],"curies":[{"name":"wp","href":"https:\/\/api.w.org\/{rel}","templated":true}]}}