{"id":15691,"date":"2019-08-22T10:59:33","date_gmt":"2019-08-22T13:59:33","guid":{"rendered":"http:\/\/www.legistdf.gob.ar\/?p=15691"},"modified":"2019-09-03T09:37:42","modified_gmt":"2019-09-03T12:37:42","slug":"legislatura-el-grupo-scout-naval-alferez-sobral-se-reunio-con-angelina-carrasco","status":"publish","type":"post","link":"https:\/\/www.legistdf.gob.ar\/index.php\/2019\/08\/22\/legislatura-el-grupo-scout-naval-alferez-sobral-se-reunio-con-angelina-carrasco\/","title":{"rendered":"LEGISLATURA: El Grupo Scout Naval Alf\u00e9rez Sobral se reuni\u00f3 con Angelina Carrasco\u00a0"},"content":{"rendered":"<p><strong>Ushuaia, jueves 22 de agosto de 2019.- La legisladora Angelina Carrasco (FPV \u2013 PJ), recibi\u00f3 ayer a integrantes del grupo de scout navales N\u00ba 11 Alf\u00e9rez Sobral de Ushuaia. Durante el encuentro, la Parlamentaria conoci\u00f3 detalles de las actividades que realizaron en la Rep\u00fablica de Paraguay. \u201cEstamos muy contentos de contar con el apoyo de los Legisladores\u201d dijo el referente del grupo, al relatar instancias del Campamento Internacional de Patrullas.<\/strong><\/p>\n<p>&nbsp;<\/p>\n<p>Ese encuentro se concret\u00f3 en Ciudad del Este y participaron representantes de nuestro pa\u00eds, Brasil, Uruguay y Colombia. Del evento, que se realiz\u00f3 entre el 12 y 22 de julio pasado, fueron parte ni\u00f1os de entre 10 y 13 a\u00f1os. Se espera realizar el Campamento Nacional de Patrullas en Tierra del Fuego en la primera quincena de noviembre. \u201cNos dieron una mano impresionante para concretar el viaje de los chicos y estamos sumamente agradecidos por ese gesto\u201d, dijeron desde el Grupo Naval.<\/p>\n<p>&nbsp;<\/p>\n<p>En tanto, la legisladora Angelina Carrasco sostuvo que se trat\u00f3 de un encuentro \u201cmuy grato\u201d y destac\u00f3 poder colaborar con la iniciativa ya que \u201cpromueve valores en los grupos de scouts\u201d, dijo.<\/p>\n<p>&nbsp;<\/p>\n<p>Al finalizar el encuentro, se uni\u00f3 a la charla, el titular del Parlamento fueguino, vicegobernador Juan Carlos Arcando, quien destac\u00f3 las actividades que promueven desde el Grupo.<\/p>\n\n\t\t<style type=\"text\/css\">\n\t\t\t#gallery-1 {\n\t\t\t\tmargin: auto;\n\t\t\t}\n\t\t\t#gallery-1 .gallery-item {\n\t\t\t\tfloat: left;\n\t\t\t\tmargin-top: 10px;\n\t\t\t\ttext-align: center;\n\t\t\t\twidth: 50%;\n\t\t\t}\n\t\t\t#gallery-1 img {\n\t\t\t\tborder: 2px solid #cfcfcf;\n\t\t\t}\n\t\t\t#gallery-1 .gallery-caption {\n\t\t\t\tmargin-left: 0;\n\t\t\t}\n\t\t\t\/* see gallery_shortcode() in wp-includes\/media.php *\/\n\t\t<\/style>\n\t\t<div data-carousel-extra='{\"blog_id\":1,\"permalink\":\"https:\\\/\\\/www.legistdf.gob.ar\\\/index.php\\\/2019\\\/08\\\/22\\\/legislatura-el-grupo-scout-naval-alferez-sobral-se-reunio-con-angelina-carrasco\\\/\"}' id='gallery-1' class='gallery galleryid-15691 gallery-columns-2 gallery-size-thumbnail'><dl class='gallery-item'>\n\t\t\t<dt class='gallery-icon landscape'>\n\t\t\t\t<a href='https:\/\/www.legistdf.gob.ar\/index.php\/2019\/08\/22\/legislatura-el-grupo-scout-naval-alferez-sobral-se-reunio-con-angelina-carrasco\/img_0098-7\/'><img loading=\"lazy\" decoding=\"async\" width=\"150\" height=\"150\" src=\"https:\/\/www.legistdf.gob.ar\/wp-content\/uploads\/2019\/08\/IMG_0098-150x150.jpg\" class=\"attachment-thumbnail size-thumbnail\" alt=\"\" srcset=\"https:\/\/www.legistdf.gob.ar\/wp-content\/uploads\/2019\/08\/IMG_0098-150x150.jpg 150w, https:\/\/www.legistdf.gob.ar\/wp-content\/uploads\/2019\/08\/IMG_0098-64x64.jpg 64w\" sizes=\"(max-width: 150px) 100vw, 150px\" data-attachment-id=\"15695\" data-permalink=\"https:\/\/www.legistdf.gob.ar\/index.php\/2019\/08\/22\/legislatura-el-grupo-scout-naval-alferez-sobral-se-reunio-con-angelina-carrasco\/img_0098-7\/\" data-orig-file=\"https:\/\/www.legistdf.gob.ar\/wp-content\/uploads\/2019\/08\/IMG_0098.jpg\" data-orig-size=\"1000,667\" data-comments-opened=\"0\" data-image-meta=\"{&quot;aperture&quot;:&quot;2.8&quot;,&quot;credit&quot;:&quot;&quot;,&quot;camera&quot;:&quot;Canon EOS 6D&quot;,&quot;caption&quot;:&quot;&quot;,&quot;created_timestamp&quot;:&quot;1566388555&quot;,&quot;copyright&quot;:&quot;&quot;,&quot;focal_length&quot;:&quot;24&quot;,&quot;iso&quot;:&quot;400&quot;,&quot;shutter_speed&quot;:&quot;0.0055555555555556&quot;,&quot;title&quot;:&quot;&quot;,&quot;orientation&quot;:&quot;0&quot;}\" data-image-title=\"IMG_0098\" data-image-description=\"\" data-image-caption=\"\" data-medium-file=\"https:\/\/www.legistdf.gob.ar\/wp-content\/uploads\/2019\/08\/IMG_0098-300x200.jpg\" data-large-file=\"https:\/\/www.legistdf.gob.ar\/wp-content\/uploads\/2019\/08\/IMG_0098.jpg\" \/><\/a>\n\t\t\t<\/dt><\/dl><dl class='gallery-item'>\n\t\t\t<dt class='gallery-icon landscape'>\n\t\t\t\t<a href='https:\/\/www.legistdf.gob.ar\/index.php\/2019\/08\/22\/legislatura-el-grupo-scout-naval-alferez-sobral-se-reunio-con-angelina-carrasco\/img_0095-6\/'><img loading=\"lazy\" decoding=\"async\" width=\"150\" height=\"150\" src=\"https:\/\/www.legistdf.gob.ar\/wp-content\/uploads\/2019\/08\/IMG_0095-150x150.jpg\" class=\"attachment-thumbnail size-thumbnail\" alt=\"\" srcset=\"https:\/\/www.legistdf.gob.ar\/wp-content\/uploads\/2019\/08\/IMG_0095-150x150.jpg 150w, https:\/\/www.legistdf.gob.ar\/wp-content\/uploads\/2019\/08\/IMG_0095-64x64.jpg 64w\" sizes=\"(max-width: 150px) 100vw, 150px\" data-attachment-id=\"15694\" data-permalink=\"https:\/\/www.legistdf.gob.ar\/index.php\/2019\/08\/22\/legislatura-el-grupo-scout-naval-alferez-sobral-se-reunio-con-angelina-carrasco\/img_0095-6\/\" data-orig-file=\"https:\/\/www.legistdf.gob.ar\/wp-content\/uploads\/2019\/08\/IMG_0095.jpg\" data-orig-size=\"1000,667\" data-comments-opened=\"0\" data-image-meta=\"{&quot;aperture&quot;:&quot;2.8&quot;,&quot;credit&quot;:&quot;&quot;,&quot;camera&quot;:&quot;Canon EOS 6D&quot;,&quot;caption&quot;:&quot;&quot;,&quot;created_timestamp&quot;:&quot;1566388471&quot;,&quot;copyright&quot;:&quot;&quot;,&quot;focal_length&quot;:&quot;70&quot;,&quot;iso&quot;:&quot;400&quot;,&quot;shutter_speed&quot;:&quot;0.0055555555555556&quot;,&quot;title&quot;:&quot;&quot;,&quot;orientation&quot;:&quot;0&quot;}\" data-image-title=\"IMG_0095\" data-image-description=\"\" data-image-caption=\"\" data-medium-file=\"https:\/\/www.legistdf.gob.ar\/wp-content\/uploads\/2019\/08\/IMG_0095-300x200.jpg\" data-large-file=\"https:\/\/www.legistdf.gob.ar\/wp-content\/uploads\/2019\/08\/IMG_0095.jpg\" \/><\/a>\n\t\t\t<\/dt><\/dl><br style=\"clear: both\" \/><dl class='gallery-item'>\n\t\t\t<dt class='gallery-icon landscape'>\n\t\t\t\t<a href='https:\/\/www.legistdf.gob.ar\/index.php\/2019\/08\/22\/legislatura-el-grupo-scout-naval-alferez-sobral-se-reunio-con-angelina-carrasco\/img_0094-3\/'><img loading=\"lazy\" decoding=\"async\" width=\"150\" height=\"150\" src=\"https:\/\/www.legistdf.gob.ar\/wp-content\/uploads\/2019\/08\/IMG_0094-150x150.jpg\" class=\"attachment-thumbnail size-thumbnail\" alt=\"\" srcset=\"https:\/\/www.legistdf.gob.ar\/wp-content\/uploads\/2019\/08\/IMG_0094-150x150.jpg 150w, https:\/\/www.legistdf.gob.ar\/wp-content\/uploads\/2019\/08\/IMG_0094-64x64.jpg 64w\" sizes=\"(max-width: 150px) 100vw, 150px\" data-attachment-id=\"15693\" data-permalink=\"https:\/\/www.legistdf.gob.ar\/index.php\/2019\/08\/22\/legislatura-el-grupo-scout-naval-alferez-sobral-se-reunio-con-angelina-carrasco\/img_0094-3\/\" data-orig-file=\"https:\/\/www.legistdf.gob.ar\/wp-content\/uploads\/2019\/08\/IMG_0094.jpg\" data-orig-size=\"1000,667\" data-comments-opened=\"0\" data-image-meta=\"{&quot;aperture&quot;:&quot;2.8&quot;,&quot;credit&quot;:&quot;&quot;,&quot;camera&quot;:&quot;Canon EOS 6D&quot;,&quot;caption&quot;:&quot;&quot;,&quot;created_timestamp&quot;:&quot;1566388461&quot;,&quot;copyright&quot;:&quot;&quot;,&quot;focal_length&quot;:&quot;70&quot;,&quot;iso&quot;:&quot;400&quot;,&quot;shutter_speed&quot;:&quot;0.0055555555555556&quot;,&quot;title&quot;:&quot;&quot;,&quot;orientation&quot;:&quot;0&quot;}\" data-image-title=\"IMG_0094\" data-image-description=\"\" data-image-caption=\"\" data-medium-file=\"https:\/\/www.legistdf.gob.ar\/wp-content\/uploads\/2019\/08\/IMG_0094-300x200.jpg\" data-large-file=\"https:\/\/www.legistdf.gob.ar\/wp-content\/uploads\/2019\/08\/IMG_0094.jpg\" \/><\/a>\n\t\t\t<\/dt><\/dl><dl class='gallery-item'>\n\t\t\t<dt class='gallery-icon landscape'>\n\t\t\t\t<a href='https:\/\/www.legistdf.gob.ar\/index.php\/2019\/08\/22\/legislatura-el-grupo-scout-naval-alferez-sobral-se-reunio-con-angelina-carrasco\/img_0092-6\/'><img loading=\"lazy\" decoding=\"async\" width=\"150\" height=\"150\" src=\"https:\/\/www.legistdf.gob.ar\/wp-content\/uploads\/2019\/08\/IMG_0092-150x150.jpg\" class=\"attachment-thumbnail size-thumbnail\" alt=\"\" srcset=\"https:\/\/www.legistdf.gob.ar\/wp-content\/uploads\/2019\/08\/IMG_0092-150x150.jpg 150w, https:\/\/www.legistdf.gob.ar\/wp-content\/uploads\/2019\/08\/IMG_0092-64x64.jpg 64w\" sizes=\"(max-width: 150px) 100vw, 150px\" data-attachment-id=\"15692\" data-permalink=\"https:\/\/www.legistdf.gob.ar\/index.php\/2019\/08\/22\/legislatura-el-grupo-scout-naval-alferez-sobral-se-reunio-con-angelina-carrasco\/img_0092-6\/\" data-orig-file=\"https:\/\/www.legistdf.gob.ar\/wp-content\/uploads\/2019\/08\/IMG_0092.jpg\" data-orig-size=\"1000,667\" data-comments-opened=\"0\" data-image-meta=\"{&quot;aperture&quot;:&quot;2.8&quot;,&quot;credit&quot;:&quot;&quot;,&quot;camera&quot;:&quot;Canon EOS 6D&quot;,&quot;caption&quot;:&quot;&quot;,&quot;created_timestamp&quot;:&quot;1566388242&quot;,&quot;copyright&quot;:&quot;&quot;,&quot;focal_length&quot;:&quot;28&quot;,&quot;iso&quot;:&quot;400&quot;,&quot;shutter_speed&quot;:&quot;0.0055555555555556&quot;,&quot;title&quot;:&quot;&quot;,&quot;orientation&quot;:&quot;0&quot;}\" data-image-title=\"IMG_0092\" data-image-description=\"\" data-image-caption=\"\" data-medium-file=\"https:\/\/www.legistdf.gob.ar\/wp-content\/uploads\/2019\/08\/IMG_0092-300x200.jpg\" data-large-file=\"https:\/\/www.legistdf.gob.ar\/wp-content\/uploads\/2019\/08\/IMG_0092.jpg\" \/><\/a>\n\t\t\t<\/dt><\/dl><br style=\"clear: both\" \/>\n\t\t<\/div>\n\n<p>&nbsp;<\/p>\n<p>El grupo de scouts navales \u201cAlf\u00e9rez Sobral\u201d recibe a ni\u00f1os desde los 6 a\u00f1os hasta j\u00f3venes de 21 a\u00f1os y funciona los s\u00e1bados de 14 a 17 en la sede del Radio Club Ushuaia. All\u00ed, los participantes realizan actividades n\u00e1uticas en el club AFASyN y en el campo de Doma y Folclore en construcciones, fogatas y t\u00e9cnicas de primeros auxilios. Para contactarse, se puede acceder al perfil en Facebook: <a href=\"https:\/\/www.facebook.com\/profile.php?id=100005698923569&amp;__tn__=%2CdlC-R-R&amp;eid=ARBTn1xBfNaYeOJbUNOdaMrA6wQRFh8nJGC0XSYjRNNQUXYaoWMBorg9g30mTXbVjzVoDUzQ86mSIwFG&amp;hc_ref=ARRxjsksKWdKPgZwjgmO-_XoZrEjMvErM9B4RNCHDpNqJb2G7HSv5DBPswgVuy8dHI8\" target=\"_blank\" rel=\"noopener\">Grupo Scout Naval Alf\u00e9rez Sobral<\/a>.<\/p>\n<p>&nbsp;<\/p>\n<p style=\"text-align: right;\"><em>AT<\/em><\/p>\n","protected":false},"excerpt":{"rendered":"<p>Ushuaia, jueves 22 de agosto de 2019.- La legisladora Angelina Carrasco (FPV \u2013 PJ), recibi\u00f3 ayer a integrantes del grupo de scout navales N\u00ba 11 Alf\u00e9rez Sobral de Ushuaia. Durante el encuentro, la Parlamentaria conoci\u00f3 detalles de las actividades que realizaron en la Rep\u00fablica de Paraguay. \u201cEstamos muy contentos de contar con el apoyo de [&hellip;]<\/p>\n","protected":false},"author":352,"featured_media":15695,"comment_status":"closed","ping_status":"open","sticky":false,"template":"","format":"standard","meta":{"jetpack_post_was_ever_published":false,"_jetpack_newsletter_access":"","_jetpack_dont_email_post_to_subs":false,"_jetpack_newsletter_tier_id":0,"footnotes":"","jetpack_publicize_message":"","jetpack_publicize_feature_enabled":true,"jetpack_social_post_already_shared":true,"jetpack_social_options":{"image_generator_settings":{"template":"highway","enabled":false}}},"categories":[1],"tags":[124,1651,79,87],"jetpack_publicize_connections":[],"jetpack_sharing_enabled":true,"jetpack_featured_media_url":"https:\/\/www.legistdf.gob.ar\/wp-content\/uploads\/2019\/08\/IMG_0098.jpg","jetpack-related-posts":[],"_links":{"self":[{"href":"https:\/\/www.legistdf.gob.ar\/index.php\/wp-json\/wp\/v2\/posts\/15691"}],"collection":[{"href":"https:\/\/www.legistdf.gob.ar\/index.php\/wp-json\/wp\/v2\/posts"}],"about":[{"href":"https:\/\/www.legistdf.gob.ar\/index.php\/wp-json\/wp\/v2\/types\/post"}],"author":[{"embeddable":true,"href":"https:\/\/www.legistdf.gob.ar\/index.php\/wp-json\/wp\/v2\/users\/352"}],"replies":[{"embeddable":true,"href":"https:\/\/www.legistdf.gob.ar\/index.php\/wp-json\/wp\/v2\/comments?post=15691"}],"version-history":[{"count":2,"href":"https:\/\/www.legistdf.gob.ar\/index.php\/wp-json\/wp\/v2\/posts\/15691\/revisions"}],"predecessor-version":[{"id":15921,"href":"https:\/\/www.legistdf.gob.ar\/index.php\/wp-json\/wp\/v2\/posts\/15691\/revisions\/15921"}],"wp:featuredmedia":[{"embeddable":true,"href":"https:\/\/www.legistdf.gob.ar\/index.php\/wp-json\/wp\/v2\/media\/15695"}],"wp:attachment":[{"href":"https:\/\/www.legistdf.gob.ar\/index.php\/wp-json\/wp\/v2\/media?parent=15691"}],"wp:term":[{"taxonomy":"category","embeddable":true,"href":"https:\/\/www.legistdf.gob.ar\/index.php\/wp-json\/wp\/v2\/categories?post=15691"},{"taxonomy":"post_tag","embeddable":true,"href":"https:\/\/www.legistdf.gob.ar\/index.php\/wp-json\/wp\/v2\/tags?post=15691"}],"curies":[{"name":"wp","href":"https:\/\/api.w.org\/{rel}","templated":true}]}}