{"id":15697,"date":"2019-08-22T11:23:40","date_gmt":"2019-08-22T14:23:40","guid":{"rendered":"http:\/\/www.legistdf.gob.ar\/?p=15697"},"modified":"2019-09-03T09:36:46","modified_gmt":"2019-09-03T12:36:46","slug":"legislatura-analizaran-derogacion-del-articulo-6-del-regimen-de-jubilacion-y-pensiones","status":"publish","type":"post","link":"https:\/\/www.legistdf.gob.ar\/index.php\/2019\/08\/22\/legislatura-analizaran-derogacion-del-articulo-6-del-regimen-de-jubilacion-y-pensiones\/","title":{"rendered":"LEGISLATURA: Analizar\u00e1n derogaci\u00f3n del art\u00edculo 6 del r\u00e9gimen de jubilaci\u00f3n y pensiones"},"content":{"rendered":"<p>&nbsp;<\/p>\n<p><strong>Ushuaia, jueves 22 de agosto de 2019.- La Comisi\u00f3n de Presupuesto (2), que preside el legislador Pablo Blanco (UCR \u2013 Cambiemos), se reunir\u00e1 el martes 27 a las 10, con el prop\u00f3sito de analizar el <a href=\"http:\/\/www.legistdf.gob.ar\/lp\/novedadesip\/Asuntos%20Entrados%202019\/As.%20N%BA%20067-19.pdf\" target=\"_blank\" rel=\"noopener\">asunto N\u00ba 067\/19 MPF Proyecto de Ley derogando el art\u00edculo 6\u00ba de la Ley provincial N\u00ba 1210<\/a>. El asunto, que ingres\u00f3 en marzo pasado, es de autor\u00eda de la legisladora Cristina Boyadjian (MPF).<\/strong><\/p>\n<p>&nbsp;<\/p>\n<p>Entre los fundamentos, la Parlamentaria sostiene que mediante la Ley, \u201cse cambi\u00f3 el r\u00e9gimen de movilidad por uno que produce en la actualidad un desfasaje de meses, al circunscribir los aumentos en dos momentos en el a\u00f1o -enero y julio-, lo cual carece de sustento legal alguno y produce un desfasaje de meses en la percepci\u00f3n del actual aumento decretado por la Gobernadora\u201d.<\/p>\n<p>&nbsp;<\/p>\n<p>Cabe se\u00f1alar que la propuesta del MPF, parte de una iniciativa popular ingresada el primero de marzo pasado por jubilados de la Provincia de Tierra del Fuego. \u201cLa reducci\u00f3n que impone la Ley 1210 tambi\u00e9n nos disocia como sujetos merecedores de corresponder a una historia en nuestra vida como activos, y, desnaturaliza el haber jubilatorio\u201d, sostienen en la misiva presentada ante el Parlamento.<\/p>\n<p>&nbsp;<\/p>\n<p>El texto que proponen modificar, norma lo siguiente: \u201c<em>\u2019ART\u00cdCULO 6\u00ba.- Sustit\u00fayese el art\u00edculo 46 de la Ley provincial 561, por el siguiente texto:<\/em><\/p>\n<p>&nbsp;<\/p>\n<p><em>\u2018Art\u00edculo 46.- El haber de los beneficiarios ser\u00e1 m\u00f3vil. La movilidad se efectuar\u00e1 en forma semestral, en los meses de enero y julio, en base a la variaci\u00f3n salarial promedio de los escalafones utilizados para la determinaci\u00f3n del haber inicial, producida en el semestre inmediato anterior al mes de aplicaci\u00f3n de la movilidad.<\/em><\/p>\n<p>&nbsp;<\/p>\n<p><em>La reglamentaci\u00f3n establecer\u00e1 las pautas para el c\u00e1lculo del coeficiente de actualizaci\u00f3n semestral. Previo a cada actualizaci\u00f3n se dar\u00e1 intervenci\u00f3n al Tribunal de Cuentas de la Provincia a los fines de que preste conformidad.\u2019<\/em>\u201d.<\/p>\n<p>&nbsp;<\/p>\n<p><a href=\"http:\/\/www.saij.gob.ar\/1210-local-tierra-fuego-regimen-jubilaciones-pensiones-para-personal-tres-poderes-estado-provincial-modificacion-lpv0001706-2017-12-15\/123456789-0abc-defg-607-1000vvorpyel?q=%28numero-norma%3A1210%20%29&amp;o=0&amp;f=Total%7CTipo%20de%20Documento\/Legislaci%F3n\/Ley%7CFecha%7COrganismo%7CPublicaci%F3n%7CTema%7CEstado%20de%20Vigencia%7CAutor%7CJurisdicci%F3n\/Local\/Tierra%20del%20Fuego&amp;t=1\" target=\"_blank\" rel=\"noopener\">Texto completo de la Ley Provincial N\u00ba 1210<\/a><\/p>\n<p>&nbsp;<\/p>\n<p style=\"text-align: right;\"><em>AT. Imagen de archivo<\/em><\/p>\n","protected":false},"excerpt":{"rendered":"<p>&nbsp; Ushuaia, jueves 22 de agosto de 2019.- La Comisi\u00f3n de Presupuesto (2), que preside el legislador Pablo Blanco (UCR \u2013 Cambiemos), se reunir\u00e1 el martes 27 a las 10, con el prop\u00f3sito de analizar el asunto N\u00ba 067\/19 MPF Proyecto de Ley derogando el art\u00edculo 6\u00ba de la Ley provincial N\u00ba 1210. El asunto, [&hellip;]<\/p>\n","protected":false},"author":352,"featured_media":10799,"comment_status":"closed","ping_status":"open","sticky":false,"template":"","format":"standard","meta":{"jetpack_post_was_ever_published":false,"_jetpack_newsletter_access":"","_jetpack_dont_email_post_to_subs":false,"_jetpack_newsletter_tier_id":0,"footnotes":"","jetpack_publicize_message":"","jetpack_publicize_feature_enabled":true,"jetpack_social_post_already_shared":true,"jetpack_social_options":{"image_generator_settings":{"template":"highway","enabled":false}}},"categories":[1],"tags":[600,277,108,78,83,86,87],"jetpack_publicize_connections":[],"jetpack_sharing_enabled":true,"jetpack_featured_media_url":"https:\/\/www.legistdf.gob.ar\/wp-content\/uploads\/2018\/11\/IMG_7874.jpg","jetpack-related-posts":[],"_links":{"self":[{"href":"https:\/\/www.legistdf.gob.ar\/index.php\/wp-json\/wp\/v2\/posts\/15697"}],"collection":[{"href":"https:\/\/www.legistdf.gob.ar\/index.php\/wp-json\/wp\/v2\/posts"}],"about":[{"href":"https:\/\/www.legistdf.gob.ar\/index.php\/wp-json\/wp\/v2\/types\/post"}],"author":[{"embeddable":true,"href":"https:\/\/www.legistdf.gob.ar\/index.php\/wp-json\/wp\/v2\/users\/352"}],"replies":[{"embeddable":true,"href":"https:\/\/www.legistdf.gob.ar\/index.php\/wp-json\/wp\/v2\/comments?post=15697"}],"version-history":[{"count":5,"href":"https:\/\/www.legistdf.gob.ar\/index.php\/wp-json\/wp\/v2\/posts\/15697\/revisions"}],"predecessor-version":[{"id":15920,"href":"https:\/\/www.legistdf.gob.ar\/index.php\/wp-json\/wp\/v2\/posts\/15697\/revisions\/15920"}],"wp:featuredmedia":[{"embeddable":true,"href":"https:\/\/www.legistdf.gob.ar\/index.php\/wp-json\/wp\/v2\/media\/10799"}],"wp:attachment":[{"href":"https:\/\/www.legistdf.gob.ar\/index.php\/wp-json\/wp\/v2\/media?parent=15697"}],"wp:term":[{"taxonomy":"category","embeddable":true,"href":"https:\/\/www.legistdf.gob.ar\/index.php\/wp-json\/wp\/v2\/categories?post=15697"},{"taxonomy":"post_tag","embeddable":true,"href":"https:\/\/www.legistdf.gob.ar\/index.php\/wp-json\/wp\/v2\/tags?post=15697"}],"curies":[{"name":"wp","href":"https:\/\/api.w.org\/{rel}","templated":true}]}}