{"id":15704,"date":"2019-08-25T13:06:40","date_gmt":"2019-08-25T16:06:40","guid":{"rendered":"http:\/\/www.legistdf.gob.ar\/?p=15704"},"modified":"2019-08-23T14:09:07","modified_gmt":"2019-08-23T17:09:07","slug":"legislatura-el-jueves-sesionaran-los-legisladores","status":"publish","type":"post","link":"https:\/\/www.legistdf.gob.ar\/index.php\/2019\/08\/25\/legislatura-el-jueves-sesionaran-los-legisladores\/","title":{"rendered":"LEGISLATURA: El jueves sesionar\u00e1n los Legisladores"},"content":{"rendered":"<p><strong>\u00a0<\/strong><strong>Ushuaia, domingo 25 de agosto de 2019.- Con la firma de la vicepresidenta 1\u00aa de la C\u00e1mara, legisladora Myriam Mart\u00ednez, la composici\u00f3n legislativa se reunir\u00e1 en el jueves 29 desde las 10 de la ma\u00f1ana. La resoluci\u00f3n de presidencia N\u00ba 1380 adem\u00e1s informa que el cierre de asuntos se producir\u00e1 ma\u00f1ana lunes 26 a las 12 y los Legisladores se reunir\u00e1n en la Comisi\u00f3n de Labor Parlamentaria el martes 27 a las 12 en el sal\u00f3n de reuniones de la Presidencia.<\/strong><\/p>\n<p>&nbsp;<\/p>\n<p style=\"text-align: right\"><em>AT<\/em><\/p>\n","protected":false},"excerpt":{"rendered":"<p>\u00a0Ushuaia, domingo 25 de agosto de 2019.- Con la firma de la vicepresidenta 1\u00aa de la C\u00e1mara, legisladora Myriam Mart\u00ednez, la composici\u00f3n legislativa se reunir\u00e1 en el jueves 29 desde las 10 de la ma\u00f1ana. La resoluci\u00f3n de presidencia N\u00ba 1380 adem\u00e1s informa que el cierre de asuntos se producir\u00e1 ma\u00f1ana lunes 26 a las [&hellip;]<\/p>\n","protected":false},"author":352,"featured_media":14688,"comment_status":"closed","ping_status":"open","sticky":false,"template":"","format":"standard","meta":{"jetpack_post_was_ever_published":false,"_jetpack_newsletter_access":"","_jetpack_dont_email_post_to_subs":false,"_jetpack_newsletter_tier_id":0,"footnotes":"","jetpack_publicize_message":"","jetpack_publicize_feature_enabled":true,"jetpack_social_post_already_shared":true,"jetpack_social_options":{"image_generator_settings":{"template":"highway","enabled":false}}},"categories":[1],"tags":[78,82,117,79,87],"jetpack_publicize_connections":[],"jetpack_sharing_enabled":true,"jetpack_featured_media_url":"https:\/\/www.legistdf.gob.ar\/wp-content\/uploads\/2019\/05\/IMG_8076.jpg","jetpack-related-posts":[],"_links":{"self":[{"href":"https:\/\/www.legistdf.gob.ar\/index.php\/wp-json\/wp\/v2\/posts\/15704"}],"collection":[{"href":"https:\/\/www.legistdf.gob.ar\/index.php\/wp-json\/wp\/v2\/posts"}],"about":[{"href":"https:\/\/www.legistdf.gob.ar\/index.php\/wp-json\/wp\/v2\/types\/post"}],"author":[{"embeddable":true,"href":"https:\/\/www.legistdf.gob.ar\/index.php\/wp-json\/wp\/v2\/users\/352"}],"replies":[{"embeddable":true,"href":"https:\/\/www.legistdf.gob.ar\/index.php\/wp-json\/wp\/v2\/comments?post=15704"}],"version-history":[{"count":1,"href":"https:\/\/www.legistdf.gob.ar\/index.php\/wp-json\/wp\/v2\/posts\/15704\/revisions"}],"predecessor-version":[{"id":15705,"href":"https:\/\/www.legistdf.gob.ar\/index.php\/wp-json\/wp\/v2\/posts\/15704\/revisions\/15705"}],"wp:featuredmedia":[{"embeddable":true,"href":"https:\/\/www.legistdf.gob.ar\/index.php\/wp-json\/wp\/v2\/media\/14688"}],"wp:attachment":[{"href":"https:\/\/www.legistdf.gob.ar\/index.php\/wp-json\/wp\/v2\/media?parent=15704"}],"wp:term":[{"taxonomy":"category","embeddable":true,"href":"https:\/\/www.legistdf.gob.ar\/index.php\/wp-json\/wp\/v2\/categories?post=15704"},{"taxonomy":"post_tag","embeddable":true,"href":"https:\/\/www.legistdf.gob.ar\/index.php\/wp-json\/wp\/v2\/tags?post=15704"}],"curies":[{"name":"wp","href":"https:\/\/api.w.org\/{rel}","templated":true}]}}