{"id":15706,"date":"2019-08-25T15:03:07","date_gmt":"2019-08-25T18:03:07","guid":{"rendered":"http:\/\/www.legistdf.gob.ar\/?p=15706"},"modified":"2019-08-24T14:11:12","modified_gmt":"2019-08-24T17:11:12","slug":"salud-patricia-caporalin-diserto-sobre-depresion","status":"publish","type":"post","link":"https:\/\/www.legistdf.gob.ar\/index.php\/2019\/08\/25\/salud-patricia-caporalin-diserto-sobre-depresion\/","title":{"rendered":"SALUD: Patricia Caporalin disert\u00f3 sobre depresi\u00f3n"},"content":{"rendered":"<p><strong>Ushuaia, domingo 25 de agosto de 2019.- \u201cAs\u00ed como le damos importancia a una gripe, porqu\u00e9 no darle entidad a un padecimiento emocional como la depresi\u00f3n\u201d dijo la licenciada Patricia Caporalin, al t\u00e9rmino del encuentro que protagoniz\u00f3 ayer en Ushuaia. La convocatoria, parti\u00f3 desde la Comisi\u00f3n de Salud y cont\u00f3 con numeroso p\u00fablico que consult\u00f3 sobre la depresi\u00f3n en adolescentes, adultos mayores y los duelos. El evento cont\u00f3 con la participaci\u00f3n de la legisladora Liliana Mart\u00ednez Allende, que se\u00f1al\u00f3 que la iniciativa parti\u00f3 a ra\u00edz de varios pedidos de vecinos de la Provincia. Esperan replicar el encuentro en las restantes ciudades fueguinas.<\/strong><\/p>\n<p>&nbsp;<\/p>\n<p>En di\u00e1logo con Prensa Legislativa, la profesional calific\u00f3 al p\u00fablico como \u201cabierto e interesado\u201d sobre la problem\u00e1tica de la depresi\u00f3n en sus diferentes vertientes. \u201cSurgi\u00f3 la problem\u00e1tica con los hijos. Padres muy preocupados por los chicos y las expectativas sobre ellos\u201d y entendi\u00f3 que en \u201cnuestra cultura\u201d la preocupaci\u00f3n de los padres es \u201chacer bien su tarea\u201d.<\/p>\n<p>&nbsp;<\/p>\n<p>Tambi\u00e9n se\u00f1al\u00f3 las consultas sobre c\u00f3mo mejorar la calidad \u201cemocional en sus lugares de trabajo. Muchos planteos en relaci\u00f3n a por qu\u00e9 se desvaloriza a una persona que, tal vez, no est\u00e1 rindiendo\u201d de la manera adecuada en \u00e1mbitos laborales. En este punto, Caporalin adjudic\u00f3 esto a \u201cla cuesti\u00f3n de prejuicio, de rechazo a estas personas\u201d y sus padecimientos.<\/p>\n<p>&nbsp;<\/p>\n<p>Adelant\u00f3 que sobre los \u00faltimos d\u00edas de septiembre se replicar\u00e1 un encuentro similar en R\u00edo Grande y buscan alternativas para dictar la misma charla en Tolhuin.<\/p>\n<p>&nbsp;<\/p>\n<p>En tanto, la titular de la Comisi\u00f3n N\u00ba 5 del Parlamento, legisladora Liliana Mart\u00ednez Allende (UCR \u2013 Cambiemos) inform\u00f3 que esta charla surgi\u00f3 a ra\u00edz de consultas a vecinos de la ciudad, quienes indicaron la depresi\u00f3n como uno para abordar con profesionales de la talla de la licenciada Caporalin.<\/p>\n<p>&nbsp;<\/p>\n<p>\u201cLa idea es que los mismos participantes nos cuenten cu\u00e1les son tema que les interesan para continuar con este ciclo de charlas\u201d, se\u00f1al\u00f3 a Prensa Legislativa. Tambi\u00e9n, coincidi\u00f3 con la profesional en que muchos vecinos han pedido repetir esta charla en las ciudades del norte fueguino. \u201cSeguramente en septiembre nos trasladaremos a Tolhuin y R\u00edo Grande\u201d. Asimismo, adelant\u00f3 que podr\u00e1 ser de otros t\u00f3picos que surgir\u00e1n de las inquietudes de los concurrentes.<\/p>\n<p>&nbsp;<\/p>\n<p>Desde la organizaci\u00f3n, informaron que el cuerpo de taqu\u00edgrafas legislativas, realizar\u00e1 la versi\u00f3n para publicar esta charla y compartirla con la comunidad. Para conocer m\u00e1s detalles sobre las charlas, la Legisladora invit\u00f3 a escribir a <a href=\"mailto:lmartinezallende@gmail.com\">lmartinezallende@gmail.com<\/a> o comunicarse al tel\u00e9fono (02901) 435-021 o bien mediante redes sociales.<\/p>\n\n\t\t<style type=\"text\/css\">\n\t\t\t#gallery-1 {\n\t\t\t\tmargin: auto;\n\t\t\t}\n\t\t\t#gallery-1 .gallery-item {\n\t\t\t\tfloat: left;\n\t\t\t\tmargin-top: 10px;\n\t\t\t\ttext-align: center;\n\t\t\t\twidth: 33%;\n\t\t\t}\n\t\t\t#gallery-1 img {\n\t\t\t\tborder: 2px solid #cfcfcf;\n\t\t\t}\n\t\t\t#gallery-1 .gallery-caption {\n\t\t\t\tmargin-left: 0;\n\t\t\t}\n\t\t\t\/* see gallery_shortcode() in wp-includes\/media.php *\/\n\t\t<\/style>\n\t\t<div data-carousel-extra='{\"blog_id\":1,\"permalink\":\"https:\\\/\\\/www.legistdf.gob.ar\\\/index.php\\\/2019\\\/08\\\/25\\\/salud-patricia-caporalin-diserto-sobre-depresion\\\/\"}' id='gallery-1' class='gallery galleryid-15706 gallery-columns-3 gallery-size-thumbnail'><dl class='gallery-item'>\n\t\t\t<dt class='gallery-icon landscape'>\n\t\t\t\t<a href='https:\/\/www.legistdf.gob.ar\/index.php\/2019\/08\/25\/salud-patricia-caporalin-diserto-sobre-depresion\/img_0107-3\/'><img loading=\"lazy\" decoding=\"async\" width=\"150\" height=\"150\" src=\"https:\/\/www.legistdf.gob.ar\/wp-content\/uploads\/2019\/08\/IMG_0107-150x150.jpg\" class=\"attachment-thumbnail size-thumbnail\" alt=\"\" srcset=\"https:\/\/www.legistdf.gob.ar\/wp-content\/uploads\/2019\/08\/IMG_0107-150x150.jpg 150w, https:\/\/www.legistdf.gob.ar\/wp-content\/uploads\/2019\/08\/IMG_0107-64x64.jpg 64w\" sizes=\"(max-width: 150px) 100vw, 150px\" data-attachment-id=\"15708\" data-permalink=\"https:\/\/www.legistdf.gob.ar\/index.php\/2019\/08\/25\/salud-patricia-caporalin-diserto-sobre-depresion\/img_0107-3\/\" data-orig-file=\"https:\/\/www.legistdf.gob.ar\/wp-content\/uploads\/2019\/08\/IMG_0107.jpg\" data-orig-size=\"1000,667\" data-comments-opened=\"0\" data-image-meta=\"{&quot;aperture&quot;:&quot;2.8&quot;,&quot;credit&quot;:&quot;&quot;,&quot;camera&quot;:&quot;Canon EOS 6D&quot;,&quot;caption&quot;:&quot;&quot;,&quot;created_timestamp&quot;:&quot;1566625627&quot;,&quot;copyright&quot;:&quot;&quot;,&quot;focal_length&quot;:&quot;24&quot;,&quot;iso&quot;:&quot;400&quot;,&quot;shutter_speed&quot;:&quot;0.0055555555555556&quot;,&quot;title&quot;:&quot;&quot;,&quot;orientation&quot;:&quot;0&quot;}\" data-image-title=\"IMG_0107\" data-image-description=\"\" data-image-caption=\"\" data-medium-file=\"https:\/\/www.legistdf.gob.ar\/wp-content\/uploads\/2019\/08\/IMG_0107-300x200.jpg\" data-large-file=\"https:\/\/www.legistdf.gob.ar\/wp-content\/uploads\/2019\/08\/IMG_0107.jpg\" \/><\/a>\n\t\t\t<\/dt><\/dl><dl class='gallery-item'>\n\t\t\t<dt class='gallery-icon landscape'>\n\t\t\t\t<a href='https:\/\/www.legistdf.gob.ar\/index.php\/2019\/08\/25\/salud-patricia-caporalin-diserto-sobre-depresion\/img_0109-4\/'><img loading=\"lazy\" decoding=\"async\" width=\"150\" height=\"150\" src=\"https:\/\/www.legistdf.gob.ar\/wp-content\/uploads\/2019\/08\/IMG_0109-150x150.jpg\" class=\"attachment-thumbnail size-thumbnail\" alt=\"\" srcset=\"https:\/\/www.legistdf.gob.ar\/wp-content\/uploads\/2019\/08\/IMG_0109-150x150.jpg 150w, https:\/\/www.legistdf.gob.ar\/wp-content\/uploads\/2019\/08\/IMG_0109-64x64.jpg 64w\" sizes=\"(max-width: 150px) 100vw, 150px\" data-attachment-id=\"15709\" data-permalink=\"https:\/\/www.legistdf.gob.ar\/index.php\/2019\/08\/25\/salud-patricia-caporalin-diserto-sobre-depresion\/img_0109-4\/\" data-orig-file=\"https:\/\/www.legistdf.gob.ar\/wp-content\/uploads\/2019\/08\/IMG_0109.jpg\" data-orig-size=\"1000,667\" data-comments-opened=\"0\" data-image-meta=\"{&quot;aperture&quot;:&quot;2.8&quot;,&quot;credit&quot;:&quot;&quot;,&quot;camera&quot;:&quot;Canon EOS 6D&quot;,&quot;caption&quot;:&quot;&quot;,&quot;created_timestamp&quot;:&quot;1566625644&quot;,&quot;copyright&quot;:&quot;&quot;,&quot;focal_length&quot;:&quot;70&quot;,&quot;iso&quot;:&quot;400&quot;,&quot;shutter_speed&quot;:&quot;0.005&quot;,&quot;title&quot;:&quot;&quot;,&quot;orientation&quot;:&quot;0&quot;}\" data-image-title=\"IMG_0109\" data-image-description=\"\" data-image-caption=\"\" data-medium-file=\"https:\/\/www.legistdf.gob.ar\/wp-content\/uploads\/2019\/08\/IMG_0109-300x200.jpg\" data-large-file=\"https:\/\/www.legistdf.gob.ar\/wp-content\/uploads\/2019\/08\/IMG_0109.jpg\" \/><\/a>\n\t\t\t<\/dt><\/dl><dl class='gallery-item'>\n\t\t\t<dt class='gallery-icon landscape'>\n\t\t\t\t<a href='https:\/\/www.legistdf.gob.ar\/index.php\/2019\/08\/25\/salud-patricia-caporalin-diserto-sobre-depresion\/img_0111-5\/'><img loading=\"lazy\" decoding=\"async\" width=\"150\" height=\"150\" src=\"https:\/\/www.legistdf.gob.ar\/wp-content\/uploads\/2019\/08\/IMG_0111-150x150.jpg\" class=\"attachment-thumbnail size-thumbnail\" alt=\"\" srcset=\"https:\/\/www.legistdf.gob.ar\/wp-content\/uploads\/2019\/08\/IMG_0111-150x150.jpg 150w, https:\/\/www.legistdf.gob.ar\/wp-content\/uploads\/2019\/08\/IMG_0111-64x64.jpg 64w\" sizes=\"(max-width: 150px) 100vw, 150px\" data-attachment-id=\"15710\" data-permalink=\"https:\/\/www.legistdf.gob.ar\/index.php\/2019\/08\/25\/salud-patricia-caporalin-diserto-sobre-depresion\/img_0111-5\/\" data-orig-file=\"https:\/\/www.legistdf.gob.ar\/wp-content\/uploads\/2019\/08\/IMG_0111.jpg\" data-orig-size=\"1000,667\" data-comments-opened=\"0\" data-image-meta=\"{&quot;aperture&quot;:&quot;2.8&quot;,&quot;credit&quot;:&quot;&quot;,&quot;camera&quot;:&quot;Canon EOS 6D&quot;,&quot;caption&quot;:&quot;&quot;,&quot;created_timestamp&quot;:&quot;1566625661&quot;,&quot;copyright&quot;:&quot;&quot;,&quot;focal_length&quot;:&quot;70&quot;,&quot;iso&quot;:&quot;400&quot;,&quot;shutter_speed&quot;:&quot;0.0055555555555556&quot;,&quot;title&quot;:&quot;&quot;,&quot;orientation&quot;:&quot;0&quot;}\" data-image-title=\"IMG_0111\" data-image-description=\"\" data-image-caption=\"\" data-medium-file=\"https:\/\/www.legistdf.gob.ar\/wp-content\/uploads\/2019\/08\/IMG_0111-300x200.jpg\" data-large-file=\"https:\/\/www.legistdf.gob.ar\/wp-content\/uploads\/2019\/08\/IMG_0111.jpg\" \/><\/a>\n\t\t\t<\/dt><\/dl><br style=\"clear: both\" \/><dl class='gallery-item'>\n\t\t\t<dt class='gallery-icon landscape'>\n\t\t\t\t<a href='https:\/\/www.legistdf.gob.ar\/index.php\/2019\/08\/25\/salud-patricia-caporalin-diserto-sobre-depresion\/img_0112-3\/'><img loading=\"lazy\" decoding=\"async\" width=\"150\" height=\"150\" src=\"https:\/\/www.legistdf.gob.ar\/wp-content\/uploads\/2019\/08\/IMG_0112-150x150.jpg\" class=\"attachment-thumbnail size-thumbnail\" alt=\"\" srcset=\"https:\/\/www.legistdf.gob.ar\/wp-content\/uploads\/2019\/08\/IMG_0112-150x150.jpg 150w, https:\/\/www.legistdf.gob.ar\/wp-content\/uploads\/2019\/08\/IMG_0112-64x64.jpg 64w\" sizes=\"(max-width: 150px) 100vw, 150px\" data-attachment-id=\"15711\" data-permalink=\"https:\/\/www.legistdf.gob.ar\/index.php\/2019\/08\/25\/salud-patricia-caporalin-diserto-sobre-depresion\/img_0112-3\/\" data-orig-file=\"https:\/\/www.legistdf.gob.ar\/wp-content\/uploads\/2019\/08\/IMG_0112.jpg\" data-orig-size=\"1000,667\" data-comments-opened=\"0\" data-image-meta=\"{&quot;aperture&quot;:&quot;2.8&quot;,&quot;credit&quot;:&quot;&quot;,&quot;camera&quot;:&quot;Canon EOS 6D&quot;,&quot;caption&quot;:&quot;&quot;,&quot;created_timestamp&quot;:&quot;1566625689&quot;,&quot;copyright&quot;:&quot;&quot;,&quot;focal_length&quot;:&quot;55&quot;,&quot;iso&quot;:&quot;400&quot;,&quot;shutter_speed&quot;:&quot;0.0055555555555556&quot;,&quot;title&quot;:&quot;&quot;,&quot;orientation&quot;:&quot;0&quot;}\" data-image-title=\"IMG_0112\" data-image-description=\"\" data-image-caption=\"\" data-medium-file=\"https:\/\/www.legistdf.gob.ar\/wp-content\/uploads\/2019\/08\/IMG_0112-300x200.jpg\" data-large-file=\"https:\/\/www.legistdf.gob.ar\/wp-content\/uploads\/2019\/08\/IMG_0112.jpg\" \/><\/a>\n\t\t\t<\/dt><\/dl><dl class='gallery-item'>\n\t\t\t<dt class='gallery-icon landscape'>\n\t\t\t\t<a href='https:\/\/www.legistdf.gob.ar\/index.php\/2019\/08\/25\/salud-patricia-caporalin-diserto-sobre-depresion\/img_0118-5\/'><img loading=\"lazy\" decoding=\"async\" width=\"150\" height=\"150\" src=\"https:\/\/www.legistdf.gob.ar\/wp-content\/uploads\/2019\/08\/IMG_0118-150x150.jpg\" class=\"attachment-thumbnail size-thumbnail\" alt=\"\" srcset=\"https:\/\/www.legistdf.gob.ar\/wp-content\/uploads\/2019\/08\/IMG_0118-150x150.jpg 150w, https:\/\/www.legistdf.gob.ar\/wp-content\/uploads\/2019\/08\/IMG_0118-64x64.jpg 64w\" sizes=\"(max-width: 150px) 100vw, 150px\" data-attachment-id=\"15712\" data-permalink=\"https:\/\/www.legistdf.gob.ar\/index.php\/2019\/08\/25\/salud-patricia-caporalin-diserto-sobre-depresion\/img_0118-5\/\" data-orig-file=\"https:\/\/www.legistdf.gob.ar\/wp-content\/uploads\/2019\/08\/IMG_0118.jpg\" data-orig-size=\"1000,667\" data-comments-opened=\"0\" data-image-meta=\"{&quot;aperture&quot;:&quot;2.8&quot;,&quot;credit&quot;:&quot;&quot;,&quot;camera&quot;:&quot;Canon EOS 6D&quot;,&quot;caption&quot;:&quot;&quot;,&quot;created_timestamp&quot;:&quot;1566625746&quot;,&quot;copyright&quot;:&quot;&quot;,&quot;focal_length&quot;:&quot;70&quot;,&quot;iso&quot;:&quot;400&quot;,&quot;shutter_speed&quot;:&quot;0.0055555555555556&quot;,&quot;title&quot;:&quot;&quot;,&quot;orientation&quot;:&quot;0&quot;}\" data-image-title=\"IMG_0118\" data-image-description=\"\" data-image-caption=\"\" data-medium-file=\"https:\/\/www.legistdf.gob.ar\/wp-content\/uploads\/2019\/08\/IMG_0118-300x200.jpg\" data-large-file=\"https:\/\/www.legistdf.gob.ar\/wp-content\/uploads\/2019\/08\/IMG_0118.jpg\" \/><\/a>\n\t\t\t<\/dt><\/dl><dl class='gallery-item'>\n\t\t\t<dt class='gallery-icon landscape'>\n\t\t\t\t<a href='https:\/\/www.legistdf.gob.ar\/index.php\/2019\/08\/25\/salud-patricia-caporalin-diserto-sobre-depresion\/img_0119-3\/'><img loading=\"lazy\" decoding=\"async\" width=\"150\" height=\"150\" src=\"https:\/\/www.legistdf.gob.ar\/wp-content\/uploads\/2019\/08\/IMG_0119-150x150.jpg\" class=\"attachment-thumbnail size-thumbnail\" alt=\"\" srcset=\"https:\/\/www.legistdf.gob.ar\/wp-content\/uploads\/2019\/08\/IMG_0119-150x150.jpg 150w, https:\/\/www.legistdf.gob.ar\/wp-content\/uploads\/2019\/08\/IMG_0119-64x64.jpg 64w\" sizes=\"(max-width: 150px) 100vw, 150px\" data-attachment-id=\"15713\" data-permalink=\"https:\/\/www.legistdf.gob.ar\/index.php\/2019\/08\/25\/salud-patricia-caporalin-diserto-sobre-depresion\/img_0119-3\/\" data-orig-file=\"https:\/\/www.legistdf.gob.ar\/wp-content\/uploads\/2019\/08\/IMG_0119.jpg\" data-orig-size=\"1000,667\" data-comments-opened=\"0\" data-image-meta=\"{&quot;aperture&quot;:&quot;2.8&quot;,&quot;credit&quot;:&quot;&quot;,&quot;camera&quot;:&quot;Canon EOS 6D&quot;,&quot;caption&quot;:&quot;&quot;,&quot;created_timestamp&quot;:&quot;1566629725&quot;,&quot;copyright&quot;:&quot;&quot;,&quot;focal_length&quot;:&quot;70&quot;,&quot;iso&quot;:&quot;400&quot;,&quot;shutter_speed&quot;:&quot;0.0055555555555556&quot;,&quot;title&quot;:&quot;&quot;,&quot;orientation&quot;:&quot;0&quot;}\" data-image-title=\"IMG_0119\" data-image-description=\"\" data-image-caption=\"\" data-medium-file=\"https:\/\/www.legistdf.gob.ar\/wp-content\/uploads\/2019\/08\/IMG_0119-300x200.jpg\" data-large-file=\"https:\/\/www.legistdf.gob.ar\/wp-content\/uploads\/2019\/08\/IMG_0119.jpg\" \/><\/a>\n\t\t\t<\/dt><\/dl><br style=\"clear: both\" \/><dl class='gallery-item'>\n\t\t\t<dt class='gallery-icon landscape'>\n\t\t\t\t<a href='https:\/\/www.legistdf.gob.ar\/index.php\/2019\/08\/25\/salud-patricia-caporalin-diserto-sobre-depresion\/img_0123-6\/'><img loading=\"lazy\" decoding=\"async\" width=\"150\" height=\"150\" src=\"https:\/\/www.legistdf.gob.ar\/wp-content\/uploads\/2019\/08\/IMG_0123-150x150.jpg\" class=\"attachment-thumbnail size-thumbnail\" alt=\"\" srcset=\"https:\/\/www.legistdf.gob.ar\/wp-content\/uploads\/2019\/08\/IMG_0123-150x150.jpg 150w, https:\/\/www.legistdf.gob.ar\/wp-content\/uploads\/2019\/08\/IMG_0123-64x64.jpg 64w\" sizes=\"(max-width: 150px) 100vw, 150px\" data-attachment-id=\"15714\" data-permalink=\"https:\/\/www.legistdf.gob.ar\/index.php\/2019\/08\/25\/salud-patricia-caporalin-diserto-sobre-depresion\/img_0123-6\/\" data-orig-file=\"https:\/\/www.legistdf.gob.ar\/wp-content\/uploads\/2019\/08\/IMG_0123.jpg\" data-orig-size=\"1000,667\" data-comments-opened=\"0\" data-image-meta=\"{&quot;aperture&quot;:&quot;4.5&quot;,&quot;credit&quot;:&quot;&quot;,&quot;camera&quot;:&quot;Canon EOS 6D&quot;,&quot;caption&quot;:&quot;&quot;,&quot;created_timestamp&quot;:&quot;1566629757&quot;,&quot;copyright&quot;:&quot;&quot;,&quot;focal_length&quot;:&quot;24&quot;,&quot;iso&quot;:&quot;400&quot;,&quot;shutter_speed&quot;:&quot;0.0055555555555556&quot;,&quot;title&quot;:&quot;&quot;,&quot;orientation&quot;:&quot;0&quot;}\" data-image-title=\"IMG_0123\" data-image-description=\"\" data-image-caption=\"\" data-medium-file=\"https:\/\/www.legistdf.gob.ar\/wp-content\/uploads\/2019\/08\/IMG_0123-300x200.jpg\" data-large-file=\"https:\/\/www.legistdf.gob.ar\/wp-content\/uploads\/2019\/08\/IMG_0123.jpg\" \/><\/a>\n\t\t\t<\/dt><\/dl><dl class='gallery-item'>\n\t\t\t<dt class='gallery-icon landscape'>\n\t\t\t\t<a href='https:\/\/www.legistdf.gob.ar\/index.php\/2019\/08\/25\/salud-patricia-caporalin-diserto-sobre-depresion\/img_0125-3\/'><img loading=\"lazy\" decoding=\"async\" width=\"150\" height=\"150\" src=\"https:\/\/www.legistdf.gob.ar\/wp-content\/uploads\/2019\/08\/IMG_0125-150x150.jpg\" class=\"attachment-thumbnail size-thumbnail\" alt=\"\" srcset=\"https:\/\/www.legistdf.gob.ar\/wp-content\/uploads\/2019\/08\/IMG_0125-150x150.jpg 150w, https:\/\/www.legistdf.gob.ar\/wp-content\/uploads\/2019\/08\/IMG_0125-64x64.jpg 64w\" sizes=\"(max-width: 150px) 100vw, 150px\" data-attachment-id=\"15715\" data-permalink=\"https:\/\/www.legistdf.gob.ar\/index.php\/2019\/08\/25\/salud-patricia-caporalin-diserto-sobre-depresion\/img_0125-3\/\" data-orig-file=\"https:\/\/www.legistdf.gob.ar\/wp-content\/uploads\/2019\/08\/IMG_0125.jpg\" data-orig-size=\"1000,667\" data-comments-opened=\"0\" data-image-meta=\"{&quot;aperture&quot;:&quot;3.2&quot;,&quot;credit&quot;:&quot;&quot;,&quot;camera&quot;:&quot;Canon EOS 6D&quot;,&quot;caption&quot;:&quot;&quot;,&quot;created_timestamp&quot;:&quot;1566629791&quot;,&quot;copyright&quot;:&quot;&quot;,&quot;focal_length&quot;:&quot;70&quot;,&quot;iso&quot;:&quot;400&quot;,&quot;shutter_speed&quot;:&quot;0.0055555555555556&quot;,&quot;title&quot;:&quot;&quot;,&quot;orientation&quot;:&quot;0&quot;}\" data-image-title=\"IMG_0125\" data-image-description=\"\" data-image-caption=\"\" data-medium-file=\"https:\/\/www.legistdf.gob.ar\/wp-content\/uploads\/2019\/08\/IMG_0125-300x200.jpg\" data-large-file=\"https:\/\/www.legistdf.gob.ar\/wp-content\/uploads\/2019\/08\/IMG_0125.jpg\" \/><\/a>\n\t\t\t<\/dt><\/dl>\n\t\t\t<br style='clear: both' \/>\n\t\t<\/div>\n\n<div class=\"fb-video\" data-href=\"https:\/\/www.facebook.com\/PrensaLegislaturatdf\/videos\/355889975314948\/\" data-width=\"500\" data-show-text=\"true\">\n<blockquote class=\"fb-xfbml-parse-ignore\" cite=\"https:\/\/developers.facebook.com\/PrensaLegislaturatdf\/videos\/355889975314948\/\"><p>&nbsp;<\/p>\n<p>Ahora en #Ushuaia, charla sobre Depresi\u00f3n con la psic\u00f3loga social Patricia Caporalin. Actividad organizada por el bloque legislativo de la UCR-Cambiemos y la Comisi\u00f3n de Salud del Parlamento fueguino.<\/p>\n<p>Publicado por <a href=\"https:\/\/www.facebook.com\/PrensaLegislaturatdf\/\">Prensa Legislatura TDF<\/a> en S\u00e1bado, 24 de agosto de 2019<\/p><\/blockquote>\n<\/div>\n","protected":false},"excerpt":{"rendered":"<p>Ushuaia, domingo 25 de agosto de 2019.- \u201cAs\u00ed como le damos importancia a una gripe, porqu\u00e9 no darle entidad a un padecimiento emocional como la depresi\u00f3n\u201d dijo la licenciada Patricia Caporalin, al t\u00e9rmino del encuentro que protagoniz\u00f3 ayer en Ushuaia. La convocatoria, parti\u00f3 desde la Comisi\u00f3n de Salud y cont\u00f3 con numeroso p\u00fablico que consult\u00f3 [&hellip;]<\/p>\n","protected":false},"author":352,"featured_media":15708,"comment_status":"closed","ping_status":"open","sticky":false,"template":"","format":"standard","meta":{"jetpack_post_was_ever_published":false,"_jetpack_newsletter_access":"","_jetpack_dont_email_post_to_subs":false,"_jetpack_newsletter_tier_id":0,"footnotes":"","jetpack_publicize_message":"","jetpack_publicize_feature_enabled":true,"jetpack_social_post_already_shared":true,"jetpack_social_options":{"image_generator_settings":{"template":"highway","enabled":false}}},"categories":[1],"tags":[],"jetpack_publicize_connections":[],"jetpack_sharing_enabled":true,"jetpack_featured_media_url":"https:\/\/www.legistdf.gob.ar\/wp-content\/uploads\/2019\/08\/IMG_0107.jpg","jetpack-related-posts":[],"_links":{"self":[{"href":"https:\/\/www.legistdf.gob.ar\/index.php\/wp-json\/wp\/v2\/posts\/15706"}],"collection":[{"href":"https:\/\/www.legistdf.gob.ar\/index.php\/wp-json\/wp\/v2\/posts"}],"about":[{"href":"https:\/\/www.legistdf.gob.ar\/index.php\/wp-json\/wp\/v2\/types\/post"}],"author":[{"embeddable":true,"href":"https:\/\/www.legistdf.gob.ar\/index.php\/wp-json\/wp\/v2\/users\/352"}],"replies":[{"embeddable":true,"href":"https:\/\/www.legistdf.gob.ar\/index.php\/wp-json\/wp\/v2\/comments?post=15706"}],"version-history":[{"count":3,"href":"https:\/\/www.legistdf.gob.ar\/index.php\/wp-json\/wp\/v2\/posts\/15706\/revisions"}],"predecessor-version":[{"id":15717,"href":"https:\/\/www.legistdf.gob.ar\/index.php\/wp-json\/wp\/v2\/posts\/15706\/revisions\/15717"}],"wp:featuredmedia":[{"embeddable":true,"href":"https:\/\/www.legistdf.gob.ar\/index.php\/wp-json\/wp\/v2\/media\/15708"}],"wp:attachment":[{"href":"https:\/\/www.legistdf.gob.ar\/index.php\/wp-json\/wp\/v2\/media?parent=15706"}],"wp:term":[{"taxonomy":"category","embeddable":true,"href":"https:\/\/www.legistdf.gob.ar\/index.php\/wp-json\/wp\/v2\/categories?post=15706"},{"taxonomy":"post_tag","embeddable":true,"href":"https:\/\/www.legistdf.gob.ar\/index.php\/wp-json\/wp\/v2\/tags?post=15706"}],"curies":[{"name":"wp","href":"https:\/\/api.w.org\/{rel}","templated":true}]}}