{"id":1578,"date":"2017-04-13T18:25:57","date_gmt":"2017-04-13T21:25:57","guid":{"rendered":"http:\/\/www.legistdf.gob.ar\/?p=1578"},"modified":"2017-04-13T18:25:57","modified_gmt":"2017-04-13T21:25:57","slug":"legislatura-el-parlamento-participo-en-disertacion-sobre-la-relacion-gobierno-legislatura","status":"publish","type":"post","link":"https:\/\/www.legistdf.gob.ar\/index.php\/2017\/04\/13\/legislatura-el-parlamento-participo-en-disertacion-sobre-la-relacion-gobierno-legislatura\/","title":{"rendered":"LEGISLATURA: El Parlamento particip\u00f3 en disertaci\u00f3n sobre la relaci\u00f3n Gobierno-Legislatura"},"content":{"rendered":"<p>R&iacute;o Grande, jueves 13 de abril de 2017.- El doctor en ciencia pol&iacute;tica, Miguel Barrientos, disert&oacute; sobre la relaci&oacute;n establecida entre los distintos Ejecutivos provinciales y la C&aacute;mara legislativa. La charla, que se concret&oacute; en el Centro Cultural Yaganes ayer mi&eacute;rcoles, convoc&oacute; a estudiantes, periodistas y autoridades fueguinas, en un derrotero que abarc&oacute; desde la creaci&oacute;n de la Provincia hasta nuestros d&iacute;as. Participaron el Presidente de la C&aacute;mara, vicegobernador Juan Carlos Arcando y las legisladoras del bloque del MPF, M&oacute;nica Urquiza y Cristina Boyadjian. Barrientos, remarc&oacute; que la conferencia, se bas&oacute; sobre la mirada institucional de la relaci&oacute;n de ambos poderes del Estado fueguino.<\/p>\n<p>En su ponencia, el polit&oacute;logo se&ntilde;al&oacute; las distintas variables que marcan el v&iacute;nculo entre un gobernador fueguino y la composici&oacute;n legislativa. Con varias comparaciones con otros distritos argentinos, el catedr&aacute;tico marc&oacute; la particularidad que significa Tierra del Fuego, desde la mirada de una sola c&aacute;mara legislativa; el n&uacute;mero de iniciativas gubernamentales que logran sancionarse y las propuestas de los distintos Legisladores que llegaron a ser leyes de los fueguinos. La disertaci&oacute;n analiz&oacute; los 25 a&ntilde;os de vida institucional.<\/p>\n<p>El Vicegobernador Arcando, dijo al finalizar la exposici&oacute;n, que encuentros de esta naturaleza nos posibilitan mirarnos desde la &oacute;ptica de alguien de afuera, y nos plantea interrogantes &ldquo;que debemos empezar a respondernos&rdquo;. Consultado sobre la relaci&oacute;n que mantienen ambas instituciones en Tierra del Fuego, dijo que siempre ha sido de m&aacute;ximo di&aacute;logo y en la b&uacute;squeda de consensos. Desde el Ejecutivo y el Parlamento, se piensa en herramientas genuinas para producir cambios profundos en la vida de los fueguinos.<\/p>\n<p>&ldquo;Afortunadamente en nuestra Provincia, el disenso es un elemento que nos impulsa al di&aacute;logo&rdquo;, sentenci&oacute; en referencia a la producci&oacute;n legislativa que ambos institutos proponen en cada per&iacute;odo legislativo. &ldquo;En 25 a&ntilde;os de camino como Provincia, hemos superado las mil leyes&rdquo; y evalu&oacute; que eso da muestras claras de que se trabaja, se analiza, se debate y se pretende actualizarlas y modernizarlas, cerr&oacute;.<\/p>\n<p>&ldquo;La disertaci&oacute;n, busc&oacute; producir y divulgar conocimientos del &aacute;mbito de las ciencias sociales y as&iacute; generar pensamientos y soluciones originales, tanto de impacto local como provincial, que nos ayuden a repensarnos como sociedad&rdquo;, se&ntilde;alaron desde la organizaci&oacute;n, se&ntilde;alaron desde la organizaci&oacute;n.<\/p>\n<p>Al finalizar, en di&aacute;logo con Prensa Legislativa, la titular de la bancada mopofista M&oacute;nica Urquiza, sostuvo que se trat&oacute; de un encuentro &ldquo;muy interesante&rdquo; y resalt&oacute; el &ldquo;an&aacute;lisis, desde el punto de vista institucional sin personalizar&rdquo; y donde se evit&oacute; ejemplificar en la mirada pol&iacute;tico partidaria. &ldquo;La relaci&oacute;n Gobierno-Legislatura fue observada desde la producci&oacute;n legislativa&rdquo;, dijo y agreg&oacute; que se analizaron &ldquo;los porcentajes de &eacute;xito legislativo desde el Ejecutivo y los Legisladores&rdquo;, en cuanto a la cantidad de proyectos y leyes sancionadas.<\/p>\n<p>En otro punto, Urquiza dijo que el polit&oacute;logo resalt&oacute; que Tierra del Fuego &ldquo;es la provincia que m&aacute;s informaci&oacute;n brinda desde la pol&iacute;tica&rdquo;, desde ambos poderes del Estado. En este sentido, agreg&oacute; que en la vida legislativa de los fueguinos, &ldquo;un proyecto puede seguirse desde que ingresa, toma estado parlamentario, seguir su an&aacute;lisis y debate y, finalmente la sanci&oacute;n&rdquo; de la nueva norma.<\/p>\n<p>Por &uacute;ltimo, se&ntilde;al&oacute; que Tierra del Fuego, por ser una Provincia joven, fue el eje para que se abriera el an&aacute;lisis pormenorizado y metodol&oacute;gico y, &ldquo;sobre la particularidad de nuestra Constituci&oacute;n&rdquo;, dijo ayer a la tarde. As&iacute;, putnualiz&oacute; que el Gobernador &ldquo;no tiene poder, desde el punto de vista legislativo&rdquo;. En este sentido, calific&oacute; como herramienta destacada de nuestra vida institucional, &ldquo;el veto y el tratamiento de urgencia&rdquo;, que le son propias al titular del PEP, cerr&oacute;.<\/p>\n\n\t\t<style type=\"text\/css\">\n\t\t\t#gallery-1 {\n\t\t\t\tmargin: auto;\n\t\t\t}\n\t\t\t#gallery-1 .gallery-item {\n\t\t\t\tfloat: left;\n\t\t\t\tmargin-top: 10px;\n\t\t\t\ttext-align: center;\n\t\t\t\twidth: 33%;\n\t\t\t}\n\t\t\t#gallery-1 img {\n\t\t\t\tborder: 2px solid #cfcfcf;\n\t\t\t}\n\t\t\t#gallery-1 .gallery-caption {\n\t\t\t\tmargin-left: 0;\n\t\t\t}\n\t\t\t\/* see gallery_shortcode() in wp-includes\/media.php *\/\n\t\t<\/style>\n\t\t<div data-carousel-extra='{\"blog_id\":1,\"permalink\":\"https:\\\/\\\/www.legistdf.gob.ar\\\/index.php\\\/2017\\\/04\\\/13\\\/legislatura-el-parlamento-participo-en-disertacion-sobre-la-relacion-gobierno-legislatura\\\/\"}' id='gallery-1' class='gallery galleryid-1578 gallery-columns-3 gallery-size-thumbnail'><dl class='gallery-item'>\n\t\t\t<dt class='gallery-icon landscape'>\n\t\t\t\t<a href='https:\/\/www.legistdf.gob.ar\/index.php\/2017\/04\/13\/legislatura-el-parlamento-participo-en-disertacion-sobre-la-relacion-gobierno-legislatura\/1-7\/'><img loading=\"lazy\" decoding=\"async\" width=\"150\" height=\"150\" src=\"https:\/\/www.legistdf.gob.ar\/wp-content\/uploads\/2017\/04\/1-150x150.jpg\" class=\"attachment-thumbnail size-thumbnail\" alt=\"\" srcset=\"https:\/\/www.legistdf.gob.ar\/wp-content\/uploads\/2017\/04\/1-150x150.jpg 150w, https:\/\/www.legistdf.gob.ar\/wp-content\/uploads\/2017\/04\/1-64x64.jpg 64w\" sizes=\"(max-width: 150px) 100vw, 150px\" data-attachment-id=\"1579\" data-permalink=\"https:\/\/www.legistdf.gob.ar\/index.php\/2017\/04\/13\/legislatura-el-parlamento-participo-en-disertacion-sobre-la-relacion-gobierno-legislatura\/1-7\/\" data-orig-file=\"https:\/\/www.legistdf.gob.ar\/wp-content\/uploads\/2017\/04\/1.jpg\" data-orig-size=\"1000,667\" data-comments-opened=\"0\" data-image-meta=\"{&quot;aperture&quot;:&quot;4&quot;,&quot;credit&quot;:&quot;PrensaLegislativa2015&quot;,&quot;camera&quot;:&quot;Canon EOS 70D&quot;,&quot;caption&quot;:&quot;&quot;,&quot;created_timestamp&quot;:&quot;1492021729&quot;,&quot;copyright&quot;:&quot;&quot;,&quot;focal_length&quot;:&quot;28&quot;,&quot;iso&quot;:&quot;1000&quot;,&quot;shutter_speed&quot;:&quot;0.04&quot;,&quot;title&quot;:&quot;&quot;,&quot;orientation&quot;:&quot;1&quot;}\" data-image-title=\"1\" data-image-description=\"\" data-image-caption=\"\" data-medium-file=\"https:\/\/www.legistdf.gob.ar\/wp-content\/uploads\/2017\/04\/1-300x200.jpg\" data-large-file=\"https:\/\/www.legistdf.gob.ar\/wp-content\/uploads\/2017\/04\/1.jpg\" \/><\/a>\n\t\t\t<\/dt><\/dl><dl class='gallery-item'>\n\t\t\t<dt class='gallery-icon landscape'>\n\t\t\t\t<a href='https:\/\/www.legistdf.gob.ar\/index.php\/2017\/04\/13\/legislatura-el-parlamento-participo-en-disertacion-sobre-la-relacion-gobierno-legislatura\/2-7\/'><img loading=\"lazy\" decoding=\"async\" width=\"150\" height=\"150\" src=\"https:\/\/www.legistdf.gob.ar\/wp-content\/uploads\/2017\/04\/2-150x150.jpg\" class=\"attachment-thumbnail size-thumbnail\" alt=\"\" srcset=\"https:\/\/www.legistdf.gob.ar\/wp-content\/uploads\/2017\/04\/2-150x150.jpg 150w, https:\/\/www.legistdf.gob.ar\/wp-content\/uploads\/2017\/04\/2-64x64.jpg 64w\" sizes=\"(max-width: 150px) 100vw, 150px\" data-attachment-id=\"1580\" data-permalink=\"https:\/\/www.legistdf.gob.ar\/index.php\/2017\/04\/13\/legislatura-el-parlamento-participo-en-disertacion-sobre-la-relacion-gobierno-legislatura\/2-7\/\" data-orig-file=\"https:\/\/www.legistdf.gob.ar\/wp-content\/uploads\/2017\/04\/2.jpg\" data-orig-size=\"1000,643\" data-comments-opened=\"0\" data-image-meta=\"{&quot;aperture&quot;:&quot;5&quot;,&quot;credit&quot;:&quot;PrensaLegislativa2015&quot;,&quot;camera&quot;:&quot;Canon EOS 70D&quot;,&quot;caption&quot;:&quot;&quot;,&quot;created_timestamp&quot;:&quot;1492021746&quot;,&quot;copyright&quot;:&quot;&quot;,&quot;focal_length&quot;:&quot;18&quot;,&quot;iso&quot;:&quot;1000&quot;,&quot;shutter_speed&quot;:&quot;0.04&quot;,&quot;title&quot;:&quot;&quot;,&quot;orientation&quot;:&quot;1&quot;}\" data-image-title=\"2\" data-image-description=\"\" data-image-caption=\"\" data-medium-file=\"https:\/\/www.legistdf.gob.ar\/wp-content\/uploads\/2017\/04\/2-300x193.jpg\" data-large-file=\"https:\/\/www.legistdf.gob.ar\/wp-content\/uploads\/2017\/04\/2.jpg\" \/><\/a>\n\t\t\t<\/dt><\/dl><dl class='gallery-item'>\n\t\t\t<dt class='gallery-icon landscape'>\n\t\t\t\t<a href='https:\/\/www.legistdf.gob.ar\/index.php\/2017\/04\/13\/legislatura-el-parlamento-participo-en-disertacion-sobre-la-relacion-gobierno-legislatura\/3-6\/'><img loading=\"lazy\" decoding=\"async\" width=\"150\" height=\"150\" src=\"https:\/\/www.legistdf.gob.ar\/wp-content\/uploads\/2017\/04\/3-150x150.jpg\" class=\"attachment-thumbnail size-thumbnail\" alt=\"\" srcset=\"https:\/\/www.legistdf.gob.ar\/wp-content\/uploads\/2017\/04\/3-150x150.jpg 150w, https:\/\/www.legistdf.gob.ar\/wp-content\/uploads\/2017\/04\/3-64x64.jpg 64w\" sizes=\"(max-width: 150px) 100vw, 150px\" data-attachment-id=\"1581\" data-permalink=\"https:\/\/www.legistdf.gob.ar\/index.php\/2017\/04\/13\/legislatura-el-parlamento-participo-en-disertacion-sobre-la-relacion-gobierno-legislatura\/3-6\/\" data-orig-file=\"https:\/\/www.legistdf.gob.ar\/wp-content\/uploads\/2017\/04\/3.jpg\" data-orig-size=\"1000,667\" data-comments-opened=\"0\" data-image-meta=\"{&quot;aperture&quot;:&quot;4.5&quot;,&quot;credit&quot;:&quot;PrensaLegislativa2015&quot;,&quot;camera&quot;:&quot;Canon EOS 70D&quot;,&quot;caption&quot;:&quot;&quot;,&quot;created_timestamp&quot;:&quot;1492022414&quot;,&quot;copyright&quot;:&quot;&quot;,&quot;focal_length&quot;:&quot;130&quot;,&quot;iso&quot;:&quot;1000&quot;,&quot;shutter_speed&quot;:&quot;0.016666666666667&quot;,&quot;title&quot;:&quot;&quot;,&quot;orientation&quot;:&quot;1&quot;}\" data-image-title=\"3\" data-image-description=\"\" data-image-caption=\"\" data-medium-file=\"https:\/\/www.legistdf.gob.ar\/wp-content\/uploads\/2017\/04\/3-300x200.jpg\" data-large-file=\"https:\/\/www.legistdf.gob.ar\/wp-content\/uploads\/2017\/04\/3.jpg\" \/><\/a>\n\t\t\t<\/dt><\/dl><br style=\"clear: both\" \/><dl class='gallery-item'>\n\t\t\t<dt class='gallery-icon landscape'>\n\t\t\t\t<a href='https:\/\/www.legistdf.gob.ar\/index.php\/2017\/04\/13\/legislatura-el-parlamento-participo-en-disertacion-sobre-la-relacion-gobierno-legislatura\/4-4\/'><img loading=\"lazy\" decoding=\"async\" width=\"150\" height=\"150\" src=\"https:\/\/www.legistdf.gob.ar\/wp-content\/uploads\/2017\/04\/4-150x150.jpg\" class=\"attachment-thumbnail size-thumbnail\" alt=\"\" srcset=\"https:\/\/www.legistdf.gob.ar\/wp-content\/uploads\/2017\/04\/4-150x150.jpg 150w, https:\/\/www.legistdf.gob.ar\/wp-content\/uploads\/2017\/04\/4-64x64.jpg 64w\" sizes=\"(max-width: 150px) 100vw, 150px\" data-attachment-id=\"1582\" data-permalink=\"https:\/\/www.legistdf.gob.ar\/index.php\/2017\/04\/13\/legislatura-el-parlamento-participo-en-disertacion-sobre-la-relacion-gobierno-legislatura\/4-4\/\" data-orig-file=\"https:\/\/www.legistdf.gob.ar\/wp-content\/uploads\/2017\/04\/4.jpg\" data-orig-size=\"1000,667\" data-comments-opened=\"0\" data-image-meta=\"{&quot;aperture&quot;:&quot;4.5&quot;,&quot;credit&quot;:&quot;PrensaLegislativa2015&quot;,&quot;camera&quot;:&quot;Canon EOS 70D&quot;,&quot;caption&quot;:&quot;&quot;,&quot;created_timestamp&quot;:&quot;1492022631&quot;,&quot;copyright&quot;:&quot;&quot;,&quot;focal_length&quot;:&quot;22&quot;,&quot;iso&quot;:&quot;1000&quot;,&quot;shutter_speed&quot;:&quot;0.025&quot;,&quot;title&quot;:&quot;&quot;,&quot;orientation&quot;:&quot;1&quot;}\" data-image-title=\"4\" data-image-description=\"\" data-image-caption=\"\" data-medium-file=\"https:\/\/www.legistdf.gob.ar\/wp-content\/uploads\/2017\/04\/4-300x200.jpg\" data-large-file=\"https:\/\/www.legistdf.gob.ar\/wp-content\/uploads\/2017\/04\/4.jpg\" \/><\/a>\n\t\t\t<\/dt><\/dl><dl class='gallery-item'>\n\t\t\t<dt class='gallery-icon landscape'>\n\t\t\t\t<a href='https:\/\/www.legistdf.gob.ar\/index.php\/2017\/04\/13\/legislatura-el-parlamento-participo-en-disertacion-sobre-la-relacion-gobierno-legislatura\/5-4\/'><img loading=\"lazy\" decoding=\"async\" width=\"150\" height=\"150\" src=\"https:\/\/www.legistdf.gob.ar\/wp-content\/uploads\/2017\/04\/5-150x150.jpg\" class=\"attachment-thumbnail size-thumbnail\" alt=\"\" srcset=\"https:\/\/www.legistdf.gob.ar\/wp-content\/uploads\/2017\/04\/5-150x150.jpg 150w, https:\/\/www.legistdf.gob.ar\/wp-content\/uploads\/2017\/04\/5-64x64.jpg 64w\" sizes=\"(max-width: 150px) 100vw, 150px\" data-attachment-id=\"1583\" data-permalink=\"https:\/\/www.legistdf.gob.ar\/index.php\/2017\/04\/13\/legislatura-el-parlamento-participo-en-disertacion-sobre-la-relacion-gobierno-legislatura\/5-4\/\" data-orig-file=\"https:\/\/www.legistdf.gob.ar\/wp-content\/uploads\/2017\/04\/5.jpg\" data-orig-size=\"1000,667\" data-comments-opened=\"0\" data-image-meta=\"{&quot;aperture&quot;:&quot;5&quot;,&quot;credit&quot;:&quot;PrensaLegislativa2015&quot;,&quot;camera&quot;:&quot;Canon EOS 70D&quot;,&quot;caption&quot;:&quot;&quot;,&quot;created_timestamp&quot;:&quot;1492022547&quot;,&quot;copyright&quot;:&quot;&quot;,&quot;focal_length&quot;:&quot;190&quot;,&quot;iso&quot;:&quot;1000&quot;,&quot;shutter_speed&quot;:&quot;0.016666666666667&quot;,&quot;title&quot;:&quot;&quot;,&quot;orientation&quot;:&quot;1&quot;}\" data-image-title=\"5\" data-image-description=\"\" data-image-caption=\"\" data-medium-file=\"https:\/\/www.legistdf.gob.ar\/wp-content\/uploads\/2017\/04\/5-300x200.jpg\" data-large-file=\"https:\/\/www.legistdf.gob.ar\/wp-content\/uploads\/2017\/04\/5.jpg\" \/><\/a>\n\t\t\t<\/dt><\/dl><dl class='gallery-item'>\n\t\t\t<dt class='gallery-icon landscape'>\n\t\t\t\t<a href='https:\/\/www.legistdf.gob.ar\/index.php\/2017\/04\/13\/legislatura-el-parlamento-participo-en-disertacion-sobre-la-relacion-gobierno-legislatura\/6-3\/'><img loading=\"lazy\" decoding=\"async\" width=\"150\" height=\"150\" src=\"https:\/\/www.legistdf.gob.ar\/wp-content\/uploads\/2017\/04\/6-150x150.jpg\" class=\"attachment-thumbnail size-thumbnail\" alt=\"\" srcset=\"https:\/\/www.legistdf.gob.ar\/wp-content\/uploads\/2017\/04\/6-150x150.jpg 150w, https:\/\/www.legistdf.gob.ar\/wp-content\/uploads\/2017\/04\/6-64x64.jpg 64w\" sizes=\"(max-width: 150px) 100vw, 150px\" data-attachment-id=\"1584\" data-permalink=\"https:\/\/www.legistdf.gob.ar\/index.php\/2017\/04\/13\/legislatura-el-parlamento-participo-en-disertacion-sobre-la-relacion-gobierno-legislatura\/6-3\/\" data-orig-file=\"https:\/\/www.legistdf.gob.ar\/wp-content\/uploads\/2017\/04\/6.jpg\" data-orig-size=\"1000,667\" data-comments-opened=\"0\" data-image-meta=\"{&quot;aperture&quot;:&quot;5&quot;,&quot;credit&quot;:&quot;PrensaLegislativa2015&quot;,&quot;camera&quot;:&quot;Canon EOS 70D&quot;,&quot;caption&quot;:&quot;&quot;,&quot;created_timestamp&quot;:&quot;1492022553&quot;,&quot;copyright&quot;:&quot;&quot;,&quot;focal_length&quot;:&quot;190&quot;,&quot;iso&quot;:&quot;1000&quot;,&quot;shutter_speed&quot;:&quot;0.016666666666667&quot;,&quot;title&quot;:&quot;&quot;,&quot;orientation&quot;:&quot;1&quot;}\" data-image-title=\"6\" data-image-description=\"\" data-image-caption=\"\" data-medium-file=\"https:\/\/www.legistdf.gob.ar\/wp-content\/uploads\/2017\/04\/6-300x200.jpg\" data-large-file=\"https:\/\/www.legistdf.gob.ar\/wp-content\/uploads\/2017\/04\/6.jpg\" \/><\/a>\n\t\t\t<\/dt><\/dl><br style=\"clear: both\" \/><dl class='gallery-item'>\n\t\t\t<dt class='gallery-icon landscape'>\n\t\t\t\t<a href='https:\/\/www.legistdf.gob.ar\/index.php\/2017\/04\/13\/legislatura-el-parlamento-participo-en-disertacion-sobre-la-relacion-gobierno-legislatura\/attachment\/7\/'><img loading=\"lazy\" decoding=\"async\" width=\"150\" height=\"150\" src=\"https:\/\/www.legistdf.gob.ar\/wp-content\/uploads\/2017\/04\/7-150x150.jpg\" class=\"attachment-thumbnail size-thumbnail\" alt=\"\" srcset=\"https:\/\/www.legistdf.gob.ar\/wp-content\/uploads\/2017\/04\/7-150x150.jpg 150w, https:\/\/www.legistdf.gob.ar\/wp-content\/uploads\/2017\/04\/7-64x64.jpg 64w\" sizes=\"(max-width: 150px) 100vw, 150px\" data-attachment-id=\"1585\" data-permalink=\"https:\/\/www.legistdf.gob.ar\/index.php\/2017\/04\/13\/legislatura-el-parlamento-participo-en-disertacion-sobre-la-relacion-gobierno-legislatura\/attachment\/7\/\" data-orig-file=\"https:\/\/www.legistdf.gob.ar\/wp-content\/uploads\/2017\/04\/7.jpg\" data-orig-size=\"1000,649\" data-comments-opened=\"0\" data-image-meta=\"{&quot;aperture&quot;:&quot;3.5&quot;,&quot;credit&quot;:&quot;PrensaLegislativa2015&quot;,&quot;camera&quot;:&quot;Canon EOS 70D&quot;,&quot;caption&quot;:&quot;&quot;,&quot;created_timestamp&quot;:&quot;1492026549&quot;,&quot;copyright&quot;:&quot;&quot;,&quot;focal_length&quot;:&quot;10&quot;,&quot;iso&quot;:&quot;400&quot;,&quot;shutter_speed&quot;:&quot;0.016666666666667&quot;,&quot;title&quot;:&quot;&quot;,&quot;orientation&quot;:&quot;1&quot;}\" data-image-title=\"7\" data-image-description=\"\" data-image-caption=\"\" data-medium-file=\"https:\/\/www.legistdf.gob.ar\/wp-content\/uploads\/2017\/04\/7-300x195.jpg\" data-large-file=\"https:\/\/www.legistdf.gob.ar\/wp-content\/uploads\/2017\/04\/7.jpg\" \/><\/a>\n\t\t\t<\/dt><\/dl>\n\t\t\t<br style='clear: both' \/>\n\t\t<\/div>\n\n","protected":false},"excerpt":{"rendered":"<p>R&iacute;o Grande, jueves 13 de abril de 2017.- El doctor en ciencia pol&iacute;tica, Miguel Barrientos, disert&oacute; sobre la relaci&oacute;n establecida entre los distintos Ejecutivos provinciales y la C&aacute;mara legislativa. La charla, que se concret&oacute; en el Centro Cultural Yaganes ayer mi&eacute;rcoles, convoc&oacute; a estudiantes, periodistas y autoridades fueguinas, en un derrotero que abarc&oacute; desde la [&hellip;]<\/p>\n","protected":false},"author":352,"featured_media":1579,"comment_status":"closed","ping_status":"open","sticky":false,"template":"","format":"standard","meta":{"jetpack_post_was_ever_published":false,"_jetpack_newsletter_access":"","_jetpack_dont_email_post_to_subs":false,"_jetpack_newsletter_tier_id":0,"footnotes":"","jetpack_publicize_message":"","jetpack_publicize_feature_enabled":true,"jetpack_social_post_already_shared":true,"jetpack_social_options":{"image_generator_settings":{"template":"highway","enabled":false}}},"categories":[1],"tags":[],"jetpack_publicize_connections":[],"jetpack_sharing_enabled":true,"jetpack_featured_media_url":"https:\/\/www.legistdf.gob.ar\/wp-content\/uploads\/2017\/04\/1.jpg","jetpack-related-posts":[],"_links":{"self":[{"href":"https:\/\/www.legistdf.gob.ar\/index.php\/wp-json\/wp\/v2\/posts\/1578"}],"collection":[{"href":"https:\/\/www.legistdf.gob.ar\/index.php\/wp-json\/wp\/v2\/posts"}],"about":[{"href":"https:\/\/www.legistdf.gob.ar\/index.php\/wp-json\/wp\/v2\/types\/post"}],"author":[{"embeddable":true,"href":"https:\/\/www.legistdf.gob.ar\/index.php\/wp-json\/wp\/v2\/users\/352"}],"replies":[{"embeddable":true,"href":"https:\/\/www.legistdf.gob.ar\/index.php\/wp-json\/wp\/v2\/comments?post=1578"}],"version-history":[{"count":1,"href":"https:\/\/www.legistdf.gob.ar\/index.php\/wp-json\/wp\/v2\/posts\/1578\/revisions"}],"predecessor-version":[{"id":1586,"href":"https:\/\/www.legistdf.gob.ar\/index.php\/wp-json\/wp\/v2\/posts\/1578\/revisions\/1586"}],"wp:featuredmedia":[{"embeddable":true,"href":"https:\/\/www.legistdf.gob.ar\/index.php\/wp-json\/wp\/v2\/media\/1579"}],"wp:attachment":[{"href":"https:\/\/www.legistdf.gob.ar\/index.php\/wp-json\/wp\/v2\/media?parent=1578"}],"wp:term":[{"taxonomy":"category","embeddable":true,"href":"https:\/\/www.legistdf.gob.ar\/index.php\/wp-json\/wp\/v2\/categories?post=1578"},{"taxonomy":"post_tag","embeddable":true,"href":"https:\/\/www.legistdf.gob.ar\/index.php\/wp-json\/wp\/v2\/tags?post=1578"}],"curies":[{"name":"wp","href":"https:\/\/api.w.org\/{rel}","templated":true}]}}