{"id":15895,"date":"2019-09-02T14:11:59","date_gmt":"2019-09-02T17:11:59","guid":{"rendered":"http:\/\/www.legistdf.gob.ar\/?p=15895"},"modified":"2019-09-03T09:18:32","modified_gmt":"2019-09-03T12:18:32","slug":"genero-legislatura-consulta-otra-vez-por-violencia-obstetrica-en-tierra-del-fuego","status":"publish","type":"post","link":"https:\/\/www.legistdf.gob.ar\/index.php\/2019\/09\/02\/genero-legislatura-consulta-otra-vez-por-violencia-obstetrica-en-tierra-del-fuego\/","title":{"rendered":"G\u00c9NERO: Legislatura consulta, otra vez, por violencia obst\u00e9trica en Tierra del Fuego"},"content":{"rendered":"<p><strong>Ushuaia, lunes 2 de septiembre de 2019.- En el marco de la <a href=\"http:\/\/200.41.191.126:8080\/infoley\/index.php\/1511-poder-ejecutivo-provincial-adhesion-de-la-provincia-a-la-ley-nacional-n-26485-sobre-proteccion-integral-para-prevenir-sancionar-y-erradicar-la-violencia-contra-las-mujeres-en-los-ambitos-en-que-desarrollen-sus-relaciones-interpersonales\" target=\"_blank\" rel=\"noopener\">Ley provincial N\u00ba 1013<\/a>, el Parlamento aprob\u00f3 una resoluci\u00f3n para que el Poder Ejecutivo informe sobre la aplicaci\u00f3n de esa normativa \u201cespec\u00edficamente en lo que respecta a la violencia obst\u00e9trica, regulada en el art\u00edculo 6 inciso e) y su adhesi\u00f3n\u201d. La presentaci\u00f3n fue ingresada por la legisladora Liliana Mart\u00ednez Allende del bloque de la UCR \u2013 Cambiemos y aprobado por la totalidad del recinto. En 2018 el Parlamento hab\u00eda consultado sobre violencia obst\u00e9trica sin lograr respuesta del PEP.<\/strong><\/p>\n<p>&nbsp;<\/p>\n<p>Cabe se\u00f1alar que, en los fundamentos de la presentaci\u00f3n, la Parlamentaria dijo que se habla poco de la violencia obst\u00e9trica y entendi\u00f3 que \u201cno podemos seguir soslayando las quejas de las damnificadas \u201d. En este sentido, es dable indicar que el asunto presentado, N\u00ba\u00a0<a href=\"http:\/\/www.legistdf.gob.ar\/lp\/novedadesip\/Asuntos%20Entrados%202019\/As.%20N%BA%20218-19.pdf\" target=\"_blank\" rel=\"noopener\">218\/19<\/a>, contiene informaci\u00f3n anexa para ilustrar la situaci\u00f3n \u00a0en Tierra del Fuego, donde 10 de cada 10 mujeres \u201cindica la experiencia de al menos una situaci\u00f3n de violencia obst\u00e9trica vinculadas con el embarazo y\/o el parto\u201d, seg\u00fan el informe Resumen General del \u00cdndice Nacional de Violencia Machista.<\/p>\n<p>&nbsp;<\/p>\n<p>En este mismo sentido, Mart\u00ednez Allende consulta espec\u00edficamente sobre \u201cprestaciones relacionadas con el embarazo, el trabajo de parto, el parto y el postparto, incorpor\u00e1ndose las mismas al Programa M\u00e9dico Obligatorio. Derechos de los padres y de la persona reci\u00e9n nacida, conocida como la ley de parto humanizado, adherida por la <a href=\"http:\/\/200.41.191.126:8080\/infoley\/index.php\/1189-salud-publica-parto-humanizado-adhesion-a-la-ley-nacional-n-25929-sobre-obligaciones-de-las-obras-sociales-y-medicina-prepaga\" target=\"_blank\" rel=\"noopener\">Ley provincial N\u00ba 691<\/a>\u201d, sancionada en marzo de 2006 y propuesta por el bloque del Partido Justicialista a instancias de la Asociaci\u00f3n Civil Mujeres, de R\u00edo Grande.<\/p>\n<p>&nbsp;<\/p>\n<p>En el articulado aprobado en la sesi\u00f3n del jueves pasado, el Parlamento consulta: \u201cAplicaci\u00f3n de las leyes de referencia en nuestra Provincia; acciones positivas realizadas para el cumplimiento de las leyes; capacitaci\u00f3n del personal de la salud en la tem\u00e1tica y las pol\u00edticas publicas llevadas a cabo\u201d en pos de la aplicaci\u00f3n de ambas normativas fueguinas.<\/p>\n<p>&nbsp;<\/p>\n<p>Finalmente, la referente de la UCR \u2013 Cambiemos sostiene que es preciso conocer la implementaci\u00f3n de las normas que \u201cpromueve el parto humanizado, como la Ley N\u00b0 26.485 de Protecci\u00f3n integral de la mujer\u201d y recuerda el \u201ccompromiso\u201d que encar\u00f3 Argentina en tratados internacionales como <a href=\"https:\/\/www.argentina.gob.ar\/inam\/cedaw\" target=\"_blank\" rel=\"noopener\">Convenci\u00f3n sobre la Eliminaci\u00f3n de toda forma de Discriminaci\u00f3n contra la Mujer<\/a> (CEDAW son sus siglas en ingl\u00e9s) y <a href=\"http:\/\/servicios.infoleg.gob.ar\/infolegInternet\/anexos\/35000-39999\/36208\/norma.htm\" target=\"_blank\" rel=\"noopener\">la convenci\u00f3n de Belem Do Par\u00e1<\/a>, \u201cque por su tem\u00e1tica vinculada a los derechos humanos, desde el a\u00f1o 1994 gozan de jerarqu\u00eda constitucional e instan a los Estados parte, a generar medidas de acci\u00f3n positiva para erradicar todos los tipos de violencia contra las mujeres e incluye la violencia obst\u00e9trica\u201d, cierra.<\/p>\n<p>&nbsp;<\/p>\n<p>Recordamos, que mediante <a href=\"http:\/\/www.legistdf.gob.ar\/lp\/novedadesip\/Asuntos%20Entrados%202018\/As.%20N%BA%20225-18.pdf\" target=\"_blank\" rel=\"noopener\">asunto N\u00ba 225\/18<\/a>, l<a href=\"http:\/\/www.legistdf.gob.ar\/index.php\/2018\/05\/29\/legislatura-balance-de-la-legisladora-monica-urquiza-a-la-ultima-sesion\/\" target=\"_blank\" rel=\"noopener\">a bancada del MPF hab\u00eda consultado<\/a> en la sesi\u00f3n del 24 de mayo de 2018 al Ejecutivo, sobre la aplicaci\u00f3n de la Ley sobre Parto Humanizado, a ra\u00edz de una denuncia contra el Hospital capitalino. En las versiones period\u00edsticas se dio cuenta de \u201cque una madre denunci\u00f3 que no dejaron ingresar al padre de su hijo durante la internaci\u00f3n por su nacimiento\u201d. Sin embargo, el Parlamento no recibi\u00f3 respuesta alguna.<\/p>\n<p>&nbsp;<\/p>\n<p style=\"text-align: right;\"><em>AT<\/em><\/p>\n","protected":false},"excerpt":{"rendered":"<p>Ushuaia, lunes 2 de septiembre de 2019.- En el marco de la Ley provincial N\u00ba 1013, el Parlamento aprob\u00f3 una resoluci\u00f3n para que el Poder Ejecutivo informe sobre la aplicaci\u00f3n de esa normativa \u201cespec\u00edficamente en lo que respecta a la violencia obst\u00e9trica, regulada en el art\u00edculo 6 inciso e) y su adhesi\u00f3n\u201d. La presentaci\u00f3n fue [&hellip;]<\/p>\n","protected":false},"author":352,"featured_media":15823,"comment_status":"closed","ping_status":"open","sticky":false,"template":"","format":"standard","meta":{"jetpack_post_was_ever_published":false,"_jetpack_newsletter_access":"","_jetpack_dont_email_post_to_subs":false,"_jetpack_newsletter_tier_id":0,"footnotes":"","jetpack_publicize_message":"","jetpack_publicize_feature_enabled":true,"jetpack_social_post_already_shared":true,"jetpack_social_options":{"image_generator_settings":{"template":"highway","enabled":false}}},"categories":[1],"tags":[197,155,215,48,79,648,87,1667],"jetpack_publicize_connections":[],"jetpack_sharing_enabled":true,"jetpack_featured_media_url":"https:\/\/www.legistdf.gob.ar\/wp-content\/uploads\/2019\/08\/IMG_0237.jpg","jetpack-related-posts":[],"_links":{"self":[{"href":"https:\/\/www.legistdf.gob.ar\/index.php\/wp-json\/wp\/v2\/posts\/15895"}],"collection":[{"href":"https:\/\/www.legistdf.gob.ar\/index.php\/wp-json\/wp\/v2\/posts"}],"about":[{"href":"https:\/\/www.legistdf.gob.ar\/index.php\/wp-json\/wp\/v2\/types\/post"}],"author":[{"embeddable":true,"href":"https:\/\/www.legistdf.gob.ar\/index.php\/wp-json\/wp\/v2\/users\/352"}],"replies":[{"embeddable":true,"href":"https:\/\/www.legistdf.gob.ar\/index.php\/wp-json\/wp\/v2\/comments?post=15895"}],"version-history":[{"count":4,"href":"https:\/\/www.legistdf.gob.ar\/index.php\/wp-json\/wp\/v2\/posts\/15895\/revisions"}],"predecessor-version":[{"id":15904,"href":"https:\/\/www.legistdf.gob.ar\/index.php\/wp-json\/wp\/v2\/posts\/15895\/revisions\/15904"}],"wp:featuredmedia":[{"embeddable":true,"href":"https:\/\/www.legistdf.gob.ar\/index.php\/wp-json\/wp\/v2\/media\/15823"}],"wp:attachment":[{"href":"https:\/\/www.legistdf.gob.ar\/index.php\/wp-json\/wp\/v2\/media?parent=15895"}],"wp:term":[{"taxonomy":"category","embeddable":true,"href":"https:\/\/www.legistdf.gob.ar\/index.php\/wp-json\/wp\/v2\/categories?post=15895"},{"taxonomy":"post_tag","embeddable":true,"href":"https:\/\/www.legistdf.gob.ar\/index.php\/wp-json\/wp\/v2\/tags?post=15895"}],"curies":[{"name":"wp","href":"https:\/\/api.w.org\/{rel}","templated":true}]}}