{"id":15899,"date":"2019-09-02T16:14:59","date_gmt":"2019-09-02T19:14:59","guid":{"rendered":"http:\/\/www.legistdf.gob.ar\/?p=15899"},"modified":"2019-09-03T09:16:33","modified_gmt":"2019-09-03T12:16:33","slug":"medios-legisladores-muestran-preocupacion-por-programacion-de-canales-de-television","status":"publish","type":"post","link":"https:\/\/www.legistdf.gob.ar\/index.php\/2019\/09\/02\/medios-legisladores-muestran-preocupacion-por-programacion-de-canales-de-television\/","title":{"rendered":"MEDIOS: Legisladores muestran preocupaci\u00f3n por programaci\u00f3n de canales de televisi\u00f3n"},"content":{"rendered":"<p><strong>Ushuaia, lunes 2 de septiembre de 2019.- En la \u00faltima sesi\u00f3n parlamentaria, el legislador Pablo Blanco (UCR \u2013 Cambiemos) consult\u00f3, mediante el <a href=\"http:\/\/www.legistdf.gob.ar\/lp\/novedadesip\/Asuntos%20Entrados%202019\/As.%20N%BA%20245-19.pdf\" target=\"_blank\" rel=\"noopener\">asunto N\u00ba 245\/19<\/a>, sobre \u201cla programaci\u00f3n de los canales p\u00fablicos de la Provincia\u201d. En la resoluci\u00f3n aprobada el jueves anterior, los Legisladores exponen la \u201cpreocupaci\u00f3n\u201d por el tiempo en que las partes resuelven \u201cla situaci\u00f3n antag\u00f3nica\u201d entre la patronal y el sindicato que nuclea a los trabajadores del sector.<\/strong><\/p>\n<p><strong>\u00a0<\/strong><\/p>\n<p>En su observaci\u00f3n, el titular del bloque radical en la Legislatura, afirma que la \u201calteraci\u00f3n\u201d en la programaci\u00f3n, se da en \u201cen las emisiones desde estudio como las coberturas desde exteriores\u201d y consider\u00f3 que \u201cha transcurrido un tiempo m\u00e1s que prudencial\u201d. La informaci\u00f3n que requiri\u00f3 la composici\u00f3n legislativa busca \u201cregularizar la programaci\u00f3n normal y habitual de los canales p\u00fablicos\u201d, se\u00f1al\u00f3.<\/p>\n<p>&nbsp;<\/p>\n<p>En el articulado del asunto, piden a la Jefatura de Gabinete: \u201cSe informe a esta C\u00e1mara en relaci\u00f3n a los canales p\u00fablicos de televisi\u00f3n de la Provincia, 13 de R\u00edo Grande y 11 de Ushuaia\u201d, sobre alg\u00fan reclamo por parte de los trabajadores de la televisi\u00f3n p\u00fablica y si ha sido resuelto. Para eso, piden tambi\u00e9n que informen \u201cen qu\u00e9 sentido\u201d. Si actualmente los agentes p\u00fablicos \u201chan adoptado y\/o contin\u00faan ejerciendo medidas de fuerza y\/o de acci\u00f3n directa\u201d y, para el caso afirmativo, \u201cqu\u00e9 medidas se han adoptado desde la Jefatura de Gabinete\u201d para morigerarlo. Finalmente, adem\u00e1s preguntan al Ejecutivo, la forma en qu\u00e9 \u201cse ve afectada la transmisi\u00f3n de los canales p\u00fablicos de televisi\u00f3n de la Provincia\u201d y recuerda los \u201ccuatro meses\u201d de interrupci\u00f3n del servicio.<\/p>\n<p>&nbsp;<\/p>\n<p style=\"text-align: right;\"><em>AT<\/em><\/p>\n","protected":false},"excerpt":{"rendered":"<p>Ushuaia, lunes 2 de septiembre de 2019.- En la \u00faltima sesi\u00f3n parlamentaria, el legislador Pablo Blanco (UCR \u2013 Cambiemos) consult\u00f3, mediante el asunto N\u00ba 245\/19, sobre \u201cla programaci\u00f3n de los canales p\u00fablicos de la Provincia\u201d. En la resoluci\u00f3n aprobada el jueves anterior, los Legisladores exponen la \u201cpreocupaci\u00f3n\u201d por el tiempo en que las partes resuelven [&hellip;]<\/p>\n","protected":false},"author":352,"featured_media":15900,"comment_status":"closed","ping_status":"open","sticky":false,"template":"","format":"standard","meta":{"jetpack_post_was_ever_published":false,"_jetpack_newsletter_access":"","_jetpack_dont_email_post_to_subs":false,"_jetpack_newsletter_tier_id":0,"footnotes":"","jetpack_publicize_message":"","jetpack_publicize_feature_enabled":true,"jetpack_social_post_already_shared":true,"jetpack_social_options":{"image_generator_settings":{"template":"highway","enabled":false}}},"categories":[1],"tags":[88,83,201,1668,351],"jetpack_publicize_connections":[],"jetpack_sharing_enabled":true,"jetpack_featured_media_url":"https:\/\/www.legistdf.gob.ar\/wp-content\/uploads\/2019\/09\/W0481s4xfwe30qcgciejy5j.jpg","jetpack-related-posts":[],"_links":{"self":[{"href":"https:\/\/www.legistdf.gob.ar\/index.php\/wp-json\/wp\/v2\/posts\/15899"}],"collection":[{"href":"https:\/\/www.legistdf.gob.ar\/index.php\/wp-json\/wp\/v2\/posts"}],"about":[{"href":"https:\/\/www.legistdf.gob.ar\/index.php\/wp-json\/wp\/v2\/types\/post"}],"author":[{"embeddable":true,"href":"https:\/\/www.legistdf.gob.ar\/index.php\/wp-json\/wp\/v2\/users\/352"}],"replies":[{"embeddable":true,"href":"https:\/\/www.legistdf.gob.ar\/index.php\/wp-json\/wp\/v2\/comments?post=15899"}],"version-history":[{"count":2,"href":"https:\/\/www.legistdf.gob.ar\/index.php\/wp-json\/wp\/v2\/posts\/15899\/revisions"}],"predecessor-version":[{"id":15903,"href":"https:\/\/www.legistdf.gob.ar\/index.php\/wp-json\/wp\/v2\/posts\/15899\/revisions\/15903"}],"wp:featuredmedia":[{"embeddable":true,"href":"https:\/\/www.legistdf.gob.ar\/index.php\/wp-json\/wp\/v2\/media\/15900"}],"wp:attachment":[{"href":"https:\/\/www.legistdf.gob.ar\/index.php\/wp-json\/wp\/v2\/media?parent=15899"}],"wp:term":[{"taxonomy":"category","embeddable":true,"href":"https:\/\/www.legistdf.gob.ar\/index.php\/wp-json\/wp\/v2\/categories?post=15899"},{"taxonomy":"post_tag","embeddable":true,"href":"https:\/\/www.legistdf.gob.ar\/index.php\/wp-json\/wp\/v2\/tags?post=15899"}],"curies":[{"name":"wp","href":"https:\/\/api.w.org\/{rel}","templated":true}]}}