{"id":1594,"date":"2017-04-17T10:41:09","date_gmt":"2017-04-17T13:41:09","guid":{"rendered":"http:\/\/www.legistdf.gob.ar\/?p=1594"},"modified":"2017-04-17T10:41:09","modified_gmt":"2017-04-17T13:41:09","slug":"salud-monica-urquiza-lamento-las-fragiles-respuestas-del-ministro-colman","status":"publish","type":"post","link":"https:\/\/www.legistdf.gob.ar\/index.php\/2017\/04\/17\/salud-monica-urquiza-lamento-las-fragiles-respuestas-del-ministro-colman\/","title":{"rendered":"SALUD: M\u00f3nica Urquiza lament\u00f3 las fr\u00e1giles respuestas del ministro Colman"},"content":{"rendered":"<p><strong>Ushuaia, lunes 17 de abril de 2017.- La legisladora M&oacute;nica Urquiza se mostr&oacute; disconforme con las repuestas que dio, el mi&eacute;rcoles pasado, el ministro de Salud, Marcos Colman, en el marco de la reuni&oacute;n de Comisi&oacute;n 5. As&iacute;, anticip&oacute; que ante las escuetas precisiones, presentar&aacute;n un pedido de informes sobre la situaci&oacute;n edilicia de los hospitales y las condiciones laborales del personal sanitario de Tierra del Fuego.<\/strong><\/p>\n<p>La Parlamentaria dijo que est&aacute; &ldquo;preocupada por los hospitales fueguinos&rdquo;, cont&oacute; que en las &uacute;ltimas semanas ha recibido a los trabajadores sanitarios y aclar&oacute; que no buscan discutir cuestiones salariales. Ampli&oacute;: &ldquo;Es un reclamo de gesti&oacute;n dentro de los hospitales, de atenci&oacute;n a los enfermos y empleados&rdquo;.<\/p>\n<p>En cuanto a la situaci&oacute;n de la planta de personal, Urquiza, pidi&oacute; &ldquo;cuidar y escuchar&rdquo; a los trabajadores, en especial al personal profesional, t&eacute;cnicos, administrativos y maestranza quienes &ldquo;est&aacute;n todos los d&iacute;as al frente de los hospitales&rdquo;.<\/p>\n<p>En otro orden, y dentro de las cuestiones que plante&oacute; al titular de la cartera sanitaria, describi&oacute; a las personas en situaci&oacute;n de calle, &ldquo;que pr&aacute;cticamente est&aacute;n viviendo dentro de la guardia del hospital&rdquo;, y lo ejemplific&oacute; con la situaci&oacute;n del nosocomio capitalino. &ldquo;Carece totalmente de seguridad, cualquiera puede hacer una recorrida y comprobar que las puertas de emergencia est&aacute;n atadas con alambres&rdquo;, detall&oacute; a modo de ejemplo.<\/p>\n<p>&ldquo;Hay un mont&oacute;n de situaciones que refieren al mantenimiento diario, que precisan atenci&oacute;n&rdquo;, se&ntilde;al&oacute;. Lo contrapuso con la obra de ampliaci&oacute;n en 12 mil metros cuadrados que &ldquo;es algo que nuestra ciudad viene reclamando a gritos&rdquo;. Describi&oacute;: Las &ldquo;goteras que se observan por todos lados, que los empleados trabajen pr&aacute;cticamente hacinados y ba&ntilde;os que cumplen funci&oacute;n de sanitarios y de dep&oacute;sitos&rdquo;. M&oacute;nica Urquiza, sostuvo que hay que recorrer el nosocomio de Ushuaia &ldquo;para ver c&oacute;mo es atendido el enfermo y c&oacute;mo trabaja el personal&rdquo;.<\/p>\n<p>Consultada sobre las respuestas del funcionario ministerial, la titular de la bancada opositora del MPF dijo que no han quedado conformes. &ldquo;Sobre la gente en situaci&oacute;n de calle, nos dicen que no los pueden sacar&rdquo; y entendi&oacute; que hay &aacute;reas del Ejecutivo provincial &ldquo;que tienen que trabajar en esta problem&aacute;tica y dar una soluci&oacute;n inmediata, teniendo en cuenta a las personas que asisten al servicio de guardia y al personal que trabaja en ese espacio.\u00bb<\/p>\n<p>Pidi&oacute; que Colman se ocupe de la gente que va a buscar asistencia en el hospital y lo ejemplific&oacute; con situaciones extremas que se viven en el servicio de guardia. &ldquo;Se encuentran con personas en estado de ebriedad, en situaciones de violencia&rdquo;, detall&oacute; a Prensa Legislativa. En este orden, la Parlamentaria mopofista se mostr&oacute; sorprendida con la respuesta de Colman. &ldquo;La polic&iacute;a les pidi&oacute; un acto administrativo, que diga que esas personas no pueden estar en ese lugar para pedirles que se retiren&rdquo;, sostuvo. &ldquo;Hay situaciones diarias de gesti&oacute;n que no se est&aacute;n cumpliendo&rdquo;.<\/p>\n<p>Respecto del hacinamiento de los trabajadores, Urquiza dijo que, como respuesta, se le inform&oacute; que ya se han &ldquo;abierto los sobres de la obra&rdquo; aunque tambi&eacute;n cuestion&oacute; la falta de precisiones sobre el particular. &ldquo;No asistieron los arquitectos&rdquo; que abordaron el proyecto de ampliaci&oacute;n del nosocomio. En este punto, record&oacute; la sanci&oacute;n de la Ley de emergencia en el sistema sanitario de 2016, que exige la presentaci&oacute;n de un plan director, &ldquo;donde estar&iacute;an contemplados los edificios.<\/p>\n<p>El Ministro cont&oacute; que en R&iacute;o Grande han hecho salas, han reorganizado el nosocomio, &ldquo;lo han pintado muy lindo&rdquo;. Pero la verdad es que en el caso del hospital de Ushuaia, &ldquo;si vamos a esperar a que se ejecute la obra del nuevo, no se puede seguir trabajando en esas condiciones&rdquo;, cerr&oacute;.<\/p>\n\n\t\t<style type=\"text\/css\">\n\t\t\t#gallery-1 {\n\t\t\t\tmargin: auto;\n\t\t\t}\n\t\t\t#gallery-1 .gallery-item {\n\t\t\t\tfloat: left;\n\t\t\t\tmargin-top: 10px;\n\t\t\t\ttext-align: center;\n\t\t\t\twidth: 33%;\n\t\t\t}\n\t\t\t#gallery-1 img {\n\t\t\t\tborder: 2px solid #cfcfcf;\n\t\t\t}\n\t\t\t#gallery-1 .gallery-caption {\n\t\t\t\tmargin-left: 0;\n\t\t\t}\n\t\t\t\/* see gallery_shortcode() in wp-includes\/media.php *\/\n\t\t<\/style>\n\t\t<div data-carousel-extra='{\"blog_id\":1,\"permalink\":\"https:\\\/\\\/www.legistdf.gob.ar\\\/index.php\\\/2017\\\/04\\\/17\\\/salud-monica-urquiza-lamento-las-fragiles-respuestas-del-ministro-colman\\\/\"}' id='gallery-1' class='gallery galleryid-1594 gallery-columns-3 gallery-size-thumbnail'><dl class='gallery-item'>\n\t\t\t<dt class='gallery-icon landscape'>\n\t\t\t\t<a href='https:\/\/www.legistdf.gob.ar\/index.php\/2017\/04\/17\/salud-monica-urquiza-lamento-las-fragiles-respuestas-del-ministro-colman\/img_0042-2\/'><img loading=\"lazy\" decoding=\"async\" width=\"150\" height=\"150\" src=\"https:\/\/www.legistdf.gob.ar\/wp-content\/uploads\/2017\/04\/IMG_0042-1-150x150.jpg\" class=\"attachment-thumbnail size-thumbnail\" alt=\"\" srcset=\"https:\/\/www.legistdf.gob.ar\/wp-content\/uploads\/2017\/04\/IMG_0042-1-150x150.jpg 150w, https:\/\/www.legistdf.gob.ar\/wp-content\/uploads\/2017\/04\/IMG_0042-1-64x64.jpg 64w\" sizes=\"(max-width: 150px) 100vw, 150px\" data-attachment-id=\"1595\" data-permalink=\"https:\/\/www.legistdf.gob.ar\/index.php\/2017\/04\/17\/salud-monica-urquiza-lamento-las-fragiles-respuestas-del-ministro-colman\/img_0042-2\/\" data-orig-file=\"https:\/\/www.legistdf.gob.ar\/wp-content\/uploads\/2017\/04\/IMG_0042-1.jpg\" data-orig-size=\"1000,667\" data-comments-opened=\"0\" data-image-meta=\"{&quot;aperture&quot;:&quot;0&quot;,&quot;credit&quot;:&quot;&quot;,&quot;camera&quot;:&quot;&quot;,&quot;caption&quot;:&quot;&quot;,&quot;created_timestamp&quot;:&quot;0&quot;,&quot;copyright&quot;:&quot;&quot;,&quot;focal_length&quot;:&quot;0&quot;,&quot;iso&quot;:&quot;0&quot;,&quot;shutter_speed&quot;:&quot;0&quot;,&quot;title&quot;:&quot;&quot;,&quot;orientation&quot;:&quot;1&quot;}\" data-image-title=\"IMG_0042\" data-image-description=\"\" data-image-caption=\"\" data-medium-file=\"https:\/\/www.legistdf.gob.ar\/wp-content\/uploads\/2017\/04\/IMG_0042-1-300x200.jpg\" data-large-file=\"https:\/\/www.legistdf.gob.ar\/wp-content\/uploads\/2017\/04\/IMG_0042-1.jpg\" \/><\/a>\n\t\t\t<\/dt><\/dl><dl class='gallery-item'>\n\t\t\t<dt class='gallery-icon landscape'>\n\t\t\t\t<a href='https:\/\/www.legistdf.gob.ar\/index.php\/2017\/04\/17\/salud-monica-urquiza-lamento-las-fragiles-respuestas-del-ministro-colman\/img_0046-2\/'><img loading=\"lazy\" decoding=\"async\" width=\"150\" height=\"150\" src=\"https:\/\/www.legistdf.gob.ar\/wp-content\/uploads\/2017\/04\/IMG_0046-150x150.jpg\" class=\"attachment-thumbnail size-thumbnail\" alt=\"\" srcset=\"https:\/\/www.legistdf.gob.ar\/wp-content\/uploads\/2017\/04\/IMG_0046-150x150.jpg 150w, https:\/\/www.legistdf.gob.ar\/wp-content\/uploads\/2017\/04\/IMG_0046-64x64.jpg 64w\" sizes=\"(max-width: 150px) 100vw, 150px\" data-attachment-id=\"1596\" data-permalink=\"https:\/\/www.legistdf.gob.ar\/index.php\/2017\/04\/17\/salud-monica-urquiza-lamento-las-fragiles-respuestas-del-ministro-colman\/img_0046-2\/\" data-orig-file=\"https:\/\/www.legistdf.gob.ar\/wp-content\/uploads\/2017\/04\/IMG_0046.jpg\" data-orig-size=\"1000,667\" data-comments-opened=\"0\" data-image-meta=\"{&quot;aperture&quot;:&quot;0&quot;,&quot;credit&quot;:&quot;&quot;,&quot;camera&quot;:&quot;&quot;,&quot;caption&quot;:&quot;&quot;,&quot;created_timestamp&quot;:&quot;0&quot;,&quot;copyright&quot;:&quot;&quot;,&quot;focal_length&quot;:&quot;0&quot;,&quot;iso&quot;:&quot;0&quot;,&quot;shutter_speed&quot;:&quot;0&quot;,&quot;title&quot;:&quot;&quot;,&quot;orientation&quot;:&quot;1&quot;}\" data-image-title=\"IMG_0046\" data-image-description=\"\" data-image-caption=\"\" data-medium-file=\"https:\/\/www.legistdf.gob.ar\/wp-content\/uploads\/2017\/04\/IMG_0046-300x200.jpg\" data-large-file=\"https:\/\/www.legistdf.gob.ar\/wp-content\/uploads\/2017\/04\/IMG_0046.jpg\" \/><\/a>\n\t\t\t<\/dt><\/dl>\n\t\t\t<br style='clear: both' \/>\n\t\t<\/div>\n\n","protected":false},"excerpt":{"rendered":"<p>Ushuaia, lunes 17 de abril de 2017.- La legisladora M&oacute;nica Urquiza se mostr&oacute; disconforme con las repuestas que dio, el mi&eacute;rcoles pasado, el ministro de Salud, Marcos Colman, en el marco de la reuni&oacute;n de Comisi&oacute;n 5. As&iacute;, anticip&oacute; que ante las escuetas precisiones, presentar&aacute;n un pedido de informes sobre la situaci&oacute;n edilicia de los [&hellip;]<\/p>\n","protected":false},"author":352,"featured_media":1595,"comment_status":"closed","ping_status":"open","sticky":false,"template":"","format":"standard","meta":{"jetpack_post_was_ever_published":false,"_jetpack_newsletter_access":"","_jetpack_dont_email_post_to_subs":false,"_jetpack_newsletter_tier_id":0,"footnotes":"","jetpack_publicize_message":"","jetpack_publicize_feature_enabled":true,"jetpack_social_post_already_shared":true,"jetpack_social_options":{"image_generator_settings":{"template":"highway","enabled":false}}},"categories":[1],"tags":[],"jetpack_publicize_connections":[],"jetpack_sharing_enabled":true,"jetpack_featured_media_url":"https:\/\/www.legistdf.gob.ar\/wp-content\/uploads\/2017\/04\/IMG_0042-1.jpg","jetpack-related-posts":[],"_links":{"self":[{"href":"https:\/\/www.legistdf.gob.ar\/index.php\/wp-json\/wp\/v2\/posts\/1594"}],"collection":[{"href":"https:\/\/www.legistdf.gob.ar\/index.php\/wp-json\/wp\/v2\/posts"}],"about":[{"href":"https:\/\/www.legistdf.gob.ar\/index.php\/wp-json\/wp\/v2\/types\/post"}],"author":[{"embeddable":true,"href":"https:\/\/www.legistdf.gob.ar\/index.php\/wp-json\/wp\/v2\/users\/352"}],"replies":[{"embeddable":true,"href":"https:\/\/www.legistdf.gob.ar\/index.php\/wp-json\/wp\/v2\/comments?post=1594"}],"version-history":[{"count":1,"href":"https:\/\/www.legistdf.gob.ar\/index.php\/wp-json\/wp\/v2\/posts\/1594\/revisions"}],"predecessor-version":[{"id":1597,"href":"https:\/\/www.legistdf.gob.ar\/index.php\/wp-json\/wp\/v2\/posts\/1594\/revisions\/1597"}],"wp:featuredmedia":[{"embeddable":true,"href":"https:\/\/www.legistdf.gob.ar\/index.php\/wp-json\/wp\/v2\/media\/1595"}],"wp:attachment":[{"href":"https:\/\/www.legistdf.gob.ar\/index.php\/wp-json\/wp\/v2\/media?parent=1594"}],"wp:term":[{"taxonomy":"category","embeddable":true,"href":"https:\/\/www.legistdf.gob.ar\/index.php\/wp-json\/wp\/v2\/categories?post=1594"},{"taxonomy":"post_tag","embeddable":true,"href":"https:\/\/www.legistdf.gob.ar\/index.php\/wp-json\/wp\/v2\/tags?post=1594"}],"curies":[{"name":"wp","href":"https:\/\/api.w.org\/{rel}","templated":true}]}}