{"id":16099,"date":"2019-09-20T12:02:27","date_gmt":"2019-09-20T15:02:27","guid":{"rendered":"http:\/\/www.legistdf.gob.ar\/?p=16099"},"modified":"2019-09-20T12:02:27","modified_gmt":"2019-09-20T15:02:27","slug":"legislatura-analizaran-la-creacion-de-un-fondo-provincial-de-trasplantes","status":"publish","type":"post","link":"https:\/\/www.legistdf.gob.ar\/index.php\/2019\/09\/20\/legislatura-analizaran-la-creacion-de-un-fondo-provincial-de-trasplantes\/","title":{"rendered":"LEGISLATURA: Analizar\u00e1n la creaci\u00f3n de un fondo provincial de trasplantes"},"content":{"rendered":"<p><strong><img loading=\"lazy\" decoding=\"async\" data-attachment-id=\"8794\" data-permalink=\"https:\/\/www.legistdf.gob.ar\/index.php\/2018\/08\/15\/salud-la-legisladora-andrea-freites-busca-la-adhesion-a-la-ley-justina\/img_3385\/\" data-orig-file=\"https:\/\/www.legistdf.gob.ar\/wp-content\/uploads\/2018\/08\/IMG_3385.jpg\" data-orig-size=\"1500,1000\" data-comments-opened=\"0\" data-image-meta=\"{&quot;aperture&quot;:&quot;0&quot;,&quot;credit&quot;:&quot;PrensaLegislativa2015&quot;,&quot;camera&quot;:&quot;&quot;,&quot;caption&quot;:&quot;&quot;,&quot;created_timestamp&quot;:&quot;0&quot;,&quot;copyright&quot;:&quot;&quot;,&quot;focal_length&quot;:&quot;0&quot;,&quot;iso&quot;:&quot;0&quot;,&quot;shutter_speed&quot;:&quot;0&quot;,&quot;title&quot;:&quot;&quot;,&quot;orientation&quot;:&quot;0&quot;}\" data-image-title=\"IMG_3385\" data-image-description=\"\" data-image-caption=\"\" data-medium-file=\"https:\/\/www.legistdf.gob.ar\/wp-content\/uploads\/2018\/08\/IMG_3385-300x200.jpg\" data-large-file=\"https:\/\/www.legistdf.gob.ar\/wp-content\/uploads\/2018\/08\/IMG_3385-1024x683.jpg\" class=\"size-medium wp-image-8794 alignleft\" src=\"http:\/\/www.legistdf.gob.ar\/wp-content\/uploads\/2018\/08\/IMG_3385-300x200.jpg\" alt=\"\" width=\"300\" height=\"200\" srcset=\"https:\/\/www.legistdf.gob.ar\/wp-content\/uploads\/2018\/08\/IMG_3385-300x200.jpg 300w, https:\/\/www.legistdf.gob.ar\/wp-content\/uploads\/2018\/08\/IMG_3385-768x512.jpg 768w, https:\/\/www.legistdf.gob.ar\/wp-content\/uploads\/2018\/08\/IMG_3385-1024x683.jpg 1024w, https:\/\/www.legistdf.gob.ar\/wp-content\/uploads\/2018\/08\/IMG_3385-160x107.jpg 160w, https:\/\/www.legistdf.gob.ar\/wp-content\/uploads\/2018\/08\/IMG_3385.jpg 1500w\" sizes=\"(max-width: 300px) 100vw, 300px\" \/>Ushuaia, viernes 20 de septiembre de 2019.- La Comisi\u00f3n de Salud P\u00fablica (5), que preside la legisladora Liliana Mart\u00ednez Allende (UCR \u2013 Cambiemos), abordar\u00e1 varios asuntos que tienen actualmente estado parlamentario. Entre ellos, un proyecto de Ley para la creaci\u00f3n de Fondo TDF de Trasplantes (FoTDFT), destinado a \u201cuniversalizar la cobertura de acceso a pr\u00e1cticas trasplantol\u00f3gicas jerarquizando a la poblaci\u00f3n sin cobertura formal\u201d. La propuesta es de autor\u00eda de la legisladora Andrea Freites (FPV \u2013 PJ).<\/strong><\/p>\n<p><strong>\u00a0<\/strong><\/p>\n<p>El asunto, registrado bajo el N\u00b0 379\/18, busca \u201cuniversalizar la cobertura de acceso a pr\u00e1cticas trasplantol\u00f3gicas, jerarquizando a la poblaci\u00f3n sin cobertura formal, en las diversas etapas de pretrasplantes, trasplantes y postrasplantes de \u00f3rganos, tejidos y c\u00e9lulas de origen humano, incluida la inmunosupresi\u00f3n; as\u00ed como tambi\u00e9n cubrir las erogaciones que demande el cumplimiento de la Ley nacional de Trasplante de \u00f3rganos, tejidos y c\u00e9lulas\u201d (<a href=\"https:\/\/www.argentina.gob.ar\/sites\/default\/files\/ley-27447.pdf\" target=\"_blank\" rel=\"noopener\">Ley N\u00b0 27.447<\/a>).<\/p>\n<p>&nbsp;<\/p>\n<p>En su articulado, el proyecto establece que \u201cel Centro \u00danico Coordinador de Ablaci\u00f3n e Implante Tierra del Fuego (CUCAI &#8211; TDF) destinar\u00e1 prioritariamente el producido del fondo creado por la presente Ley a los objetivos descriptos de la Ley Nacional 27.447. Adem\u00e1s, tender\u00e1 a la atenci\u00f3n de los gastos de las personas carentes de cobertura social, en las diversas etapas que incluyen el pretrasplante, el trasplante y el postrasplante, incluida la inmunosupresi\u00f3n\u201d.<\/p>\n<p>&nbsp;<\/p>\n<p>Tambi\u00e9n, la norma propuesta fija como requisito para acceder a los beneficios del fondo, que \u201clos beneficiarios de las prestaciones del FoTDFT deber\u00e1n acreditar residencia inmediata en la Provincia no menor a dos (2) a\u00f1os. Si el paciente es menor de dos (2) a\u00f1os de edad, al menos uno de los progenitores o su representante legal debe cumplir tal condici\u00f3n\u201d.<\/p>\n<p>&nbsp;<\/p>\n<p>Cabe recordar que la Ley nacional es clara en cuanto a que \u201ctiene por objeto regular las actividades vinculadas a la obtenci\u00f3n y utilizaci\u00f3n de \u00f3rganos, tejidos y c\u00e9lulas de origen humano, en todo el territorio de la Rep\u00fablica Argentina, incluyendo la investigaci\u00f3n, promoci\u00f3n, donaci\u00f3n, extracci\u00f3n, preparaci\u00f3n, distribuci\u00f3n, el trasplante y su seguimiento\u201d.<img loading=\"lazy\" decoding=\"async\" data-attachment-id=\"8795\" data-permalink=\"https:\/\/www.legistdf.gob.ar\/index.php\/2018\/08\/15\/salud-la-legisladora-andrea-freites-busca-la-adhesion-a-la-ley-justina\/img_3387\/\" data-orig-file=\"https:\/\/www.legistdf.gob.ar\/wp-content\/uploads\/2018\/08\/IMG_3387.jpg\" data-orig-size=\"1500,1000\" data-comments-opened=\"0\" data-image-meta=\"{&quot;aperture&quot;:&quot;0&quot;,&quot;credit&quot;:&quot;PrensaLegislativa2015&quot;,&quot;camera&quot;:&quot;&quot;,&quot;caption&quot;:&quot;&quot;,&quot;created_timestamp&quot;:&quot;0&quot;,&quot;copyright&quot;:&quot;&quot;,&quot;focal_length&quot;:&quot;0&quot;,&quot;iso&quot;:&quot;0&quot;,&quot;shutter_speed&quot;:&quot;0&quot;,&quot;title&quot;:&quot;&quot;,&quot;orientation&quot;:&quot;0&quot;}\" data-image-title=\"IMG_3387\" data-image-description=\"\" data-image-caption=\"\" data-medium-file=\"https:\/\/www.legistdf.gob.ar\/wp-content\/uploads\/2018\/08\/IMG_3387-300x200.jpg\" data-large-file=\"https:\/\/www.legistdf.gob.ar\/wp-content\/uploads\/2018\/08\/IMG_3387-1024x683.jpg\" class=\"size-medium wp-image-8795 alignright\" src=\"http:\/\/www.legistdf.gob.ar\/wp-content\/uploads\/2018\/08\/IMG_3387-300x200.jpg\" alt=\"\" width=\"300\" height=\"200\" srcset=\"https:\/\/www.legistdf.gob.ar\/wp-content\/uploads\/2018\/08\/IMG_3387-300x200.jpg 300w, https:\/\/www.legistdf.gob.ar\/wp-content\/uploads\/2018\/08\/IMG_3387-768x512.jpg 768w, https:\/\/www.legistdf.gob.ar\/wp-content\/uploads\/2018\/08\/IMG_3387-1024x683.jpg 1024w, https:\/\/www.legistdf.gob.ar\/wp-content\/uploads\/2018\/08\/IMG_3387-160x107.jpg 160w, https:\/\/www.legistdf.gob.ar\/wp-content\/uploads\/2018\/08\/IMG_3387.jpg 1500w\" sizes=\"(max-width: 300px) 100vw, 300px\" \/><\/p>\n<p>&nbsp;<\/p>\n<p><strong>Prensa Legislativa<\/strong> se contact\u00f3 con el responsable del CUCAI \u2013 TDF Dr. Eduardo Serra, para consultarlo sobre el proyecto de la legisladora Freites. Sostuvo que de aprobarse este proyecto, \u201cle cambia radicalmente la vida a los pacientes, en cuanto a su situaci\u00f3n econ\u00f3mica, b\u00e1sicamente cuando deben viajar, y nos permite una mejor fluidez en una enorme cantidad de tr\u00e1mites\u201d.<\/p>\n<p>&nbsp;<\/p>\n<p>En ese sentido, adelant\u00f3 que \u201cya estuve hablando con la fundaci\u00f3n de pacientes recientemente creada, que ya tiene personer\u00eda jur\u00eddica, para trabajar en forma conjunta desde la creaci\u00f3n de este fondo. Obviamente despu\u00e9s vamos a trabajar tambi\u00e9n en la reglamentaci\u00f3n de la norma, pero b\u00e1sicamente teniendo ya una base econ\u00f3mica m\u00e1s all\u00e1 del recupero que obtenemos de los operativos, esto va a permitir que nosotros como jurisdicci\u00f3n y como Provincia podamos contribuir a todo lo que es, no solo lo que tiene que ver con la cuesti\u00f3n previa al trasplante, sino durante el trasplante y los controles posteriores, o sea todo lo relacionado a la Ley nacional de pacientes trasplantados\u201d.<\/p>\n<p>&nbsp;<\/p>\n<p>\u201cNosotros hoy no contamos con una partida mensual o dinero para disponer, nosotros trabajamos con lo que se llama recupero de costos. Nuestro trabajo de ablaci\u00f3n es un acto m\u00e9dico, que est\u00e1 nomenclado con un costo, y en base a ese costo es que nosotros recuperamos ese fondo\u201d, explic\u00f3 el titular del CUCAI \u2013 TDF.<\/p>\n<p>&nbsp;<\/p>\n<p>\u201cM\u00e1s que nada, la funci\u00f3n principal de este fondo ser\u00eda una contribuci\u00f3n desde lo social a todo lo relacionado con el trasplante de \u00f3rganos\u201d, concluy\u00f3 el Dr. Eduardo Serra.<\/p>\n<p style=\"text-align: right\">LVV<\/p>\n\n\t\t<style type=\"text\/css\">\n\t\t\t#gallery-1 {\n\t\t\t\tmargin: auto;\n\t\t\t}\n\t\t\t#gallery-1 .gallery-item {\n\t\t\t\tfloat: left;\n\t\t\t\tmargin-top: 10px;\n\t\t\t\ttext-align: center;\n\t\t\t\twidth: 33%;\n\t\t\t}\n\t\t\t#gallery-1 img {\n\t\t\t\tborder: 2px solid #cfcfcf;\n\t\t\t}\n\t\t\t#gallery-1 .gallery-caption {\n\t\t\t\tmargin-left: 0;\n\t\t\t}\n\t\t\t\/* see gallery_shortcode() in wp-includes\/media.php *\/\n\t\t<\/style>\n\t\t<div data-carousel-extra='{\"blog_id\":1,\"permalink\":\"https:\\\/\\\/www.legistdf.gob.ar\\\/index.php\\\/2019\\\/09\\\/20\\\/legislatura-analizaran-la-creacion-de-un-fondo-provincial-de-trasplantes\\\/\"}' id='gallery-1' class='gallery galleryid-16099 gallery-columns-3 gallery-size-thumbnail'><dl class='gallery-item'>\n\t\t\t<dt class='gallery-icon landscape'>\n\t\t\t\t<a href='https:\/\/www.legistdf.gob.ar\/index.php\/2018\/08\/15\/salud-la-legisladora-andrea-freites-busca-la-adhesion-a-la-ley-justina\/img_3381\/'><img loading=\"lazy\" decoding=\"async\" width=\"150\" height=\"150\" src=\"https:\/\/www.legistdf.gob.ar\/wp-content\/uploads\/2018\/08\/IMG_3381-150x150.jpg\" class=\"attachment-thumbnail size-thumbnail\" alt=\"\" srcset=\"https:\/\/www.legistdf.gob.ar\/wp-content\/uploads\/2018\/08\/IMG_3381-150x150.jpg 150w, https:\/\/www.legistdf.gob.ar\/wp-content\/uploads\/2018\/08\/IMG_3381-64x64.jpg 64w\" sizes=\"(max-width: 150px) 100vw, 150px\" data-attachment-id=\"8793\" data-permalink=\"https:\/\/www.legistdf.gob.ar\/index.php\/2018\/08\/15\/salud-la-legisladora-andrea-freites-busca-la-adhesion-a-la-ley-justina\/img_3381\/\" data-orig-file=\"https:\/\/www.legistdf.gob.ar\/wp-content\/uploads\/2018\/08\/IMG_3381.jpg\" data-orig-size=\"1500,1000\" data-comments-opened=\"0\" data-image-meta=\"{&quot;aperture&quot;:&quot;0&quot;,&quot;credit&quot;:&quot;PrensaLegislativa2015&quot;,&quot;camera&quot;:&quot;&quot;,&quot;caption&quot;:&quot;&quot;,&quot;created_timestamp&quot;:&quot;0&quot;,&quot;copyright&quot;:&quot;&quot;,&quot;focal_length&quot;:&quot;0&quot;,&quot;iso&quot;:&quot;0&quot;,&quot;shutter_speed&quot;:&quot;0&quot;,&quot;title&quot;:&quot;&quot;,&quot;orientation&quot;:&quot;0&quot;}\" data-image-title=\"IMG_3381\" data-image-description=\"\" data-image-caption=\"\" data-medium-file=\"https:\/\/www.legistdf.gob.ar\/wp-content\/uploads\/2018\/08\/IMG_3381-300x200.jpg\" data-large-file=\"https:\/\/www.legistdf.gob.ar\/wp-content\/uploads\/2018\/08\/IMG_3381-1024x683.jpg\" \/><\/a>\n\t\t\t<\/dt><\/dl><dl class='gallery-item'>\n\t\t\t<dt class='gallery-icon landscape'>\n\t\t\t\t<a href='https:\/\/www.legistdf.gob.ar\/index.php\/2018\/08\/15\/salud-la-legisladora-andrea-freites-busca-la-adhesion-a-la-ley-justina\/img_3385\/'><img loading=\"lazy\" decoding=\"async\" width=\"150\" height=\"150\" src=\"https:\/\/www.legistdf.gob.ar\/wp-content\/uploads\/2018\/08\/IMG_3385-150x150.jpg\" class=\"attachment-thumbnail size-thumbnail\" alt=\"\" srcset=\"https:\/\/www.legistdf.gob.ar\/wp-content\/uploads\/2018\/08\/IMG_3385-150x150.jpg 150w, https:\/\/www.legistdf.gob.ar\/wp-content\/uploads\/2018\/08\/IMG_3385-64x64.jpg 64w\" sizes=\"(max-width: 150px) 100vw, 150px\" data-attachment-id=\"8794\" data-permalink=\"https:\/\/www.legistdf.gob.ar\/index.php\/2018\/08\/15\/salud-la-legisladora-andrea-freites-busca-la-adhesion-a-la-ley-justina\/img_3385\/\" data-orig-file=\"https:\/\/www.legistdf.gob.ar\/wp-content\/uploads\/2018\/08\/IMG_3385.jpg\" data-orig-size=\"1500,1000\" data-comments-opened=\"0\" data-image-meta=\"{&quot;aperture&quot;:&quot;0&quot;,&quot;credit&quot;:&quot;PrensaLegislativa2015&quot;,&quot;camera&quot;:&quot;&quot;,&quot;caption&quot;:&quot;&quot;,&quot;created_timestamp&quot;:&quot;0&quot;,&quot;copyright&quot;:&quot;&quot;,&quot;focal_length&quot;:&quot;0&quot;,&quot;iso&quot;:&quot;0&quot;,&quot;shutter_speed&quot;:&quot;0&quot;,&quot;title&quot;:&quot;&quot;,&quot;orientation&quot;:&quot;0&quot;}\" data-image-title=\"IMG_3385\" data-image-description=\"\" data-image-caption=\"\" data-medium-file=\"https:\/\/www.legistdf.gob.ar\/wp-content\/uploads\/2018\/08\/IMG_3385-300x200.jpg\" data-large-file=\"https:\/\/www.legistdf.gob.ar\/wp-content\/uploads\/2018\/08\/IMG_3385-1024x683.jpg\" \/><\/a>\n\t\t\t<\/dt><\/dl><dl class='gallery-item'>\n\t\t\t<dt class='gallery-icon landscape'>\n\t\t\t\t<a href='https:\/\/www.legistdf.gob.ar\/index.php\/2018\/08\/15\/salud-la-legisladora-andrea-freites-busca-la-adhesion-a-la-ley-justina\/img_3387\/'><img loading=\"lazy\" decoding=\"async\" width=\"150\" height=\"150\" src=\"https:\/\/www.legistdf.gob.ar\/wp-content\/uploads\/2018\/08\/IMG_3387-150x150.jpg\" class=\"attachment-thumbnail size-thumbnail\" alt=\"\" srcset=\"https:\/\/www.legistdf.gob.ar\/wp-content\/uploads\/2018\/08\/IMG_3387-150x150.jpg 150w, https:\/\/www.legistdf.gob.ar\/wp-content\/uploads\/2018\/08\/IMG_3387-64x64.jpg 64w\" sizes=\"(max-width: 150px) 100vw, 150px\" data-attachment-id=\"8795\" data-permalink=\"https:\/\/www.legistdf.gob.ar\/index.php\/2018\/08\/15\/salud-la-legisladora-andrea-freites-busca-la-adhesion-a-la-ley-justina\/img_3387\/\" data-orig-file=\"https:\/\/www.legistdf.gob.ar\/wp-content\/uploads\/2018\/08\/IMG_3387.jpg\" data-orig-size=\"1500,1000\" data-comments-opened=\"0\" data-image-meta=\"{&quot;aperture&quot;:&quot;0&quot;,&quot;credit&quot;:&quot;PrensaLegislativa2015&quot;,&quot;camera&quot;:&quot;&quot;,&quot;caption&quot;:&quot;&quot;,&quot;created_timestamp&quot;:&quot;0&quot;,&quot;copyright&quot;:&quot;&quot;,&quot;focal_length&quot;:&quot;0&quot;,&quot;iso&quot;:&quot;0&quot;,&quot;shutter_speed&quot;:&quot;0&quot;,&quot;title&quot;:&quot;&quot;,&quot;orientation&quot;:&quot;0&quot;}\" data-image-title=\"IMG_3387\" data-image-description=\"\" data-image-caption=\"\" data-medium-file=\"https:\/\/www.legistdf.gob.ar\/wp-content\/uploads\/2018\/08\/IMG_3387-300x200.jpg\" data-large-file=\"https:\/\/www.legistdf.gob.ar\/wp-content\/uploads\/2018\/08\/IMG_3387-1024x683.jpg\" \/><\/a>\n\t\t\t<\/dt><\/dl><br style=\"clear: both\" \/><dl class='gallery-item'>\n\t\t\t<dt class='gallery-icon landscape'>\n\t\t\t\t<a href='https:\/\/www.legistdf.gob.ar\/index.php\/2018\/08\/22\/salud-abordan-proyecto-de-ley-de-adhesion-a-la-ley-justina\/img_4246\/'><img loading=\"lazy\" decoding=\"async\" width=\"150\" height=\"150\" src=\"https:\/\/www.legistdf.gob.ar\/wp-content\/uploads\/2018\/08\/IMG_4246-150x150.jpg\" class=\"attachment-thumbnail size-thumbnail\" alt=\"\" srcset=\"https:\/\/www.legistdf.gob.ar\/wp-content\/uploads\/2018\/08\/IMG_4246-150x150.jpg 150w, https:\/\/www.legistdf.gob.ar\/wp-content\/uploads\/2018\/08\/IMG_4246-64x64.jpg 64w\" sizes=\"(max-width: 150px) 100vw, 150px\" data-attachment-id=\"8926\" data-permalink=\"https:\/\/www.legistdf.gob.ar\/index.php\/2018\/08\/22\/salud-abordan-proyecto-de-ley-de-adhesion-a-la-ley-justina\/img_4246\/\" data-orig-file=\"https:\/\/www.legistdf.gob.ar\/wp-content\/uploads\/2018\/08\/IMG_4246.jpg\" data-orig-size=\"1500,1000\" data-comments-opened=\"0\" data-image-meta=\"{&quot;aperture&quot;:&quot;0&quot;,&quot;credit&quot;:&quot;PrensaLegislativa2015&quot;,&quot;camera&quot;:&quot;&quot;,&quot;caption&quot;:&quot;&quot;,&quot;created_timestamp&quot;:&quot;0&quot;,&quot;copyright&quot;:&quot;&quot;,&quot;focal_length&quot;:&quot;0&quot;,&quot;iso&quot;:&quot;0&quot;,&quot;shutter_speed&quot;:&quot;0&quot;,&quot;title&quot;:&quot;&quot;,&quot;orientation&quot;:&quot;0&quot;}\" data-image-title=\"IMG_4246\" data-image-description=\"\" data-image-caption=\"\" data-medium-file=\"https:\/\/www.legistdf.gob.ar\/wp-content\/uploads\/2018\/08\/IMG_4246-300x200.jpg\" data-large-file=\"https:\/\/www.legistdf.gob.ar\/wp-content\/uploads\/2018\/08\/IMG_4246-1024x683.jpg\" \/><\/a>\n\t\t\t<\/dt><\/dl>\n\t\t\t<br style='clear: both' \/>\n\t\t<\/div>\n\n","protected":false},"excerpt":{"rendered":"<p>Ushuaia, viernes 20 de septiembre de 2019.- La Comisi\u00f3n de Salud P\u00fablica (5), que preside la legisladora Liliana Mart\u00ednez Allende (UCR \u2013 Cambiemos), abordar\u00e1 varios asuntos que tienen actualmente estado parlamentario. Entre ellos, un proyecto de Ley para la creaci\u00f3n de Fondo TDF de Trasplantes (FoTDFT), destinado a \u201cuniversalizar la cobertura de acceso a pr\u00e1cticas [&hellip;]<\/p>\n","protected":false},"author":352,"featured_media":8794,"comment_status":"closed","ping_status":"open","sticky":false,"template":"","format":"standard","meta":{"jetpack_post_was_ever_published":false,"_jetpack_newsletter_access":"","_jetpack_dont_email_post_to_subs":false,"_jetpack_newsletter_tier_id":0,"footnotes":"","jetpack_publicize_message":"#TierradelFuego #LegisTDF LEGISLATURA: Analizar\u00e1n la creaci\u00f3n de un fondo provincial de trasplantes","jetpack_publicize_feature_enabled":true,"jetpack_social_post_already_shared":true,"jetpack_social_options":{"image_generator_settings":{"template":"highway","enabled":false}}},"categories":[1],"tags":[81,1679,429,48,1678,87],"jetpack_publicize_connections":[],"jetpack_sharing_enabled":true,"jetpack_featured_media_url":"https:\/\/www.legistdf.gob.ar\/wp-content\/uploads\/2018\/08\/IMG_3385.jpg","jetpack-related-posts":[],"_links":{"self":[{"href":"https:\/\/www.legistdf.gob.ar\/index.php\/wp-json\/wp\/v2\/posts\/16099"}],"collection":[{"href":"https:\/\/www.legistdf.gob.ar\/index.php\/wp-json\/wp\/v2\/posts"}],"about":[{"href":"https:\/\/www.legistdf.gob.ar\/index.php\/wp-json\/wp\/v2\/types\/post"}],"author":[{"embeddable":true,"href":"https:\/\/www.legistdf.gob.ar\/index.php\/wp-json\/wp\/v2\/users\/352"}],"replies":[{"embeddable":true,"href":"https:\/\/www.legistdf.gob.ar\/index.php\/wp-json\/wp\/v2\/comments?post=16099"}],"version-history":[{"count":2,"href":"https:\/\/www.legistdf.gob.ar\/index.php\/wp-json\/wp\/v2\/posts\/16099\/revisions"}],"predecessor-version":[{"id":16101,"href":"https:\/\/www.legistdf.gob.ar\/index.php\/wp-json\/wp\/v2\/posts\/16099\/revisions\/16101"}],"wp:featuredmedia":[{"embeddable":true,"href":"https:\/\/www.legistdf.gob.ar\/index.php\/wp-json\/wp\/v2\/media\/8794"}],"wp:attachment":[{"href":"https:\/\/www.legistdf.gob.ar\/index.php\/wp-json\/wp\/v2\/media?parent=16099"}],"wp:term":[{"taxonomy":"category","embeddable":true,"href":"https:\/\/www.legistdf.gob.ar\/index.php\/wp-json\/wp\/v2\/categories?post=16099"},{"taxonomy":"post_tag","embeddable":true,"href":"https:\/\/www.legistdf.gob.ar\/index.php\/wp-json\/wp\/v2\/tags?post=16099"}],"curies":[{"name":"wp","href":"https:\/\/api.w.org\/{rel}","templated":true}]}}