{"id":16102,"date":"2019-09-22T14:02:55","date_gmt":"2019-09-22T17:02:55","guid":{"rendered":"http:\/\/www.legistdf.gob.ar\/?p=16102"},"modified":"2019-09-23T12:52:05","modified_gmt":"2019-09-23T15:52:05","slug":"seguridad-capacitaron-en-ciberdelitos-y-acoso-infantil","status":"publish","type":"post","link":"https:\/\/www.legistdf.gob.ar\/index.php\/2019\/09\/22\/seguridad-capacitaron-en-ciberdelitos-y-acoso-infantil\/","title":{"rendered":"SEGURIDAD: Capacitaron en ciberdelitos y acoso infantil"},"content":{"rendered":"<p><strong><img loading=\"lazy\" decoding=\"async\" data-attachment-id=\"16106\" data-permalink=\"https:\/\/www.legistdf.gob.ar\/index.php\/2019\/09\/22\/seguridad-capacitaron-en-ciberdelitos-y-acoso-infantil\/img_0635\/\" data-orig-file=\"https:\/\/www.legistdf.gob.ar\/wp-content\/uploads\/2019\/09\/IMG_0635.jpg\" data-orig-size=\"1500,1000\" data-comments-opened=\"0\" data-image-meta=\"{&quot;aperture&quot;:&quot;5.6&quot;,&quot;credit&quot;:&quot;&quot;,&quot;camera&quot;:&quot;Canon EOS 6D&quot;,&quot;caption&quot;:&quot;&quot;,&quot;created_timestamp&quot;:&quot;1568961257&quot;,&quot;copyright&quot;:&quot;&quot;,&quot;focal_length&quot;:&quot;28&quot;,&quot;iso&quot;:&quot;250&quot;,&quot;shutter_speed&quot;:&quot;0.016666666666667&quot;,&quot;title&quot;:&quot;&quot;,&quot;orientation&quot;:&quot;0&quot;}\" data-image-title=\"IMG_0635\" data-image-description=\"\" data-image-caption=\"\" data-medium-file=\"https:\/\/www.legistdf.gob.ar\/wp-content\/uploads\/2019\/09\/IMG_0635-300x200.jpg\" data-large-file=\"https:\/\/www.legistdf.gob.ar\/wp-content\/uploads\/2019\/09\/IMG_0635-1024x683.jpg\" class=\"size-medium wp-image-16106 alignleft\" src=\"http:\/\/www.legistdf.gob.ar\/wp-content\/uploads\/2019\/09\/IMG_0635-300x200.jpg\" alt=\"\" width=\"300\" height=\"200\" srcset=\"https:\/\/www.legistdf.gob.ar\/wp-content\/uploads\/2019\/09\/IMG_0635-300x200.jpg 300w, https:\/\/www.legistdf.gob.ar\/wp-content\/uploads\/2019\/09\/IMG_0635-768x512.jpg 768w, https:\/\/www.legistdf.gob.ar\/wp-content\/uploads\/2019\/09\/IMG_0635-1024x683.jpg 1024w, https:\/\/www.legistdf.gob.ar\/wp-content\/uploads\/2019\/09\/IMG_0635-160x107.jpg 160w, https:\/\/www.legistdf.gob.ar\/wp-content\/uploads\/2019\/09\/IMG_0635.jpg 1500w\" sizes=\"(max-width: 300px) 100vw, 300px\" \/>Domingo, 22 de septiembre de 2019.- An\u00edbal Lazzaroni, del Programa Provincial de la Prevenci\u00f3n de Delitos y Violencia, del Ministerio de Educaci\u00f3n, disert\u00f3 sobre ciberdelitos y acoso infantil. Dentro de la pol\u00edtica encarada por la cartera de Seguridad de la Naci\u00f3n, se busca la \u201cprofesionalizaci\u00f3n y capacitaci\u00f3n\u201d del personal de las fuerzas de seguridad federales y provinciales. Participaron de la jornada \u201cActualizaci\u00f3n en ciberdelitos y acoso infantil\u201d, el viernes pasado en Prefectra Naval y en representaci\u00f3n del Parlamento, los legisladores Liliana Mart\u00ednez Allende y Pablo Blanco (UCR \u2013 Cambiemos).<\/strong><\/p>\n<p><strong>\u00a0<\/strong><\/p>\n<p>Entre los asuntos que abord\u00f3 el profesional, se definieron los diferentes delitos inform\u00e1ticos, explic\u00f3 el impacto de los delitos por ciudad y en el segmento educativo. Tambi\u00e9n, recorri\u00f3 el mapa actualizado sobre p\u00e1ginas y aplicaciones para celulares inteligentes de riesgo en nuestra Provincia. Se ahond\u00f3 tambi\u00e9n, en el marco jur\u00eddico actualizado, la prevenci\u00f3n, la investigaci\u00f3n y represi\u00f3n del delito.<\/p>\n<p>&nbsp;<\/p>\n<p>El legislador Pablo Blanco, plante\u00f3 su experiencia personal en este temario y se esperanz\u00f3 en que el nuevo Gobierno a asumir, contin\u00fae con la tarea de prevenci\u00f3n y capacitaci\u00f3n constante. \u201cVoy a seguir colaborando a trav\u00e9s de los carriles que se tiendan para capacitar y comprometer a la gente\u201d, se\u00f1al\u00f3.<img loading=\"lazy\" decoding=\"async\" data-attachment-id=\"16105\" data-permalink=\"https:\/\/www.legistdf.gob.ar\/index.php\/2019\/09\/22\/seguridad-capacitaron-en-ciberdelitos-y-acoso-infantil\/img_0674-2\/\" data-orig-file=\"https:\/\/www.legistdf.gob.ar\/wp-content\/uploads\/2019\/09\/IMG_0674.jpg\" data-orig-size=\"1500,1000\" data-comments-opened=\"0\" data-image-meta=\"{&quot;aperture&quot;:&quot;5.6&quot;,&quot;credit&quot;:&quot;&quot;,&quot;camera&quot;:&quot;Canon EOS 6D&quot;,&quot;caption&quot;:&quot;&quot;,&quot;created_timestamp&quot;:&quot;1568964146&quot;,&quot;copyright&quot;:&quot;&quot;,&quot;focal_length&quot;:&quot;24&quot;,&quot;iso&quot;:&quot;250&quot;,&quot;shutter_speed&quot;:&quot;0.016666666666667&quot;,&quot;title&quot;:&quot;&quot;,&quot;orientation&quot;:&quot;0&quot;}\" data-image-title=\"IMG_0674\" data-image-description=\"\" data-image-caption=\"\" data-medium-file=\"https:\/\/www.legistdf.gob.ar\/wp-content\/uploads\/2019\/09\/IMG_0674-300x200.jpg\" data-large-file=\"https:\/\/www.legistdf.gob.ar\/wp-content\/uploads\/2019\/09\/IMG_0674-1024x683.jpg\" class=\"size-medium wp-image-16105 alignright\" src=\"http:\/\/www.legistdf.gob.ar\/wp-content\/uploads\/2019\/09\/IMG_0674-300x200.jpg\" alt=\"\" width=\"300\" height=\"200\" srcset=\"https:\/\/www.legistdf.gob.ar\/wp-content\/uploads\/2019\/09\/IMG_0674-300x200.jpg 300w, https:\/\/www.legistdf.gob.ar\/wp-content\/uploads\/2019\/09\/IMG_0674-768x512.jpg 768w, https:\/\/www.legistdf.gob.ar\/wp-content\/uploads\/2019\/09\/IMG_0674-1024x683.jpg 1024w, https:\/\/www.legistdf.gob.ar\/wp-content\/uploads\/2019\/09\/IMG_0674-160x107.jpg 160w, https:\/\/www.legistdf.gob.ar\/wp-content\/uploads\/2019\/09\/IMG_0674.jpg 1500w\" sizes=\"(max-width: 300px) 100vw, 300px\" \/><\/p>\n<p>&nbsp;<\/p>\n<p>En tanto, la legisladora Liliana Mart\u00ednez Allende dijo que el encuentro \u201cda la oportunidad de continuar trabajando en esto. Me pongo a disposici\u00f3n, hay cuestiones que nosotros desconocemos y hay muchas cosas que las fuerzas pueden necesitar\u201d, sostuvo el viernes pasado. Se puso a disposici\u00f3n de las fuerzas federales en la generaci\u00f3n herramientas para trabajar en la prevenci\u00f3n.<\/p>\n<p>&nbsp;<\/p>\n<p>Entre los asistentes, participaron referentes de la Polic\u00eda Federal, Gendarmer\u00eda Nacional, Polic\u00eda fueguina, y Prefectura Naval, El evento fue declarado de inter\u00e9s provincial, por parte del titular de la C\u00e1mara Legislativa, de acuerdo a la Resoluci\u00f3n N\u00ba 1619\/19 y ser\u00e1 ratificado por la composici\u00f3n legislativa en la pr\u00f3xima sesi\u00f3n ordinaria.<\/p>\n<p>&nbsp;<\/p>\n<p style=\"text-align: right\"><em>AT-MBCH-DM<\/em><\/p>\n\n\t\t<style type=\"text\/css\">\n\t\t\t#gallery-1 {\n\t\t\t\tmargin: auto;\n\t\t\t}\n\t\t\t#gallery-1 .gallery-item {\n\t\t\t\tfloat: left;\n\t\t\t\tmargin-top: 10px;\n\t\t\t\ttext-align: center;\n\t\t\t\twidth: 33%;\n\t\t\t}\n\t\t\t#gallery-1 img {\n\t\t\t\tborder: 2px solid #cfcfcf;\n\t\t\t}\n\t\t\t#gallery-1 .gallery-caption {\n\t\t\t\tmargin-left: 0;\n\t\t\t}\n\t\t\t\/* see gallery_shortcode() in wp-includes\/media.php *\/\n\t\t<\/style>\n\t\t<div data-carousel-extra='{\"blog_id\":1,\"permalink\":\"https:\\\/\\\/www.legistdf.gob.ar\\\/index.php\\\/2019\\\/09\\\/22\\\/seguridad-capacitaron-en-ciberdelitos-y-acoso-infantil\\\/\"}' id='gallery-1' class='gallery galleryid-16102 gallery-columns-3 gallery-size-medium'><dl class='gallery-item'>\n\t\t\t<dt class='gallery-icon landscape'>\n\t\t\t\t<a href='https:\/\/www.legistdf.gob.ar\/index.php\/2019\/09\/22\/seguridad-capacitaron-en-ciberdelitos-y-acoso-infantil\/img_0661\/'><img loading=\"lazy\" decoding=\"async\" width=\"300\" height=\"200\" src=\"https:\/\/www.legistdf.gob.ar\/wp-content\/uploads\/2019\/09\/IMG_0661-300x200.jpg\" class=\"attachment-medium size-medium\" alt=\"\" srcset=\"https:\/\/www.legistdf.gob.ar\/wp-content\/uploads\/2019\/09\/IMG_0661-300x200.jpg 300w, https:\/\/www.legistdf.gob.ar\/wp-content\/uploads\/2019\/09\/IMG_0661-768x512.jpg 768w, https:\/\/www.legistdf.gob.ar\/wp-content\/uploads\/2019\/09\/IMG_0661-1024x683.jpg 1024w, https:\/\/www.legistdf.gob.ar\/wp-content\/uploads\/2019\/09\/IMG_0661-160x107.jpg 160w, https:\/\/www.legistdf.gob.ar\/wp-content\/uploads\/2019\/09\/IMG_0661.jpg 1500w\" sizes=\"(max-width: 300px) 100vw, 300px\" data-attachment-id=\"16113\" data-permalink=\"https:\/\/www.legistdf.gob.ar\/index.php\/2019\/09\/22\/seguridad-capacitaron-en-ciberdelitos-y-acoso-infantil\/img_0661\/\" data-orig-file=\"https:\/\/www.legistdf.gob.ar\/wp-content\/uploads\/2019\/09\/IMG_0661.jpg\" data-orig-size=\"1500,1000\" data-comments-opened=\"0\" data-image-meta=\"{&quot;aperture&quot;:&quot;5.6&quot;,&quot;credit&quot;:&quot;&quot;,&quot;camera&quot;:&quot;Canon EOS 6D&quot;,&quot;caption&quot;:&quot;&quot;,&quot;created_timestamp&quot;:&quot;1568963520&quot;,&quot;copyright&quot;:&quot;&quot;,&quot;focal_length&quot;:&quot;70&quot;,&quot;iso&quot;:&quot;250&quot;,&quot;shutter_speed&quot;:&quot;0.016666666666667&quot;,&quot;title&quot;:&quot;&quot;,&quot;orientation&quot;:&quot;0&quot;}\" data-image-title=\"IMG_0661\" data-image-description=\"\" data-image-caption=\"\" data-medium-file=\"https:\/\/www.legistdf.gob.ar\/wp-content\/uploads\/2019\/09\/IMG_0661-300x200.jpg\" data-large-file=\"https:\/\/www.legistdf.gob.ar\/wp-content\/uploads\/2019\/09\/IMG_0661-1024x683.jpg\" \/><\/a>\n\t\t\t<\/dt><\/dl><dl class='gallery-item'>\n\t\t\t<dt class='gallery-icon landscape'>\n\t\t\t\t<a href='https:\/\/www.legistdf.gob.ar\/index.php\/2019\/09\/22\/seguridad-capacitaron-en-ciberdelitos-y-acoso-infantil\/img_0668-2\/'><img loading=\"lazy\" decoding=\"async\" width=\"300\" height=\"200\" src=\"https:\/\/www.legistdf.gob.ar\/wp-content\/uploads\/2019\/09\/IMG_0668-300x200.jpg\" class=\"attachment-medium size-medium\" alt=\"\" srcset=\"https:\/\/www.legistdf.gob.ar\/wp-content\/uploads\/2019\/09\/IMG_0668-300x200.jpg 300w, https:\/\/www.legistdf.gob.ar\/wp-content\/uploads\/2019\/09\/IMG_0668-768x512.jpg 768w, https:\/\/www.legistdf.gob.ar\/wp-content\/uploads\/2019\/09\/IMG_0668-1024x683.jpg 1024w, https:\/\/www.legistdf.gob.ar\/wp-content\/uploads\/2019\/09\/IMG_0668-160x107.jpg 160w, https:\/\/www.legistdf.gob.ar\/wp-content\/uploads\/2019\/09\/IMG_0668.jpg 1500w\" sizes=\"(max-width: 300px) 100vw, 300px\" data-attachment-id=\"16111\" data-permalink=\"https:\/\/www.legistdf.gob.ar\/index.php\/2019\/09\/22\/seguridad-capacitaron-en-ciberdelitos-y-acoso-infantil\/img_0668-2\/\" data-orig-file=\"https:\/\/www.legistdf.gob.ar\/wp-content\/uploads\/2019\/09\/IMG_0668.jpg\" data-orig-size=\"1500,1000\" data-comments-opened=\"0\" data-image-meta=\"{&quot;aperture&quot;:&quot;5.6&quot;,&quot;credit&quot;:&quot;&quot;,&quot;camera&quot;:&quot;Canon EOS 6D&quot;,&quot;caption&quot;:&quot;&quot;,&quot;created_timestamp&quot;:&quot;1568963629&quot;,&quot;copyright&quot;:&quot;&quot;,&quot;focal_length&quot;:&quot;70&quot;,&quot;iso&quot;:&quot;250&quot;,&quot;shutter_speed&quot;:&quot;0.016666666666667&quot;,&quot;title&quot;:&quot;&quot;,&quot;orientation&quot;:&quot;0&quot;}\" data-image-title=\"IMG_0668\" data-image-description=\"\" data-image-caption=\"\" data-medium-file=\"https:\/\/www.legistdf.gob.ar\/wp-content\/uploads\/2019\/09\/IMG_0668-300x200.jpg\" data-large-file=\"https:\/\/www.legistdf.gob.ar\/wp-content\/uploads\/2019\/09\/IMG_0668-1024x683.jpg\" \/><\/a>\n\t\t\t<\/dt><\/dl><dl class='gallery-item'>\n\t\t\t<dt class='gallery-icon landscape'>\n\t\t\t\t<a href='https:\/\/www.legistdf.gob.ar\/index.php\/2019\/09\/22\/seguridad-capacitaron-en-ciberdelitos-y-acoso-infantil\/img_0650\/'><img loading=\"lazy\" decoding=\"async\" width=\"300\" height=\"200\" src=\"https:\/\/www.legistdf.gob.ar\/wp-content\/uploads\/2019\/09\/IMG_0650-300x200.jpg\" class=\"attachment-medium size-medium\" alt=\"\" srcset=\"https:\/\/www.legistdf.gob.ar\/wp-content\/uploads\/2019\/09\/IMG_0650-300x200.jpg 300w, https:\/\/www.legistdf.gob.ar\/wp-content\/uploads\/2019\/09\/IMG_0650-768x512.jpg 768w, https:\/\/www.legistdf.gob.ar\/wp-content\/uploads\/2019\/09\/IMG_0650-1024x683.jpg 1024w, https:\/\/www.legistdf.gob.ar\/wp-content\/uploads\/2019\/09\/IMG_0650-160x107.jpg 160w, https:\/\/www.legistdf.gob.ar\/wp-content\/uploads\/2019\/09\/IMG_0650.jpg 1500w\" sizes=\"(max-width: 300px) 100vw, 300px\" data-attachment-id=\"16112\" data-permalink=\"https:\/\/www.legistdf.gob.ar\/index.php\/2019\/09\/22\/seguridad-capacitaron-en-ciberdelitos-y-acoso-infantil\/img_0650\/\" data-orig-file=\"https:\/\/www.legistdf.gob.ar\/wp-content\/uploads\/2019\/09\/IMG_0650.jpg\" data-orig-size=\"1500,1000\" data-comments-opened=\"0\" data-image-meta=\"{&quot;aperture&quot;:&quot;5.6&quot;,&quot;credit&quot;:&quot;&quot;,&quot;camera&quot;:&quot;Canon EOS 6D&quot;,&quot;caption&quot;:&quot;&quot;,&quot;created_timestamp&quot;:&quot;1568961657&quot;,&quot;copyright&quot;:&quot;&quot;,&quot;focal_length&quot;:&quot;70&quot;,&quot;iso&quot;:&quot;250&quot;,&quot;shutter_speed&quot;:&quot;0.016666666666667&quot;,&quot;title&quot;:&quot;&quot;,&quot;orientation&quot;:&quot;0&quot;}\" data-image-title=\"IMG_0650\" data-image-description=\"\" data-image-caption=\"\" data-medium-file=\"https:\/\/www.legistdf.gob.ar\/wp-content\/uploads\/2019\/09\/IMG_0650-300x200.jpg\" data-large-file=\"https:\/\/www.legistdf.gob.ar\/wp-content\/uploads\/2019\/09\/IMG_0650-1024x683.jpg\" \/><\/a>\n\t\t\t<\/dt><\/dl><br style=\"clear: both\" \/><dl class='gallery-item'>\n\t\t\t<dt class='gallery-icon landscape'>\n\t\t\t\t<a href='https:\/\/www.legistdf.gob.ar\/index.php\/2019\/09\/22\/seguridad-capacitaron-en-ciberdelitos-y-acoso-infantil\/img_0655-2\/'><img loading=\"lazy\" decoding=\"async\" width=\"300\" height=\"200\" src=\"https:\/\/www.legistdf.gob.ar\/wp-content\/uploads\/2019\/09\/IMG_0655-300x200.jpg\" class=\"attachment-medium size-medium\" alt=\"\" srcset=\"https:\/\/www.legistdf.gob.ar\/wp-content\/uploads\/2019\/09\/IMG_0655-300x200.jpg 300w, https:\/\/www.legistdf.gob.ar\/wp-content\/uploads\/2019\/09\/IMG_0655-768x512.jpg 768w, https:\/\/www.legistdf.gob.ar\/wp-content\/uploads\/2019\/09\/IMG_0655-1024x683.jpg 1024w, https:\/\/www.legistdf.gob.ar\/wp-content\/uploads\/2019\/09\/IMG_0655-160x107.jpg 160w, https:\/\/www.legistdf.gob.ar\/wp-content\/uploads\/2019\/09\/IMG_0655.jpg 1500w\" sizes=\"(max-width: 300px) 100vw, 300px\" data-attachment-id=\"16110\" data-permalink=\"https:\/\/www.legistdf.gob.ar\/index.php\/2019\/09\/22\/seguridad-capacitaron-en-ciberdelitos-y-acoso-infantil\/img_0655-2\/\" data-orig-file=\"https:\/\/www.legistdf.gob.ar\/wp-content\/uploads\/2019\/09\/IMG_0655.jpg\" data-orig-size=\"1500,1000\" data-comments-opened=\"0\" data-image-meta=\"{&quot;aperture&quot;:&quot;5.6&quot;,&quot;credit&quot;:&quot;&quot;,&quot;camera&quot;:&quot;Canon EOS 6D&quot;,&quot;caption&quot;:&quot;&quot;,&quot;created_timestamp&quot;:&quot;1568962367&quot;,&quot;copyright&quot;:&quot;&quot;,&quot;focal_length&quot;:&quot;39&quot;,&quot;iso&quot;:&quot;250&quot;,&quot;shutter_speed&quot;:&quot;0.016666666666667&quot;,&quot;title&quot;:&quot;&quot;,&quot;orientation&quot;:&quot;0&quot;}\" data-image-title=\"IMG_0655\" data-image-description=\"\" data-image-caption=\"\" data-medium-file=\"https:\/\/www.legistdf.gob.ar\/wp-content\/uploads\/2019\/09\/IMG_0655-300x200.jpg\" data-large-file=\"https:\/\/www.legistdf.gob.ar\/wp-content\/uploads\/2019\/09\/IMG_0655-1024x683.jpg\" \/><\/a>\n\t\t\t<\/dt><\/dl><dl class='gallery-item'>\n\t\t\t<dt class='gallery-icon landscape'>\n\t\t\t\t<a href='https:\/\/www.legistdf.gob.ar\/index.php\/2019\/09\/22\/seguridad-capacitaron-en-ciberdelitos-y-acoso-infantil\/img_0623\/'><img loading=\"lazy\" decoding=\"async\" width=\"300\" height=\"200\" src=\"https:\/\/www.legistdf.gob.ar\/wp-content\/uploads\/2019\/09\/IMG_0623-300x200.jpg\" class=\"attachment-medium size-medium\" alt=\"\" srcset=\"https:\/\/www.legistdf.gob.ar\/wp-content\/uploads\/2019\/09\/IMG_0623-300x200.jpg 300w, https:\/\/www.legistdf.gob.ar\/wp-content\/uploads\/2019\/09\/IMG_0623-768x512.jpg 768w, https:\/\/www.legistdf.gob.ar\/wp-content\/uploads\/2019\/09\/IMG_0623-1024x683.jpg 1024w, https:\/\/www.legistdf.gob.ar\/wp-content\/uploads\/2019\/09\/IMG_0623-160x107.jpg 160w, https:\/\/www.legistdf.gob.ar\/wp-content\/uploads\/2019\/09\/IMG_0623.jpg 1500w\" sizes=\"(max-width: 300px) 100vw, 300px\" data-attachment-id=\"16109\" data-permalink=\"https:\/\/www.legistdf.gob.ar\/index.php\/2019\/09\/22\/seguridad-capacitaron-en-ciberdelitos-y-acoso-infantil\/img_0623\/\" data-orig-file=\"https:\/\/www.legistdf.gob.ar\/wp-content\/uploads\/2019\/09\/IMG_0623.jpg\" data-orig-size=\"1500,1000\" data-comments-opened=\"0\" data-image-meta=\"{&quot;aperture&quot;:&quot;5.6&quot;,&quot;credit&quot;:&quot;&quot;,&quot;camera&quot;:&quot;Canon EOS 6D&quot;,&quot;caption&quot;:&quot;&quot;,&quot;created_timestamp&quot;:&quot;1568960212&quot;,&quot;copyright&quot;:&quot;&quot;,&quot;focal_length&quot;:&quot;35&quot;,&quot;iso&quot;:&quot;100&quot;,&quot;shutter_speed&quot;:&quot;0.016666666666667&quot;,&quot;title&quot;:&quot;&quot;,&quot;orientation&quot;:&quot;0&quot;}\" data-image-title=\"IMG_0623\" data-image-description=\"\" data-image-caption=\"\" data-medium-file=\"https:\/\/www.legistdf.gob.ar\/wp-content\/uploads\/2019\/09\/IMG_0623-300x200.jpg\" data-large-file=\"https:\/\/www.legistdf.gob.ar\/wp-content\/uploads\/2019\/09\/IMG_0623-1024x683.jpg\" \/><\/a>\n\t\t\t<\/dt><\/dl><dl class='gallery-item'>\n\t\t\t<dt class='gallery-icon landscape'>\n\t\t\t\t<a href='https:\/\/www.legistdf.gob.ar\/index.php\/2019\/09\/22\/seguridad-capacitaron-en-ciberdelitos-y-acoso-infantil\/img_0633\/'><img loading=\"lazy\" decoding=\"async\" width=\"300\" height=\"200\" src=\"https:\/\/www.legistdf.gob.ar\/wp-content\/uploads\/2019\/09\/IMG_0633-300x200.jpg\" class=\"attachment-medium size-medium\" alt=\"\" srcset=\"https:\/\/www.legistdf.gob.ar\/wp-content\/uploads\/2019\/09\/IMG_0633-300x200.jpg 300w, https:\/\/www.legistdf.gob.ar\/wp-content\/uploads\/2019\/09\/IMG_0633-768x512.jpg 768w, https:\/\/www.legistdf.gob.ar\/wp-content\/uploads\/2019\/09\/IMG_0633-1024x683.jpg 1024w, https:\/\/www.legistdf.gob.ar\/wp-content\/uploads\/2019\/09\/IMG_0633-160x107.jpg 160w, https:\/\/www.legistdf.gob.ar\/wp-content\/uploads\/2019\/09\/IMG_0633.jpg 1500w\" sizes=\"(max-width: 300px) 100vw, 300px\" data-attachment-id=\"16104\" data-permalink=\"https:\/\/www.legistdf.gob.ar\/index.php\/2019\/09\/22\/seguridad-capacitaron-en-ciberdelitos-y-acoso-infantil\/img_0633\/\" data-orig-file=\"https:\/\/www.legistdf.gob.ar\/wp-content\/uploads\/2019\/09\/IMG_0633.jpg\" data-orig-size=\"1500,1000\" data-comments-opened=\"0\" data-image-meta=\"{&quot;aperture&quot;:&quot;5.6&quot;,&quot;credit&quot;:&quot;&quot;,&quot;camera&quot;:&quot;Canon EOS 6D&quot;,&quot;caption&quot;:&quot;&quot;,&quot;created_timestamp&quot;:&quot;1568961209&quot;,&quot;copyright&quot;:&quot;&quot;,&quot;focal_length&quot;:&quot;24&quot;,&quot;iso&quot;:&quot;250&quot;,&quot;shutter_speed&quot;:&quot;0.016666666666667&quot;,&quot;title&quot;:&quot;&quot;,&quot;orientation&quot;:&quot;0&quot;}\" data-image-title=\"IMG_0633\" data-image-description=\"\" data-image-caption=\"\" data-medium-file=\"https:\/\/www.legistdf.gob.ar\/wp-content\/uploads\/2019\/09\/IMG_0633-300x200.jpg\" data-large-file=\"https:\/\/www.legistdf.gob.ar\/wp-content\/uploads\/2019\/09\/IMG_0633-1024x683.jpg\" \/><\/a>\n\t\t\t<\/dt><\/dl><br style=\"clear: both\" \/><dl class='gallery-item'>\n\t\t\t<dt class='gallery-icon landscape'>\n\t\t\t\t<a href='https:\/\/www.legistdf.gob.ar\/index.php\/2019\/09\/22\/seguridad-capacitaron-en-ciberdelitos-y-acoso-infantil\/img_0674-2\/'><img loading=\"lazy\" decoding=\"async\" width=\"300\" height=\"200\" src=\"https:\/\/www.legistdf.gob.ar\/wp-content\/uploads\/2019\/09\/IMG_0674-300x200.jpg\" class=\"attachment-medium size-medium\" alt=\"\" srcset=\"https:\/\/www.legistdf.gob.ar\/wp-content\/uploads\/2019\/09\/IMG_0674-300x200.jpg 300w, https:\/\/www.legistdf.gob.ar\/wp-content\/uploads\/2019\/09\/IMG_0674-768x512.jpg 768w, https:\/\/www.legistdf.gob.ar\/wp-content\/uploads\/2019\/09\/IMG_0674-1024x683.jpg 1024w, https:\/\/www.legistdf.gob.ar\/wp-content\/uploads\/2019\/09\/IMG_0674-160x107.jpg 160w, https:\/\/www.legistdf.gob.ar\/wp-content\/uploads\/2019\/09\/IMG_0674.jpg 1500w\" sizes=\"(max-width: 300px) 100vw, 300px\" data-attachment-id=\"16105\" data-permalink=\"https:\/\/www.legistdf.gob.ar\/index.php\/2019\/09\/22\/seguridad-capacitaron-en-ciberdelitos-y-acoso-infantil\/img_0674-2\/\" data-orig-file=\"https:\/\/www.legistdf.gob.ar\/wp-content\/uploads\/2019\/09\/IMG_0674.jpg\" data-orig-size=\"1500,1000\" data-comments-opened=\"0\" data-image-meta=\"{&quot;aperture&quot;:&quot;5.6&quot;,&quot;credit&quot;:&quot;&quot;,&quot;camera&quot;:&quot;Canon EOS 6D&quot;,&quot;caption&quot;:&quot;&quot;,&quot;created_timestamp&quot;:&quot;1568964146&quot;,&quot;copyright&quot;:&quot;&quot;,&quot;focal_length&quot;:&quot;24&quot;,&quot;iso&quot;:&quot;250&quot;,&quot;shutter_speed&quot;:&quot;0.016666666666667&quot;,&quot;title&quot;:&quot;&quot;,&quot;orientation&quot;:&quot;0&quot;}\" data-image-title=\"IMG_0674\" data-image-description=\"\" data-image-caption=\"\" data-medium-file=\"https:\/\/www.legistdf.gob.ar\/wp-content\/uploads\/2019\/09\/IMG_0674-300x200.jpg\" data-large-file=\"https:\/\/www.legistdf.gob.ar\/wp-content\/uploads\/2019\/09\/IMG_0674-1024x683.jpg\" \/><\/a>\n\t\t\t<\/dt><\/dl><dl class='gallery-item'>\n\t\t\t<dt class='gallery-icon landscape'>\n\t\t\t\t<a href='https:\/\/www.legistdf.gob.ar\/index.php\/2019\/09\/22\/seguridad-capacitaron-en-ciberdelitos-y-acoso-infantil\/img_0635\/'><img loading=\"lazy\" decoding=\"async\" width=\"300\" height=\"200\" src=\"https:\/\/www.legistdf.gob.ar\/wp-content\/uploads\/2019\/09\/IMG_0635-300x200.jpg\" class=\"attachment-medium size-medium\" alt=\"\" srcset=\"https:\/\/www.legistdf.gob.ar\/wp-content\/uploads\/2019\/09\/IMG_0635-300x200.jpg 300w, https:\/\/www.legistdf.gob.ar\/wp-content\/uploads\/2019\/09\/IMG_0635-768x512.jpg 768w, https:\/\/www.legistdf.gob.ar\/wp-content\/uploads\/2019\/09\/IMG_0635-1024x683.jpg 1024w, https:\/\/www.legistdf.gob.ar\/wp-content\/uploads\/2019\/09\/IMG_0635-160x107.jpg 160w, https:\/\/www.legistdf.gob.ar\/wp-content\/uploads\/2019\/09\/IMG_0635.jpg 1500w\" sizes=\"(max-width: 300px) 100vw, 300px\" data-attachment-id=\"16106\" data-permalink=\"https:\/\/www.legistdf.gob.ar\/index.php\/2019\/09\/22\/seguridad-capacitaron-en-ciberdelitos-y-acoso-infantil\/img_0635\/\" data-orig-file=\"https:\/\/www.legistdf.gob.ar\/wp-content\/uploads\/2019\/09\/IMG_0635.jpg\" data-orig-size=\"1500,1000\" data-comments-opened=\"0\" data-image-meta=\"{&quot;aperture&quot;:&quot;5.6&quot;,&quot;credit&quot;:&quot;&quot;,&quot;camera&quot;:&quot;Canon EOS 6D&quot;,&quot;caption&quot;:&quot;&quot;,&quot;created_timestamp&quot;:&quot;1568961257&quot;,&quot;copyright&quot;:&quot;&quot;,&quot;focal_length&quot;:&quot;28&quot;,&quot;iso&quot;:&quot;250&quot;,&quot;shutter_speed&quot;:&quot;0.016666666666667&quot;,&quot;title&quot;:&quot;&quot;,&quot;orientation&quot;:&quot;0&quot;}\" data-image-title=\"IMG_0635\" data-image-description=\"\" data-image-caption=\"\" data-medium-file=\"https:\/\/www.legistdf.gob.ar\/wp-content\/uploads\/2019\/09\/IMG_0635-300x200.jpg\" data-large-file=\"https:\/\/www.legistdf.gob.ar\/wp-content\/uploads\/2019\/09\/IMG_0635-1024x683.jpg\" \/><\/a>\n\t\t\t<\/dt><\/dl><dl class='gallery-item'>\n\t\t\t<dt class='gallery-icon landscape'>\n\t\t\t\t<a href='https:\/\/www.legistdf.gob.ar\/index.php\/2019\/09\/22\/seguridad-capacitaron-en-ciberdelitos-y-acoso-infantil\/img_0660\/'><img loading=\"lazy\" decoding=\"async\" width=\"300\" height=\"200\" src=\"https:\/\/www.legistdf.gob.ar\/wp-content\/uploads\/2019\/09\/IMG_0660-300x200.jpg\" class=\"attachment-medium size-medium\" alt=\"\" srcset=\"https:\/\/www.legistdf.gob.ar\/wp-content\/uploads\/2019\/09\/IMG_0660-300x200.jpg 300w, https:\/\/www.legistdf.gob.ar\/wp-content\/uploads\/2019\/09\/IMG_0660-768x512.jpg 768w, https:\/\/www.legistdf.gob.ar\/wp-content\/uploads\/2019\/09\/IMG_0660-1024x683.jpg 1024w, https:\/\/www.legistdf.gob.ar\/wp-content\/uploads\/2019\/09\/IMG_0660-160x107.jpg 160w, https:\/\/www.legistdf.gob.ar\/wp-content\/uploads\/2019\/09\/IMG_0660.jpg 1500w\" sizes=\"(max-width: 300px) 100vw, 300px\" data-attachment-id=\"16107\" data-permalink=\"https:\/\/www.legistdf.gob.ar\/index.php\/2019\/09\/22\/seguridad-capacitaron-en-ciberdelitos-y-acoso-infantil\/img_0660\/\" data-orig-file=\"https:\/\/www.legistdf.gob.ar\/wp-content\/uploads\/2019\/09\/IMG_0660.jpg\" data-orig-size=\"1500,1000\" data-comments-opened=\"0\" data-image-meta=\"{&quot;aperture&quot;:&quot;5.6&quot;,&quot;credit&quot;:&quot;&quot;,&quot;camera&quot;:&quot;Canon EOS 6D&quot;,&quot;caption&quot;:&quot;&quot;,&quot;created_timestamp&quot;:&quot;1568963470&quot;,&quot;copyright&quot;:&quot;&quot;,&quot;focal_length&quot;:&quot;30&quot;,&quot;iso&quot;:&quot;250&quot;,&quot;shutter_speed&quot;:&quot;0.016666666666667&quot;,&quot;title&quot;:&quot;&quot;,&quot;orientation&quot;:&quot;0&quot;}\" data-image-title=\"IMG_0660\" data-image-description=\"\" data-image-caption=\"\" data-medium-file=\"https:\/\/www.legistdf.gob.ar\/wp-content\/uploads\/2019\/09\/IMG_0660-300x200.jpg\" data-large-file=\"https:\/\/www.legistdf.gob.ar\/wp-content\/uploads\/2019\/09\/IMG_0660-1024x683.jpg\" \/><\/a>\n\t\t\t<\/dt><\/dl><br style=\"clear: both\" \/><dl class='gallery-item'>\n\t\t\t<dt class='gallery-icon landscape'>\n\t\t\t\t<a href='https:\/\/www.legistdf.gob.ar\/index.php\/2019\/09\/22\/seguridad-capacitaron-en-ciberdelitos-y-acoso-infantil\/img_0630\/'><img loading=\"lazy\" decoding=\"async\" width=\"300\" height=\"200\" src=\"https:\/\/www.legistdf.gob.ar\/wp-content\/uploads\/2019\/09\/IMG_0630-300x200.jpg\" class=\"attachment-medium size-medium\" alt=\"\" srcset=\"https:\/\/www.legistdf.gob.ar\/wp-content\/uploads\/2019\/09\/IMG_0630-300x200.jpg 300w, https:\/\/www.legistdf.gob.ar\/wp-content\/uploads\/2019\/09\/IMG_0630-768x512.jpg 768w, https:\/\/www.legistdf.gob.ar\/wp-content\/uploads\/2019\/09\/IMG_0630-1024x683.jpg 1024w, https:\/\/www.legistdf.gob.ar\/wp-content\/uploads\/2019\/09\/IMG_0630-160x107.jpg 160w, https:\/\/www.legistdf.gob.ar\/wp-content\/uploads\/2019\/09\/IMG_0630.jpg 1500w\" sizes=\"(max-width: 300px) 100vw, 300px\" data-attachment-id=\"16108\" data-permalink=\"https:\/\/www.legistdf.gob.ar\/index.php\/2019\/09\/22\/seguridad-capacitaron-en-ciberdelitos-y-acoso-infantil\/img_0630\/\" data-orig-file=\"https:\/\/www.legistdf.gob.ar\/wp-content\/uploads\/2019\/09\/IMG_0630.jpg\" data-orig-size=\"1500,1000\" data-comments-opened=\"0\" data-image-meta=\"{&quot;aperture&quot;:&quot;5.6&quot;,&quot;credit&quot;:&quot;&quot;,&quot;camera&quot;:&quot;Canon EOS 6D&quot;,&quot;caption&quot;:&quot;&quot;,&quot;created_timestamp&quot;:&quot;1568961137&quot;,&quot;copyright&quot;:&quot;&quot;,&quot;focal_length&quot;:&quot;70&quot;,&quot;iso&quot;:&quot;250&quot;,&quot;shutter_speed&quot;:&quot;0.016666666666667&quot;,&quot;title&quot;:&quot;&quot;,&quot;orientation&quot;:&quot;0&quot;}\" data-image-title=\"IMG_0630\" data-image-description=\"\" data-image-caption=\"\" data-medium-file=\"https:\/\/www.legistdf.gob.ar\/wp-content\/uploads\/2019\/09\/IMG_0630-300x200.jpg\" data-large-file=\"https:\/\/www.legistdf.gob.ar\/wp-content\/uploads\/2019\/09\/IMG_0630-1024x683.jpg\" \/><\/a>\n\t\t\t<\/dt><\/dl><dl class='gallery-item'>\n\t\t\t<dt class='gallery-icon landscape'>\n\t\t\t\t<a href='https:\/\/www.legistdf.gob.ar\/index.php\/2019\/09\/22\/seguridad-capacitaron-en-ciberdelitos-y-acoso-infantil\/img_0645-2\/'><img loading=\"lazy\" decoding=\"async\" width=\"300\" height=\"200\" src=\"https:\/\/www.legistdf.gob.ar\/wp-content\/uploads\/2019\/09\/IMG_0645-300x200.jpg\" class=\"attachment-medium size-medium\" alt=\"\" srcset=\"https:\/\/www.legistdf.gob.ar\/wp-content\/uploads\/2019\/09\/IMG_0645-300x200.jpg 300w, https:\/\/www.legistdf.gob.ar\/wp-content\/uploads\/2019\/09\/IMG_0645-768x512.jpg 768w, https:\/\/www.legistdf.gob.ar\/wp-content\/uploads\/2019\/09\/IMG_0645-1024x683.jpg 1024w, https:\/\/www.legistdf.gob.ar\/wp-content\/uploads\/2019\/09\/IMG_0645-160x107.jpg 160w, https:\/\/www.legistdf.gob.ar\/wp-content\/uploads\/2019\/09\/IMG_0645.jpg 1500w\" sizes=\"(max-width: 300px) 100vw, 300px\" data-attachment-id=\"16103\" data-permalink=\"https:\/\/www.legistdf.gob.ar\/index.php\/2019\/09\/22\/seguridad-capacitaron-en-ciberdelitos-y-acoso-infantil\/img_0645-2\/\" data-orig-file=\"https:\/\/www.legistdf.gob.ar\/wp-content\/uploads\/2019\/09\/IMG_0645.jpg\" data-orig-size=\"1500,1000\" data-comments-opened=\"0\" data-image-meta=\"{&quot;aperture&quot;:&quot;5.6&quot;,&quot;credit&quot;:&quot;&quot;,&quot;camera&quot;:&quot;Canon EOS 6D&quot;,&quot;caption&quot;:&quot;&quot;,&quot;created_timestamp&quot;:&quot;1568961506&quot;,&quot;copyright&quot;:&quot;&quot;,&quot;focal_length&quot;:&quot;70&quot;,&quot;iso&quot;:&quot;250&quot;,&quot;shutter_speed&quot;:&quot;0.016666666666667&quot;,&quot;title&quot;:&quot;&quot;,&quot;orientation&quot;:&quot;0&quot;}\" data-image-title=\"IMG_0645\" data-image-description=\"\" data-image-caption=\"\" data-medium-file=\"https:\/\/www.legistdf.gob.ar\/wp-content\/uploads\/2019\/09\/IMG_0645-300x200.jpg\" data-large-file=\"https:\/\/www.legistdf.gob.ar\/wp-content\/uploads\/2019\/09\/IMG_0645-1024x683.jpg\" \/><\/a>\n\t\t\t<\/dt><\/dl>\n\t\t\t<br style='clear: both' \/>\n\t\t<\/div>\n\n","protected":false},"excerpt":{"rendered":"<p>Domingo, 22 de septiembre de 2019.- An\u00edbal Lazzaroni, del Programa Provincial de la Prevenci\u00f3n de Delitos y Violencia, del Ministerio de Educaci\u00f3n, disert\u00f3 sobre ciberdelitos y acoso infantil. Dentro de la pol\u00edtica encarada por la cartera de Seguridad de la Naci\u00f3n, se busca la \u201cprofesionalizaci\u00f3n y capacitaci\u00f3n\u201d del personal de las fuerzas de seguridad federales [&hellip;]<\/p>\n","protected":false},"author":352,"featured_media":16112,"comment_status":"closed","ping_status":"open","sticky":false,"template":"","format":"standard","meta":{"jetpack_post_was_ever_published":false,"_jetpack_newsletter_access":"","_jetpack_dont_email_post_to_subs":false,"_jetpack_newsletter_tier_id":0,"footnotes":"","jetpack_publicize_message":"#TierradelFuego #LegisTDF SEGURIDAD: Capacitaron en ciberdelitos y acoso infantil","jetpack_publicize_feature_enabled":true,"jetpack_social_post_already_shared":true,"jetpack_social_options":{"image_generator_settings":{"template":"highway","enabled":false}}},"categories":[1],"tags":[640,892,1680,78,155,83,79,351,87],"jetpack_publicize_connections":[],"jetpack_sharing_enabled":true,"jetpack_featured_media_url":"https:\/\/www.legistdf.gob.ar\/wp-content\/uploads\/2019\/09\/IMG_0650.jpg","jetpack-related-posts":[],"_links":{"self":[{"href":"https:\/\/www.legistdf.gob.ar\/index.php\/wp-json\/wp\/v2\/posts\/16102"}],"collection":[{"href":"https:\/\/www.legistdf.gob.ar\/index.php\/wp-json\/wp\/v2\/posts"}],"about":[{"href":"https:\/\/www.legistdf.gob.ar\/index.php\/wp-json\/wp\/v2\/types\/post"}],"author":[{"embeddable":true,"href":"https:\/\/www.legistdf.gob.ar\/index.php\/wp-json\/wp\/v2\/users\/352"}],"replies":[{"embeddable":true,"href":"https:\/\/www.legistdf.gob.ar\/index.php\/wp-json\/wp\/v2\/comments?post=16102"}],"version-history":[{"count":2,"href":"https:\/\/www.legistdf.gob.ar\/index.php\/wp-json\/wp\/v2\/posts\/16102\/revisions"}],"predecessor-version":[{"id":16121,"href":"https:\/\/www.legistdf.gob.ar\/index.php\/wp-json\/wp\/v2\/posts\/16102\/revisions\/16121"}],"wp:featuredmedia":[{"embeddable":true,"href":"https:\/\/www.legistdf.gob.ar\/index.php\/wp-json\/wp\/v2\/media\/16112"}],"wp:attachment":[{"href":"https:\/\/www.legistdf.gob.ar\/index.php\/wp-json\/wp\/v2\/media?parent=16102"}],"wp:term":[{"taxonomy":"category","embeddable":true,"href":"https:\/\/www.legistdf.gob.ar\/index.php\/wp-json\/wp\/v2\/categories?post=16102"},{"taxonomy":"post_tag","embeddable":true,"href":"https:\/\/www.legistdf.gob.ar\/index.php\/wp-json\/wp\/v2\/tags?post=16102"}],"curies":[{"name":"wp","href":"https:\/\/api.w.org\/{rel}","templated":true}]}}