{"id":16122,"date":"2019-09-25T10:30:19","date_gmt":"2019-09-25T13:30:19","guid":{"rendered":"http:\/\/www.legistdf.gob.ar\/?p=16122"},"modified":"2019-09-25T10:03:28","modified_gmt":"2019-09-25T13:03:28","slug":"salud-disertaran-sobre-depresion-mitos-y-verdades-en-rio-grande","status":"publish","type":"post","link":"https:\/\/www.legistdf.gob.ar\/index.php\/2019\/09\/25\/salud-disertaran-sobre-depresion-mitos-y-verdades-en-rio-grande\/","title":{"rendered":"SALUD: Disertar\u00e1n sobre \u201cDepresi\u00f3n: mitos y verdades\u201d en R\u00edo Grande"},"content":{"rendered":"<p><strong><img loading=\"lazy\" decoding=\"async\" data-attachment-id=\"15712\" data-permalink=\"https:\/\/www.legistdf.gob.ar\/index.php\/2019\/08\/25\/salud-patricia-caporalin-diserto-sobre-depresion\/img_0118-5\/\" data-orig-file=\"https:\/\/www.legistdf.gob.ar\/wp-content\/uploads\/2019\/08\/IMG_0118.jpg\" data-orig-size=\"1000,667\" data-comments-opened=\"0\" data-image-meta=\"{&quot;aperture&quot;:&quot;2.8&quot;,&quot;credit&quot;:&quot;&quot;,&quot;camera&quot;:&quot;Canon EOS 6D&quot;,&quot;caption&quot;:&quot;&quot;,&quot;created_timestamp&quot;:&quot;1566625746&quot;,&quot;copyright&quot;:&quot;&quot;,&quot;focal_length&quot;:&quot;70&quot;,&quot;iso&quot;:&quot;400&quot;,&quot;shutter_speed&quot;:&quot;0.0055555555555556&quot;,&quot;title&quot;:&quot;&quot;,&quot;orientation&quot;:&quot;0&quot;}\" data-image-title=\"IMG_0118\" data-image-description=\"\" data-image-caption=\"\" data-medium-file=\"https:\/\/www.legistdf.gob.ar\/wp-content\/uploads\/2019\/08\/IMG_0118-300x200.jpg\" data-large-file=\"https:\/\/www.legistdf.gob.ar\/wp-content\/uploads\/2019\/08\/IMG_0118.jpg\" class=\"size-medium wp-image-15712 alignright\" src=\"http:\/\/www.legistdf.gob.ar\/wp-content\/uploads\/2019\/08\/IMG_0118-300x200.jpg\" alt=\"\" width=\"300\" height=\"200\" srcset=\"https:\/\/www.legistdf.gob.ar\/wp-content\/uploads\/2019\/08\/IMG_0118-300x200.jpg 300w, https:\/\/www.legistdf.gob.ar\/wp-content\/uploads\/2019\/08\/IMG_0118-768x512.jpg 768w, https:\/\/www.legistdf.gob.ar\/wp-content\/uploads\/2019\/08\/IMG_0118-160x107.jpg 160w, https:\/\/www.legistdf.gob.ar\/wp-content\/uploads\/2019\/08\/IMG_0118.jpg 1000w\" sizes=\"(max-width: 300px) 100vw, 300px\" \/>Ushuaia, mi\u00e9rcoles 25 de agosto de 2019.- Organizada por el bloque legislativo de la UCR-Cambiemos y la Comisi\u00f3n de Salud, el s\u00e1bado 28 desde las 16, la psic\u00f3loga Patricia Caporalin, disertar\u00e1 sobre \u201cDepresi\u00f3n: Mitos y Verdades\u201d. El encuentro se desarrollar\u00e1 en el sal\u00f3n del Instituto Provincial de Regulaci\u00f3n de Apuestas (IPRA) de R\u00edo Grande.<\/strong><\/p>\n<p>&nbsp;<\/p>\n<p>Desde la organizaci\u00f3n se\u00f1alaron que el objetivo del encuentro es \u201cacercar a la comunidad una palabra, que tenga sustento profesional, sobre lo que significa vivir en la isla y la relaci\u00f3n que a veces se hace sobre este lugar y la depresi\u00f3n\u201d. En este sentido, \u201cPatricia Caporal\u00edn nos llevar\u00e1 por los caminos de los mitos y las verdades sobre esta enfermedad, que como tal debe ser tratada por profesionales\u201d.<\/p>\n<p>&nbsp;<\/p>\n<p>La charla, est\u00e1 dirigida a la comunidad y busca \u201caportar un granito de arena y desmitificar lo que realmente es atravesar por una depresi\u00f3n y tener herramientas para detectarla o sospechar su existencia en nosotros o en alguien cercano\u201d, se\u00f1alaron.<\/p>\n<p>&nbsp;<\/p>\n<p>Finalmente, la Parlamentaria invit\u00f3 a la comunidad a compartir \u201cesta informaci\u00f3n entre quienes crean que les pueda servir, uno nunca sabe lo que puede significar para el otro\u00bb dijo. Aclar\u00f3, asimismo, que \u201cla entrada es libre y gratuita, y no requiere previa inscripci\u00f3n y quienes quieran, pueden llevar su equipo de mate\u00bb.<\/p>\n<p>&nbsp;<\/p>\n<p><img loading=\"lazy\" decoding=\"async\" data-attachment-id=\"16124\" data-permalink=\"https:\/\/www.legistdf.gob.ar\/index.php\/2019\/09\/25\/salud-disertaran-sobre-depresion-mitos-y-verdades-en-rio-grande\/whatsapp-image-2019-09-23-at-13-23-27\/\" data-orig-file=\"https:\/\/www.legistdf.gob.ar\/wp-content\/uploads\/2019\/09\/WhatsApp-Image-2019-09-23-at-13.23.27.jpeg\" data-orig-size=\"530,530\" data-comments-opened=\"0\" data-image-meta=\"{&quot;aperture&quot;:&quot;0&quot;,&quot;credit&quot;:&quot;&quot;,&quot;camera&quot;:&quot;&quot;,&quot;caption&quot;:&quot;&quot;,&quot;created_timestamp&quot;:&quot;0&quot;,&quot;copyright&quot;:&quot;&quot;,&quot;focal_length&quot;:&quot;0&quot;,&quot;iso&quot;:&quot;0&quot;,&quot;shutter_speed&quot;:&quot;0&quot;,&quot;title&quot;:&quot;&quot;,&quot;orientation&quot;:&quot;0&quot;}\" data-image-title=\"WhatsApp Image 2019-09-23 at 13.23.27\" data-image-description=\"\" data-image-caption=\"\" data-medium-file=\"https:\/\/www.legistdf.gob.ar\/wp-content\/uploads\/2019\/09\/WhatsApp-Image-2019-09-23-at-13.23.27-300x300.jpeg\" data-large-file=\"https:\/\/www.legistdf.gob.ar\/wp-content\/uploads\/2019\/09\/WhatsApp-Image-2019-09-23-at-13.23.27.jpeg\" class=\"size-medium wp-image-16124 alignleft\" src=\"http:\/\/www.legistdf.gob.ar\/wp-content\/uploads\/2019\/09\/WhatsApp-Image-2019-09-23-at-13.23.27-300x300.jpeg\" alt=\"\" width=\"300\" height=\"300\" srcset=\"https:\/\/www.legistdf.gob.ar\/wp-content\/uploads\/2019\/09\/WhatsApp-Image-2019-09-23-at-13.23.27-300x300.jpeg 300w, https:\/\/www.legistdf.gob.ar\/wp-content\/uploads\/2019\/09\/WhatsApp-Image-2019-09-23-at-13.23.27-150x150.jpeg 150w, https:\/\/www.legistdf.gob.ar\/wp-content\/uploads\/2019\/09\/WhatsApp-Image-2019-09-23-at-13.23.27-160x160.jpeg 160w, https:\/\/www.legistdf.gob.ar\/wp-content\/uploads\/2019\/09\/WhatsApp-Image-2019-09-23-at-13.23.27-64x64.jpeg 64w, https:\/\/www.legistdf.gob.ar\/wp-content\/uploads\/2019\/09\/WhatsApp-Image-2019-09-23-at-13.23.27.jpeg 530w\" sizes=\"(max-width: 300px) 100vw, 300px\" \/>Patricia Caporalin, reside hace 16 a\u00f1os y es licenciada en psicolog\u00eda de la Universidad de Buenos Aires, fue consultora para la UNICEF, coordinadora Proyecto Ni\u00f1os en la Calle en Ciudad Aut\u00f3noma de Buenos Aires. Tambi\u00e9n es la coordinadora de la Tecnicatura en Psicolog\u00eda Social, psicoanalista con formaci\u00f3n en psicolog\u00eda social y TIC y es especialista en cl\u00ednica vincular psicoanal\u00edtica, conductora Casicuerdos y capacitadora en Educaci\u00f3n Sexual Integral (ESI).<\/p>\n<p>&nbsp;<\/p>\n<p style=\"text-align: right\"><em>AT<\/em><\/p>\n","protected":false},"excerpt":{"rendered":"<p>Ushuaia, mi\u00e9rcoles 25 de agosto de 2019.- Organizada por el bloque legislativo de la UCR-Cambiemos y la Comisi\u00f3n de Salud, el s\u00e1bado 28 desde las 16, la psic\u00f3loga Patricia Caporalin, disertar\u00e1 sobre \u201cDepresi\u00f3n: Mitos y Verdades\u201d. El encuentro se desarrollar\u00e1 en el sal\u00f3n del Instituto Provincial de Regulaci\u00f3n de Apuestas (IPRA) de R\u00edo Grande. &nbsp; [&hellip;]<\/p>\n","protected":false},"author":352,"featured_media":15712,"comment_status":"closed","ping_status":"open","sticky":false,"template":"","format":"standard","meta":{"jetpack_post_was_ever_published":false,"_jetpack_newsletter_access":"","_jetpack_dont_email_post_to_subs":false,"_jetpack_newsletter_tier_id":0,"footnotes":"","jetpack_publicize_message":"#TierradelFuego #LegisTDF SALUD: Disertar\u00e1n sobre \u201cDepresi\u00f3n: mitos y verdades\u201d en R\u00edo Grande","jetpack_publicize_feature_enabled":true,"jetpack_social_post_already_shared":true,"jetpack_social_options":{"image_generator_settings":{"template":"highway","enabled":false}}},"categories":[1],"tags":[155,1650,48],"jetpack_publicize_connections":[],"jetpack_sharing_enabled":true,"jetpack_featured_media_url":"https:\/\/www.legistdf.gob.ar\/wp-content\/uploads\/2019\/08\/IMG_0118.jpg","jetpack-related-posts":[],"_links":{"self":[{"href":"https:\/\/www.legistdf.gob.ar\/index.php\/wp-json\/wp\/v2\/posts\/16122"}],"collection":[{"href":"https:\/\/www.legistdf.gob.ar\/index.php\/wp-json\/wp\/v2\/posts"}],"about":[{"href":"https:\/\/www.legistdf.gob.ar\/index.php\/wp-json\/wp\/v2\/types\/post"}],"author":[{"embeddable":true,"href":"https:\/\/www.legistdf.gob.ar\/index.php\/wp-json\/wp\/v2\/users\/352"}],"replies":[{"embeddable":true,"href":"https:\/\/www.legistdf.gob.ar\/index.php\/wp-json\/wp\/v2\/comments?post=16122"}],"version-history":[{"count":2,"href":"https:\/\/www.legistdf.gob.ar\/index.php\/wp-json\/wp\/v2\/posts\/16122\/revisions"}],"predecessor-version":[{"id":16125,"href":"https:\/\/www.legistdf.gob.ar\/index.php\/wp-json\/wp\/v2\/posts\/16122\/revisions\/16125"}],"wp:featuredmedia":[{"embeddable":true,"href":"https:\/\/www.legistdf.gob.ar\/index.php\/wp-json\/wp\/v2\/media\/15712"}],"wp:attachment":[{"href":"https:\/\/www.legistdf.gob.ar\/index.php\/wp-json\/wp\/v2\/media?parent=16122"}],"wp:term":[{"taxonomy":"category","embeddable":true,"href":"https:\/\/www.legistdf.gob.ar\/index.php\/wp-json\/wp\/v2\/categories?post=16122"},{"taxonomy":"post_tag","embeddable":true,"href":"https:\/\/www.legistdf.gob.ar\/index.php\/wp-json\/wp\/v2\/tags?post=16122"}],"curies":[{"name":"wp","href":"https:\/\/api.w.org\/{rel}","templated":true}]}}