{"id":16188,"date":"2019-09-26T11:09:09","date_gmt":"2019-09-26T14:09:09","guid":{"rendered":"http:\/\/www.legistdf.gob.ar\/?p=16188"},"modified":"2019-09-26T12:07:29","modified_gmt":"2019-09-26T15:07:29","slug":"comisiones-nuestra-intervencion-fue-determinante-para-que-se-visualice-la-necesidad-sobre-la-cobertura-medica-de-metodos-anticonceptivos-dijo-martinez-allende","status":"publish","type":"post","link":"https:\/\/www.legistdf.gob.ar\/index.php\/2019\/09\/26\/comisiones-nuestra-intervencion-fue-determinante-para-que-se-visualice-la-necesidad-sobre-la-cobertura-medica-de-metodos-anticonceptivos-dijo-martinez-allende\/","title":{"rendered":"COMISIONES: \u201cNuestra intervenci\u00f3n fue determinante para que se visualice la necesidad\u201d sobre la cobertura m\u00e9dica de m\u00e9todos anticonceptivos, dijo Mart\u00ednez Allende"},"content":{"rendered":"<p><strong><img loading=\"lazy\" decoding=\"async\" data-attachment-id=\"16160\" data-permalink=\"https:\/\/www.legistdf.gob.ar\/index.php\/2019\/09\/25\/salud-amplia-agenda-de-temas-incluyo-la-adhesion-a-la-ley-micaela\/img_0862-4\/\" data-orig-file=\"https:\/\/www.legistdf.gob.ar\/wp-content\/uploads\/2019\/09\/IMG_0862.jpg\" data-orig-size=\"1000,667\" data-comments-opened=\"0\" data-image-meta=\"{&quot;aperture&quot;:&quot;5&quot;,&quot;credit&quot;:&quot;&quot;,&quot;camera&quot;:&quot;Canon EOS 6D&quot;,&quot;caption&quot;:&quot;&quot;,&quot;created_timestamp&quot;:&quot;1569304694&quot;,&quot;copyright&quot;:&quot;&quot;,&quot;focal_length&quot;:&quot;24&quot;,&quot;iso&quot;:&quot;250&quot;,&quot;shutter_speed&quot;:&quot;0.02&quot;,&quot;title&quot;:&quot;&quot;,&quot;orientation&quot;:&quot;0&quot;}\" data-image-title=\"IMG_0862\" data-image-description=\"\" data-image-caption=\"\" data-medium-file=\"https:\/\/www.legistdf.gob.ar\/wp-content\/uploads\/2019\/09\/IMG_0862-300x200.jpg\" data-large-file=\"https:\/\/www.legistdf.gob.ar\/wp-content\/uploads\/2019\/09\/IMG_0862.jpg\" class=\"size-medium wp-image-16160 alignleft\" src=\"http:\/\/www.legistdf.gob.ar\/wp-content\/uploads\/2019\/09\/IMG_0862-300x200.jpg\" alt=\"\" width=\"300\" height=\"200\" srcset=\"https:\/\/www.legistdf.gob.ar\/wp-content\/uploads\/2019\/09\/IMG_0862-300x200.jpg 300w, https:\/\/www.legistdf.gob.ar\/wp-content\/uploads\/2019\/09\/IMG_0862-768x512.jpg 768w, https:\/\/www.legistdf.gob.ar\/wp-content\/uploads\/2019\/09\/IMG_0862-160x107.jpg 160w, https:\/\/www.legistdf.gob.ar\/wp-content\/uploads\/2019\/09\/IMG_0862.jpg 1000w\" sizes=\"(max-width: 300px) 100vw, 300px\" \/>Ushuaia, jueves 26 de septiembre de 2019.- En la \u00faltima reuni\u00f3n de la Comisi\u00f3n de Salud P\u00fablica (5), que presidi\u00f3 la legisladora Liliana Mart\u00ednez Allende (UCR \u2013 Cambiemos), los Parlamentarios recibieron al m\u00e9dico auditor Dr. Germ\u00e1n Thompson, de la Obra Social del Estado Fueguino (OSEF). Abordaron el <a href=\"http:\/\/www.legistdf.gob.ar\/lp\/novedadesip\/Asuntos%20Entrados%202018\/As.%20N%BA%20360-18.pdf\">asunto N\u00b0 360\/18<\/a>, que propone modificar la\u00a0<a href=\"http:\/\/200.41.191.126:8080\/infoley\/index.php\/1007-salud-publica-regimen-provincial-de-salud-sexual-y-reproductiva-creacion\">Ley provincial N\u00ba 509<\/a>, R\u00e9gimen Provincial de Salud Sexual y Reproductiva, para la cobertura m\u00e9dica de m\u00e9todos anticonceptivos.<\/strong><\/p>\n<p><strong>\u00a0<\/strong><\/p>\n<p>Los Legisladores tomaron conocimiento que el 20 de septiembre pasado, la titular de OSEF, Liliana Conti, hab\u00eda firmado la Resoluci\u00f3n N\u00b0 1335\/2019, que establece \u201cuna nueva modalidad de cobertura y valores a reconocer por parte de la obra social, teniendo en cuenta que los mismos se encuentran desactualizados\u201d.<\/p>\n<p>&nbsp;<\/p>\n<p>El acto administrativo otorga, por v\u00eda del reintegro, la cobertura del cien por ciento y del ochenta por ciento, de dispositivos intrauterinos e implantes subd\u00e9rmicos anticonceptivos, seg\u00fan el modelo que corresponda en cada caso. Tambi\u00e9n, reconoce la cobertura del setenta por ciento en los anticonceptivos orales que no est\u00e9n incluidos en el Programa M\u00e9dico Obligatorio (PMO).<\/p>\n<p>&nbsp;<\/p>\n<p>Luego de la reuni\u00f3n, Mart\u00ednez Allende dialog\u00f3 con Prensa Legislativa y asegur\u00f3 que \u00abnuestro proyecto de Ley plantea en su contenido, la aclaraci\u00f3n sobre la obligatoriedad por parte de la obra social de la Provincia de Tierra Del fuego, de dar cobertura m\u00e9dica a los m\u00e9todos anticonceptivos tal como lo plantea la Ley nacional a la cual adherimos\u00bb, dijo.<\/p>\n<p>&nbsp;<\/p>\n<p>\u00abEsta iniciativa radic\u00f3 en los reclamos de quienes no recib\u00edan la cobertura correspondiente indicada por la Ley y sobre todo teniendo en cuenta la gran cantidad de j\u00f3venes que se encuentran estudiando fuera de la Provincia y que se estaba dejando sin cobertura, incumpliendo lo que determina la norma\u00bb, explic\u00f3 la referente del bloque de la UCR &#8211; Cambiemos.<\/p>\n<p>&nbsp;<\/p>\n<p>En este sentido, la Parlamentaria asegur\u00f3 que \u00abdesde nuestro bloque, iniciamos una tarea pormenorizada para informarnos sobre la real cobertura que se estaba brindando y llegamos a la conclusi\u00f3n de que se estaba incumpliendo por parte de la OSEF, tanto en el \u00e1mbito provincial como en las ciudades del resto del pa\u00eds que tienen convenio con la misma\u00bb.<\/p>\n<p>&nbsp;<\/p>\n<p>Mart\u00ednez Allende destac\u00f3 el trabajo hecho desde su espacio, \u00abest\u00e1 claro que nuestra intervenci\u00f3n, fue determinante para que se visualice la necesidad de que la cobertura sea respecto a todos los anticonceptivos que cada persona necesite y que le sean recetados por el m\u00e9dico de cabecera\u00bb, afirm\u00f3.<\/p>\n<p>&nbsp;<\/p>\n<p>Por \u00faltimo, puso en valor que \u00aba partir de ese trabajo, logramos el compromiso de las autoridades de OSEF para que se cumpla \u00edntegramente con la finalidad de la ley de salud sexual y reproductiva. En este marco, se invit\u00f3 al director de prestaciones m\u00e9dicas, y destacamos que en su presentaci\u00f3n refiri\u00f3 a que luego del estudio del proyecto del bloque UCR, la presidencia del ente decidi\u00f3 dictar una resoluci\u00f3n, para otorgar la cobertura de los anticonceptivos que a la fecha no integraban la cobertura prestada por OSEF\u201d, concluy\u00f3 la Presidenta de la Comisi\u00f3n de Salud.<\/p>\n<p>&nbsp;<\/p>\n<p>Durante la reuni\u00f3n, el Dr. Thompson explic\u00f3 que \u201cven\u00edamos con la cobertura de lo que eran los dispositivos intrauterinos (DIU), se ven\u00eda dando al cien por ciento a aquellos que eran de cobre \u00fanicamente\u201d. Pero con el correr del tiempo \u201cfueron evolucionando en nuevas generaciones de DIU y no los ten\u00edamos cubiertos\u201d, dijo.<\/p>\n<p>&nbsp;<\/p>\n<p>\u201cSe ven\u00eda trabajando desde hace unos meses en la obra social para poder dar mayor cobertura a los dispositivos que se usan actualmente y tambi\u00e9n en modificar la cobertura de los anticonceptivos orales, que si bien la OSEF ya viene dando la cobertura de todos aquellos que est\u00e1n dentro del PMO al ciento por ciento, hab\u00edan muchos de las nuevas generaciones que no los cubr\u00edamos\u201d, ampli\u00f3 el facultativo.<\/p>\n<p>&nbsp;<\/p>\n<p>Luego, el Auditor de la obra social dijo que \u201cnos apuramos en lo que ven\u00edamos haciendo ante el requerimiento de ustedes, y la Presidenta sac\u00f3 la Resoluci\u00f3n (Liliana Conti) la semana pasada, con fecha 20 de septiembre, en la cual se sigue dando la cobertura, pero se agregan otros dispositivos que son m\u00e1s modernos\u201d, concluy\u00f3.<\/p>\n<p>&nbsp;<\/p>\n<p>https:\/\/youtu.be\/T-WQRRTqrdo<\/p>\n<p>&nbsp;<\/p>\n<p style=\"text-align: right\"><em>LVV<\/em><\/p>\n","protected":false},"excerpt":{"rendered":"<p>Ushuaia, jueves 26 de septiembre de 2019.- En la \u00faltima reuni\u00f3n de la Comisi\u00f3n de Salud P\u00fablica (5), que presidi\u00f3 la legisladora Liliana Mart\u00ednez Allende (UCR \u2013 Cambiemos), los Parlamentarios recibieron al m\u00e9dico auditor Dr. Germ\u00e1n Thompson, de la Obra Social del Estado Fueguino (OSEF). Abordaron el asunto N\u00b0 360\/18, que propone modificar la\u00a0Ley provincial [&hellip;]<\/p>\n","protected":false},"author":352,"featured_media":16149,"comment_status":"closed","ping_status":"open","sticky":false,"template":"","format":"standard","meta":{"jetpack_post_was_ever_published":false,"_jetpack_newsletter_access":"","_jetpack_dont_email_post_to_subs":false,"_jetpack_newsletter_tier_id":0,"footnotes":"","jetpack_publicize_message":"#TierradelFuego #LegisTDF COMISIONES: \u201cNuestra intervenci\u00f3n fue determinante para que se visualice la necesidad\u201d sobre la cobertura m\u00e9dica de m\u00e9todos anticonceptivos, dijo Mart\u00ednez Allende","jetpack_publicize_feature_enabled":true,"jetpack_social_post_already_shared":true,"jetpack_social_options":{"image_generator_settings":{"template":"highway","enabled":false}}},"categories":[1],"tags":[84,78,155,48,79,351,87],"jetpack_publicize_connections":[],"jetpack_sharing_enabled":true,"jetpack_featured_media_url":"https:\/\/www.legistdf.gob.ar\/wp-content\/uploads\/2019\/09\/IMG_0821.jpg","jetpack-related-posts":[],"_links":{"self":[{"href":"https:\/\/www.legistdf.gob.ar\/index.php\/wp-json\/wp\/v2\/posts\/16188"}],"collection":[{"href":"https:\/\/www.legistdf.gob.ar\/index.php\/wp-json\/wp\/v2\/posts"}],"about":[{"href":"https:\/\/www.legistdf.gob.ar\/index.php\/wp-json\/wp\/v2\/types\/post"}],"author":[{"embeddable":true,"href":"https:\/\/www.legistdf.gob.ar\/index.php\/wp-json\/wp\/v2\/users\/352"}],"replies":[{"embeddable":true,"href":"https:\/\/www.legistdf.gob.ar\/index.php\/wp-json\/wp\/v2\/comments?post=16188"}],"version-history":[{"count":3,"href":"https:\/\/www.legistdf.gob.ar\/index.php\/wp-json\/wp\/v2\/posts\/16188\/revisions"}],"predecessor-version":[{"id":16191,"href":"https:\/\/www.legistdf.gob.ar\/index.php\/wp-json\/wp\/v2\/posts\/16188\/revisions\/16191"}],"wp:featuredmedia":[{"embeddable":true,"href":"https:\/\/www.legistdf.gob.ar\/index.php\/wp-json\/wp\/v2\/media\/16149"}],"wp:attachment":[{"href":"https:\/\/www.legistdf.gob.ar\/index.php\/wp-json\/wp\/v2\/media?parent=16188"}],"wp:term":[{"taxonomy":"category","embeddable":true,"href":"https:\/\/www.legistdf.gob.ar\/index.php\/wp-json\/wp\/v2\/categories?post=16188"},{"taxonomy":"post_tag","embeddable":true,"href":"https:\/\/www.legistdf.gob.ar\/index.php\/wp-json\/wp\/v2\/tags?post=16188"}],"curies":[{"name":"wp","href":"https:\/\/api.w.org\/{rel}","templated":true}]}}