{"id":16532,"date":"2019-10-11T14:36:07","date_gmt":"2019-10-11T17:36:07","guid":{"rendered":"http:\/\/www.legistdf.gob.ar\/?p=16532"},"modified":"2019-10-11T14:34:42","modified_gmt":"2019-10-11T17:34:42","slug":"legislatura-la-escuela-yak-haruin-llego-al-parlamento-fueguino","status":"publish","type":"post","link":"https:\/\/www.legistdf.gob.ar\/index.php\/2019\/10\/11\/legislatura-la-escuela-yak-haruin-llego-al-parlamento-fueguino\/","title":{"rendered":"LEGISLATURA: La escuela Yak Haruin lleg\u00f3 al Parlamento fueguino"},"content":{"rendered":"<p><strong>Ushuaia, viernes 11 de octubre de 2019.- Alumnos del 3\u00ba a\u00f1o de la escuela N\u00ba 34, Yak Haruin visitaron la Legislatura provincial y fueron recibidos por la Presidenta de la Comisi\u00f3n de Educaci\u00f3n (4), legisladora Andrea Freites. En el Sal\u00f3n de Comisiones, compartieron un desayuno, mientras los ni\u00f1os consultaban a la Parlamentaria sobre el funcionamiento de la C\u00e1mara y las tareas legislativas.<img loading=\"lazy\" decoding=\"async\" data-attachment-id=\"16538\" data-permalink=\"https:\/\/www.legistdf.gob.ar\/index.php\/2019\/10\/11\/legislatura-la-escuela-yak-haruin-llego-al-parlamento-fueguino\/img_7728\/\" data-orig-file=\"https:\/\/www.legistdf.gob.ar\/wp-content\/uploads\/2019\/10\/IMG_7728.jpg\" data-orig-size=\"1000,667\" data-comments-opened=\"0\" data-image-meta=\"{&quot;aperture&quot;:&quot;8&quot;,&quot;credit&quot;:&quot;PrensaLegislativa2015&quot;,&quot;camera&quot;:&quot;Canon EOS 70D&quot;,&quot;caption&quot;:&quot;&quot;,&quot;created_timestamp&quot;:&quot;1570767344&quot;,&quot;copyright&quot;:&quot;&quot;,&quot;focal_length&quot;:&quot;55&quot;,&quot;iso&quot;:&quot;800&quot;,&quot;shutter_speed&quot;:&quot;0.016666666666667&quot;,&quot;title&quot;:&quot;&quot;,&quot;orientation&quot;:&quot;0&quot;}\" data-image-title=\"IMG_7728\" data-image-description=\"\" data-image-caption=\"\" data-medium-file=\"https:\/\/www.legistdf.gob.ar\/wp-content\/uploads\/2019\/10\/IMG_7728-300x200.jpg\" data-large-file=\"https:\/\/www.legistdf.gob.ar\/wp-content\/uploads\/2019\/10\/IMG_7728.jpg\" class=\"size-medium wp-image-16538 alignright\" src=\"http:\/\/www.legistdf.gob.ar\/wp-content\/uploads\/2019\/10\/IMG_7728-300x200.jpg\" alt=\"\" width=\"300\" height=\"200\" srcset=\"https:\/\/www.legistdf.gob.ar\/wp-content\/uploads\/2019\/10\/IMG_7728-300x200.jpg 300w, https:\/\/www.legistdf.gob.ar\/wp-content\/uploads\/2019\/10\/IMG_7728-768x512.jpg 768w, https:\/\/www.legistdf.gob.ar\/wp-content\/uploads\/2019\/10\/IMG_7728-160x107.jpg 160w, https:\/\/www.legistdf.gob.ar\/wp-content\/uploads\/2019\/10\/IMG_7728.jpg 1000w\" sizes=\"(max-width: 300px) 100vw, 300px\" \/><\/strong><\/p>\n<p><strong>\u00a0<\/strong><\/p>\n<p>Luego de la recorrida de los ni\u00f1os por el edificio de los bloques pol\u00edticos, que incluy\u00f3 la visita a la biblioteca Dr. Ernesto L\u00f6ffler, donde fueron recibidos por el jefe del \u00e1rea, Adri\u00e1n Tilli, Prensa Legislativa dialog\u00f3 con la legisladora Andrea Freites. \u201cHace aproximadamente una semana y media se contact\u00f3 conmigo Tania, una docente de la escuela N\u00ba 34, con un proyecto institucional denominado \u2018explorando mi ciudad\u2019, donde buscan conocer el funcionamiento de las distintas instituciones de Ushuaia\u201d, cont\u00f3 la Parlamentaria.<\/p>\n<p>&nbsp;<\/p>\n<p>\u201cLos chicos vinieron con sus preguntas ya armadas, pero fue una charla bastante interesante, con muchas consultas de parte de ellos, como cu\u00e1ntos son los Legisladores, qu\u00e9 hace cada uno, qu\u00e9 pasa si no hubiese una Legislatura o si no hubiese un Gobernador\u201d, resumi\u00f3.<\/p>\n<p>&nbsp;<\/p>\n<p>La referente del bloque del FPV \u2013 PJ destac\u00f3 que \u201ces muy importante que los chicos conozcan el Poder Legislativo. Lo habl\u00e1bamos con los docentes tambi\u00e9n, la importancia de relacionarse con las instituciones y que los chicos puedan acercarse y conocer lo que se hace ac\u00e1 adentro y qui\u00e9nes son los que trabajamos ac\u00e1 para lograr el objetivo com\u00fan, de que la Provincia siga avanzando, todos aportamos para ello\u201d.<\/p>\n<p>&nbsp;<\/p>\n<p>Resalt\u00f3 el inter\u00e9s demostrado por los ni\u00f1os durante la visita. \u201cEs muy gratificante ver que alumnos de 8 o 9 a\u00f1os est\u00e1n con esa iniciativa, con ganas de conocer, con muchas preguntas, muy informados.<\/p>\n<p>&nbsp;<\/p>\n<p>\u201cEstoy muy conforme con la actividad, coordinamos con los docentes poder trabajar el a\u00f1o que viene en un proyecto denominado \u2018Ser legislador por un d\u00eda\u2019. Es muy importante para que los alumnos y docentes tengan presencia en este \u00e1mbito que es tan significativo para la Provincia\u201d, concluy\u00f3.<\/p>\n<p>&nbsp;<\/p>\n<p><img loading=\"lazy\" decoding=\"async\" data-attachment-id=\"16539\" data-permalink=\"https:\/\/www.legistdf.gob.ar\/index.php\/2019\/10\/11\/legislatura-la-escuela-yak-haruin-llego-al-parlamento-fueguino\/img_7732\/\" data-orig-file=\"https:\/\/www.legistdf.gob.ar\/wp-content\/uploads\/2019\/10\/IMG_7732.jpg\" data-orig-size=\"1000,667\" data-comments-opened=\"0\" data-image-meta=\"{&quot;aperture&quot;:&quot;3.5&quot;,&quot;credit&quot;:&quot;PrensaLegislativa2015&quot;,&quot;camera&quot;:&quot;Canon EOS 70D&quot;,&quot;caption&quot;:&quot;&quot;,&quot;created_timestamp&quot;:&quot;1570769076&quot;,&quot;copyright&quot;:&quot;&quot;,&quot;focal_length&quot;:&quot;18&quot;,&quot;iso&quot;:&quot;100&quot;,&quot;shutter_speed&quot;:&quot;0.033333333333333&quot;,&quot;title&quot;:&quot;&quot;,&quot;orientation&quot;:&quot;0&quot;}\" data-image-title=\"IMG_7732\" data-image-description=\"\" data-image-caption=\"\" data-medium-file=\"https:\/\/www.legistdf.gob.ar\/wp-content\/uploads\/2019\/10\/IMG_7732-300x200.jpg\" data-large-file=\"https:\/\/www.legistdf.gob.ar\/wp-content\/uploads\/2019\/10\/IMG_7732.jpg\" class=\"size-medium wp-image-16539 alignleft\" src=\"http:\/\/www.legistdf.gob.ar\/wp-content\/uploads\/2019\/10\/IMG_7732-300x200.jpg\" alt=\"\" width=\"300\" height=\"200\" srcset=\"https:\/\/www.legistdf.gob.ar\/wp-content\/uploads\/2019\/10\/IMG_7732-300x200.jpg 300w, https:\/\/www.legistdf.gob.ar\/wp-content\/uploads\/2019\/10\/IMG_7732-768x512.jpg 768w, https:\/\/www.legistdf.gob.ar\/wp-content\/uploads\/2019\/10\/IMG_7732-160x107.jpg 160w, https:\/\/www.legistdf.gob.ar\/wp-content\/uploads\/2019\/10\/IMG_7732.jpg 1000w\" sizes=\"(max-width: 300px) 100vw, 300px\" \/>Por su parte, la docente Soledad Nievas, a cargo de 3\u00ba B del turno ma\u00f1ana de esa instituci\u00f3n, explic\u00f3 que la visita se encuadra en el proyecto que busca conocer las instituciones m\u00e1s importantes que tiene el lugar en donde vivimos, para que los chicos puedan conocerlos, \u201cen el marco de los contenidos de las Ciencias Sociales\u201d, dijo.<\/p>\n<p>&nbsp;<\/p>\n<p>\u201cHoy participaron de la actividad 21 estudiantes, son los 2 terceros del turno ma\u00f1ana, el proyecto est\u00e1 abocado solamente a 3\u00ba a\u00f1o. Fuimos recibidos muy amablemente por la legisladora Andrea Freites y todo su equipo, fue para nosotros y para los alumnos una experiencia muy enriquecedora, porque los ni\u00f1os estaban con muchas inquietudes para conocer sobre el tema. Nos vamos muy contentos por todo lo que la Legisladora les cont\u00f3\u201d, cerr\u00f3 la docente.<\/p>\n<p>&nbsp;<\/p>\n<p>Olivia Leiva, alumna de 3\u00ba grado B, particip\u00f3 de la visita y resumi\u00f3: \u201cVinimos a conocerlos para que nos cuenten lo que hacen. Con la se\u00f1o preparamos unas preguntas para hacerle a la Legisladora. Aprendimos que hay 7 comisiones, que son 15 Legisladores, que en la pr\u00f3xima composici\u00f3n va a haber 5 partidos pol\u00edticos. La visita me gust\u00f3 mucho, aprendimos tambi\u00e9n c\u00f3mo se hacen las Leyes\u201d, concluy\u00f3 la alumna.<\/p>\n<p>&nbsp;<\/p>\n<p style=\"text-align: right\">LVV<\/p>\n\n\t\t<style type=\"text\/css\">\n\t\t\t#gallery-1 {\n\t\t\t\tmargin: auto;\n\t\t\t}\n\t\t\t#gallery-1 .gallery-item {\n\t\t\t\tfloat: left;\n\t\t\t\tmargin-top: 10px;\n\t\t\t\ttext-align: center;\n\t\t\t\twidth: 33%;\n\t\t\t}\n\t\t\t#gallery-1 img {\n\t\t\t\tborder: 2px solid #cfcfcf;\n\t\t\t}\n\t\t\t#gallery-1 .gallery-caption {\n\t\t\t\tmargin-left: 0;\n\t\t\t}\n\t\t\t\/* see gallery_shortcode() in wp-includes\/media.php *\/\n\t\t<\/style>\n\t\t<div data-carousel-extra='{\"blog_id\":1,\"permalink\":\"https:\\\/\\\/www.legistdf.gob.ar\\\/index.php\\\/2019\\\/10\\\/11\\\/legislatura-la-escuela-yak-haruin-llego-al-parlamento-fueguino\\\/\"}' id='gallery-1' class='gallery galleryid-16532 gallery-columns-3 gallery-size-full'><dl class='gallery-item'>\n\t\t\t<dt class='gallery-icon landscape'>\n\t\t\t\t<a href='https:\/\/www.legistdf.gob.ar\/index.php\/2019\/10\/11\/legislatura-la-escuela-yak-haruin-llego-al-parlamento-fueguino\/img_7748-1\/'><img loading=\"lazy\" decoding=\"async\" width=\"1000\" height=\"667\" src=\"https:\/\/www.legistdf.gob.ar\/wp-content\/uploads\/2019\/10\/IMG_7748-1.jpg\" class=\"attachment-full size-full\" alt=\"\" srcset=\"https:\/\/www.legistdf.gob.ar\/wp-content\/uploads\/2019\/10\/IMG_7748-1.jpg 1000w, https:\/\/www.legistdf.gob.ar\/wp-content\/uploads\/2019\/10\/IMG_7748-1-300x200.jpg 300w, https:\/\/www.legistdf.gob.ar\/wp-content\/uploads\/2019\/10\/IMG_7748-1-768x512.jpg 768w, https:\/\/www.legistdf.gob.ar\/wp-content\/uploads\/2019\/10\/IMG_7748-1-160x107.jpg 160w\" sizes=\"(max-width: 1000px) 100vw, 1000px\" data-attachment-id=\"16542\" data-permalink=\"https:\/\/www.legistdf.gob.ar\/index.php\/2019\/10\/11\/legislatura-la-escuela-yak-haruin-llego-al-parlamento-fueguino\/img_7748-1\/\" data-orig-file=\"https:\/\/www.legistdf.gob.ar\/wp-content\/uploads\/2019\/10\/IMG_7748-1.jpg\" data-orig-size=\"1000,667\" data-comments-opened=\"0\" data-image-meta=\"{&quot;aperture&quot;:&quot;4&quot;,&quot;credit&quot;:&quot;PrensaLegislativa2015&quot;,&quot;camera&quot;:&quot;Canon EOS 70D&quot;,&quot;caption&quot;:&quot;&quot;,&quot;created_timestamp&quot;:&quot;1570769666&quot;,&quot;copyright&quot;:&quot;&quot;,&quot;focal_length&quot;:&quot;13&quot;,&quot;iso&quot;:&quot;640&quot;,&quot;shutter_speed&quot;:&quot;0.033333333333333&quot;,&quot;title&quot;:&quot;&quot;,&quot;orientation&quot;:&quot;0&quot;}\" data-image-title=\"IMG_7748-1\" data-image-description=\"\" data-image-caption=\"\" data-medium-file=\"https:\/\/www.legistdf.gob.ar\/wp-content\/uploads\/2019\/10\/IMG_7748-1-300x200.jpg\" data-large-file=\"https:\/\/www.legistdf.gob.ar\/wp-content\/uploads\/2019\/10\/IMG_7748-1.jpg\" \/><\/a>\n\t\t\t<\/dt><\/dl><dl class='gallery-item'>\n\t\t\t<dt class='gallery-icon landscape'>\n\t\t\t\t<a href='https:\/\/www.legistdf.gob.ar\/index.php\/2019\/10\/11\/legislatura-la-escuela-yak-haruin-llego-al-parlamento-fueguino\/img_7750\/'><img loading=\"lazy\" decoding=\"async\" width=\"1000\" height=\"667\" src=\"https:\/\/www.legistdf.gob.ar\/wp-content\/uploads\/2019\/10\/IMG_7750.jpg\" class=\"attachment-full size-full\" alt=\"\" srcset=\"https:\/\/www.legistdf.gob.ar\/wp-content\/uploads\/2019\/10\/IMG_7750.jpg 1000w, https:\/\/www.legistdf.gob.ar\/wp-content\/uploads\/2019\/10\/IMG_7750-300x200.jpg 300w, https:\/\/www.legistdf.gob.ar\/wp-content\/uploads\/2019\/10\/IMG_7750-768x512.jpg 768w, https:\/\/www.legistdf.gob.ar\/wp-content\/uploads\/2019\/10\/IMG_7750-160x107.jpg 160w\" sizes=\"(max-width: 1000px) 100vw, 1000px\" data-attachment-id=\"16541\" data-permalink=\"https:\/\/www.legistdf.gob.ar\/index.php\/2019\/10\/11\/legislatura-la-escuela-yak-haruin-llego-al-parlamento-fueguino\/img_7750\/\" data-orig-file=\"https:\/\/www.legistdf.gob.ar\/wp-content\/uploads\/2019\/10\/IMG_7750.jpg\" data-orig-size=\"1000,667\" data-comments-opened=\"0\" data-image-meta=\"{&quot;aperture&quot;:&quot;5&quot;,&quot;credit&quot;:&quot;PrensaLegislativa2015&quot;,&quot;camera&quot;:&quot;Canon EOS 70D&quot;,&quot;caption&quot;:&quot;&quot;,&quot;created_timestamp&quot;:&quot;1570769685&quot;,&quot;copyright&quot;:&quot;&quot;,&quot;focal_length&quot;:&quot;22&quot;,&quot;iso&quot;:&quot;1250&quot;,&quot;shutter_speed&quot;:&quot;0.016666666666667&quot;,&quot;title&quot;:&quot;&quot;,&quot;orientation&quot;:&quot;0&quot;}\" data-image-title=\"IMG_7750\" data-image-description=\"\" data-image-caption=\"\" data-medium-file=\"https:\/\/www.legistdf.gob.ar\/wp-content\/uploads\/2019\/10\/IMG_7750-300x200.jpg\" data-large-file=\"https:\/\/www.legistdf.gob.ar\/wp-content\/uploads\/2019\/10\/IMG_7750.jpg\" \/><\/a>\n\t\t\t<\/dt><\/dl><dl class='gallery-item'>\n\t\t\t<dt class='gallery-icon landscape'>\n\t\t\t\t<a href='https:\/\/www.legistdf.gob.ar\/index.php\/2019\/10\/11\/legislatura-la-escuela-yak-haruin-llego-al-parlamento-fueguino\/img_7740\/'><img loading=\"lazy\" decoding=\"async\" width=\"1000\" height=\"667\" src=\"https:\/\/www.legistdf.gob.ar\/wp-content\/uploads\/2019\/10\/IMG_7740.jpg\" class=\"attachment-full size-full\" alt=\"\" srcset=\"https:\/\/www.legistdf.gob.ar\/wp-content\/uploads\/2019\/10\/IMG_7740.jpg 1000w, https:\/\/www.legistdf.gob.ar\/wp-content\/uploads\/2019\/10\/IMG_7740-300x200.jpg 300w, https:\/\/www.legistdf.gob.ar\/wp-content\/uploads\/2019\/10\/IMG_7740-768x512.jpg 768w, https:\/\/www.legistdf.gob.ar\/wp-content\/uploads\/2019\/10\/IMG_7740-160x107.jpg 160w\" sizes=\"(max-width: 1000px) 100vw, 1000px\" data-attachment-id=\"16540\" data-permalink=\"https:\/\/www.legistdf.gob.ar\/index.php\/2019\/10\/11\/legislatura-la-escuela-yak-haruin-llego-al-parlamento-fueguino\/img_7740\/\" data-orig-file=\"https:\/\/www.legistdf.gob.ar\/wp-content\/uploads\/2019\/10\/IMG_7740.jpg\" data-orig-size=\"1000,667\" data-comments-opened=\"0\" data-image-meta=\"{&quot;aperture&quot;:&quot;3.5&quot;,&quot;credit&quot;:&quot;PrensaLegislativa2015&quot;,&quot;camera&quot;:&quot;Canon EOS 70D&quot;,&quot;caption&quot;:&quot;&quot;,&quot;created_timestamp&quot;:&quot;1570769392&quot;,&quot;copyright&quot;:&quot;&quot;,&quot;focal_length&quot;:&quot;18&quot;,&quot;iso&quot;:&quot;800&quot;,&quot;shutter_speed&quot;:&quot;0.033333333333333&quot;,&quot;title&quot;:&quot;&quot;,&quot;orientation&quot;:&quot;0&quot;}\" data-image-title=\"IMG_7740\" data-image-description=\"\" data-image-caption=\"\" data-medium-file=\"https:\/\/www.legistdf.gob.ar\/wp-content\/uploads\/2019\/10\/IMG_7740-300x200.jpg\" data-large-file=\"https:\/\/www.legistdf.gob.ar\/wp-content\/uploads\/2019\/10\/IMG_7740.jpg\" \/><\/a>\n\t\t\t<\/dt><\/dl><br style=\"clear: both\" \/><dl class='gallery-item'>\n\t\t\t<dt class='gallery-icon landscape'>\n\t\t\t\t<a href='https:\/\/www.legistdf.gob.ar\/index.php\/2019\/10\/11\/legislatura-la-escuela-yak-haruin-llego-al-parlamento-fueguino\/img_7732\/'><img loading=\"lazy\" decoding=\"async\" width=\"1000\" height=\"667\" src=\"https:\/\/www.legistdf.gob.ar\/wp-content\/uploads\/2019\/10\/IMG_7732.jpg\" class=\"attachment-full size-full\" alt=\"\" srcset=\"https:\/\/www.legistdf.gob.ar\/wp-content\/uploads\/2019\/10\/IMG_7732.jpg 1000w, https:\/\/www.legistdf.gob.ar\/wp-content\/uploads\/2019\/10\/IMG_7732-300x200.jpg 300w, https:\/\/www.legistdf.gob.ar\/wp-content\/uploads\/2019\/10\/IMG_7732-768x512.jpg 768w, https:\/\/www.legistdf.gob.ar\/wp-content\/uploads\/2019\/10\/IMG_7732-160x107.jpg 160w\" sizes=\"(max-width: 1000px) 100vw, 1000px\" data-attachment-id=\"16539\" data-permalink=\"https:\/\/www.legistdf.gob.ar\/index.php\/2019\/10\/11\/legislatura-la-escuela-yak-haruin-llego-al-parlamento-fueguino\/img_7732\/\" data-orig-file=\"https:\/\/www.legistdf.gob.ar\/wp-content\/uploads\/2019\/10\/IMG_7732.jpg\" data-orig-size=\"1000,667\" data-comments-opened=\"0\" data-image-meta=\"{&quot;aperture&quot;:&quot;3.5&quot;,&quot;credit&quot;:&quot;PrensaLegislativa2015&quot;,&quot;camera&quot;:&quot;Canon EOS 70D&quot;,&quot;caption&quot;:&quot;&quot;,&quot;created_timestamp&quot;:&quot;1570769076&quot;,&quot;copyright&quot;:&quot;&quot;,&quot;focal_length&quot;:&quot;18&quot;,&quot;iso&quot;:&quot;100&quot;,&quot;shutter_speed&quot;:&quot;0.033333333333333&quot;,&quot;title&quot;:&quot;&quot;,&quot;orientation&quot;:&quot;0&quot;}\" data-image-title=\"IMG_7732\" data-image-description=\"\" data-image-caption=\"\" data-medium-file=\"https:\/\/www.legistdf.gob.ar\/wp-content\/uploads\/2019\/10\/IMG_7732-300x200.jpg\" data-large-file=\"https:\/\/www.legistdf.gob.ar\/wp-content\/uploads\/2019\/10\/IMG_7732.jpg\" \/><\/a>\n\t\t\t<\/dt><\/dl><dl class='gallery-item'>\n\t\t\t<dt class='gallery-icon landscape'>\n\t\t\t\t<a href='https:\/\/www.legistdf.gob.ar\/index.php\/2019\/10\/11\/legislatura-la-escuela-yak-haruin-llego-al-parlamento-fueguino\/img_7728\/'><img loading=\"lazy\" decoding=\"async\" width=\"1000\" height=\"667\" src=\"https:\/\/www.legistdf.gob.ar\/wp-content\/uploads\/2019\/10\/IMG_7728.jpg\" class=\"attachment-full size-full\" alt=\"\" srcset=\"https:\/\/www.legistdf.gob.ar\/wp-content\/uploads\/2019\/10\/IMG_7728.jpg 1000w, https:\/\/www.legistdf.gob.ar\/wp-content\/uploads\/2019\/10\/IMG_7728-300x200.jpg 300w, https:\/\/www.legistdf.gob.ar\/wp-content\/uploads\/2019\/10\/IMG_7728-768x512.jpg 768w, https:\/\/www.legistdf.gob.ar\/wp-content\/uploads\/2019\/10\/IMG_7728-160x107.jpg 160w\" sizes=\"(max-width: 1000px) 100vw, 1000px\" data-attachment-id=\"16538\" data-permalink=\"https:\/\/www.legistdf.gob.ar\/index.php\/2019\/10\/11\/legislatura-la-escuela-yak-haruin-llego-al-parlamento-fueguino\/img_7728\/\" data-orig-file=\"https:\/\/www.legistdf.gob.ar\/wp-content\/uploads\/2019\/10\/IMG_7728.jpg\" data-orig-size=\"1000,667\" data-comments-opened=\"0\" data-image-meta=\"{&quot;aperture&quot;:&quot;8&quot;,&quot;credit&quot;:&quot;PrensaLegislativa2015&quot;,&quot;camera&quot;:&quot;Canon EOS 70D&quot;,&quot;caption&quot;:&quot;&quot;,&quot;created_timestamp&quot;:&quot;1570767344&quot;,&quot;copyright&quot;:&quot;&quot;,&quot;focal_length&quot;:&quot;55&quot;,&quot;iso&quot;:&quot;800&quot;,&quot;shutter_speed&quot;:&quot;0.016666666666667&quot;,&quot;title&quot;:&quot;&quot;,&quot;orientation&quot;:&quot;0&quot;}\" data-image-title=\"IMG_7728\" data-image-description=\"\" data-image-caption=\"\" data-medium-file=\"https:\/\/www.legistdf.gob.ar\/wp-content\/uploads\/2019\/10\/IMG_7728-300x200.jpg\" data-large-file=\"https:\/\/www.legistdf.gob.ar\/wp-content\/uploads\/2019\/10\/IMG_7728.jpg\" \/><\/a>\n\t\t\t<\/dt><\/dl><dl class='gallery-item'>\n\t\t\t<dt class='gallery-icon landscape'>\n\t\t\t\t<a href='https:\/\/www.legistdf.gob.ar\/index.php\/2019\/10\/11\/legislatura-la-escuela-yak-haruin-llego-al-parlamento-fueguino\/img_7698\/'><img loading=\"lazy\" decoding=\"async\" width=\"1000\" height=\"667\" src=\"https:\/\/www.legistdf.gob.ar\/wp-content\/uploads\/2019\/10\/IMG_7698.jpg\" class=\"attachment-full size-full\" alt=\"\" srcset=\"https:\/\/www.legistdf.gob.ar\/wp-content\/uploads\/2019\/10\/IMG_7698.jpg 1000w, https:\/\/www.legistdf.gob.ar\/wp-content\/uploads\/2019\/10\/IMG_7698-300x200.jpg 300w, https:\/\/www.legistdf.gob.ar\/wp-content\/uploads\/2019\/10\/IMG_7698-768x512.jpg 768w, https:\/\/www.legistdf.gob.ar\/wp-content\/uploads\/2019\/10\/IMG_7698-160x107.jpg 160w\" sizes=\"(max-width: 1000px) 100vw, 1000px\" data-attachment-id=\"16537\" data-permalink=\"https:\/\/www.legistdf.gob.ar\/index.php\/2019\/10\/11\/legislatura-la-escuela-yak-haruin-llego-al-parlamento-fueguino\/img_7698\/\" data-orig-file=\"https:\/\/www.legistdf.gob.ar\/wp-content\/uploads\/2019\/10\/IMG_7698.jpg\" data-orig-size=\"1000,667\" data-comments-opened=\"0\" data-image-meta=\"{&quot;aperture&quot;:&quot;4.5&quot;,&quot;credit&quot;:&quot;PrensaLegislativa2015&quot;,&quot;camera&quot;:&quot;Canon EOS 70D&quot;,&quot;caption&quot;:&quot;&quot;,&quot;created_timestamp&quot;:&quot;1570766264&quot;,&quot;copyright&quot;:&quot;&quot;,&quot;focal_length&quot;:&quot;18&quot;,&quot;iso&quot;:&quot;1000&quot;,&quot;shutter_speed&quot;:&quot;0.008&quot;,&quot;title&quot;:&quot;&quot;,&quot;orientation&quot;:&quot;0&quot;}\" data-image-title=\"IMG_7698\" data-image-description=\"\" data-image-caption=\"\" data-medium-file=\"https:\/\/www.legistdf.gob.ar\/wp-content\/uploads\/2019\/10\/IMG_7698-300x200.jpg\" data-large-file=\"https:\/\/www.legistdf.gob.ar\/wp-content\/uploads\/2019\/10\/IMG_7698.jpg\" \/><\/a>\n\t\t\t<\/dt><\/dl><br style=\"clear: both\" \/><dl class='gallery-item'>\n\t\t\t<dt class='gallery-icon landscape'>\n\t\t\t\t<a href='https:\/\/www.legistdf.gob.ar\/index.php\/2019\/10\/11\/legislatura-la-escuela-yak-haruin-llego-al-parlamento-fueguino\/img_7696\/'><img loading=\"lazy\" decoding=\"async\" width=\"1000\" height=\"563\" src=\"https:\/\/www.legistdf.gob.ar\/wp-content\/uploads\/2019\/10\/IMG_7696.jpg\" class=\"attachment-full size-full\" alt=\"\" srcset=\"https:\/\/www.legistdf.gob.ar\/wp-content\/uploads\/2019\/10\/IMG_7696.jpg 1000w, https:\/\/www.legistdf.gob.ar\/wp-content\/uploads\/2019\/10\/IMG_7696-300x169.jpg 300w, https:\/\/www.legistdf.gob.ar\/wp-content\/uploads\/2019\/10\/IMG_7696-768x432.jpg 768w, https:\/\/www.legistdf.gob.ar\/wp-content\/uploads\/2019\/10\/IMG_7696-160x90.jpg 160w\" sizes=\"(max-width: 1000px) 100vw, 1000px\" data-attachment-id=\"16536\" data-permalink=\"https:\/\/www.legistdf.gob.ar\/index.php\/2019\/10\/11\/legislatura-la-escuela-yak-haruin-llego-al-parlamento-fueguino\/img_7696\/\" data-orig-file=\"https:\/\/www.legistdf.gob.ar\/wp-content\/uploads\/2019\/10\/IMG_7696.jpg\" data-orig-size=\"1000,563\" data-comments-opened=\"0\" data-image-meta=\"{&quot;aperture&quot;:&quot;5&quot;,&quot;credit&quot;:&quot;PrensaLegislativa2015&quot;,&quot;camera&quot;:&quot;Canon EOS 70D&quot;,&quot;caption&quot;:&quot;&quot;,&quot;created_timestamp&quot;:&quot;1570766188&quot;,&quot;copyright&quot;:&quot;&quot;,&quot;focal_length&quot;:&quot;18&quot;,&quot;iso&quot;:&quot;1000&quot;,&quot;shutter_speed&quot;:&quot;0.008&quot;,&quot;title&quot;:&quot;&quot;,&quot;orientation&quot;:&quot;0&quot;}\" data-image-title=\"IMG_7696\" data-image-description=\"\" data-image-caption=\"\" data-medium-file=\"https:\/\/www.legistdf.gob.ar\/wp-content\/uploads\/2019\/10\/IMG_7696-300x169.jpg\" data-large-file=\"https:\/\/www.legistdf.gob.ar\/wp-content\/uploads\/2019\/10\/IMG_7696.jpg\" \/><\/a>\n\t\t\t<\/dt><\/dl><dl class='gallery-item'>\n\t\t\t<dt class='gallery-icon landscape'>\n\t\t\t\t<a href='https:\/\/www.legistdf.gob.ar\/index.php\/2019\/10\/11\/legislatura-la-escuela-yak-haruin-llego-al-parlamento-fueguino\/img_7695\/'><img loading=\"lazy\" decoding=\"async\" width=\"1000\" height=\"667\" src=\"https:\/\/www.legistdf.gob.ar\/wp-content\/uploads\/2019\/10\/IMG_7695.jpg\" class=\"attachment-full size-full\" alt=\"\" srcset=\"https:\/\/www.legistdf.gob.ar\/wp-content\/uploads\/2019\/10\/IMG_7695.jpg 1000w, https:\/\/www.legistdf.gob.ar\/wp-content\/uploads\/2019\/10\/IMG_7695-300x200.jpg 300w, https:\/\/www.legistdf.gob.ar\/wp-content\/uploads\/2019\/10\/IMG_7695-768x512.jpg 768w, https:\/\/www.legistdf.gob.ar\/wp-content\/uploads\/2019\/10\/IMG_7695-160x107.jpg 160w\" sizes=\"(max-width: 1000px) 100vw, 1000px\" data-attachment-id=\"16535\" data-permalink=\"https:\/\/www.legistdf.gob.ar\/index.php\/2019\/10\/11\/legislatura-la-escuela-yak-haruin-llego-al-parlamento-fueguino\/img_7695\/\" data-orig-file=\"https:\/\/www.legistdf.gob.ar\/wp-content\/uploads\/2019\/10\/IMG_7695.jpg\" data-orig-size=\"1000,667\" data-comments-opened=\"0\" data-image-meta=\"{&quot;aperture&quot;:&quot;4&quot;,&quot;credit&quot;:&quot;PrensaLegislativa2015&quot;,&quot;camera&quot;:&quot;Canon EOS 70D&quot;,&quot;caption&quot;:&quot;&quot;,&quot;created_timestamp&quot;:&quot;1570766171&quot;,&quot;copyright&quot;:&quot;&quot;,&quot;focal_length&quot;:&quot;18&quot;,&quot;iso&quot;:&quot;1000&quot;,&quot;shutter_speed&quot;:&quot;0.008&quot;,&quot;title&quot;:&quot;&quot;,&quot;orientation&quot;:&quot;0&quot;}\" data-image-title=\"IMG_7695\" data-image-description=\"\" data-image-caption=\"\" data-medium-file=\"https:\/\/www.legistdf.gob.ar\/wp-content\/uploads\/2019\/10\/IMG_7695-300x200.jpg\" data-large-file=\"https:\/\/www.legistdf.gob.ar\/wp-content\/uploads\/2019\/10\/IMG_7695.jpg\" \/><\/a>\n\t\t\t<\/dt><\/dl><dl class='gallery-item'>\n\t\t\t<dt class='gallery-icon landscape'>\n\t\t\t\t<a href='https:\/\/www.legistdf.gob.ar\/index.php\/2019\/10\/11\/legislatura-la-escuela-yak-haruin-llego-al-parlamento-fueguino\/img_7694\/'><img loading=\"lazy\" decoding=\"async\" width=\"1000\" height=\"667\" src=\"https:\/\/www.legistdf.gob.ar\/wp-content\/uploads\/2019\/10\/IMG_7694.jpg\" class=\"attachment-full size-full\" alt=\"\" srcset=\"https:\/\/www.legistdf.gob.ar\/wp-content\/uploads\/2019\/10\/IMG_7694.jpg 1000w, https:\/\/www.legistdf.gob.ar\/wp-content\/uploads\/2019\/10\/IMG_7694-300x200.jpg 300w, https:\/\/www.legistdf.gob.ar\/wp-content\/uploads\/2019\/10\/IMG_7694-768x512.jpg 768w, https:\/\/www.legistdf.gob.ar\/wp-content\/uploads\/2019\/10\/IMG_7694-160x107.jpg 160w\" sizes=\"(max-width: 1000px) 100vw, 1000px\" data-attachment-id=\"16534\" data-permalink=\"https:\/\/www.legistdf.gob.ar\/index.php\/2019\/10\/11\/legislatura-la-escuela-yak-haruin-llego-al-parlamento-fueguino\/img_7694\/\" data-orig-file=\"https:\/\/www.legistdf.gob.ar\/wp-content\/uploads\/2019\/10\/IMG_7694.jpg\" data-orig-size=\"1000,667\" data-comments-opened=\"0\" data-image-meta=\"{&quot;aperture&quot;:&quot;4.5&quot;,&quot;credit&quot;:&quot;PrensaLegislativa2015&quot;,&quot;camera&quot;:&quot;Canon EOS 70D&quot;,&quot;caption&quot;:&quot;&quot;,&quot;created_timestamp&quot;:&quot;1570766158&quot;,&quot;copyright&quot;:&quot;&quot;,&quot;focal_length&quot;:&quot;18&quot;,&quot;iso&quot;:&quot;1000&quot;,&quot;shutter_speed&quot;:&quot;0.008&quot;,&quot;title&quot;:&quot;&quot;,&quot;orientation&quot;:&quot;0&quot;}\" data-image-title=\"IMG_7694\" data-image-description=\"\" data-image-caption=\"\" data-medium-file=\"https:\/\/www.legistdf.gob.ar\/wp-content\/uploads\/2019\/10\/IMG_7694-300x200.jpg\" data-large-file=\"https:\/\/www.legistdf.gob.ar\/wp-content\/uploads\/2019\/10\/IMG_7694.jpg\" \/><\/a>\n\t\t\t<\/dt><\/dl><br style=\"clear: both\" \/><dl class='gallery-item'>\n\t\t\t<dt class='gallery-icon landscape'>\n\t\t\t\t<a href='https:\/\/www.legistdf.gob.ar\/index.php\/2019\/10\/11\/legislatura-la-escuela-yak-haruin-llego-al-parlamento-fueguino\/img_7690\/'><img loading=\"lazy\" decoding=\"async\" width=\"1000\" height=\"667\" src=\"https:\/\/www.legistdf.gob.ar\/wp-content\/uploads\/2019\/10\/IMG_7690.jpg\" class=\"attachment-full size-full\" alt=\"\" srcset=\"https:\/\/www.legistdf.gob.ar\/wp-content\/uploads\/2019\/10\/IMG_7690.jpg 1000w, https:\/\/www.legistdf.gob.ar\/wp-content\/uploads\/2019\/10\/IMG_7690-300x200.jpg 300w, https:\/\/www.legistdf.gob.ar\/wp-content\/uploads\/2019\/10\/IMG_7690-768x512.jpg 768w, https:\/\/www.legistdf.gob.ar\/wp-content\/uploads\/2019\/10\/IMG_7690-160x107.jpg 160w\" sizes=\"(max-width: 1000px) 100vw, 1000px\" data-attachment-id=\"16533\" data-permalink=\"https:\/\/www.legistdf.gob.ar\/index.php\/2019\/10\/11\/legislatura-la-escuela-yak-haruin-llego-al-parlamento-fueguino\/img_7690\/\" data-orig-file=\"https:\/\/www.legistdf.gob.ar\/wp-content\/uploads\/2019\/10\/IMG_7690.jpg\" data-orig-size=\"1000,667\" data-comments-opened=\"0\" data-image-meta=\"{&quot;aperture&quot;:&quot;5.6&quot;,&quot;credit&quot;:&quot;PrensaLegislativa2015&quot;,&quot;camera&quot;:&quot;Canon EOS 70D&quot;,&quot;caption&quot;:&quot;&quot;,&quot;created_timestamp&quot;:&quot;1570766145&quot;,&quot;copyright&quot;:&quot;&quot;,&quot;focal_length&quot;:&quot;55&quot;,&quot;iso&quot;:&quot;1000&quot;,&quot;shutter_speed&quot;:&quot;0.008&quot;,&quot;title&quot;:&quot;&quot;,&quot;orientation&quot;:&quot;0&quot;}\" data-image-title=\"IMG_7690\" data-image-description=\"\" data-image-caption=\"\" data-medium-file=\"https:\/\/www.legistdf.gob.ar\/wp-content\/uploads\/2019\/10\/IMG_7690-300x200.jpg\" data-large-file=\"https:\/\/www.legistdf.gob.ar\/wp-content\/uploads\/2019\/10\/IMG_7690.jpg\" \/><\/a>\n\t\t\t<\/dt><\/dl>\n\t\t\t<br style='clear: both' \/>\n\t\t<\/div>\n\n","protected":false},"excerpt":{"rendered":"<p>Ushuaia, viernes 11 de octubre de 2019.- Alumnos del 3\u00ba a\u00f1o de la escuela N\u00ba 34, Yak Haruin visitaron la Legislatura provincial y fueron recibidos por la Presidenta de la Comisi\u00f3n de Educaci\u00f3n (4), legisladora Andrea Freites. En el Sal\u00f3n de Comisiones, compartieron un desayuno, mientras los ni\u00f1os consultaban a la Parlamentaria sobre el funcionamiento [&hellip;]<\/p>\n","protected":false},"author":352,"featured_media":16542,"comment_status":"closed","ping_status":"open","sticky":false,"template":"","format":"standard","meta":{"jetpack_post_was_ever_published":false,"_jetpack_newsletter_access":"","_jetpack_dont_email_post_to_subs":false,"_jetpack_newsletter_tier_id":0,"footnotes":"","jetpack_publicize_message":"LEGISLATURA: La escuela Yak Haruin lleg\u00f3 al Parlamento fueguino #Ushuaia #TierradelFuego #LegisTDF","jetpack_publicize_feature_enabled":true,"jetpack_social_post_already_shared":true,"jetpack_social_options":{"image_generator_settings":{"template":"highway","enabled":false}}},"categories":[1],"tags":[1712,81,1710,1711,1709,1714,1713,668],"jetpack_publicize_connections":[],"jetpack_sharing_enabled":true,"jetpack_featured_media_url":"https:\/\/www.legistdf.gob.ar\/wp-content\/uploads\/2019\/10\/IMG_7748-1.jpg","jetpack-related-posts":[],"_links":{"self":[{"href":"https:\/\/www.legistdf.gob.ar\/index.php\/wp-json\/wp\/v2\/posts\/16532"}],"collection":[{"href":"https:\/\/www.legistdf.gob.ar\/index.php\/wp-json\/wp\/v2\/posts"}],"about":[{"href":"https:\/\/www.legistdf.gob.ar\/index.php\/wp-json\/wp\/v2\/types\/post"}],"author":[{"embeddable":true,"href":"https:\/\/www.legistdf.gob.ar\/index.php\/wp-json\/wp\/v2\/users\/352"}],"replies":[{"embeddable":true,"href":"https:\/\/www.legistdf.gob.ar\/index.php\/wp-json\/wp\/v2\/comments?post=16532"}],"version-history":[{"count":3,"href":"https:\/\/www.legistdf.gob.ar\/index.php\/wp-json\/wp\/v2\/posts\/16532\/revisions"}],"predecessor-version":[{"id":16545,"href":"https:\/\/www.legistdf.gob.ar\/index.php\/wp-json\/wp\/v2\/posts\/16532\/revisions\/16545"}],"wp:featuredmedia":[{"embeddable":true,"href":"https:\/\/www.legistdf.gob.ar\/index.php\/wp-json\/wp\/v2\/media\/16542"}],"wp:attachment":[{"href":"https:\/\/www.legistdf.gob.ar\/index.php\/wp-json\/wp\/v2\/media?parent=16532"}],"wp:term":[{"taxonomy":"category","embeddable":true,"href":"https:\/\/www.legistdf.gob.ar\/index.php\/wp-json\/wp\/v2\/categories?post=16532"},{"taxonomy":"post_tag","embeddable":true,"href":"https:\/\/www.legistdf.gob.ar\/index.php\/wp-json\/wp\/v2\/tags?post=16532"}],"curies":[{"name":"wp","href":"https:\/\/api.w.org\/{rel}","templated":true}]}}