{"id":16568,"date":"2019-10-15T13:00:51","date_gmt":"2019-10-15T16:00:51","guid":{"rendered":"http:\/\/www.legistdf.gob.ar\/?p=16568"},"modified":"2019-10-15T13:21:43","modified_gmt":"2019-10-15T16:21:43","slug":"medios-prensa-legislativa-iniciara-el-periodo-de-acreditacion-de-periodistas-para-la-gestion-2019-2023","status":"publish","type":"post","link":"https:\/\/www.legistdf.gob.ar\/index.php\/2019\/10\/15\/medios-prensa-legislativa-iniciara-el-periodo-de-acreditacion-de-periodistas-para-la-gestion-2019-2023\/","title":{"rendered":"MEDIOS: Prensa Legislativa iniciar\u00e1 el periodo de acreditaci\u00f3n de periodistas para la gesti\u00f3n 2019-2023"},"content":{"rendered":"<p><b><img loading=\"lazy\" decoding=\"async\" data-attachment-id=\"16569\" data-permalink=\"https:\/\/www.legistdf.gob.ar\/index.php\/2019\/10\/15\/medios-prensa-legislativa-iniciara-el-periodo-de-acreditacion-de-periodistas-para-la-gestion-2019-2023\/306192_111412808992829_2069820629_n\/\" data-orig-file=\"https:\/\/www.legistdf.gob.ar\/wp-content\/uploads\/2019\/10\/306192_111412808992829_2069820629_n.jpg\" data-orig-size=\"960,720\" data-comments-opened=\"0\" data-image-meta=\"{&quot;aperture&quot;:&quot;0&quot;,&quot;credit&quot;:&quot;&quot;,&quot;camera&quot;:&quot;&quot;,&quot;caption&quot;:&quot;&quot;,&quot;created_timestamp&quot;:&quot;0&quot;,&quot;copyright&quot;:&quot;&quot;,&quot;focal_length&quot;:&quot;0&quot;,&quot;iso&quot;:&quot;0&quot;,&quot;shutter_speed&quot;:&quot;0&quot;,&quot;title&quot;:&quot;&quot;,&quot;orientation&quot;:&quot;0&quot;}\" data-image-title=\"306192_111412808992829_2069820629_n\" data-image-description=\"\" data-image-caption=\"\" data-medium-file=\"https:\/\/www.legistdf.gob.ar\/wp-content\/uploads\/2019\/10\/306192_111412808992829_2069820629_n-300x225.jpg\" data-large-file=\"https:\/\/www.legistdf.gob.ar\/wp-content\/uploads\/2019\/10\/306192_111412808992829_2069820629_n.jpg\" class=\"size-medium wp-image-16569 alignright\" src=\"http:\/\/www.legistdf.gob.ar\/wp-content\/uploads\/2019\/10\/306192_111412808992829_2069820629_n-300x225.jpg\" alt=\"\" width=\"300\" height=\"225\" srcset=\"https:\/\/www.legistdf.gob.ar\/wp-content\/uploads\/2019\/10\/306192_111412808992829_2069820629_n-300x225.jpg 300w, https:\/\/www.legistdf.gob.ar\/wp-content\/uploads\/2019\/10\/306192_111412808992829_2069820629_n-768x576.jpg 768w, https:\/\/www.legistdf.gob.ar\/wp-content\/uploads\/2019\/10\/306192_111412808992829_2069820629_n-160x120.jpg 160w, https:\/\/www.legistdf.gob.ar\/wp-content\/uploads\/2019\/10\/306192_111412808992829_2069820629_n.jpg 960w\" sizes=\"(max-width: 300px) 100vw, 300px\" \/>Ushuaia, martes 15 de octubre de 2019.- Con el prop\u00f3sito de facilitar la cobertura de actos legislativos, por parte de los medios de comunicaci\u00f3n social de Tierra del Fuego, la Direcci\u00f3n de Prensa y Difusi\u00f3n Institucional llama a la renovaci\u00f3n de la acreditaci\u00f3n, de los periodistas y trabajadores de prensa de la Provincia. Cabe recordar que esa acreditaci\u00f3n ser\u00e1 v\u00e1lida para el acto legislativo de asunci\u00f3n de la nueva C\u00e1mara y de la f\u00f3rmula gubernamental. El periodo\u00a0abrir\u00e1 el pr\u00f3ximo\u00a0lunes 21 de octubre y cerrar\u00e1 el 22 de noviembre del corriente.<\/b><\/p>\n<p>&nbsp;<\/p>\n<p>En sinton\u00eda con la tendencia, se contar\u00e1 con la identificaci\u00f3n en formato f\u00edsico y digital, lo que facilitar\u00e1 el ingreso a los edificios legislativos; la cobertura de las sesiones y actos del Parlamento durante el periodo 2019-2023. Asimismo, se consultar\u00e1 la voluntad de los trabajadores que deseen figurar en la Guia de Medios y Trabajadores de Prensa de Tierra del Fuego, Ant\u00e1rtida e Islas del Atl\u00e1ntico Sur. Esa acreditaci\u00f3n es v\u00e1lida <em><strong>solo para el \u00e1mbito legislativo fueguino<\/strong><\/em>.<\/p>\n<p>&nbsp;<\/p>\n<p>Los trabajadores deber\u00e1n apersonarse a la Direcci\u00f3n de Prensa y Difusi\u00f3n Institucional, en Onas 35 de la capital; y en la delegaci\u00f3n del Poder Legislativo de Perito Moreno 187, en R\u00edo Grande; de 10 a 15 h de lunes a viernes.<\/p>\n<p style=\"text-align: right\"><em>AT<\/em><\/p>\n","protected":false},"excerpt":{"rendered":"<p>Ushuaia, martes 15 de octubre de 2019.- Con el prop\u00f3sito de facilitar la cobertura de actos legislativos, por parte de los medios de comunicaci\u00f3n social de Tierra del Fuego, la Direcci\u00f3n de Prensa y Difusi\u00f3n Institucional llama a la renovaci\u00f3n de la acreditaci\u00f3n, de los periodistas y trabajadores de prensa de la Provincia. Cabe recordar [&hellip;]<\/p>\n","protected":false},"author":352,"featured_media":16569,"comment_status":"closed","ping_status":"open","sticky":false,"template":"","format":"standard","meta":{"jetpack_post_was_ever_published":false,"_jetpack_newsletter_access":"","_jetpack_dont_email_post_to_subs":false,"_jetpack_newsletter_tier_id":0,"footnotes":"","jetpack_publicize_message":"MEDIOS: Prensa Legislativa iniciar\u00e1 el periodo de acreditaci\u00f3n de periodistas para la gesti\u00f3n 2019-2023 #TierradelFuego #medios #LegisTDF","jetpack_publicize_feature_enabled":true,"jetpack_social_post_already_shared":true,"jetpack_social_options":{"image_generator_settings":{"template":"highway","enabled":false}}},"categories":[1],"tags":[78,88,90,96,79,87],"jetpack_publicize_connections":[],"jetpack_sharing_enabled":true,"jetpack_featured_media_url":"https:\/\/www.legistdf.gob.ar\/wp-content\/uploads\/2019\/10\/306192_111412808992829_2069820629_n.jpg","jetpack-related-posts":[],"_links":{"self":[{"href":"https:\/\/www.legistdf.gob.ar\/index.php\/wp-json\/wp\/v2\/posts\/16568"}],"collection":[{"href":"https:\/\/www.legistdf.gob.ar\/index.php\/wp-json\/wp\/v2\/posts"}],"about":[{"href":"https:\/\/www.legistdf.gob.ar\/index.php\/wp-json\/wp\/v2\/types\/post"}],"author":[{"embeddable":true,"href":"https:\/\/www.legistdf.gob.ar\/index.php\/wp-json\/wp\/v2\/users\/352"}],"replies":[{"embeddable":true,"href":"https:\/\/www.legistdf.gob.ar\/index.php\/wp-json\/wp\/v2\/comments?post=16568"}],"version-history":[{"count":3,"href":"https:\/\/www.legistdf.gob.ar\/index.php\/wp-json\/wp\/v2\/posts\/16568\/revisions"}],"predecessor-version":[{"id":16572,"href":"https:\/\/www.legistdf.gob.ar\/index.php\/wp-json\/wp\/v2\/posts\/16568\/revisions\/16572"}],"wp:featuredmedia":[{"embeddable":true,"href":"https:\/\/www.legistdf.gob.ar\/index.php\/wp-json\/wp\/v2\/media\/16569"}],"wp:attachment":[{"href":"https:\/\/www.legistdf.gob.ar\/index.php\/wp-json\/wp\/v2\/media?parent=16568"}],"wp:term":[{"taxonomy":"category","embeddable":true,"href":"https:\/\/www.legistdf.gob.ar\/index.php\/wp-json\/wp\/v2\/categories?post=16568"},{"taxonomy":"post_tag","embeddable":true,"href":"https:\/\/www.legistdf.gob.ar\/index.php\/wp-json\/wp\/v2\/tags?post=16568"}],"curies":[{"name":"wp","href":"https:\/\/api.w.org\/{rel}","templated":true}]}}