{"id":16598,"date":"2019-10-22T17:01:43","date_gmt":"2019-10-22T20:01:43","guid":{"rendered":"http:\/\/www.legistdf.gob.ar\/?p=16598"},"modified":"2019-10-22T16:05:09","modified_gmt":"2019-10-22T19:05:09","slug":"comisiones-nueva-convocatoria-de-la-comision-de-presupuesto-para-la-semana-proxima","status":"publish","type":"post","link":"https:\/\/www.legistdf.gob.ar\/index.php\/2019\/10\/22\/comisiones-nueva-convocatoria-de-la-comision-de-presupuesto-para-la-semana-proxima\/","title":{"rendered":"COMISIONES: Nueva convocatoria de la Comisi\u00f3n de Presupuesto para la semana pr\u00f3xima"},"content":{"rendered":"<p><strong><img loading=\"lazy\" decoding=\"async\" data-attachment-id=\"15957\" data-permalink=\"https:\/\/www.legistdf.gob.ar\/index.php\/2019\/09\/04\/comisiones-definieron-temas-a-tratar-la-semana-entrante-en-presupuesto\/img_0358\/\" data-orig-file=\"https:\/\/www.legistdf.gob.ar\/wp-content\/uploads\/2019\/09\/IMG_0358.jpg\" data-orig-size=\"1000,667\" data-comments-opened=\"0\" data-image-meta=\"{&quot;aperture&quot;:&quot;4.5&quot;,&quot;credit&quot;:&quot;&quot;,&quot;camera&quot;:&quot;Canon EOS 6D&quot;,&quot;caption&quot;:&quot;&quot;,&quot;created_timestamp&quot;:&quot;1567584923&quot;,&quot;copyright&quot;:&quot;&quot;,&quot;focal_length&quot;:&quot;59&quot;,&quot;iso&quot;:&quot;640&quot;,&quot;shutter_speed&quot;:&quot;0.00625&quot;,&quot;title&quot;:&quot;&quot;,&quot;orientation&quot;:&quot;0&quot;}\" data-image-title=\"IMG_0358\" data-image-description=\"\" data-image-caption=\"\" data-medium-file=\"https:\/\/www.legistdf.gob.ar\/wp-content\/uploads\/2019\/09\/IMG_0358-300x200.jpg\" data-large-file=\"https:\/\/www.legistdf.gob.ar\/wp-content\/uploads\/2019\/09\/IMG_0358.jpg\" class=\"size-medium wp-image-15957 alignleft\" src=\"http:\/\/www.legistdf.gob.ar\/wp-content\/uploads\/2019\/09\/IMG_0358-300x200.jpg\" alt=\"\" width=\"300\" height=\"200\" srcset=\"https:\/\/www.legistdf.gob.ar\/wp-content\/uploads\/2019\/09\/IMG_0358-300x200.jpg 300w, https:\/\/www.legistdf.gob.ar\/wp-content\/uploads\/2019\/09\/IMG_0358-768x512.jpg 768w, https:\/\/www.legistdf.gob.ar\/wp-content\/uploads\/2019\/09\/IMG_0358-160x107.jpg 160w, https:\/\/www.legistdf.gob.ar\/wp-content\/uploads\/2019\/09\/IMG_0358.jpg 1000w\" sizes=\"(max-width: 300px) 100vw, 300px\" \/>Ushuaia, martes 22 de octubre de 2019.- El presidente de la Comisi\u00f3n N\u00ba 2 de Econom\u00eda y Presupuesto, legislador Pablo Blanco (UCR \u2013 Cambiemos), program\u00f3 un nuevo espacio de debate para dar tratamiento al mensaje del Poder Ejecutivo Provincial N\u00ba 013\/19 &#8211; <a href=\"http:\/\/www.legistdf.gob.ar\/lp\/index.php?folder=bm92ZWRhZGVzaXAvQXN1bnRvcyBFbnRyYWRvcyAyMDE5L0FzLiBOIDI2Ni0xOQ\" target=\"_blank\" rel=\"noopener\">Proyecto de Ley\u00a0<\/a><\/strong><strong>de Presupuesto general de gastos y c\u00e1lculo de recursos de la administraci\u00f3n p\u00fablica provincial para el a\u00f1o 2020.<\/strong><\/p>\n<p><strong>\u00a0<\/strong><\/p>\n<p>El encuentro se concretar\u00e1 el mi\u00e9rcoles 30 de octubre a las 10 h en el sal\u00f3n de Comisiones de la Legislatura provincial, de acuerdo al memorando DC N\u00ba 031\/19.<\/p>\n<p>&nbsp;<\/p>\n<p style=\"text-align: right\"><em>LVV<\/em><\/p>\n<p>&nbsp;<\/p>\n<p>&nbsp;<\/p>\n","protected":false},"excerpt":{"rendered":"<p>Ushuaia, martes 22 de octubre de 2019.- El presidente de la Comisi\u00f3n N\u00ba 2 de Econom\u00eda y Presupuesto, legislador Pablo Blanco (UCR \u2013 Cambiemos), program\u00f3 un nuevo espacio de debate para dar tratamiento al mensaje del Poder Ejecutivo Provincial N\u00ba 013\/19 &#8211; Proyecto de Ley\u00a0de Presupuesto general de gastos y c\u00e1lculo de recursos de la [&hellip;]<\/p>\n","protected":false},"author":352,"featured_media":15957,"comment_status":"closed","ping_status":"open","sticky":false,"template":"","format":"standard","meta":{"jetpack_post_was_ever_published":false,"_jetpack_newsletter_access":"","_jetpack_dont_email_post_to_subs":false,"_jetpack_newsletter_tier_id":0,"footnotes":"","jetpack_publicize_message":"COMISIONES: Nueva convocatoria de la Comisi\u00f3n de Presupuesto para la semana pr\u00f3xima #TierradelFuego #LegisTDF #Presupuesto2020","jetpack_publicize_feature_enabled":true,"jetpack_social_post_already_shared":true,"jetpack_social_options":{"image_generator_settings":{"template":"highway","enabled":false}}},"categories":[1],"tags":[78,83,86,79,87],"jetpack_publicize_connections":[],"jetpack_sharing_enabled":true,"jetpack_featured_media_url":"https:\/\/www.legistdf.gob.ar\/wp-content\/uploads\/2019\/09\/IMG_0358.jpg","jetpack-related-posts":[],"_links":{"self":[{"href":"https:\/\/www.legistdf.gob.ar\/index.php\/wp-json\/wp\/v2\/posts\/16598"}],"collection":[{"href":"https:\/\/www.legistdf.gob.ar\/index.php\/wp-json\/wp\/v2\/posts"}],"about":[{"href":"https:\/\/www.legistdf.gob.ar\/index.php\/wp-json\/wp\/v2\/types\/post"}],"author":[{"embeddable":true,"href":"https:\/\/www.legistdf.gob.ar\/index.php\/wp-json\/wp\/v2\/users\/352"}],"replies":[{"embeddable":true,"href":"https:\/\/www.legistdf.gob.ar\/index.php\/wp-json\/wp\/v2\/comments?post=16598"}],"version-history":[{"count":1,"href":"https:\/\/www.legistdf.gob.ar\/index.php\/wp-json\/wp\/v2\/posts\/16598\/revisions"}],"predecessor-version":[{"id":16599,"href":"https:\/\/www.legistdf.gob.ar\/index.php\/wp-json\/wp\/v2\/posts\/16598\/revisions\/16599"}],"wp:featuredmedia":[{"embeddable":true,"href":"https:\/\/www.legistdf.gob.ar\/index.php\/wp-json\/wp\/v2\/media\/15957"}],"wp:attachment":[{"href":"https:\/\/www.legistdf.gob.ar\/index.php\/wp-json\/wp\/v2\/media?parent=16598"}],"wp:term":[{"taxonomy":"category","embeddable":true,"href":"https:\/\/www.legistdf.gob.ar\/index.php\/wp-json\/wp\/v2\/categories?post=16598"},{"taxonomy":"post_tag","embeddable":true,"href":"https:\/\/www.legistdf.gob.ar\/index.php\/wp-json\/wp\/v2\/tags?post=16598"}],"curies":[{"name":"wp","href":"https:\/\/api.w.org\/{rel}","templated":true}]}}