{"id":16764,"date":"2019-11-13T14:34:29","date_gmt":"2019-11-13T17:34:29","guid":{"rendered":"http:\/\/www.legistdf.gob.ar\/?p=16764"},"modified":"2019-11-13T14:51:03","modified_gmt":"2019-11-13T17:51:03","slug":"legislatura-convocan-a-sesion-especial-para-abordar-renuncias-de-legisladores-y-tema-con-tratamiento-de-urgencia","status":"publish","type":"post","link":"https:\/\/www.legistdf.gob.ar\/index.php\/2019\/11\/13\/legislatura-convocan-a-sesion-especial-para-abordar-renuncias-de-legisladores-y-tema-con-tratamiento-de-urgencia\/","title":{"rendered":"LEGISLATURA: Convocan a sesi\u00f3n especial para abordar renuncias de Legisladores y tema con tratamiento de Urgencia"},"content":{"rendered":"<p><strong><img loading=\"lazy\" decoding=\"async\" data-attachment-id=\"15844\" data-permalink=\"https:\/\/www.legistdf.gob.ar\/index.php\/2019\/08\/29\/sesion-fotos-3-parte\/img_0285-2\/\" data-orig-file=\"https:\/\/www.legistdf.gob.ar\/wp-content\/uploads\/2019\/08\/IMG_0285.jpg\" data-orig-size=\"1000,667\" data-comments-opened=\"0\" data-image-meta=\"{&quot;aperture&quot;:&quot;2.8&quot;,&quot;credit&quot;:&quot;&quot;,&quot;camera&quot;:&quot;Canon EOS 6D&quot;,&quot;caption&quot;:&quot;&quot;,&quot;created_timestamp&quot;:&quot;1567058164&quot;,&quot;copyright&quot;:&quot;&quot;,&quot;focal_length&quot;:&quot;24&quot;,&quot;iso&quot;:&quot;400&quot;,&quot;shutter_speed&quot;:&quot;0.00625&quot;,&quot;title&quot;:&quot;&quot;,&quot;orientation&quot;:&quot;1&quot;}\" data-image-title=\"IMG_0285\" data-image-description=\"\" data-image-caption=\"\" data-medium-file=\"https:\/\/www.legistdf.gob.ar\/wp-content\/uploads\/2019\/08\/IMG_0285-300x200.jpg\" data-large-file=\"https:\/\/www.legistdf.gob.ar\/wp-content\/uploads\/2019\/08\/IMG_0285.jpg\" class=\"alignright wp-image-15844 size-medium\" src=\"http:\/\/www.legistdf.gob.ar\/wp-content\/uploads\/2019\/08\/IMG_0285-300x200.jpg\" alt=\"\" width=\"300\" height=\"200\" srcset=\"https:\/\/www.legistdf.gob.ar\/wp-content\/uploads\/2019\/08\/IMG_0285-300x200.jpg 300w, https:\/\/www.legistdf.gob.ar\/wp-content\/uploads\/2019\/08\/IMG_0285-768x512.jpg 768w, https:\/\/www.legistdf.gob.ar\/wp-content\/uploads\/2019\/08\/IMG_0285-160x107.jpg 160w, https:\/\/www.legistdf.gob.ar\/wp-content\/uploads\/2019\/08\/IMG_0285.jpg 1000w\" sizes=\"(max-width: 300px) 100vw, 300px\" \/>Ushuaia, mi\u00e9rcoles 13 de noviembre de 2019.- Mediante la Resoluci\u00f3n de Presidencia N\u00ba 1865\/19, la vicepresidenta 1\u00aa a cargo del Parlamento fueguino, legisladora Myriam Mart\u00ednez (FPV \u2013PJ), suscribi\u00f3 la convocatoria a sesi\u00f3n especial. El encuentro se concretar\u00e1 en el recinto de sesiones de calles Yaganes y H\u00e9roes de Malvinas, ma\u00f1ana 14 desde las 11.<\/strong><\/p>\n<p><strong>\u00a0<\/strong><\/p>\n<ul>\n<li>Dejar sin efecto el Tr\u00e1mite de Urgencia impuesto al asunto N\u00ba 319\/19 sobre el mensaje N\u00ba 16\/19 del Poder Ejecutivo provincial, que adjunta proyecto de Ley modificando la <a href=\"https:\/\/docs.google.com\/viewerng\/viewer?url=http:\/\/www.legistdf.gob.ar\/lp\/leyes\/Provinciales\/LEYP1136.pdf\">Ley provincial N\u00ba 1136<\/a>, creaci\u00f3n Laboratorio del Fin del Mundo SA.<\/li>\n<\/ul>\n<p>&nbsp;<\/p>\n<p>Cabe se\u00f1alar, que la gobernadora Dra. Rosana Bertone elev\u00f3 el documento con ese requerimiento a la Legislatura el 16 de octubre pasado. Adem\u00e1s, agrega que si el asunto no se trata dentro de los 30 d\u00edas de haber ingresado a la C\u00e1mara, el proyecto se da por aprobado, seg\u00fan el <a href=\"http:\/\/www.legistdf.gob.ar\/index.php\/constitucion-provincial\/\">art\u00edculo 111 de la Constituci\u00f3n provincial<\/a>.<\/p>\n<p>&nbsp;<\/p>\n<ul>\n<li><a href=\"http:\/\/www.legistdf.gob.ar\/lp\/novedadesip\/Asuntos%20Entrados%202019\/As.%20N%BA%20353-19.pdf\">Asunto N\u00ba 353\/19<\/a> renuncia del legislador Pablo Blanco (UCR \u2013 Cambiemos).<\/li>\n<\/ul>\n<p>&nbsp;<\/p>\n<ul>\n<li><a href=\"http:\/\/www.legistdf.gob.ar\/lp\/novedadesip\/Asuntos%20Entrados%202019\/As.%20N%BA%20356-19.pdf\">Asunto N\u00ba 356\/19<\/a> renuncia del legislador Daniel Harrington (FPV \u2013 PJ).<\/li>\n<\/ul>\n<p>&nbsp;<\/p>\n<p>La convocatoria se da como respuesta a la nota presentada por los Legisladores Pablo Blanco, Liliana Mart\u00ednez Allende (UCR \u2013 Cambiemos); M\u00f3nica Urquiza, Dami\u00e1n L\u00f6ffler y Pablo Villegas (MPF).<\/p>\n<p>&nbsp;<\/p>\n<p>&nbsp;<\/p>\n\n\t\t<style type=\"text\/css\">\n\t\t\t#gallery-1 {\n\t\t\t\tmargin: auto;\n\t\t\t}\n\t\t\t#gallery-1 .gallery-item {\n\t\t\t\tfloat: left;\n\t\t\t\tmargin-top: 10px;\n\t\t\t\ttext-align: center;\n\t\t\t\twidth: 33%;\n\t\t\t}\n\t\t\t#gallery-1 img {\n\t\t\t\tborder: 2px solid #cfcfcf;\n\t\t\t}\n\t\t\t#gallery-1 .gallery-caption {\n\t\t\t\tmargin-left: 0;\n\t\t\t}\n\t\t\t\/* see gallery_shortcode() in wp-includes\/media.php *\/\n\t\t<\/style>\n\t\t<div data-carousel-extra='{\"blog_id\":1,\"permalink\":\"https:\\\/\\\/www.legistdf.gob.ar\\\/index.php\\\/2019\\\/11\\\/13\\\/legislatura-convocan-a-sesion-especial-para-abordar-renuncias-de-legisladores-y-tema-con-tratamiento-de-urgencia\\\/\"}' id='gallery-1' class='gallery galleryid-16764 gallery-columns-3 gallery-size-thumbnail'><dl class='gallery-item'>\n\t\t\t<dt class='gallery-icon landscape'>\n\t\t\t\t<a href='https:\/\/www.legistdf.gob.ar\/index.php\/2019\/08\/29\/sesion-fotos-3-parte\/img_0285-2\/'><img loading=\"lazy\" decoding=\"async\" width=\"150\" height=\"150\" src=\"https:\/\/www.legistdf.gob.ar\/wp-content\/uploads\/2019\/08\/IMG_0285-150x150.jpg\" class=\"attachment-thumbnail size-thumbnail\" alt=\"\" srcset=\"https:\/\/www.legistdf.gob.ar\/wp-content\/uploads\/2019\/08\/IMG_0285-150x150.jpg 150w, https:\/\/www.legistdf.gob.ar\/wp-content\/uploads\/2019\/08\/IMG_0285-64x64.jpg 64w\" sizes=\"(max-width: 150px) 100vw, 150px\" data-attachment-id=\"15844\" data-permalink=\"https:\/\/www.legistdf.gob.ar\/index.php\/2019\/08\/29\/sesion-fotos-3-parte\/img_0285-2\/\" data-orig-file=\"https:\/\/www.legistdf.gob.ar\/wp-content\/uploads\/2019\/08\/IMG_0285.jpg\" data-orig-size=\"1000,667\" data-comments-opened=\"0\" data-image-meta=\"{&quot;aperture&quot;:&quot;2.8&quot;,&quot;credit&quot;:&quot;&quot;,&quot;camera&quot;:&quot;Canon EOS 6D&quot;,&quot;caption&quot;:&quot;&quot;,&quot;created_timestamp&quot;:&quot;1567058164&quot;,&quot;copyright&quot;:&quot;&quot;,&quot;focal_length&quot;:&quot;24&quot;,&quot;iso&quot;:&quot;400&quot;,&quot;shutter_speed&quot;:&quot;0.00625&quot;,&quot;title&quot;:&quot;&quot;,&quot;orientation&quot;:&quot;1&quot;}\" data-image-title=\"IMG_0285\" data-image-description=\"\" data-image-caption=\"\" data-medium-file=\"https:\/\/www.legistdf.gob.ar\/wp-content\/uploads\/2019\/08\/IMG_0285-300x200.jpg\" data-large-file=\"https:\/\/www.legistdf.gob.ar\/wp-content\/uploads\/2019\/08\/IMG_0285.jpg\" \/><\/a>\n\t\t\t<\/dt><\/dl><dl class='gallery-item'>\n\t\t\t<dt class='gallery-icon landscape'>\n\t\t\t\t<a href='https:\/\/www.legistdf.gob.ar\/index.php\/2019\/08\/29\/sesion-fotos-3-parte\/img_0263-3\/'><img loading=\"lazy\" decoding=\"async\" width=\"150\" height=\"150\" src=\"https:\/\/www.legistdf.gob.ar\/wp-content\/uploads\/2019\/08\/IMG_0263-150x150.jpg\" class=\"attachment-thumbnail size-thumbnail\" alt=\"\" srcset=\"https:\/\/www.legistdf.gob.ar\/wp-content\/uploads\/2019\/08\/IMG_0263-150x150.jpg 150w, https:\/\/www.legistdf.gob.ar\/wp-content\/uploads\/2019\/08\/IMG_0263-64x64.jpg 64w\" sizes=\"(max-width: 150px) 100vw, 150px\" data-attachment-id=\"15835\" data-permalink=\"https:\/\/www.legistdf.gob.ar\/index.php\/2019\/08\/29\/sesion-fotos-3-parte\/img_0263-3\/\" data-orig-file=\"https:\/\/www.legistdf.gob.ar\/wp-content\/uploads\/2019\/08\/IMG_0263.jpg\" data-orig-size=\"1000,667\" data-comments-opened=\"0\" data-image-meta=\"{&quot;aperture&quot;:&quot;2.8&quot;,&quot;credit&quot;:&quot;&quot;,&quot;camera&quot;:&quot;Canon EOS 6D&quot;,&quot;caption&quot;:&quot;&quot;,&quot;created_timestamp&quot;:&quot;1567057013&quot;,&quot;copyright&quot;:&quot;&quot;,&quot;focal_length&quot;:&quot;45&quot;,&quot;iso&quot;:&quot;400&quot;,&quot;shutter_speed&quot;:&quot;0.00625&quot;,&quot;title&quot;:&quot;&quot;,&quot;orientation&quot;:&quot;1&quot;}\" data-image-title=\"IMG_0263\" data-image-description=\"\" data-image-caption=\"\" data-medium-file=\"https:\/\/www.legistdf.gob.ar\/wp-content\/uploads\/2019\/08\/IMG_0263-300x200.jpg\" data-large-file=\"https:\/\/www.legistdf.gob.ar\/wp-content\/uploads\/2019\/08\/IMG_0263.jpg\" \/><\/a>\n\t\t\t<\/dt><\/dl><dl class='gallery-item'>\n\t\t\t<dt class='gallery-icon landscape'>\n\t\t\t\t<a href='https:\/\/www.legistdf.gob.ar\/index.php\/2019\/09\/04\/comisiones-definieron-temas-a-tratar-la-semana-entrante-en-presupuesto\/img_0358\/'><img loading=\"lazy\" decoding=\"async\" width=\"150\" height=\"150\" src=\"https:\/\/www.legistdf.gob.ar\/wp-content\/uploads\/2019\/09\/IMG_0358-150x150.jpg\" class=\"attachment-thumbnail size-thumbnail\" alt=\"\" srcset=\"https:\/\/www.legistdf.gob.ar\/wp-content\/uploads\/2019\/09\/IMG_0358-150x150.jpg 150w, https:\/\/www.legistdf.gob.ar\/wp-content\/uploads\/2019\/09\/IMG_0358-64x64.jpg 64w\" sizes=\"(max-width: 150px) 100vw, 150px\" data-attachment-id=\"15957\" data-permalink=\"https:\/\/www.legistdf.gob.ar\/index.php\/2019\/09\/04\/comisiones-definieron-temas-a-tratar-la-semana-entrante-en-presupuesto\/img_0358\/\" data-orig-file=\"https:\/\/www.legistdf.gob.ar\/wp-content\/uploads\/2019\/09\/IMG_0358.jpg\" data-orig-size=\"1000,667\" data-comments-opened=\"0\" data-image-meta=\"{&quot;aperture&quot;:&quot;4.5&quot;,&quot;credit&quot;:&quot;&quot;,&quot;camera&quot;:&quot;Canon EOS 6D&quot;,&quot;caption&quot;:&quot;&quot;,&quot;created_timestamp&quot;:&quot;1567584923&quot;,&quot;copyright&quot;:&quot;&quot;,&quot;focal_length&quot;:&quot;59&quot;,&quot;iso&quot;:&quot;640&quot;,&quot;shutter_speed&quot;:&quot;0.00625&quot;,&quot;title&quot;:&quot;&quot;,&quot;orientation&quot;:&quot;0&quot;}\" data-image-title=\"IMG_0358\" data-image-description=\"\" data-image-caption=\"\" data-medium-file=\"https:\/\/www.legistdf.gob.ar\/wp-content\/uploads\/2019\/09\/IMG_0358-300x200.jpg\" data-large-file=\"https:\/\/www.legistdf.gob.ar\/wp-content\/uploads\/2019\/09\/IMG_0358.jpg\" \/><\/a>\n\t\t\t<\/dt><\/dl><br style=\"clear: both\" \/>\n\t\t<\/div>\n\n<p>&nbsp;<\/p>\n<p>&nbsp;<\/p>\n","protected":false},"excerpt":{"rendered":"<p>Ushuaia, mi\u00e9rcoles 13 de noviembre de 2019.- Mediante la Resoluci\u00f3n de Presidencia N\u00ba 1865\/19, la vicepresidenta 1\u00aa a cargo del Parlamento fueguino, legisladora Myriam Mart\u00ednez (FPV \u2013PJ), suscribi\u00f3 la convocatoria a sesi\u00f3n especial. El encuentro se concretar\u00e1 en el recinto de sesiones de calles Yaganes y H\u00e9roes de Malvinas, ma\u00f1ana 14 desde las 11. \u00a0 [&hellip;]<\/p>\n","protected":false},"author":352,"featured_media":15844,"comment_status":"closed","ping_status":"open","sticky":false,"template":"","format":"standard","meta":{"jetpack_post_was_ever_published":false,"_jetpack_newsletter_access":"","_jetpack_dont_email_post_to_subs":false,"_jetpack_newsletter_tier_id":0,"footnotes":"","jetpack_publicize_message":"LEGISLATURA: Convocan a sesi\u00f3n especial para abordar renuncias de Legisladores y tema con tratamiento de Urgencia #TierraDelFuego #Ushuaia #Legistdf","jetpack_publicize_feature_enabled":true,"jetpack_social_post_already_shared":true,"jetpack_social_options":{"image_generator_settings":{"template":"highway","enabled":false}}},"categories":[1],"tags":[388,155,144,113,83,106,1732,241,351],"jetpack_publicize_connections":[],"jetpack_sharing_enabled":true,"jetpack_featured_media_url":"https:\/\/www.legistdf.gob.ar\/wp-content\/uploads\/2019\/08\/IMG_0285.jpg","jetpack-related-posts":[],"_links":{"self":[{"href":"https:\/\/www.legistdf.gob.ar\/index.php\/wp-json\/wp\/v2\/posts\/16764"}],"collection":[{"href":"https:\/\/www.legistdf.gob.ar\/index.php\/wp-json\/wp\/v2\/posts"}],"about":[{"href":"https:\/\/www.legistdf.gob.ar\/index.php\/wp-json\/wp\/v2\/types\/post"}],"author":[{"embeddable":true,"href":"https:\/\/www.legistdf.gob.ar\/index.php\/wp-json\/wp\/v2\/users\/352"}],"replies":[{"embeddable":true,"href":"https:\/\/www.legistdf.gob.ar\/index.php\/wp-json\/wp\/v2\/comments?post=16764"}],"version-history":[{"count":3,"href":"https:\/\/www.legistdf.gob.ar\/index.php\/wp-json\/wp\/v2\/posts\/16764\/revisions"}],"predecessor-version":[{"id":16768,"href":"https:\/\/www.legistdf.gob.ar\/index.php\/wp-json\/wp\/v2\/posts\/16764\/revisions\/16768"}],"wp:featuredmedia":[{"embeddable":true,"href":"https:\/\/www.legistdf.gob.ar\/index.php\/wp-json\/wp\/v2\/media\/15844"}],"wp:attachment":[{"href":"https:\/\/www.legistdf.gob.ar\/index.php\/wp-json\/wp\/v2\/media?parent=16764"}],"wp:term":[{"taxonomy":"category","embeddable":true,"href":"https:\/\/www.legistdf.gob.ar\/index.php\/wp-json\/wp\/v2\/categories?post=16764"},{"taxonomy":"post_tag","embeddable":true,"href":"https:\/\/www.legistdf.gob.ar\/index.php\/wp-json\/wp\/v2\/tags?post=16764"}],"curies":[{"name":"wp","href":"https:\/\/api.w.org\/{rel}","templated":true}]}}