{"id":16984,"date":"2019-11-21T14:59:22","date_gmt":"2019-11-21T17:59:22","guid":{"rendered":"http:\/\/www.legistdf.gob.ar\/?p=16955"},"modified":"2019-11-21T14:59:22","modified_gmt":"2019-11-21T17:59:22","slug":"peru-consul-general-celebro-la-historia-comun-con-argentina","status":"publish","type":"post","link":"https:\/\/www.legistdf.gob.ar\/index.php\/2019\/11\/21\/peru-consul-general-celebro-la-historia-comun-con-argentina\/","title":{"rendered":"PER\u00da: C\u00f3nsul General celebr\u00f3 la historia com\u00fan con Argentina"},"content":{"rendered":"<p><strong>Ushuaia, jueves 21 de noviembre de 2019.- C\u00e9sar Talavera, c\u00f3nsul General Adscrito del Consulado General del Per\u00fa en Buenos Aires se entrevist\u00f3, en sede de Presidencia de Legislatura, con las legisladoras Liliana Mart\u00ednez Allende, Angelina Carrasco y el legislador Ricardo Romano. Durante el encuentro, ahondaron en aspectos sobre la relaci\u00f3n de ambos pa\u00edses y de los residentes peruanos en Tierra del Fuego. Adelantaron la concreci\u00f3n de consulados itinerantes en la Provincia durante el fin de semana. \u201cLa historia tiene elementos de mucha integraci\u00f3n, nos permite sentirnos como pueblos fronterizos\u201d dijo Talavera.<\/strong><\/p>\n<p>&nbsp;<\/p>\n<p>Mart\u00ednez Allende entendi\u00f3 la necesidad de la Rep\u00fablica del Per\u00fa de mantener contacto cercano con los residentes fuera de las fronteras del pa\u00eds. En este sentido, el diplom\u00e1tico inform\u00f3 que \u00a0\u201chace un a\u00f1o se decidi\u00f3 hacer visitas itinerantes y forma parte de un programa permanente y de largo plazo\u201d.<\/p>\n<p>&nbsp;<\/p>\n<p>\u201cEs un mensaje a las autoridades de que el Estado peruano est\u00e1 con las puertas abiertas para escuchar lo que perciben de las comunidades que integran a los residentes y c\u00f3mo los podemos ayudar a que la integraci\u00f3n se d\u00e9 de una mejor manera\u201d, se\u00f1al\u00f3.<\/p>\n<p>&nbsp;<\/p>\n<p>Con posterioridad, la delegaci\u00f3n del Consulado General del Per\u00fa fue acompa\u00f1ado por las autoridades parlamentarias al Monumento Hist\u00f3rico Nacional Plaza Islas Malvinas, donde rindieron homenaje a los ca\u00eddos en el conflicto de 1982 en el Atl\u00e1ntico Sur. Asimismo e invitados por la Direcci\u00f3n de Ceremonial y Protocolo del Parlamento, visitaron la plazoleta Rep\u00fablica del Per\u00fa, donde rindieron homenaje a ese pueblo para finalizar la visita en el cartel hito Ushuaia, frente a la bah\u00eda.<\/p>\n<p>En di\u00e1logo con Prensa Legislativa, Talavera dijo que el consulado itinerante atender\u00e1 \u201clos tr\u00e1mites de los ciudadanos peruanos\u201d y permanecer\u00e1 hasta el s\u00e1bado inclusive. El viernes atender\u00e1n de 9 a 15 h en R\u00edo Grande y el s\u00e1bado en el mismo horario.<\/p>\n<p>&nbsp;<\/p>\n<p>Si bien es cierto que ambos pa\u00edses no comparten fronteras, \u201cla historia tiene elementos de mucha integraci\u00f3n, nos permite sentirnos como pueblos fronterizos\u201d dijo y record\u00f3 que en dos a\u00f1os celebran el bicentenario de la independencia de ese pa\u00eds. \u201cEs un momento simb\u00f3lico para reflexionar sobre la presencia del general San Mart\u00edn en todo el proceso de la independencia\u201d.<\/p>\n<p>&nbsp;<\/p>\n<p>El funcionario inform\u00f3 que se design\u00f3 una comisi\u00f3n binacional \u201cpara hacer actos conmemorativos en forma conjunta\u201d y entendi\u00f3 que la visita de hoy al Parlamento va en ese sentido. \u201cDe mucho cari\u00f1o, mucha calidez\u201d y se esperanz\u00f3 en que contin\u00fae hasta el retorno a Buenos Aires.<\/p>\n<p style=\"text-align: right\"><em>AT<\/em><\/p>\n\n\t\t<style type=\"text\/css\">\n\t\t\t#gallery-1 {\n\t\t\t\tmargin: auto;\n\t\t\t}\n\t\t\t#gallery-1 .gallery-item {\n\t\t\t\tfloat: left;\n\t\t\t\tmargin-top: 10px;\n\t\t\t\ttext-align: center;\n\t\t\t\twidth: 33%;\n\t\t\t}\n\t\t\t#gallery-1 img {\n\t\t\t\tborder: 2px solid #cfcfcf;\n\t\t\t}\n\t\t\t#gallery-1 .gallery-caption {\n\t\t\t\tmargin-left: 0;\n\t\t\t}\n\t\t\t\/* see gallery_shortcode() in wp-includes\/media.php *\/\n\t\t<\/style>\n\t\t<div data-carousel-extra='{\"blog_id\":1,\"permalink\":\"https:\\\/\\\/www.legistdf.gob.ar\\\/index.php\\\/2019\\\/11\\\/21\\\/peru-consul-general-celebro-la-historia-comun-con-argentina\\\/\"}' id='gallery-1' class='gallery galleryid-16984 gallery-columns-3 gallery-size-thumbnail'><dl class='gallery-item'>\n\t\t\t<dt class='gallery-icon landscape'>\n\t\t\t\t<a href='https:\/\/www.legistdf.gob.ar\/index.php\/2019\/11\/22\/educacion-alumnos-provinciales-conocen-el-funcionamiento-de-la-camara-legislativa\/img_1100\/'><img loading=\"lazy\" decoding=\"async\" width=\"150\" height=\"150\" src=\"https:\/\/www.legistdf.gob.ar\/wp-content\/uploads\/2019\/11\/IMG_1100-150x150.jpg\" class=\"attachment-thumbnail size-thumbnail\" alt=\"\" srcset=\"https:\/\/www.legistdf.gob.ar\/wp-content\/uploads\/2019\/11\/IMG_1100-150x150.jpg 150w, https:\/\/www.legistdf.gob.ar\/wp-content\/uploads\/2019\/11\/IMG_1100-64x64.jpg 64w\" sizes=\"(max-width: 150px) 100vw, 150px\" data-attachment-id=\"16956\" data-permalink=\"https:\/\/www.legistdf.gob.ar\/index.php\/2019\/11\/22\/educacion-alumnos-provinciales-conocen-el-funcionamiento-de-la-camara-legislativa\/img_1100\/\" data-orig-file=\"https:\/\/www.legistdf.gob.ar\/wp-content\/uploads\/2019\/11\/IMG_1100.jpg\" data-orig-size=\"1000,667\" data-comments-opened=\"0\" data-image-meta=\"{&quot;aperture&quot;:&quot;5.6&quot;,&quot;credit&quot;:&quot;&quot;,&quot;camera&quot;:&quot;Canon EOS 6D&quot;,&quot;caption&quot;:&quot;&quot;,&quot;created_timestamp&quot;:&quot;1574401552&quot;,&quot;copyright&quot;:&quot;&quot;,&quot;focal_length&quot;:&quot;50&quot;,&quot;iso&quot;:&quot;500&quot;,&quot;shutter_speed&quot;:&quot;0.02&quot;,&quot;title&quot;:&quot;&quot;,&quot;orientation&quot;:&quot;0&quot;}\" data-image-title=\"IMG_1100\" data-image-description=\"\" data-image-caption=\"\" data-medium-file=\"https:\/\/www.legistdf.gob.ar\/wp-content\/uploads\/2019\/11\/IMG_1100-300x200.jpg\" data-large-file=\"https:\/\/www.legistdf.gob.ar\/wp-content\/uploads\/2019\/11\/IMG_1100.jpg\" \/><\/a>\n\t\t\t<\/dt><\/dl><dl class='gallery-item'>\n\t\t\t<dt class='gallery-icon landscape'>\n\t\t\t\t<a href='https:\/\/www.legistdf.gob.ar\/index.php\/2019\/11\/22\/educacion-alumnos-provinciales-conocen-el-funcionamiento-de-la-camara-legislativa\/img_1097\/'><img loading=\"lazy\" decoding=\"async\" width=\"150\" height=\"150\" src=\"https:\/\/www.legistdf.gob.ar\/wp-content\/uploads\/2019\/11\/IMG_1097-150x150.jpg\" class=\"attachment-thumbnail size-thumbnail\" alt=\"\" srcset=\"https:\/\/www.legistdf.gob.ar\/wp-content\/uploads\/2019\/11\/IMG_1097-150x150.jpg 150w, https:\/\/www.legistdf.gob.ar\/wp-content\/uploads\/2019\/11\/IMG_1097-64x64.jpg 64w\" sizes=\"(max-width: 150px) 100vw, 150px\" data-attachment-id=\"16958\" data-permalink=\"https:\/\/www.legistdf.gob.ar\/index.php\/2019\/11\/22\/educacion-alumnos-provinciales-conocen-el-funcionamiento-de-la-camara-legislativa\/img_1097\/\" data-orig-file=\"https:\/\/www.legistdf.gob.ar\/wp-content\/uploads\/2019\/11\/IMG_1097.jpg\" data-orig-size=\"1000,667\" data-comments-opened=\"0\" data-image-meta=\"{&quot;aperture&quot;:&quot;5.6&quot;,&quot;credit&quot;:&quot;&quot;,&quot;camera&quot;:&quot;Canon EOS 6D&quot;,&quot;caption&quot;:&quot;&quot;,&quot;created_timestamp&quot;:&quot;1574401506&quot;,&quot;copyright&quot;:&quot;&quot;,&quot;focal_length&quot;:&quot;70&quot;,&quot;iso&quot;:&quot;500&quot;,&quot;shutter_speed&quot;:&quot;0.02&quot;,&quot;title&quot;:&quot;&quot;,&quot;orientation&quot;:&quot;0&quot;}\" data-image-title=\"IMG_1097\" data-image-description=\"\" data-image-caption=\"\" data-medium-file=\"https:\/\/www.legistdf.gob.ar\/wp-content\/uploads\/2019\/11\/IMG_1097-300x200.jpg\" data-large-file=\"https:\/\/www.legistdf.gob.ar\/wp-content\/uploads\/2019\/11\/IMG_1097.jpg\" \/><\/a>\n\t\t\t<\/dt><\/dl><dl class='gallery-item'>\n\t\t\t<dt class='gallery-icon landscape'>\n\t\t\t\t<a href='https:\/\/www.legistdf.gob.ar\/index.php\/2019\/11\/22\/educacion-alumnos-provinciales-conocen-el-funcionamiento-de-la-camara-legislativa\/img_1087\/'><img loading=\"lazy\" decoding=\"async\" width=\"150\" height=\"150\" src=\"https:\/\/www.legistdf.gob.ar\/wp-content\/uploads\/2019\/11\/IMG_1087-150x150.jpg\" class=\"attachment-thumbnail size-thumbnail\" alt=\"\" srcset=\"https:\/\/www.legistdf.gob.ar\/wp-content\/uploads\/2019\/11\/IMG_1087-150x150.jpg 150w, https:\/\/www.legistdf.gob.ar\/wp-content\/uploads\/2019\/11\/IMG_1087-64x64.jpg 64w\" sizes=\"(max-width: 150px) 100vw, 150px\" data-attachment-id=\"16959\" data-permalink=\"https:\/\/www.legistdf.gob.ar\/index.php\/2019\/11\/22\/educacion-alumnos-provinciales-conocen-el-funcionamiento-de-la-camara-legislativa\/img_1087\/\" data-orig-file=\"https:\/\/www.legistdf.gob.ar\/wp-content\/uploads\/2019\/11\/IMG_1087.jpg\" data-orig-size=\"1000,667\" data-comments-opened=\"0\" data-image-meta=\"{&quot;aperture&quot;:&quot;5.6&quot;,&quot;credit&quot;:&quot;&quot;,&quot;camera&quot;:&quot;Canon EOS 6D&quot;,&quot;caption&quot;:&quot;&quot;,&quot;created_timestamp&quot;:&quot;1574401209&quot;,&quot;copyright&quot;:&quot;&quot;,&quot;focal_length&quot;:&quot;70&quot;,&quot;iso&quot;:&quot;500&quot;,&quot;shutter_speed&quot;:&quot;0.02&quot;,&quot;title&quot;:&quot;&quot;,&quot;orientation&quot;:&quot;0&quot;}\" data-image-title=\"IMG_1087\" data-image-description=\"\" data-image-caption=\"\" data-medium-file=\"https:\/\/www.legistdf.gob.ar\/wp-content\/uploads\/2019\/11\/IMG_1087-300x200.jpg\" data-large-file=\"https:\/\/www.legistdf.gob.ar\/wp-content\/uploads\/2019\/11\/IMG_1087.jpg\" \/><\/a>\n\t\t\t<\/dt><\/dl><br style=\"clear: both\" \/><dl class='gallery-item'>\n\t\t\t<dt class='gallery-icon landscape'>\n\t\t\t\t<a href='https:\/\/www.legistdf.gob.ar\/index.php\/2019\/11\/22\/educacion-alumnos-provinciales-conocen-el-funcionamiento-de-la-camara-legislativa\/img_1085-2\/'><img loading=\"lazy\" decoding=\"async\" width=\"150\" height=\"150\" src=\"https:\/\/www.legistdf.gob.ar\/wp-content\/uploads\/2019\/11\/IMG_1085-150x150.jpg\" class=\"attachment-thumbnail size-thumbnail\" alt=\"\" srcset=\"https:\/\/www.legistdf.gob.ar\/wp-content\/uploads\/2019\/11\/IMG_1085-150x150.jpg 150w, https:\/\/www.legistdf.gob.ar\/wp-content\/uploads\/2019\/11\/IMG_1085-64x64.jpg 64w\" sizes=\"(max-width: 150px) 100vw, 150px\" data-attachment-id=\"16960\" data-permalink=\"https:\/\/www.legistdf.gob.ar\/index.php\/2019\/11\/22\/educacion-alumnos-provinciales-conocen-el-funcionamiento-de-la-camara-legislativa\/img_1085-2\/\" data-orig-file=\"https:\/\/www.legistdf.gob.ar\/wp-content\/uploads\/2019\/11\/IMG_1085.jpg\" data-orig-size=\"1000,667\" data-comments-opened=\"0\" data-image-meta=\"{&quot;aperture&quot;:&quot;5.6&quot;,&quot;credit&quot;:&quot;&quot;,&quot;camera&quot;:&quot;Canon EOS 6D&quot;,&quot;caption&quot;:&quot;&quot;,&quot;created_timestamp&quot;:&quot;1574401135&quot;,&quot;copyright&quot;:&quot;&quot;,&quot;focal_length&quot;:&quot;70&quot;,&quot;iso&quot;:&quot;500&quot;,&quot;shutter_speed&quot;:&quot;0.02&quot;,&quot;title&quot;:&quot;&quot;,&quot;orientation&quot;:&quot;0&quot;}\" data-image-title=\"IMG_1085\" data-image-description=\"\" data-image-caption=\"\" data-medium-file=\"https:\/\/www.legistdf.gob.ar\/wp-content\/uploads\/2019\/11\/IMG_1085-300x200.jpg\" data-large-file=\"https:\/\/www.legistdf.gob.ar\/wp-content\/uploads\/2019\/11\/IMG_1085.jpg\" \/><\/a>\n\t\t\t<\/dt><\/dl><dl class='gallery-item'>\n\t\t\t<dt class='gallery-icon landscape'>\n\t\t\t\t<a href='https:\/\/www.legistdf.gob.ar\/index.php\/2019\/11\/22\/educacion-alumnos-provinciales-conocen-el-funcionamiento-de-la-camara-legislativa\/img_1084\/'><img loading=\"lazy\" decoding=\"async\" width=\"150\" height=\"150\" src=\"https:\/\/www.legistdf.gob.ar\/wp-content\/uploads\/2019\/11\/IMG_1084-150x150.jpg\" class=\"attachment-thumbnail size-thumbnail\" alt=\"\" srcset=\"https:\/\/www.legistdf.gob.ar\/wp-content\/uploads\/2019\/11\/IMG_1084-150x150.jpg 150w, https:\/\/www.legistdf.gob.ar\/wp-content\/uploads\/2019\/11\/IMG_1084-64x64.jpg 64w\" sizes=\"(max-width: 150px) 100vw, 150px\" data-attachment-id=\"16961\" data-permalink=\"https:\/\/www.legistdf.gob.ar\/index.php\/2019\/11\/22\/educacion-alumnos-provinciales-conocen-el-funcionamiento-de-la-camara-legislativa\/img_1084\/\" data-orig-file=\"https:\/\/www.legistdf.gob.ar\/wp-content\/uploads\/2019\/11\/IMG_1084.jpg\" data-orig-size=\"1000,667\" data-comments-opened=\"0\" data-image-meta=\"{&quot;aperture&quot;:&quot;5.6&quot;,&quot;credit&quot;:&quot;&quot;,&quot;camera&quot;:&quot;Canon EOS 6D&quot;,&quot;caption&quot;:&quot;&quot;,&quot;created_timestamp&quot;:&quot;1574401068&quot;,&quot;copyright&quot;:&quot;&quot;,&quot;focal_length&quot;:&quot;42&quot;,&quot;iso&quot;:&quot;500&quot;,&quot;shutter_speed&quot;:&quot;0.02&quot;,&quot;title&quot;:&quot;&quot;,&quot;orientation&quot;:&quot;0&quot;}\" data-image-title=\"IMG_1084\" data-image-description=\"\" data-image-caption=\"\" data-medium-file=\"https:\/\/www.legistdf.gob.ar\/wp-content\/uploads\/2019\/11\/IMG_1084-300x200.jpg\" data-large-file=\"https:\/\/www.legistdf.gob.ar\/wp-content\/uploads\/2019\/11\/IMG_1084.jpg\" \/><\/a>\n\t\t\t<\/dt><\/dl><dl class='gallery-item'>\n\t\t\t<dt class='gallery-icon landscape'>\n\t\t\t\t<a href='https:\/\/www.legistdf.gob.ar\/index.php\/2019\/11\/22\/educacion-alumnos-provinciales-conocen-el-funcionamiento-de-la-camara-legislativa\/img_1082\/'><img loading=\"lazy\" decoding=\"async\" width=\"150\" height=\"150\" src=\"https:\/\/www.legistdf.gob.ar\/wp-content\/uploads\/2019\/11\/IMG_1082-150x150.jpg\" class=\"attachment-thumbnail size-thumbnail\" alt=\"\" srcset=\"https:\/\/www.legistdf.gob.ar\/wp-content\/uploads\/2019\/11\/IMG_1082-150x150.jpg 150w, https:\/\/www.legistdf.gob.ar\/wp-content\/uploads\/2019\/11\/IMG_1082-64x64.jpg 64w\" sizes=\"(max-width: 150px) 100vw, 150px\" data-attachment-id=\"16962\" data-permalink=\"https:\/\/www.legistdf.gob.ar\/index.php\/2019\/11\/22\/educacion-alumnos-provinciales-conocen-el-funcionamiento-de-la-camara-legislativa\/img_1082\/\" data-orig-file=\"https:\/\/www.legistdf.gob.ar\/wp-content\/uploads\/2019\/11\/IMG_1082.jpg\" data-orig-size=\"1000,667\" data-comments-opened=\"0\" data-image-meta=\"{&quot;aperture&quot;:&quot;5.6&quot;,&quot;credit&quot;:&quot;&quot;,&quot;camera&quot;:&quot;Canon EOS 6D&quot;,&quot;caption&quot;:&quot;&quot;,&quot;created_timestamp&quot;:&quot;1574401000&quot;,&quot;copyright&quot;:&quot;&quot;,&quot;focal_length&quot;:&quot;70&quot;,&quot;iso&quot;:&quot;250&quot;,&quot;shutter_speed&quot;:&quot;0.02&quot;,&quot;title&quot;:&quot;&quot;,&quot;orientation&quot;:&quot;0&quot;}\" data-image-title=\"IMG_1082\" data-image-description=\"\" data-image-caption=\"\" data-medium-file=\"https:\/\/www.legistdf.gob.ar\/wp-content\/uploads\/2019\/11\/IMG_1082-300x200.jpg\" data-large-file=\"https:\/\/www.legistdf.gob.ar\/wp-content\/uploads\/2019\/11\/IMG_1082.jpg\" \/><\/a>\n\t\t\t<\/dt><\/dl><br style=\"clear: both\" \/><dl class='gallery-item'>\n\t\t\t<dt class='gallery-icon landscape'>\n\t\t\t\t<a href='https:\/\/www.legistdf.gob.ar\/index.php\/2019\/11\/22\/educacion-alumnos-provinciales-conocen-el-funcionamiento-de-la-camara-legislativa\/img_1081\/'><img loading=\"lazy\" decoding=\"async\" width=\"150\" height=\"150\" src=\"https:\/\/www.legistdf.gob.ar\/wp-content\/uploads\/2019\/11\/IMG_1081-150x150.jpg\" class=\"attachment-thumbnail size-thumbnail\" alt=\"\" srcset=\"https:\/\/www.legistdf.gob.ar\/wp-content\/uploads\/2019\/11\/IMG_1081-150x150.jpg 150w, https:\/\/www.legistdf.gob.ar\/wp-content\/uploads\/2019\/11\/IMG_1081-64x64.jpg 64w\" sizes=\"(max-width: 150px) 100vw, 150px\" data-attachment-id=\"16963\" data-permalink=\"https:\/\/www.legistdf.gob.ar\/index.php\/2019\/11\/22\/educacion-alumnos-provinciales-conocen-el-funcionamiento-de-la-camara-legislativa\/img_1081\/\" data-orig-file=\"https:\/\/www.legistdf.gob.ar\/wp-content\/uploads\/2019\/11\/IMG_1081.jpg\" data-orig-size=\"1000,667\" data-comments-opened=\"0\" data-image-meta=\"{&quot;aperture&quot;:&quot;5.6&quot;,&quot;credit&quot;:&quot;&quot;,&quot;camera&quot;:&quot;Canon EOS 6D&quot;,&quot;caption&quot;:&quot;&quot;,&quot;created_timestamp&quot;:&quot;1574400998&quot;,&quot;copyright&quot;:&quot;&quot;,&quot;focal_length&quot;:&quot;70&quot;,&quot;iso&quot;:&quot;250&quot;,&quot;shutter_speed&quot;:&quot;0.02&quot;,&quot;title&quot;:&quot;&quot;,&quot;orientation&quot;:&quot;0&quot;}\" data-image-title=\"IMG_1081\" data-image-description=\"\" data-image-caption=\"\" data-medium-file=\"https:\/\/www.legistdf.gob.ar\/wp-content\/uploads\/2019\/11\/IMG_1081-300x200.jpg\" data-large-file=\"https:\/\/www.legistdf.gob.ar\/wp-content\/uploads\/2019\/11\/IMG_1081.jpg\" \/><\/a>\n\t\t\t<\/dt><\/dl><dl class='gallery-item'>\n\t\t\t<dt class='gallery-icon landscape'>\n\t\t\t\t<a href='https:\/\/www.legistdf.gob.ar\/index.php\/2019\/11\/22\/educacion-alumnos-provinciales-conocen-el-funcionamiento-de-la-camara-legislativa\/img_1079\/'><img loading=\"lazy\" decoding=\"async\" width=\"150\" height=\"150\" src=\"https:\/\/www.legistdf.gob.ar\/wp-content\/uploads\/2019\/11\/IMG_1079-150x150.jpg\" class=\"attachment-thumbnail size-thumbnail\" alt=\"\" srcset=\"https:\/\/www.legistdf.gob.ar\/wp-content\/uploads\/2019\/11\/IMG_1079-150x150.jpg 150w, https:\/\/www.legistdf.gob.ar\/wp-content\/uploads\/2019\/11\/IMG_1079-64x64.jpg 64w\" sizes=\"(max-width: 150px) 100vw, 150px\" data-attachment-id=\"16964\" data-permalink=\"https:\/\/www.legistdf.gob.ar\/index.php\/2019\/11\/22\/educacion-alumnos-provinciales-conocen-el-funcionamiento-de-la-camara-legislativa\/img_1079\/\" data-orig-file=\"https:\/\/www.legistdf.gob.ar\/wp-content\/uploads\/2019\/11\/IMG_1079.jpg\" data-orig-size=\"1000,667\" data-comments-opened=\"0\" data-image-meta=\"{&quot;aperture&quot;:&quot;5.6&quot;,&quot;credit&quot;:&quot;&quot;,&quot;camera&quot;:&quot;Canon EOS 6D&quot;,&quot;caption&quot;:&quot;&quot;,&quot;created_timestamp&quot;:&quot;1574400934&quot;,&quot;copyright&quot;:&quot;&quot;,&quot;focal_length&quot;:&quot;42&quot;,&quot;iso&quot;:&quot;250&quot;,&quot;shutter_speed&quot;:&quot;0.02&quot;,&quot;title&quot;:&quot;&quot;,&quot;orientation&quot;:&quot;0&quot;}\" data-image-title=\"IMG_1079\" data-image-description=\"\" data-image-caption=\"\" data-medium-file=\"https:\/\/www.legistdf.gob.ar\/wp-content\/uploads\/2019\/11\/IMG_1079-300x200.jpg\" data-large-file=\"https:\/\/www.legistdf.gob.ar\/wp-content\/uploads\/2019\/11\/IMG_1079.jpg\" \/><\/a>\n\t\t\t<\/dt><\/dl><dl class='gallery-item'>\n\t\t\t<dt class='gallery-icon landscape'>\n\t\t\t\t<a href='https:\/\/www.legistdf.gob.ar\/index.php\/2019\/11\/22\/educacion-alumnos-provinciales-conocen-el-funcionamiento-de-la-camara-legislativa\/img_1078\/'><img loading=\"lazy\" decoding=\"async\" width=\"150\" height=\"150\" src=\"https:\/\/www.legistdf.gob.ar\/wp-content\/uploads\/2019\/11\/IMG_1078-150x150.jpg\" class=\"attachment-thumbnail size-thumbnail\" alt=\"\" srcset=\"https:\/\/www.legistdf.gob.ar\/wp-content\/uploads\/2019\/11\/IMG_1078-150x150.jpg 150w, https:\/\/www.legistdf.gob.ar\/wp-content\/uploads\/2019\/11\/IMG_1078-64x64.jpg 64w\" sizes=\"(max-width: 150px) 100vw, 150px\" data-attachment-id=\"16965\" data-permalink=\"https:\/\/www.legistdf.gob.ar\/index.php\/2019\/11\/22\/educacion-alumnos-provinciales-conocen-el-funcionamiento-de-la-camara-legislativa\/img_1078\/\" data-orig-file=\"https:\/\/www.legistdf.gob.ar\/wp-content\/uploads\/2019\/11\/IMG_1078.jpg\" data-orig-size=\"1000,667\" data-comments-opened=\"0\" data-image-meta=\"{&quot;aperture&quot;:&quot;5.6&quot;,&quot;credit&quot;:&quot;&quot;,&quot;camera&quot;:&quot;Canon EOS 6D&quot;,&quot;caption&quot;:&quot;&quot;,&quot;created_timestamp&quot;:&quot;1574400920&quot;,&quot;copyright&quot;:&quot;&quot;,&quot;focal_length&quot;:&quot;44&quot;,&quot;iso&quot;:&quot;250&quot;,&quot;shutter_speed&quot;:&quot;0.02&quot;,&quot;title&quot;:&quot;&quot;,&quot;orientation&quot;:&quot;0&quot;}\" data-image-title=\"IMG_1078\" data-image-description=\"\" data-image-caption=\"\" data-medium-file=\"https:\/\/www.legistdf.gob.ar\/wp-content\/uploads\/2019\/11\/IMG_1078-300x200.jpg\" data-large-file=\"https:\/\/www.legistdf.gob.ar\/wp-content\/uploads\/2019\/11\/IMG_1078.jpg\" \/><\/a>\n\t\t\t<\/dt><\/dl><br style=\"clear: both\" \/><dl class='gallery-item'>\n\t\t\t<dt class='gallery-icon landscape'>\n\t\t\t\t<a href='https:\/\/www.legistdf.gob.ar\/index.php\/2019\/11\/22\/educacion-alumnos-provinciales-conocen-el-funcionamiento-de-la-camara-legislativa\/img_1077\/'><img loading=\"lazy\" decoding=\"async\" width=\"150\" height=\"150\" src=\"https:\/\/www.legistdf.gob.ar\/wp-content\/uploads\/2019\/11\/IMG_1077-150x150.jpg\" class=\"attachment-thumbnail size-thumbnail\" alt=\"\" srcset=\"https:\/\/www.legistdf.gob.ar\/wp-content\/uploads\/2019\/11\/IMG_1077-150x150.jpg 150w, https:\/\/www.legistdf.gob.ar\/wp-content\/uploads\/2019\/11\/IMG_1077-64x64.jpg 64w\" sizes=\"(max-width: 150px) 100vw, 150px\" data-attachment-id=\"16966\" data-permalink=\"https:\/\/www.legistdf.gob.ar\/index.php\/2019\/11\/22\/educacion-alumnos-provinciales-conocen-el-funcionamiento-de-la-camara-legislativa\/img_1077\/\" data-orig-file=\"https:\/\/www.legistdf.gob.ar\/wp-content\/uploads\/2019\/11\/IMG_1077.jpg\" data-orig-size=\"1000,667\" data-comments-opened=\"0\" data-image-meta=\"{&quot;aperture&quot;:&quot;5.6&quot;,&quot;credit&quot;:&quot;&quot;,&quot;camera&quot;:&quot;Canon EOS 6D&quot;,&quot;caption&quot;:&quot;&quot;,&quot;created_timestamp&quot;:&quot;1574400910&quot;,&quot;copyright&quot;:&quot;&quot;,&quot;focal_length&quot;:&quot;70&quot;,&quot;iso&quot;:&quot;250&quot;,&quot;shutter_speed&quot;:&quot;0.02&quot;,&quot;title&quot;:&quot;&quot;,&quot;orientation&quot;:&quot;0&quot;}\" data-image-title=\"IMG_1077\" data-image-description=\"\" data-image-caption=\"\" data-medium-file=\"https:\/\/www.legistdf.gob.ar\/wp-content\/uploads\/2019\/11\/IMG_1077-300x200.jpg\" data-large-file=\"https:\/\/www.legistdf.gob.ar\/wp-content\/uploads\/2019\/11\/IMG_1077.jpg\" \/><\/a>\n\t\t\t<\/dt><\/dl><dl class='gallery-item'>\n\t\t\t<dt class='gallery-icon landscape'>\n\t\t\t\t<a href='https:\/\/www.legistdf.gob.ar\/index.php\/2019\/11\/22\/educacion-alumnos-provinciales-conocen-el-funcionamiento-de-la-camara-legislativa\/img_1073\/'><img loading=\"lazy\" decoding=\"async\" width=\"150\" height=\"150\" src=\"https:\/\/www.legistdf.gob.ar\/wp-content\/uploads\/2019\/11\/IMG_1073-150x150.jpg\" class=\"attachment-thumbnail size-thumbnail\" alt=\"\" srcset=\"https:\/\/www.legistdf.gob.ar\/wp-content\/uploads\/2019\/11\/IMG_1073-150x150.jpg 150w, https:\/\/www.legistdf.gob.ar\/wp-content\/uploads\/2019\/11\/IMG_1073-64x64.jpg 64w\" sizes=\"(max-width: 150px) 100vw, 150px\" data-attachment-id=\"16968\" data-permalink=\"https:\/\/www.legistdf.gob.ar\/index.php\/2019\/11\/22\/educacion-alumnos-provinciales-conocen-el-funcionamiento-de-la-camara-legislativa\/img_1073\/\" data-orig-file=\"https:\/\/www.legistdf.gob.ar\/wp-content\/uploads\/2019\/11\/IMG_1073.jpg\" data-orig-size=\"1000,699\" data-comments-opened=\"0\" data-image-meta=\"{&quot;aperture&quot;:&quot;5&quot;,&quot;credit&quot;:&quot;&quot;,&quot;camera&quot;:&quot;Canon EOS 6D&quot;,&quot;caption&quot;:&quot;&quot;,&quot;created_timestamp&quot;:&quot;1574400804&quot;,&quot;copyright&quot;:&quot;&quot;,&quot;focal_length&quot;:&quot;70&quot;,&quot;iso&quot;:&quot;250&quot;,&quot;shutter_speed&quot;:&quot;0.016666666666667&quot;,&quot;title&quot;:&quot;&quot;,&quot;orientation&quot;:&quot;0&quot;}\" data-image-title=\"IMG_1073\" data-image-description=\"\" data-image-caption=\"\" data-medium-file=\"https:\/\/www.legistdf.gob.ar\/wp-content\/uploads\/2019\/11\/IMG_1073-300x210.jpg\" data-large-file=\"https:\/\/www.legistdf.gob.ar\/wp-content\/uploads\/2019\/11\/IMG_1073.jpg\" \/><\/a>\n\t\t\t<\/dt><\/dl><dl class='gallery-item'>\n\t\t\t<dt class='gallery-icon landscape'>\n\t\t\t\t<a href='https:\/\/www.legistdf.gob.ar\/index.php\/2019\/11\/22\/educacion-alumnos-provinciales-conocen-el-funcionamiento-de-la-camara-legislativa\/img_1069\/'><img loading=\"lazy\" decoding=\"async\" width=\"150\" height=\"150\" src=\"https:\/\/www.legistdf.gob.ar\/wp-content\/uploads\/2019\/11\/IMG_1069-150x150.jpg\" class=\"attachment-thumbnail size-thumbnail\" alt=\"\" srcset=\"https:\/\/www.legistdf.gob.ar\/wp-content\/uploads\/2019\/11\/IMG_1069-150x150.jpg 150w, https:\/\/www.legistdf.gob.ar\/wp-content\/uploads\/2019\/11\/IMG_1069-64x64.jpg 64w\" sizes=\"(max-width: 150px) 100vw, 150px\" data-attachment-id=\"16969\" data-permalink=\"https:\/\/www.legistdf.gob.ar\/index.php\/2019\/11\/22\/educacion-alumnos-provinciales-conocen-el-funcionamiento-de-la-camara-legislativa\/img_1069\/\" data-orig-file=\"https:\/\/www.legistdf.gob.ar\/wp-content\/uploads\/2019\/11\/IMG_1069.jpg\" data-orig-size=\"1000,667\" data-comments-opened=\"0\" data-image-meta=\"{&quot;aperture&quot;:&quot;5&quot;,&quot;credit&quot;:&quot;&quot;,&quot;camera&quot;:&quot;Canon EOS 6D&quot;,&quot;caption&quot;:&quot;&quot;,&quot;created_timestamp&quot;:&quot;1574400750&quot;,&quot;copyright&quot;:&quot;&quot;,&quot;focal_length&quot;:&quot;50&quot;,&quot;iso&quot;:&quot;250&quot;,&quot;shutter_speed&quot;:&quot;0.016666666666667&quot;,&quot;title&quot;:&quot;&quot;,&quot;orientation&quot;:&quot;0&quot;}\" data-image-title=\"IMG_1069\" data-image-description=\"\" data-image-caption=\"\" data-medium-file=\"https:\/\/www.legistdf.gob.ar\/wp-content\/uploads\/2019\/11\/IMG_1069-300x200.jpg\" data-large-file=\"https:\/\/www.legistdf.gob.ar\/wp-content\/uploads\/2019\/11\/IMG_1069.jpg\" \/><\/a>\n\t\t\t<\/dt><\/dl><br style=\"clear: both\" \/><dl class='gallery-item'>\n\t\t\t<dt class='gallery-icon landscape'>\n\t\t\t\t<a href='https:\/\/www.legistdf.gob.ar\/index.php\/2019\/11\/22\/educacion-alumnos-provinciales-conocen-el-funcionamiento-de-la-camara-legislativa\/img_1068\/'><img loading=\"lazy\" decoding=\"async\" width=\"150\" height=\"150\" src=\"https:\/\/www.legistdf.gob.ar\/wp-content\/uploads\/2019\/11\/IMG_1068-150x150.jpg\" class=\"attachment-thumbnail size-thumbnail\" alt=\"\" srcset=\"https:\/\/www.legistdf.gob.ar\/wp-content\/uploads\/2019\/11\/IMG_1068-150x150.jpg 150w, https:\/\/www.legistdf.gob.ar\/wp-content\/uploads\/2019\/11\/IMG_1068-64x64.jpg 64w\" sizes=\"(max-width: 150px) 100vw, 150px\" data-attachment-id=\"16970\" data-permalink=\"https:\/\/www.legistdf.gob.ar\/index.php\/2019\/11\/22\/educacion-alumnos-provinciales-conocen-el-funcionamiento-de-la-camara-legislativa\/img_1068\/\" data-orig-file=\"https:\/\/www.legistdf.gob.ar\/wp-content\/uploads\/2019\/11\/IMG_1068.jpg\" data-orig-size=\"1000,667\" data-comments-opened=\"0\" data-image-meta=\"{&quot;aperture&quot;:&quot;5&quot;,&quot;credit&quot;:&quot;&quot;,&quot;camera&quot;:&quot;Canon EOS 6D&quot;,&quot;caption&quot;:&quot;&quot;,&quot;created_timestamp&quot;:&quot;1574400731&quot;,&quot;copyright&quot;:&quot;&quot;,&quot;focal_length&quot;:&quot;44&quot;,&quot;iso&quot;:&quot;250&quot;,&quot;shutter_speed&quot;:&quot;0.016666666666667&quot;,&quot;title&quot;:&quot;&quot;,&quot;orientation&quot;:&quot;0&quot;}\" data-image-title=\"IMG_1068\" data-image-description=\"\" data-image-caption=\"\" data-medium-file=\"https:\/\/www.legistdf.gob.ar\/wp-content\/uploads\/2019\/11\/IMG_1068-300x200.jpg\" data-large-file=\"https:\/\/www.legistdf.gob.ar\/wp-content\/uploads\/2019\/11\/IMG_1068.jpg\" \/><\/a>\n\t\t\t<\/dt><\/dl><dl class='gallery-item'>\n\t\t\t<dt class='gallery-icon landscape'>\n\t\t\t\t<a href='https:\/\/www.legistdf.gob.ar\/index.php\/2019\/11\/22\/educacion-alumnos-provinciales-conocen-el-funcionamiento-de-la-camara-legislativa\/img_1065\/'><img loading=\"lazy\" decoding=\"async\" width=\"150\" height=\"150\" src=\"https:\/\/www.legistdf.gob.ar\/wp-content\/uploads\/2019\/11\/IMG_1065-150x150.jpg\" class=\"attachment-thumbnail size-thumbnail\" alt=\"\" srcset=\"https:\/\/www.legistdf.gob.ar\/wp-content\/uploads\/2019\/11\/IMG_1065-150x150.jpg 150w, https:\/\/www.legistdf.gob.ar\/wp-content\/uploads\/2019\/11\/IMG_1065-64x64.jpg 64w\" sizes=\"(max-width: 150px) 100vw, 150px\" data-attachment-id=\"16971\" data-permalink=\"https:\/\/www.legistdf.gob.ar\/index.php\/2019\/11\/22\/educacion-alumnos-provinciales-conocen-el-funcionamiento-de-la-camara-legislativa\/img_1065\/\" data-orig-file=\"https:\/\/www.legistdf.gob.ar\/wp-content\/uploads\/2019\/11\/IMG_1065.jpg\" data-orig-size=\"1000,667\" data-comments-opened=\"0\" data-image-meta=\"{&quot;aperture&quot;:&quot;5&quot;,&quot;credit&quot;:&quot;&quot;,&quot;camera&quot;:&quot;Canon EOS 6D&quot;,&quot;caption&quot;:&quot;&quot;,&quot;created_timestamp&quot;:&quot;1574400671&quot;,&quot;copyright&quot;:&quot;&quot;,&quot;focal_length&quot;:&quot;45&quot;,&quot;iso&quot;:&quot;250&quot;,&quot;shutter_speed&quot;:&quot;0.016666666666667&quot;,&quot;title&quot;:&quot;&quot;,&quot;orientation&quot;:&quot;0&quot;}\" data-image-title=\"IMG_1065\" data-image-description=\"\" data-image-caption=\"\" data-medium-file=\"https:\/\/www.legistdf.gob.ar\/wp-content\/uploads\/2019\/11\/IMG_1065-300x200.jpg\" data-large-file=\"https:\/\/www.legistdf.gob.ar\/wp-content\/uploads\/2019\/11\/IMG_1065.jpg\" \/><\/a>\n\t\t\t<\/dt><\/dl><dl class='gallery-item'>\n\t\t\t<dt class='gallery-icon landscape'>\n\t\t\t\t<a href='https:\/\/www.legistdf.gob.ar\/index.php\/2019\/11\/22\/educacion-alumnos-provinciales-conocen-el-funcionamiento-de-la-camara-legislativa\/img_1062\/'><img loading=\"lazy\" decoding=\"async\" width=\"150\" height=\"150\" src=\"https:\/\/www.legistdf.gob.ar\/wp-content\/uploads\/2019\/11\/IMG_1062-150x150.jpg\" class=\"attachment-thumbnail size-thumbnail\" alt=\"\" srcset=\"https:\/\/www.legistdf.gob.ar\/wp-content\/uploads\/2019\/11\/IMG_1062-150x150.jpg 150w, https:\/\/www.legistdf.gob.ar\/wp-content\/uploads\/2019\/11\/IMG_1062-64x64.jpg 64w\" sizes=\"(max-width: 150px) 100vw, 150px\" data-attachment-id=\"16972\" data-permalink=\"https:\/\/www.legistdf.gob.ar\/index.php\/2019\/11\/22\/educacion-alumnos-provinciales-conocen-el-funcionamiento-de-la-camara-legislativa\/img_1062\/\" data-orig-file=\"https:\/\/www.legistdf.gob.ar\/wp-content\/uploads\/2019\/11\/IMG_1062.jpg\" data-orig-size=\"1000,667\" data-comments-opened=\"0\" data-image-meta=\"{&quot;aperture&quot;:&quot;5&quot;,&quot;credit&quot;:&quot;&quot;,&quot;camera&quot;:&quot;Canon EOS 6D&quot;,&quot;caption&quot;:&quot;&quot;,&quot;created_timestamp&quot;:&quot;1574400609&quot;,&quot;copyright&quot;:&quot;&quot;,&quot;focal_length&quot;:&quot;24&quot;,&quot;iso&quot;:&quot;250&quot;,&quot;shutter_speed&quot;:&quot;0.016666666666667&quot;,&quot;title&quot;:&quot;&quot;,&quot;orientation&quot;:&quot;0&quot;}\" data-image-title=\"IMG_1062\" data-image-description=\"\" data-image-caption=\"\" data-medium-file=\"https:\/\/www.legistdf.gob.ar\/wp-content\/uploads\/2019\/11\/IMG_1062-300x200.jpg\" data-large-file=\"https:\/\/www.legistdf.gob.ar\/wp-content\/uploads\/2019\/11\/IMG_1062.jpg\" \/><\/a>\n\t\t\t<\/dt><\/dl><br style=\"clear: both\" \/><dl class='gallery-item'>\n\t\t\t<dt class='gallery-icon landscape'>\n\t\t\t\t<a href='https:\/\/www.legistdf.gob.ar\/index.php\/2019\/11\/22\/educacion-alumnos-provinciales-conocen-el-funcionamiento-de-la-camara-legislativa\/img_1059\/'><img loading=\"lazy\" decoding=\"async\" width=\"150\" height=\"150\" src=\"https:\/\/www.legistdf.gob.ar\/wp-content\/uploads\/2019\/11\/IMG_1059-150x150.jpg\" class=\"attachment-thumbnail size-thumbnail\" alt=\"\" srcset=\"https:\/\/www.legistdf.gob.ar\/wp-content\/uploads\/2019\/11\/IMG_1059-150x150.jpg 150w, https:\/\/www.legistdf.gob.ar\/wp-content\/uploads\/2019\/11\/IMG_1059-64x64.jpg 64w\" sizes=\"(max-width: 150px) 100vw, 150px\" data-attachment-id=\"16973\" data-permalink=\"https:\/\/www.legistdf.gob.ar\/index.php\/2019\/11\/22\/educacion-alumnos-provinciales-conocen-el-funcionamiento-de-la-camara-legislativa\/img_1059\/\" data-orig-file=\"https:\/\/www.legistdf.gob.ar\/wp-content\/uploads\/2019\/11\/IMG_1059.jpg\" data-orig-size=\"1000,667\" data-comments-opened=\"0\" data-image-meta=\"{&quot;aperture&quot;:&quot;5&quot;,&quot;credit&quot;:&quot;&quot;,&quot;camera&quot;:&quot;Canon EOS 6D&quot;,&quot;caption&quot;:&quot;&quot;,&quot;created_timestamp&quot;:&quot;1574400521&quot;,&quot;copyright&quot;:&quot;&quot;,&quot;focal_length&quot;:&quot;70&quot;,&quot;iso&quot;:&quot;200&quot;,&quot;shutter_speed&quot;:&quot;0.016666666666667&quot;,&quot;title&quot;:&quot;&quot;,&quot;orientation&quot;:&quot;0&quot;}\" data-image-title=\"IMG_1059\" data-image-description=\"\" data-image-caption=\"\" data-medium-file=\"https:\/\/www.legistdf.gob.ar\/wp-content\/uploads\/2019\/11\/IMG_1059-300x200.jpg\" data-large-file=\"https:\/\/www.legistdf.gob.ar\/wp-content\/uploads\/2019\/11\/IMG_1059.jpg\" \/><\/a>\n\t\t\t<\/dt><\/dl><dl class='gallery-item'>\n\t\t\t<dt class='gallery-icon landscape'>\n\t\t\t\t<a href='https:\/\/www.legistdf.gob.ar\/index.php\/2019\/11\/22\/educacion-alumnos-provinciales-conocen-el-funcionamiento-de-la-camara-legislativa\/img_1053\/'><img loading=\"lazy\" decoding=\"async\" width=\"150\" height=\"150\" src=\"https:\/\/www.legistdf.gob.ar\/wp-content\/uploads\/2019\/11\/IMG_1053-150x150.jpg\" class=\"attachment-thumbnail size-thumbnail\" alt=\"\" srcset=\"https:\/\/www.legistdf.gob.ar\/wp-content\/uploads\/2019\/11\/IMG_1053-150x150.jpg 150w, https:\/\/www.legistdf.gob.ar\/wp-content\/uploads\/2019\/11\/IMG_1053-64x64.jpg 64w\" sizes=\"(max-width: 150px) 100vw, 150px\" data-attachment-id=\"16974\" data-permalink=\"https:\/\/www.legistdf.gob.ar\/index.php\/2019\/11\/22\/educacion-alumnos-provinciales-conocen-el-funcionamiento-de-la-camara-legislativa\/img_1053\/\" data-orig-file=\"https:\/\/www.legistdf.gob.ar\/wp-content\/uploads\/2019\/11\/IMG_1053.jpg\" data-orig-size=\"1000,667\" data-comments-opened=\"0\" data-image-meta=\"{&quot;aperture&quot;:&quot;4&quot;,&quot;credit&quot;:&quot;&quot;,&quot;camera&quot;:&quot;Canon EOS 6D&quot;,&quot;caption&quot;:&quot;&quot;,&quot;created_timestamp&quot;:&quot;1574400294&quot;,&quot;copyright&quot;:&quot;&quot;,&quot;focal_length&quot;:&quot;57&quot;,&quot;iso&quot;:&quot;200&quot;,&quot;shutter_speed&quot;:&quot;0.0125&quot;,&quot;title&quot;:&quot;&quot;,&quot;orientation&quot;:&quot;0&quot;}\" data-image-title=\"IMG_1053\" data-image-description=\"\" data-image-caption=\"\" data-medium-file=\"https:\/\/www.legistdf.gob.ar\/wp-content\/uploads\/2019\/11\/IMG_1053-300x200.jpg\" data-large-file=\"https:\/\/www.legistdf.gob.ar\/wp-content\/uploads\/2019\/11\/IMG_1053.jpg\" \/><\/a>\n\t\t\t<\/dt><\/dl><dl class='gallery-item'>\n\t\t\t<dt class='gallery-icon landscape'>\n\t\t\t\t<a href='https:\/\/www.legistdf.gob.ar\/index.php\/2019\/11\/22\/educacion-alumnos-provinciales-conocen-el-funcionamiento-de-la-camara-legislativa\/img_1049-2\/'><img loading=\"lazy\" decoding=\"async\" width=\"150\" height=\"150\" src=\"https:\/\/www.legistdf.gob.ar\/wp-content\/uploads\/2019\/11\/IMG_1049-150x150.jpg\" class=\"attachment-thumbnail size-thumbnail\" alt=\"\" srcset=\"https:\/\/www.legistdf.gob.ar\/wp-content\/uploads\/2019\/11\/IMG_1049-150x150.jpg 150w, https:\/\/www.legistdf.gob.ar\/wp-content\/uploads\/2019\/11\/IMG_1049-64x64.jpg 64w\" sizes=\"(max-width: 150px) 100vw, 150px\" data-attachment-id=\"16975\" data-permalink=\"https:\/\/www.legistdf.gob.ar\/index.php\/2019\/11\/22\/educacion-alumnos-provinciales-conocen-el-funcionamiento-de-la-camara-legislativa\/img_1049-2\/\" data-orig-file=\"https:\/\/www.legistdf.gob.ar\/wp-content\/uploads\/2019\/11\/IMG_1049.jpg\" data-orig-size=\"1000,667\" data-comments-opened=\"0\" data-image-meta=\"{&quot;aperture&quot;:&quot;5&quot;,&quot;credit&quot;:&quot;&quot;,&quot;camera&quot;:&quot;Canon EOS 6D&quot;,&quot;caption&quot;:&quot;&quot;,&quot;created_timestamp&quot;:&quot;1574399374&quot;,&quot;copyright&quot;:&quot;&quot;,&quot;focal_length&quot;:&quot;24&quot;,&quot;iso&quot;:&quot;200&quot;,&quot;shutter_speed&quot;:&quot;0.0125&quot;,&quot;title&quot;:&quot;&quot;,&quot;orientation&quot;:&quot;0&quot;}\" data-image-title=\"IMG_1049\" data-image-description=\"\" data-image-caption=\"\" data-medium-file=\"https:\/\/www.legistdf.gob.ar\/wp-content\/uploads\/2019\/11\/IMG_1049-300x200.jpg\" data-large-file=\"https:\/\/www.legistdf.gob.ar\/wp-content\/uploads\/2019\/11\/IMG_1049.jpg\" \/><\/a>\n\t\t\t<\/dt><\/dl><br style=\"clear: both\" \/><dl class='gallery-item'>\n\t\t\t<dt class='gallery-icon landscape'>\n\t\t\t\t<a href='https:\/\/www.legistdf.gob.ar\/index.php\/2019\/11\/22\/educacion-alumnos-provinciales-conocen-el-funcionamiento-de-la-camara-legislativa\/img_1047-2\/'><img loading=\"lazy\" decoding=\"async\" width=\"150\" height=\"150\" src=\"https:\/\/www.legistdf.gob.ar\/wp-content\/uploads\/2019\/11\/IMG_1047-150x150.jpg\" class=\"attachment-thumbnail size-thumbnail\" alt=\"\" srcset=\"https:\/\/www.legistdf.gob.ar\/wp-content\/uploads\/2019\/11\/IMG_1047-150x150.jpg 150w, https:\/\/www.legistdf.gob.ar\/wp-content\/uploads\/2019\/11\/IMG_1047-64x64.jpg 64w\" sizes=\"(max-width: 150px) 100vw, 150px\" data-attachment-id=\"16976\" data-permalink=\"https:\/\/www.legistdf.gob.ar\/index.php\/2019\/11\/22\/educacion-alumnos-provinciales-conocen-el-funcionamiento-de-la-camara-legislativa\/img_1047-2\/\" data-orig-file=\"https:\/\/www.legistdf.gob.ar\/wp-content\/uploads\/2019\/11\/IMG_1047.jpg\" data-orig-size=\"1000,667\" data-comments-opened=\"0\" data-image-meta=\"{&quot;aperture&quot;:&quot;5.6&quot;,&quot;credit&quot;:&quot;&quot;,&quot;camera&quot;:&quot;Canon EOS 6D&quot;,&quot;caption&quot;:&quot;&quot;,&quot;created_timestamp&quot;:&quot;1574399347&quot;,&quot;copyright&quot;:&quot;&quot;,&quot;focal_length&quot;:&quot;24&quot;,&quot;iso&quot;:&quot;200&quot;,&quot;shutter_speed&quot;:&quot;0.0125&quot;,&quot;title&quot;:&quot;&quot;,&quot;orientation&quot;:&quot;0&quot;}\" data-image-title=\"IMG_1047\" data-image-description=\"\" data-image-caption=\"\" data-medium-file=\"https:\/\/www.legistdf.gob.ar\/wp-content\/uploads\/2019\/11\/IMG_1047-300x200.jpg\" data-large-file=\"https:\/\/www.legistdf.gob.ar\/wp-content\/uploads\/2019\/11\/IMG_1047.jpg\" \/><\/a>\n\t\t\t<\/dt><\/dl><dl class='gallery-item'>\n\t\t\t<dt class='gallery-icon landscape'>\n\t\t\t\t<a href='https:\/\/www.legistdf.gob.ar\/index.php\/2019\/11\/22\/educacion-alumnos-provinciales-conocen-el-funcionamiento-de-la-camara-legislativa\/img_1042-2\/'><img loading=\"lazy\" decoding=\"async\" width=\"150\" height=\"150\" src=\"https:\/\/www.legistdf.gob.ar\/wp-content\/uploads\/2019\/11\/IMG_1042-150x150.jpg\" class=\"attachment-thumbnail size-thumbnail\" alt=\"\" srcset=\"https:\/\/www.legistdf.gob.ar\/wp-content\/uploads\/2019\/11\/IMG_1042-150x150.jpg 150w, https:\/\/www.legistdf.gob.ar\/wp-content\/uploads\/2019\/11\/IMG_1042-64x64.jpg 64w\" sizes=\"(max-width: 150px) 100vw, 150px\" data-attachment-id=\"16977\" data-permalink=\"https:\/\/www.legistdf.gob.ar\/index.php\/2019\/11\/22\/educacion-alumnos-provinciales-conocen-el-funcionamiento-de-la-camara-legislativa\/img_1042-2\/\" data-orig-file=\"https:\/\/www.legistdf.gob.ar\/wp-content\/uploads\/2019\/11\/IMG_1042.jpg\" data-orig-size=\"1000,667\" data-comments-opened=\"0\" data-image-meta=\"{&quot;aperture&quot;:&quot;10&quot;,&quot;credit&quot;:&quot;&quot;,&quot;camera&quot;:&quot;Canon EOS 6D&quot;,&quot;caption&quot;:&quot;&quot;,&quot;created_timestamp&quot;:&quot;1574399247&quot;,&quot;copyright&quot;:&quot;&quot;,&quot;focal_length&quot;:&quot;70&quot;,&quot;iso&quot;:&quot;125&quot;,&quot;shutter_speed&quot;:&quot;0.0125&quot;,&quot;title&quot;:&quot;&quot;,&quot;orientation&quot;:&quot;0&quot;}\" data-image-title=\"IMG_1042\" data-image-description=\"\" data-image-caption=\"\" data-medium-file=\"https:\/\/www.legistdf.gob.ar\/wp-content\/uploads\/2019\/11\/IMG_1042-300x200.jpg\" data-large-file=\"https:\/\/www.legistdf.gob.ar\/wp-content\/uploads\/2019\/11\/IMG_1042.jpg\" \/><\/a>\n\t\t\t<\/dt><\/dl><dl class='gallery-item'>\n\t\t\t<dt class='gallery-icon landscape'>\n\t\t\t\t<a href='https:\/\/www.legistdf.gob.ar\/index.php\/2019\/11\/22\/educacion-alumnos-provinciales-conocen-el-funcionamiento-de-la-camara-legislativa\/img_1030\/'><img loading=\"lazy\" decoding=\"async\" width=\"150\" height=\"150\" src=\"https:\/\/www.legistdf.gob.ar\/wp-content\/uploads\/2019\/11\/IMG_1030-150x150.jpg\" class=\"attachment-thumbnail size-thumbnail\" alt=\"\" srcset=\"https:\/\/www.legistdf.gob.ar\/wp-content\/uploads\/2019\/11\/IMG_1030-150x150.jpg 150w, https:\/\/www.legistdf.gob.ar\/wp-content\/uploads\/2019\/11\/IMG_1030-64x64.jpg 64w\" sizes=\"(max-width: 150px) 100vw, 150px\" data-attachment-id=\"16979\" data-permalink=\"https:\/\/www.legistdf.gob.ar\/index.php\/2019\/11\/22\/educacion-alumnos-provinciales-conocen-el-funcionamiento-de-la-camara-legislativa\/img_1030\/\" data-orig-file=\"https:\/\/www.legistdf.gob.ar\/wp-content\/uploads\/2019\/11\/IMG_1030.jpg\" data-orig-size=\"1000,667\" data-comments-opened=\"0\" data-image-meta=\"{&quot;aperture&quot;:&quot;10&quot;,&quot;credit&quot;:&quot;&quot;,&quot;camera&quot;:&quot;Canon EOS 6D&quot;,&quot;caption&quot;:&quot;&quot;,&quot;created_timestamp&quot;:&quot;1574399200&quot;,&quot;copyright&quot;:&quot;&quot;,&quot;focal_length&quot;:&quot;70&quot;,&quot;iso&quot;:&quot;125&quot;,&quot;shutter_speed&quot;:&quot;0.0125&quot;,&quot;title&quot;:&quot;&quot;,&quot;orientation&quot;:&quot;0&quot;}\" data-image-title=\"IMG_1030\" data-image-description=\"\" data-image-caption=\"\" data-medium-file=\"https:\/\/www.legistdf.gob.ar\/wp-content\/uploads\/2019\/11\/IMG_1030-300x200.jpg\" data-large-file=\"https:\/\/www.legistdf.gob.ar\/wp-content\/uploads\/2019\/11\/IMG_1030.jpg\" \/><\/a>\n\t\t\t<\/dt><\/dl><br style=\"clear: both\" \/><dl class='gallery-item'>\n\t\t\t<dt class='gallery-icon landscape'>\n\t\t\t\t<a href='https:\/\/www.legistdf.gob.ar\/index.php\/2019\/11\/22\/educacion-alumnos-provinciales-conocen-el-funcionamiento-de-la-camara-legislativa\/img_1028-2\/'><img loading=\"lazy\" decoding=\"async\" width=\"150\" height=\"150\" src=\"https:\/\/www.legistdf.gob.ar\/wp-content\/uploads\/2019\/11\/IMG_1028-150x150.jpg\" class=\"attachment-thumbnail size-thumbnail\" alt=\"\" srcset=\"https:\/\/www.legistdf.gob.ar\/wp-content\/uploads\/2019\/11\/IMG_1028-150x150.jpg 150w, https:\/\/www.legistdf.gob.ar\/wp-content\/uploads\/2019\/11\/IMG_1028-64x64.jpg 64w\" sizes=\"(max-width: 150px) 100vw, 150px\" data-attachment-id=\"16980\" data-permalink=\"https:\/\/www.legistdf.gob.ar\/index.php\/2019\/11\/22\/educacion-alumnos-provinciales-conocen-el-funcionamiento-de-la-camara-legislativa\/img_1028-2\/\" data-orig-file=\"https:\/\/www.legistdf.gob.ar\/wp-content\/uploads\/2019\/11\/IMG_1028.jpg\" data-orig-size=\"1000,667\" data-comments-opened=\"0\" data-image-meta=\"{&quot;aperture&quot;:&quot;10&quot;,&quot;credit&quot;:&quot;&quot;,&quot;camera&quot;:&quot;Canon EOS 6D&quot;,&quot;caption&quot;:&quot;&quot;,&quot;created_timestamp&quot;:&quot;1574399176&quot;,&quot;copyright&quot;:&quot;&quot;,&quot;focal_length&quot;:&quot;70&quot;,&quot;iso&quot;:&quot;125&quot;,&quot;shutter_speed&quot;:&quot;0.0125&quot;,&quot;title&quot;:&quot;&quot;,&quot;orientation&quot;:&quot;0&quot;}\" data-image-title=\"IMG_1028\" data-image-description=\"\" data-image-caption=\"\" data-medium-file=\"https:\/\/www.legistdf.gob.ar\/wp-content\/uploads\/2019\/11\/IMG_1028-300x200.jpg\" data-large-file=\"https:\/\/www.legistdf.gob.ar\/wp-content\/uploads\/2019\/11\/IMG_1028.jpg\" \/><\/a>\n\t\t\t<\/dt><\/dl>\n\t\t\t<br style='clear: both' \/>\n\t\t<\/div>\n\n","protected":false},"excerpt":{"rendered":"<p>Ushuaia, jueves 21 de noviembre de 2019.- C\u00e9sar Talavera, c\u00f3nsul General Adscrito del Consulado General del Per\u00fa en Buenos Aires se entrevist\u00f3, en sede de Presidencia de Legislatura, con las legisladoras Liliana Mart\u00ednez Allende, Angelina Carrasco y el legislador Ricardo Romano. Durante el encuentro, ahondaron en aspectos sobre la relaci\u00f3n de ambos pa\u00edses y de [&hellip;]<\/p>\n","protected":false},"author":352,"featured_media":16989,"comment_status":"closed","ping_status":"open","sticky":false,"template":"","format":"standard","meta":{"jetpack_post_was_ever_published":false,"_jetpack_newsletter_access":"","_jetpack_dont_email_post_to_subs":false,"_jetpack_newsletter_tier_id":0,"footnotes":"","jetpack_publicize_message":"PER\u00da: C\u00f3nsul General celebr\u00f3 la historia com\u00fan con Argentina #LegisTDF #TierradelFuego #Ushuaia #Peru","jetpack_publicize_feature_enabled":true,"jetpack_social_post_already_shared":true,"jetpack_social_options":{"image_generator_settings":{"template":"highway","enabled":false}}},"categories":[1],"tags":[124,155,971,134,145,79,87],"jetpack_publicize_connections":[],"jetpack_sharing_enabled":true,"jetpack_featured_media_url":"https:\/\/www.legistdf.gob.ar\/wp-content\/uploads\/2019\/11\/IMG_1005.jpg","jetpack-related-posts":[],"_links":{"self":[{"href":"https:\/\/www.legistdf.gob.ar\/index.php\/wp-json\/wp\/v2\/posts\/16984"}],"collection":[{"href":"https:\/\/www.legistdf.gob.ar\/index.php\/wp-json\/wp\/v2\/posts"}],"about":[{"href":"https:\/\/www.legistdf.gob.ar\/index.php\/wp-json\/wp\/v2\/types\/post"}],"author":[{"embeddable":true,"href":"https:\/\/www.legistdf.gob.ar\/index.php\/wp-json\/wp\/v2\/users\/352"}],"replies":[{"embeddable":true,"href":"https:\/\/www.legistdf.gob.ar\/index.php\/wp-json\/wp\/v2\/comments?post=16984"}],"version-history":[{"count":0,"href":"https:\/\/www.legistdf.gob.ar\/index.php\/wp-json\/wp\/v2\/posts\/16984\/revisions"}],"wp:featuredmedia":[{"embeddable":true,"href":"https:\/\/www.legistdf.gob.ar\/index.php\/wp-json\/wp\/v2\/media\/16989"}],"wp:attachment":[{"href":"https:\/\/www.legistdf.gob.ar\/index.php\/wp-json\/wp\/v2\/media?parent=16984"}],"wp:term":[{"taxonomy":"category","embeddable":true,"href":"https:\/\/www.legistdf.gob.ar\/index.php\/wp-json\/wp\/v2\/categories?post=16984"},{"taxonomy":"post_tag","embeddable":true,"href":"https:\/\/www.legistdf.gob.ar\/index.php\/wp-json\/wp\/v2\/tags?post=16984"}],"curies":[{"name":"wp","href":"https:\/\/api.w.org\/{rel}","templated":true}]}}