{"id":17010,"date":"2019-11-21T13:31:22","date_gmt":"2019-11-21T16:31:22","guid":{"rendered":"http:\/\/www.legistdf.gob.ar\/?p=16952"},"modified":"2019-11-21T13:31:22","modified_gmt":"2019-11-21T16:31:22","slug":"medios-la-ultima-sesion-especial-se-encuentra-disponible-en-las-redes-sociales-de-prensa-legislativa","status":"publish","type":"post","link":"https:\/\/www.legistdf.gob.ar\/index.php\/2019\/11\/21\/medios-la-ultima-sesion-especial-se-encuentra-disponible-en-las-redes-sociales-de-prensa-legislativa\/","title":{"rendered":"MEDIOS: La \u00faltima Sesi\u00f3n Especial se encuentra disponible en las redes sociales de Prensa Legislativa"},"content":{"rendered":"<p><strong><img loading=\"lazy\" decoding=\"async\" data-attachment-id=\"15842\" data-permalink=\"https:\/\/www.legistdf.gob.ar\/index.php\/2019\/08\/29\/sesion-fotos-3-parte\/img_0281-3\/\" data-orig-file=\"https:\/\/www.legistdf.gob.ar\/wp-content\/uploads\/2019\/08\/IMG_0281.jpg\" data-orig-size=\"1000,667\" data-comments-opened=\"0\" data-image-meta=\"{&quot;aperture&quot;:&quot;2.8&quot;,&quot;credit&quot;:&quot;&quot;,&quot;camera&quot;:&quot;Canon EOS 6D&quot;,&quot;caption&quot;:&quot;&quot;,&quot;created_timestamp&quot;:&quot;1567057831&quot;,&quot;copyright&quot;:&quot;&quot;,&quot;focal_length&quot;:&quot;24&quot;,&quot;iso&quot;:&quot;400&quot;,&quot;shutter_speed&quot;:&quot;0.00625&quot;,&quot;title&quot;:&quot;&quot;,&quot;orientation&quot;:&quot;1&quot;}\" data-image-title=\"IMG_0281\" data-image-description=\"\" data-image-caption=\"\" data-medium-file=\"https:\/\/www.legistdf.gob.ar\/wp-content\/uploads\/2019\/08\/IMG_0281-300x200.jpg\" data-large-file=\"https:\/\/www.legistdf.gob.ar\/wp-content\/uploads\/2019\/08\/IMG_0281.jpg\" class=\"wp-image-15842 size-medium alignleft\" src=\"http:\/\/www.legistdf.gob.ar\/wp-content\/uploads\/2019\/08\/IMG_0281-300x200.jpg\" alt=\"\" width=\"300\" height=\"200\" srcset=\"https:\/\/www.legistdf.gob.ar\/wp-content\/uploads\/2019\/08\/IMG_0281-300x200.jpg 300w, https:\/\/www.legistdf.gob.ar\/wp-content\/uploads\/2019\/08\/IMG_0281-768x512.jpg 768w, https:\/\/www.legistdf.gob.ar\/wp-content\/uploads\/2019\/08\/IMG_0281-160x107.jpg 160w, https:\/\/www.legistdf.gob.ar\/wp-content\/uploads\/2019\/08\/IMG_0281.jpg 1000w\" sizes=\"(max-width: 300px) 100vw, 300px\" \/>Ushuaia, jueves 21 de noviembre de 2019.- Desde la Direcci\u00f3n de Prensa y Difusi\u00f3n Institucional del Poder Legislativo provincial, informamos que, a trav\u00e9s de nuestras redes sociales, se encuentra disponible la \u00faltima Sesi\u00f3n Especial del Parlamento en formato audiovisual (<a href=\"https:\/\/youtu.be\/hPkT3firog0\">https:\/\/youtu.be\/hPkT3firog0<\/a> &#8211; <\/strong><strong><a href=\"http:\/\/www.legistdf.gob.ar\/index.php\/2019\/08\/28\/sesiones\/\">http:\/\/www.legistdf.gob.ar\/index.php\/2019\/08\/28\/sesiones\/<\/a><\/strong><strong>). La publicaci\u00f3n de la misma se da en el marco del art\u00edculo 11 de la Ley provincial N\u00ba 653 de Derecho a la informaci\u00f3n. <\/strong><\/p>\n<p><strong>\u00a0<\/strong><\/p>\n<p>Adem\u00e1s, desde la Direcci\u00f3n LU 87 Canal 11 de Ushuaia, se informa que el pr\u00f3ximo s\u00e1bado 23 a partir de las 15, ser\u00e1 transmitido por ese medio.<\/p>\n<p>&nbsp;<\/p>\n<p style=\"text-align: right\"><em>Fotograf\u00eda de archivo<\/em><\/p>\n<p>&nbsp;<\/p>\n\n\t\t<style type=\"text\/css\">\n\t\t\t#gallery-1 {\n\t\t\t\tmargin: auto;\n\t\t\t}\n\t\t\t#gallery-1 .gallery-item {\n\t\t\t\tfloat: left;\n\t\t\t\tmargin-top: 10px;\n\t\t\t\ttext-align: center;\n\t\t\t\twidth: 100%;\n\t\t\t}\n\t\t\t#gallery-1 img {\n\t\t\t\tborder: 2px solid #cfcfcf;\n\t\t\t}\n\t\t\t#gallery-1 .gallery-caption {\n\t\t\t\tmargin-left: 0;\n\t\t\t}\n\t\t\t\/* see gallery_shortcode() in wp-includes\/media.php *\/\n\t\t<\/style>\n\t\t<div data-carousel-extra='{\"blog_id\":1,\"permalink\":\"https:\\\/\\\/www.legistdf.gob.ar\\\/index.php\\\/2019\\\/11\\\/21\\\/medios-la-ultima-sesion-especial-se-encuentra-disponible-en-las-redes-sociales-de-prensa-legislativa\\\/\"}' id='gallery-1' class='gallery galleryid-17010 gallery-columns-1 gallery-size-thumbnail'><dl class='gallery-item'>\n\t\t\t<dt class='gallery-icon landscape'>\n\t\t\t\t<a href='https:\/\/www.legistdf.gob.ar\/index.php\/2019\/08\/29\/sesion-fotos-3-parte\/img_0281-3\/'><img loading=\"lazy\" decoding=\"async\" width=\"150\" height=\"150\" src=\"https:\/\/www.legistdf.gob.ar\/wp-content\/uploads\/2019\/08\/IMG_0281-150x150.jpg\" class=\"attachment-thumbnail size-thumbnail\" alt=\"\" srcset=\"https:\/\/www.legistdf.gob.ar\/wp-content\/uploads\/2019\/08\/IMG_0281-150x150.jpg 150w, https:\/\/www.legistdf.gob.ar\/wp-content\/uploads\/2019\/08\/IMG_0281-64x64.jpg 64w\" sizes=\"(max-width: 150px) 100vw, 150px\" data-attachment-id=\"15842\" data-permalink=\"https:\/\/www.legistdf.gob.ar\/index.php\/2019\/08\/29\/sesion-fotos-3-parte\/img_0281-3\/\" data-orig-file=\"https:\/\/www.legistdf.gob.ar\/wp-content\/uploads\/2019\/08\/IMG_0281.jpg\" data-orig-size=\"1000,667\" data-comments-opened=\"0\" data-image-meta=\"{&quot;aperture&quot;:&quot;2.8&quot;,&quot;credit&quot;:&quot;&quot;,&quot;camera&quot;:&quot;Canon EOS 6D&quot;,&quot;caption&quot;:&quot;&quot;,&quot;created_timestamp&quot;:&quot;1567057831&quot;,&quot;copyright&quot;:&quot;&quot;,&quot;focal_length&quot;:&quot;24&quot;,&quot;iso&quot;:&quot;400&quot;,&quot;shutter_speed&quot;:&quot;0.00625&quot;,&quot;title&quot;:&quot;&quot;,&quot;orientation&quot;:&quot;1&quot;}\" data-image-title=\"IMG_0281\" data-image-description=\"\" data-image-caption=\"\" data-medium-file=\"https:\/\/www.legistdf.gob.ar\/wp-content\/uploads\/2019\/08\/IMG_0281-300x200.jpg\" data-large-file=\"https:\/\/www.legistdf.gob.ar\/wp-content\/uploads\/2019\/08\/IMG_0281.jpg\" \/><\/a>\n\t\t\t<\/dt><\/dl><br style=\"clear: both\" \/>\n\t\t<\/div>\n\n","protected":false},"excerpt":{"rendered":"<p>Ushuaia, jueves 21 de noviembre de 2019.- Desde la Direcci\u00f3n de Prensa y Difusi\u00f3n Institucional del Poder Legislativo provincial, informamos que, a trav\u00e9s de nuestras redes sociales, se encuentra disponible la \u00faltima Sesi\u00f3n Especial del Parlamento en formato audiovisual (https:\/\/youtu.be\/hPkT3firog0 &#8211; http:\/\/www.legistdf.gob.ar\/index.php\/2019\/08\/28\/sesiones\/). La publicaci\u00f3n de la misma se da en el marco del art\u00edculo 11 [&hellip;]<\/p>\n","protected":false},"author":352,"featured_media":15842,"comment_status":"closed","ping_status":"open","sticky":false,"template":"","format":"standard","meta":{"jetpack_post_was_ever_published":false,"_jetpack_newsletter_access":"","_jetpack_dont_email_post_to_subs":false,"_jetpack_newsletter_tier_id":0,"footnotes":"","jetpack_publicize_message":"MEDIOS: La \u00faltima Sesi\u00f3n Especial se encuentra disponible en las redes sociales de Prensa Legislativa\r\n#TierraDelFuego #Ushuaia #LegisTDF","jetpack_publicize_feature_enabled":true,"jetpack_social_post_already_shared":true,"jetpack_social_options":{"image_generator_settings":{"template":"highway","enabled":false}}},"categories":[1],"tags":[],"jetpack_publicize_connections":[],"jetpack_sharing_enabled":true,"jetpack_featured_media_url":"https:\/\/www.legistdf.gob.ar\/wp-content\/uploads\/2019\/08\/IMG_0281.jpg","jetpack-related-posts":[],"_links":{"self":[{"href":"https:\/\/www.legistdf.gob.ar\/index.php\/wp-json\/wp\/v2\/posts\/17010"}],"collection":[{"href":"https:\/\/www.legistdf.gob.ar\/index.php\/wp-json\/wp\/v2\/posts"}],"about":[{"href":"https:\/\/www.legistdf.gob.ar\/index.php\/wp-json\/wp\/v2\/types\/post"}],"author":[{"embeddable":true,"href":"https:\/\/www.legistdf.gob.ar\/index.php\/wp-json\/wp\/v2\/users\/352"}],"replies":[{"embeddable":true,"href":"https:\/\/www.legistdf.gob.ar\/index.php\/wp-json\/wp\/v2\/comments?post=17010"}],"version-history":[{"count":0,"href":"https:\/\/www.legistdf.gob.ar\/index.php\/wp-json\/wp\/v2\/posts\/17010\/revisions"}],"wp:featuredmedia":[{"embeddable":true,"href":"https:\/\/www.legistdf.gob.ar\/index.php\/wp-json\/wp\/v2\/media\/15842"}],"wp:attachment":[{"href":"https:\/\/www.legistdf.gob.ar\/index.php\/wp-json\/wp\/v2\/media?parent=17010"}],"wp:term":[{"taxonomy":"category","embeddable":true,"href":"https:\/\/www.legistdf.gob.ar\/index.php\/wp-json\/wp\/v2\/categories?post=17010"},{"taxonomy":"post_tag","embeddable":true,"href":"https:\/\/www.legistdf.gob.ar\/index.php\/wp-json\/wp\/v2\/tags?post=17010"}],"curies":[{"name":"wp","href":"https:\/\/api.w.org\/{rel}","templated":true}]}}