{"id":17052,"date":"2019-11-26T16:20:28","date_gmt":"2019-11-26T19:20:28","guid":{"rendered":"http:\/\/www.legistdf.gob.ar\/?p=17052"},"modified":"2019-11-26T16:20:28","modified_gmt":"2019-11-26T19:20:28","slug":"legislatura-myriam-martinez-llama-a-sesion-ordinaria-el-viernes-29","status":"publish","type":"post","link":"https:\/\/www.legistdf.gob.ar\/index.php\/2019\/11\/26\/legislatura-myriam-martinez-llama-a-sesion-ordinaria-el-viernes-29\/","title":{"rendered":"LEGISLATURA: Myriam Mart\u00ednez llama a sesi\u00f3n ordinaria el viernes 29"},"content":{"rendered":"<p><strong>Ushuaia, martes 26 de noviembre de 2019.- Desde las 11 de la ma\u00f1ana del viernes 29 de noviembre, los Legisladores se reunir\u00e1n para sesionar, de acuerdo a la Resoluci\u00f3n de Presidencia N\u00ba 1922\/19 suscripta por la vicepresidente 1\u00aa a cargo de la Presidencia del Poder Legislativo, legisladora Myriam Mart\u00ednez. Como es habitual, la sesi\u00f3n se desarrollar\u00e1 en el edificio del Recinto, de Yaganes y H\u00e9roes de Malvinas en la capital fueguina.<\/strong><\/p>\n<p><strong>\u00a0<\/strong><\/p>\n<p><strong>\u00a0<\/strong><\/p>\n<p>De acuerdo al documento, tambi\u00e9n fijo fecha para el cierre de asuntos el mi\u00e9rcoles 27 a las 12 y la reuni\u00f3n de la Comisi\u00f3n de Labor Parlamentaria se encontrar\u00e1 el jueves 28 desde las 15 en el sal\u00f3n de reuniones del edificio en Maip\u00fa y Onas.<\/p>\n<p>&nbsp;<\/p>\n<p style=\"text-align: right\"><em>AT<\/em><\/p>\n<p><strong>\u00a0<\/strong><\/p>\n","protected":false},"excerpt":{"rendered":"<p>Ushuaia, martes 26 de noviembre de 2019.- Desde las 11 de la ma\u00f1ana del viernes 29 de noviembre, los Legisladores se reunir\u00e1n para sesionar, de acuerdo a la Resoluci\u00f3n de Presidencia N\u00ba 1922\/19 suscripta por la vicepresidente 1\u00aa a cargo de la Presidencia del Poder Legislativo, legisladora Myriam Mart\u00ednez. Como es habitual, la sesi\u00f3n se [&hellip;]<\/p>\n","protected":false},"author":352,"featured_media":16848,"comment_status":"closed","ping_status":"open","sticky":false,"template":"","format":"standard","meta":{"jetpack_post_was_ever_published":false,"_jetpack_newsletter_access":"","_jetpack_dont_email_post_to_subs":false,"_jetpack_newsletter_tier_id":0,"footnotes":"","jetpack_publicize_message":"LEGISLATURA: Myriam Mart\u00ednez llama a sesi\u00f3n ordinaria el viernes 29 #LegisTDF #Ushuaia #TierradelFuego","jetpack_publicize_feature_enabled":true,"jetpack_social_post_already_shared":true,"jetpack_social_options":{"image_generator_settings":{"template":"highway","enabled":false}}},"categories":[1],"tags":[78,82,117,79,87],"jetpack_publicize_connections":[],"jetpack_sharing_enabled":true,"jetpack_featured_media_url":"https:\/\/www.legistdf.gob.ar\/wp-content\/uploads\/2019\/11\/IMG_0449-1.jpg","jetpack-related-posts":[],"_links":{"self":[{"href":"https:\/\/www.legistdf.gob.ar\/index.php\/wp-json\/wp\/v2\/posts\/17052"}],"collection":[{"href":"https:\/\/www.legistdf.gob.ar\/index.php\/wp-json\/wp\/v2\/posts"}],"about":[{"href":"https:\/\/www.legistdf.gob.ar\/index.php\/wp-json\/wp\/v2\/types\/post"}],"author":[{"embeddable":true,"href":"https:\/\/www.legistdf.gob.ar\/index.php\/wp-json\/wp\/v2\/users\/352"}],"replies":[{"embeddable":true,"href":"https:\/\/www.legistdf.gob.ar\/index.php\/wp-json\/wp\/v2\/comments?post=17052"}],"version-history":[{"count":1,"href":"https:\/\/www.legistdf.gob.ar\/index.php\/wp-json\/wp\/v2\/posts\/17052\/revisions"}],"predecessor-version":[{"id":17053,"href":"https:\/\/www.legistdf.gob.ar\/index.php\/wp-json\/wp\/v2\/posts\/17052\/revisions\/17053"}],"wp:featuredmedia":[{"embeddable":true,"href":"https:\/\/www.legistdf.gob.ar\/index.php\/wp-json\/wp\/v2\/media\/16848"}],"wp:attachment":[{"href":"https:\/\/www.legistdf.gob.ar\/index.php\/wp-json\/wp\/v2\/media?parent=17052"}],"wp:term":[{"taxonomy":"category","embeddable":true,"href":"https:\/\/www.legistdf.gob.ar\/index.php\/wp-json\/wp\/v2\/categories?post=17052"},{"taxonomy":"post_tag","embeddable":true,"href":"https:\/\/www.legistdf.gob.ar\/index.php\/wp-json\/wp\/v2\/tags?post=17052"}],"curies":[{"name":"wp","href":"https:\/\/api.w.org\/{rel}","templated":true}]}}