{"id":17105,"date":"2019-11-29T15:11:25","date_gmt":"2019-11-29T18:11:25","guid":{"rendered":"http:\/\/www.legistdf.gob.ar\/?p=17105"},"modified":"2019-12-05T10:37:42","modified_gmt":"2019-12-05T13:37:42","slug":"educacion-alumnos-del-emei-compartieron-la-experiencia-del-trabajo-legislativo","status":"publish","type":"post","link":"https:\/\/www.legistdf.gob.ar\/index.php\/2019\/11\/29\/educacion-alumnos-del-emei-compartieron-la-experiencia-del-trabajo-legislativo\/","title":{"rendered":"EDUCACI\u00d3N: Alumnos del EMEI compartieron la experiencia del trabajo legislativo"},"content":{"rendered":"<p><strong>Ushuaia, viernes 29 de noviembre de 2019.- Alumnos que finalizan sus estudios secundarios este a\u00f1o, participaron de pasant\u00edas en el bloque del Movimiento Popular Fueguino (MPF). Tres j\u00f3venes trabajaron en proyectos de declaraci\u00f3n de inter\u00e9s provincial, junto a los Legisladores, tambi\u00e9n tuvieron oportunidad de conocer la labor legislativa.<\/strong><\/p>\n<p>&nbsp;<\/p>\n<p>El MPF, desde el inicio de la gesti\u00f3n legislativa, recibi\u00f3 a alumnos de los colegios secundarios que cursen el \u00faltimo a\u00f1o para que participen de pasant\u00edas de 3 meses, para conocer el trabajo legislativo en la gesti\u00f3n de proyectos de Ley, debate y sanci\u00f3n. De la invitaci\u00f3n, se hicieron parte este a\u00f1o, tres alumnos de la Escuela Modelo de Educaci\u00f3n Integral (EMEI).<\/p>\n<p>&nbsp;<\/p>\n<p>Se trata de Aixa Bernat Buezas, Patricio Cartas y Mat\u00edas Valentino Echeverr\u00eda quienes trabajaron en la elaboraci\u00f3n de dos proyectos que luego fueron declarados de inter\u00e9s provincial, \u201cArrancamos a mediados de a\u00f1o con los legisladores M\u00f3nica (Urquiza) y Pablo (Villegas), por medio de una propuesta del Colegio\u201d, contaron los j\u00f3venes que cursan el Espacio de Definici\u00f3n Institucional (EDI).<\/p>\n<p>&nbsp;<\/p>\n<p>Al comenzar la pasant\u00eda, meses atr\u00e1s, \u201cnos dieron una introducci\u00f3n de c\u00f3mo trabajan, c\u00f3mo se mueven entre ellos y las ocupaciones. Despu\u00e9s nos brindaron informaci\u00f3n para redactar un proyecto de declaraci\u00f3n de inter\u00e9s, sobre \u00a0actividades que se realizaron en Ushuaia\u201d, cont\u00f3 Aixa.<\/p>\n<p>&nbsp;<\/p>\n<p>Los alumnos recorrieron las distintas \u00e1reas de la Legislatura y se interiorizaron de las tareas y funciones que se desarrollan en cada una de ellas, luego se ocuparon del trabajo de elaboraci\u00f3n de proyectos donde propusieron dos temas. Uno de ellos, sobre estudiantes fueguinos que viajaron a la NASA, a trav\u00e9s de una beca, y otro sobre una revista de historia y geograf\u00eda fueguina, elaborada por los alumnos de la EMEI. Ambos fueron declarados de inter\u00e9s provincial por la C\u00e1mara.<\/p>\n<p>&nbsp;<\/p>\n<p>\u201cEs algo nuevo\u201d dijo Aixa sobre la experiencia vivida junto a los Legisladores y sus equipos de trabajo. \u201cSi bien tengo una base, es interesante conocer el trabajo que hacen para la sanci\u00f3n de las Leyes\u201d, dijo Aixa<\/p>\n<p>&nbsp;<\/p>\n<p>Patricio, cont\u00f3 a Prensa Legislativa que lo adquirido como experiencia, el trabajo en comisiones, c\u00f3mo se aborda una Ley, le servir\u00e1 a futuro ya que comenzar\u00e1 sus estudios de abogac\u00eda y este trabajo lo acerc\u00f3 al conocimiento de una parte fundamental, la elaboraci\u00f3n de las Leyes.<\/p>\n<p>&nbsp;<\/p>\n<p><iframe loading=\"lazy\" title=\"EDUCACI\u00d3N: Alumnos del EMEI compartieron la experiencia del trabajo legislativo\" width=\"844\" height=\"475\" src=\"https:\/\/www.youtube.com\/embed\/4eVUINZ7d4E?feature=oembed\" frameborder=\"0\" allow=\"accelerometer; autoplay; clipboard-write; encrypted-media; gyroscope; picture-in-picture; web-share\" allowfullscreen><\/iframe><\/p>\n\n\t\t<style type=\"text\/css\">\n\t\t\t#gallery-1 {\n\t\t\t\tmargin: auto;\n\t\t\t}\n\t\t\t#gallery-1 .gallery-item {\n\t\t\t\tfloat: left;\n\t\t\t\tmargin-top: 10px;\n\t\t\t\ttext-align: center;\n\t\t\t\twidth: 100%;\n\t\t\t}\n\t\t\t#gallery-1 img {\n\t\t\t\tborder: 2px solid #cfcfcf;\n\t\t\t}\n\t\t\t#gallery-1 .gallery-caption {\n\t\t\t\tmargin-left: 0;\n\t\t\t}\n\t\t\t\/* see gallery_shortcode() in wp-includes\/media.php *\/\n\t\t<\/style>\n\t\t<div data-carousel-extra='{\"blog_id\":1,\"permalink\":\"https:\\\/\\\/www.legistdf.gob.ar\\\/index.php\\\/2019\\\/11\\\/29\\\/educacion-alumnos-del-emei-compartieron-la-experiencia-del-trabajo-legislativo\\\/\"}' id='gallery-1' class='gallery galleryid-17105 gallery-columns-1 gallery-size-thumbnail'><dl class='gallery-item'>\n\t\t\t<dt class='gallery-icon landscape'>\n\t\t\t\t<a href='https:\/\/www.legistdf.gob.ar\/index.php\/2019\/11\/14\/legislatura-renunciaron-a-sus-bancas-blanco-y-harrington\/img_0504-3\/'><img loading=\"lazy\" decoding=\"async\" width=\"150\" height=\"150\" src=\"https:\/\/www.legistdf.gob.ar\/wp-content\/uploads\/2019\/11\/IMG_0504-1-150x150.jpg\" class=\"attachment-thumbnail size-thumbnail\" alt=\"\" srcset=\"https:\/\/www.legistdf.gob.ar\/wp-content\/uploads\/2019\/11\/IMG_0504-1-150x150.jpg 150w, https:\/\/www.legistdf.gob.ar\/wp-content\/uploads\/2019\/11\/IMG_0504-1-64x64.jpg 64w\" sizes=\"(max-width: 150px) 100vw, 150px\" data-attachment-id=\"16870\" data-permalink=\"https:\/\/www.legistdf.gob.ar\/index.php\/2019\/11\/14\/legislatura-renunciaron-a-sus-bancas-blanco-y-harrington\/img_0504-3\/\" data-orig-file=\"https:\/\/www.legistdf.gob.ar\/wp-content\/uploads\/2019\/11\/IMG_0504-1.jpg\" data-orig-size=\"1000,667\" data-comments-opened=\"0\" data-image-meta=\"{&quot;aperture&quot;:&quot;2.8&quot;,&quot;credit&quot;:&quot;&quot;,&quot;camera&quot;:&quot;Canon EOS 6D&quot;,&quot;caption&quot;:&quot;&quot;,&quot;created_timestamp&quot;:&quot;1573712656&quot;,&quot;copyright&quot;:&quot;&quot;,&quot;focal_length&quot;:&quot;27&quot;,&quot;iso&quot;:&quot;640&quot;,&quot;shutter_speed&quot;:&quot;0.00625&quot;,&quot;title&quot;:&quot;&quot;,&quot;orientation&quot;:&quot;1&quot;}\" data-image-title=\"IMG_0504\" data-image-description=\"\" data-image-caption=\"\" data-medium-file=\"https:\/\/www.legistdf.gob.ar\/wp-content\/uploads\/2019\/11\/IMG_0504-1-300x200.jpg\" data-large-file=\"https:\/\/www.legistdf.gob.ar\/wp-content\/uploads\/2019\/11\/IMG_0504-1.jpg\" \/><\/a>\n\t\t\t<\/dt><\/dl><br style=\"clear: both\" \/>\n\t\t<\/div>\n\n","protected":false},"excerpt":{"rendered":"<p>Ushuaia, viernes 29 de noviembre de 2019.- Alumnos que finalizan sus estudios secundarios este a\u00f1o, participaron de pasant\u00edas en el bloque del Movimiento Popular Fueguino (MPF). Tres j\u00f3venes trabajaron en proyectos de declaraci\u00f3n de inter\u00e9s provincial, junto a los Legisladores, tambi\u00e9n tuvieron oportunidad de conocer la labor legislativa. &nbsp; El MPF, desde el inicio de [&hellip;]<\/p>\n","protected":false},"author":352,"featured_media":16870,"comment_status":"closed","ping_status":"open","sticky":false,"template":"","format":"standard","meta":{"jetpack_post_was_ever_published":false,"_jetpack_newsletter_access":"","_jetpack_dont_email_post_to_subs":false,"_jetpack_newsletter_tier_id":0,"footnotes":"","jetpack_publicize_message":"EDUCACI\u00d3N: Alumnos del EMEI compartieron la experiencia del trabajo legislativo #LegisTDF #Ushuaia #TDF","jetpack_publicize_feature_enabled":true,"jetpack_social_post_already_shared":true,"jetpack_social_options":{"image_generator_settings":{"template":"highway","enabled":false}}},"categories":[1],"tags":[1755,1754,1757,144,956,106,1758,1756],"jetpack_publicize_connections":[],"jetpack_sharing_enabled":true,"jetpack_featured_media_url":"https:\/\/www.legistdf.gob.ar\/wp-content\/uploads\/2019\/11\/IMG_0504-1.jpg","jetpack-related-posts":[],"_links":{"self":[{"href":"https:\/\/www.legistdf.gob.ar\/index.php\/wp-json\/wp\/v2\/posts\/17105"}],"collection":[{"href":"https:\/\/www.legistdf.gob.ar\/index.php\/wp-json\/wp\/v2\/posts"}],"about":[{"href":"https:\/\/www.legistdf.gob.ar\/index.php\/wp-json\/wp\/v2\/types\/post"}],"author":[{"embeddable":true,"href":"https:\/\/www.legistdf.gob.ar\/index.php\/wp-json\/wp\/v2\/users\/352"}],"replies":[{"embeddable":true,"href":"https:\/\/www.legistdf.gob.ar\/index.php\/wp-json\/wp\/v2\/comments?post=17105"}],"version-history":[{"count":2,"href":"https:\/\/www.legistdf.gob.ar\/index.php\/wp-json\/wp\/v2\/posts\/17105\/revisions"}],"predecessor-version":[{"id":17270,"href":"https:\/\/www.legistdf.gob.ar\/index.php\/wp-json\/wp\/v2\/posts\/17105\/revisions\/17270"}],"wp:featuredmedia":[{"embeddable":true,"href":"https:\/\/www.legistdf.gob.ar\/index.php\/wp-json\/wp\/v2\/media\/16870"}],"wp:attachment":[{"href":"https:\/\/www.legistdf.gob.ar\/index.php\/wp-json\/wp\/v2\/media?parent=17105"}],"wp:term":[{"taxonomy":"category","embeddable":true,"href":"https:\/\/www.legistdf.gob.ar\/index.php\/wp-json\/wp\/v2\/categories?post=17105"},{"taxonomy":"post_tag","embeddable":true,"href":"https:\/\/www.legistdf.gob.ar\/index.php\/wp-json\/wp\/v2\/tags?post=17105"}],"curies":[{"name":"wp","href":"https:\/\/api.w.org\/{rel}","templated":true}]}}