{"id":17273,"date":"2019-12-05T15:15:21","date_gmt":"2019-12-05T18:15:21","guid":{"rendered":"http:\/\/www.legistdf.gob.ar\/?p=17273"},"modified":"2019-12-05T15:26:49","modified_gmt":"2019-12-05T18:26:49","slug":"legislatura-el-lunes-9-juran-nuevos-legisladores","status":"publish","type":"post","link":"https:\/\/www.legistdf.gob.ar\/index.php\/2019\/12\/05\/legislatura-el-lunes-9-juran-nuevos-legisladores\/","title":{"rendered":"LEGISLATURA: El lunes 9 juran nuevos Legisladores"},"content":{"rendered":"<p><strong>Ushuaia, mi\u00e9rcoles 5 de diciembre de 2019.- En la \u00faltima sesi\u00f3n ordinaria del Parlamento, los Legisladores acordaron sesionar el pr\u00f3ximo lunes 9 de diciembre a fin de tomar juramento a los nuevos integrantes de la C\u00e1mara. La vicepresidente 2\u00aa de la C\u00e1mara, a cargo de la presidencia del Poder Legislativo, Liliana Mart\u00ednez Allende resolvi\u00f3 convocar a sesi\u00f3n a las 14.<\/strong><\/p>\n<p>&nbsp;<\/p>\n<p>El llamado a sesionar responde a que, luego de la renuncia de Daniel Harrington, electo intendente de Tolhuin y Pablo Blanco, electo como senador, corresponde tomar juramento a los nuevos parlamentarios, Ram\u00f3n Galfrascoli (FPV \u2013 PJ) y Pablo Canga (UCR \u2013 Cambiemos).<\/p>\n<p>&nbsp;<\/p>\n<p>Cabe mencionar que, en la ocasi\u00f3n, se har\u00e1 lo propio con el vicegobernador, Juan Carlos Arcando.<\/p>\n<p>&nbsp;<\/p>\n<p style=\"text-align: right\"><em>MCH-AT<\/em><\/p>\n","protected":false},"excerpt":{"rendered":"<p>Ushuaia, mi\u00e9rcoles 5 de diciembre de 2019.- En la \u00faltima sesi\u00f3n ordinaria del Parlamento, los Legisladores acordaron sesionar el pr\u00f3ximo lunes 9 de diciembre a fin de tomar juramento a los nuevos integrantes de la C\u00e1mara. La vicepresidente 2\u00aa de la C\u00e1mara, a cargo de la presidencia del Poder Legislativo, Liliana Mart\u00ednez Allende resolvi\u00f3 convocar [&hellip;]<\/p>\n","protected":false},"author":352,"featured_media":17006,"comment_status":"closed","ping_status":"open","sticky":false,"template":"","format":"standard","meta":{"jetpack_post_was_ever_published":false,"_jetpack_newsletter_access":"","_jetpack_dont_email_post_to_subs":false,"_jetpack_newsletter_tier_id":0,"footnotes":"","jetpack_publicize_message":"LEGISLATURA: EL LUNES 9 JURAN NUEVOS LEGISLADORES #PrensaLegis #TierradelFuego #Ushuaia","jetpack_publicize_feature_enabled":true,"jetpack_social_post_already_shared":true,"jetpack_social_options":{"image_generator_settings":{"template":"highway","enabled":false}}},"categories":[1],"tags":[78,155,241,79,87],"jetpack_publicize_connections":[],"jetpack_sharing_enabled":true,"jetpack_featured_media_url":"https:\/\/www.legistdf.gob.ar\/wp-content\/uploads\/2019\/11\/IMG_0960.jpg","jetpack-related-posts":[],"_links":{"self":[{"href":"https:\/\/www.legistdf.gob.ar\/index.php\/wp-json\/wp\/v2\/posts\/17273"}],"collection":[{"href":"https:\/\/www.legistdf.gob.ar\/index.php\/wp-json\/wp\/v2\/posts"}],"about":[{"href":"https:\/\/www.legistdf.gob.ar\/index.php\/wp-json\/wp\/v2\/types\/post"}],"author":[{"embeddable":true,"href":"https:\/\/www.legistdf.gob.ar\/index.php\/wp-json\/wp\/v2\/users\/352"}],"replies":[{"embeddable":true,"href":"https:\/\/www.legistdf.gob.ar\/index.php\/wp-json\/wp\/v2\/comments?post=17273"}],"version-history":[{"count":3,"href":"https:\/\/www.legistdf.gob.ar\/index.php\/wp-json\/wp\/v2\/posts\/17273\/revisions"}],"predecessor-version":[{"id":17276,"href":"https:\/\/www.legistdf.gob.ar\/index.php\/wp-json\/wp\/v2\/posts\/17273\/revisions\/17276"}],"wp:featuredmedia":[{"embeddable":true,"href":"https:\/\/www.legistdf.gob.ar\/index.php\/wp-json\/wp\/v2\/media\/17006"}],"wp:attachment":[{"href":"https:\/\/www.legistdf.gob.ar\/index.php\/wp-json\/wp\/v2\/media?parent=17273"}],"wp:term":[{"taxonomy":"category","embeddable":true,"href":"https:\/\/www.legistdf.gob.ar\/index.php\/wp-json\/wp\/v2\/categories?post=17273"},{"taxonomy":"post_tag","embeddable":true,"href":"https:\/\/www.legistdf.gob.ar\/index.php\/wp-json\/wp\/v2\/tags?post=17273"}],"curies":[{"name":"wp","href":"https:\/\/api.w.org\/{rel}","templated":true}]}}