{"id":17292,"date":"2019-12-06T17:12:14","date_gmt":"2019-12-06T20:12:14","guid":{"rendered":"http:\/\/www.legistdf.gob.ar\/?p=17292"},"modified":"2019-12-06T17:12:15","modified_gmt":"2019-12-06T20:12:15","slug":"prefectura-siete-nuevos-marineros-egresaron-especializados-en-puente-y-maquinas","status":"publish","type":"post","link":"https:\/\/www.legistdf.gob.ar\/index.php\/2019\/12\/06\/prefectura-siete-nuevos-marineros-egresaron-especializados-en-puente-y-maquinas\/","title":{"rendered":"PREFECTURA: Siete nuevos marineros egresaron especializados en puente y m\u00e1quinas"},"content":{"rendered":"<p><strong><img loading=\"lazy\" decoding=\"async\" data-attachment-id=\"17296\" data-permalink=\"https:\/\/www.legistdf.gob.ar\/index.php\/2019\/12\/06\/prefectura-siete-nuevos-marineros-egresaron-especializados-en-puente-y-maquinas\/prefectura-4\/\" data-orig-file=\"https:\/\/www.legistdf.gob.ar\/wp-content\/uploads\/2019\/12\/Prefectura-4.jpeg\" data-orig-size=\"1280,536\" data-comments-opened=\"0\" data-image-meta=\"{&quot;aperture&quot;:&quot;0&quot;,&quot;credit&quot;:&quot;&quot;,&quot;camera&quot;:&quot;&quot;,&quot;caption&quot;:&quot;&quot;,&quot;created_timestamp&quot;:&quot;0&quot;,&quot;copyright&quot;:&quot;&quot;,&quot;focal_length&quot;:&quot;0&quot;,&quot;iso&quot;:&quot;0&quot;,&quot;shutter_speed&quot;:&quot;0&quot;,&quot;title&quot;:&quot;&quot;,&quot;orientation&quot;:&quot;0&quot;}\" data-image-title=\"Prefectura 4\" data-image-description=\"\" data-image-caption=\"\" data-medium-file=\"https:\/\/www.legistdf.gob.ar\/wp-content\/uploads\/2019\/12\/Prefectura-4-300x126.jpeg\" data-large-file=\"https:\/\/www.legistdf.gob.ar\/wp-content\/uploads\/2019\/12\/Prefectura-4-1024x429.jpeg\" class=\"alignleft wp-image-17296 size-medium\" src=\"http:\/\/www.legistdf.gob.ar\/wp-content\/uploads\/2019\/12\/Prefectura-4-300x126.jpeg\" alt=\"\" width=\"300\" height=\"126\" srcset=\"https:\/\/www.legistdf.gob.ar\/wp-content\/uploads\/2019\/12\/Prefectura-4-300x126.jpeg 300w, https:\/\/www.legistdf.gob.ar\/wp-content\/uploads\/2019\/12\/Prefectura-4-768x322.jpeg 768w, https:\/\/www.legistdf.gob.ar\/wp-content\/uploads\/2019\/12\/Prefectura-4-1024x429.jpeg 1024w, https:\/\/www.legistdf.gob.ar\/wp-content\/uploads\/2019\/12\/Prefectura-4-160x67.jpeg 160w, https:\/\/www.legistdf.gob.ar\/wp-content\/uploads\/2019\/12\/Prefectura-4.jpeg 1280w\" sizes=\"(max-width: 300px) 100vw, 300px\" \/>Ushuaia, viernes 6 de diciembre de 2019.- El vicegobernador Juan Carlos Arcando, particip\u00f3 \u2013esta ma\u00f1ana- de la ceremonia de cierre del ciclo 2019 de l<\/strong><b>a Escuela de Formaci\u00f3n y Capacitaci\u00f3n del Personal Embarcado de la Marina Mercante Nacional (EFOCAPEMN) de la Prefectura Naval Argentina. La ceremonia se realiz\u00f3 en el sal\u00f3n de usos m\u00faltiples de la fuerza de seguridad en la ciudad. El titular del Parlamento, felicito a los uniformados que lograron una nueva instancia de capacitaci\u00f3n al servicio de la Instituci\u00f3n asentada en la capital.<\/b><\/p>\n<p>&nbsp;<\/p>\n<p>Siete marineros egresaron y recibieron su diploma en las especialidades de puente y m\u00e1quinas. Durante el encuentro el Presidente del Poder Legislativo junto al jefe de la Prefectura Ushuaia y director EFOCAPEMN, prefecto Mayor Alfredo Oscar Panozzo, entregaron los certificados de finalizaci\u00f3n del a\u00f1o.<\/p>\n<p>&nbsp;<\/p>\n<p>\u00abTransmit\u00ed al titular del \u00e1rea, el agradecimiento por la nueva instancia de formaci\u00f3n de los marineros que va a redundar en mejores servicios desde la Instituci\u00f3n hacia la fuerza toda y la comunidad de Ushuaia\u00bb, dijo Juan Carlos Arcando al finalizar el evento. En este mismo sentido, felicit\u00f3 a los marineros que se especializaron en puente y m\u00e1quinas.<\/p>\n<p>&nbsp;<\/p>\n<p>Cabe se\u00f1alar, que la Instituci\u00f3n tiene como objetivo la formaci\u00f3n y capacitaci\u00f3n de futuros tripulantes de buques de la marina mercante. De este modo, la Prefectura Naval Argentina cuenta con treinta dependencias distribuidas a lo largo del pa\u00eds y depende del Departamento Marina Mercante y N\u00e1utica Deportiva y Recreativa.<\/p>\n<p>&nbsp;<\/p>\n\n\t\t<style type=\"text\/css\">\n\t\t\t#gallery-1 {\n\t\t\t\tmargin: auto;\n\t\t\t}\n\t\t\t#gallery-1 .gallery-item {\n\t\t\t\tfloat: left;\n\t\t\t\tmargin-top: 10px;\n\t\t\t\ttext-align: center;\n\t\t\t\twidth: 33%;\n\t\t\t}\n\t\t\t#gallery-1 img {\n\t\t\t\tborder: 2px solid #cfcfcf;\n\t\t\t}\n\t\t\t#gallery-1 .gallery-caption {\n\t\t\t\tmargin-left: 0;\n\t\t\t}\n\t\t\t\/* see gallery_shortcode() in wp-includes\/media.php *\/\n\t\t<\/style>\n\t\t<div data-carousel-extra='{\"blog_id\":1,\"permalink\":\"https:\\\/\\\/www.legistdf.gob.ar\\\/index.php\\\/2019\\\/12\\\/06\\\/prefectura-siete-nuevos-marineros-egresaron-especializados-en-puente-y-maquinas\\\/\"}' id='gallery-1' class='gallery galleryid-17292 gallery-columns-3 gallery-size-medium'><dl class='gallery-item'>\n\t\t\t<dt class='gallery-icon portrait'>\n\t\t\t\t<a href='https:\/\/www.legistdf.gob.ar\/index.php\/2019\/12\/06\/prefectura-siete-nuevos-marineros-egresaron-especializados-en-puente-y-maquinas\/prefectura-2\/'><img loading=\"lazy\" decoding=\"async\" width=\"248\" height=\"300\" src=\"https:\/\/www.legistdf.gob.ar\/wp-content\/uploads\/2019\/12\/Prefectura-2-248x300.jpeg\" class=\"attachment-medium size-medium\" alt=\"\" srcset=\"https:\/\/www.legistdf.gob.ar\/wp-content\/uploads\/2019\/12\/Prefectura-2-248x300.jpeg 248w, https:\/\/www.legistdf.gob.ar\/wp-content\/uploads\/2019\/12\/Prefectura-2-768x930.jpeg 768w, https:\/\/www.legistdf.gob.ar\/wp-content\/uploads\/2019\/12\/Prefectura-2-846x1024.jpeg 846w, https:\/\/www.legistdf.gob.ar\/wp-content\/uploads\/2019\/12\/Prefectura-2-132x160.jpeg 132w, https:\/\/www.legistdf.gob.ar\/wp-content\/uploads\/2019\/12\/Prefectura-2.jpeg 1057w\" sizes=\"(max-width: 248px) 100vw, 248px\" data-attachment-id=\"17294\" data-permalink=\"https:\/\/www.legistdf.gob.ar\/index.php\/2019\/12\/06\/prefectura-siete-nuevos-marineros-egresaron-especializados-en-puente-y-maquinas\/prefectura-2\/\" data-orig-file=\"https:\/\/www.legistdf.gob.ar\/wp-content\/uploads\/2019\/12\/Prefectura-2.jpeg\" data-orig-size=\"1057,1280\" data-comments-opened=\"0\" data-image-meta=\"{&quot;aperture&quot;:&quot;0&quot;,&quot;credit&quot;:&quot;&quot;,&quot;camera&quot;:&quot;&quot;,&quot;caption&quot;:&quot;&quot;,&quot;created_timestamp&quot;:&quot;0&quot;,&quot;copyright&quot;:&quot;&quot;,&quot;focal_length&quot;:&quot;0&quot;,&quot;iso&quot;:&quot;0&quot;,&quot;shutter_speed&quot;:&quot;0&quot;,&quot;title&quot;:&quot;&quot;,&quot;orientation&quot;:&quot;0&quot;}\" data-image-title=\"Prefectura 2\" data-image-description=\"\" data-image-caption=\"\" data-medium-file=\"https:\/\/www.legistdf.gob.ar\/wp-content\/uploads\/2019\/12\/Prefectura-2-248x300.jpeg\" data-large-file=\"https:\/\/www.legistdf.gob.ar\/wp-content\/uploads\/2019\/12\/Prefectura-2-846x1024.jpeg\" \/><\/a>\n\t\t\t<\/dt><\/dl><dl class='gallery-item'>\n\t\t\t<dt class='gallery-icon landscape'>\n\t\t\t\t<a href='https:\/\/www.legistdf.gob.ar\/index.php\/2019\/12\/06\/prefectura-siete-nuevos-marineros-egresaron-especializados-en-puente-y-maquinas\/prefectura-3-2\/'><img loading=\"lazy\" decoding=\"async\" width=\"300\" height=\"246\" src=\"https:\/\/www.legistdf.gob.ar\/wp-content\/uploads\/2019\/12\/Prefectura-3-300x246.jpeg\" class=\"attachment-medium size-medium\" alt=\"\" srcset=\"https:\/\/www.legistdf.gob.ar\/wp-content\/uploads\/2019\/12\/Prefectura-3-300x246.jpeg 300w, https:\/\/www.legistdf.gob.ar\/wp-content\/uploads\/2019\/12\/Prefectura-3-768x629.jpeg 768w, https:\/\/www.legistdf.gob.ar\/wp-content\/uploads\/2019\/12\/Prefectura-3-1024x839.jpeg 1024w, https:\/\/www.legistdf.gob.ar\/wp-content\/uploads\/2019\/12\/Prefectura-3-160x131.jpeg 160w, https:\/\/www.legistdf.gob.ar\/wp-content\/uploads\/2019\/12\/Prefectura-3.jpeg 1280w\" sizes=\"(max-width: 300px) 100vw, 300px\" data-attachment-id=\"17295\" data-permalink=\"https:\/\/www.legistdf.gob.ar\/index.php\/2019\/12\/06\/prefectura-siete-nuevos-marineros-egresaron-especializados-en-puente-y-maquinas\/prefectura-3-2\/\" data-orig-file=\"https:\/\/www.legistdf.gob.ar\/wp-content\/uploads\/2019\/12\/Prefectura-3.jpeg\" data-orig-size=\"1280,1049\" data-comments-opened=\"0\" data-image-meta=\"{&quot;aperture&quot;:&quot;0&quot;,&quot;credit&quot;:&quot;&quot;,&quot;camera&quot;:&quot;&quot;,&quot;caption&quot;:&quot;&quot;,&quot;created_timestamp&quot;:&quot;0&quot;,&quot;copyright&quot;:&quot;&quot;,&quot;focal_length&quot;:&quot;0&quot;,&quot;iso&quot;:&quot;0&quot;,&quot;shutter_speed&quot;:&quot;0&quot;,&quot;title&quot;:&quot;&quot;,&quot;orientation&quot;:&quot;0&quot;}\" data-image-title=\"Prefectura 3\" data-image-description=\"\" data-image-caption=\"\" data-medium-file=\"https:\/\/www.legistdf.gob.ar\/wp-content\/uploads\/2019\/12\/Prefectura-3-300x246.jpeg\" data-large-file=\"https:\/\/www.legistdf.gob.ar\/wp-content\/uploads\/2019\/12\/Prefectura-3-1024x839.jpeg\" \/><\/a>\n\t\t\t<\/dt><\/dl><dl class='gallery-item'>\n\t\t\t<dt class='gallery-icon landscape'>\n\t\t\t\t<a href='https:\/\/www.legistdf.gob.ar\/index.php\/2019\/12\/06\/prefectura-siete-nuevos-marineros-egresaron-especializados-en-puente-y-maquinas\/prefectura-4\/'><img loading=\"lazy\" decoding=\"async\" width=\"300\" height=\"126\" src=\"https:\/\/www.legistdf.gob.ar\/wp-content\/uploads\/2019\/12\/Prefectura-4-300x126.jpeg\" class=\"attachment-medium size-medium\" alt=\"\" srcset=\"https:\/\/www.legistdf.gob.ar\/wp-content\/uploads\/2019\/12\/Prefectura-4-300x126.jpeg 300w, https:\/\/www.legistdf.gob.ar\/wp-content\/uploads\/2019\/12\/Prefectura-4-768x322.jpeg 768w, https:\/\/www.legistdf.gob.ar\/wp-content\/uploads\/2019\/12\/Prefectura-4-1024x429.jpeg 1024w, https:\/\/www.legistdf.gob.ar\/wp-content\/uploads\/2019\/12\/Prefectura-4-160x67.jpeg 160w, https:\/\/www.legistdf.gob.ar\/wp-content\/uploads\/2019\/12\/Prefectura-4.jpeg 1280w\" sizes=\"(max-width: 300px) 100vw, 300px\" data-attachment-id=\"17296\" data-permalink=\"https:\/\/www.legistdf.gob.ar\/index.php\/2019\/12\/06\/prefectura-siete-nuevos-marineros-egresaron-especializados-en-puente-y-maquinas\/prefectura-4\/\" data-orig-file=\"https:\/\/www.legistdf.gob.ar\/wp-content\/uploads\/2019\/12\/Prefectura-4.jpeg\" data-orig-size=\"1280,536\" data-comments-opened=\"0\" data-image-meta=\"{&quot;aperture&quot;:&quot;0&quot;,&quot;credit&quot;:&quot;&quot;,&quot;camera&quot;:&quot;&quot;,&quot;caption&quot;:&quot;&quot;,&quot;created_timestamp&quot;:&quot;0&quot;,&quot;copyright&quot;:&quot;&quot;,&quot;focal_length&quot;:&quot;0&quot;,&quot;iso&quot;:&quot;0&quot;,&quot;shutter_speed&quot;:&quot;0&quot;,&quot;title&quot;:&quot;&quot;,&quot;orientation&quot;:&quot;0&quot;}\" data-image-title=\"Prefectura 4\" data-image-description=\"\" data-image-caption=\"\" data-medium-file=\"https:\/\/www.legistdf.gob.ar\/wp-content\/uploads\/2019\/12\/Prefectura-4-300x126.jpeg\" data-large-file=\"https:\/\/www.legistdf.gob.ar\/wp-content\/uploads\/2019\/12\/Prefectura-4-1024x429.jpeg\" \/><\/a>\n\t\t\t<\/dt><\/dl><br style=\"clear: both\" \/><dl class='gallery-item'>\n\t\t\t<dt class='gallery-icon landscape'>\n\t\t\t\t<a href='https:\/\/www.legistdf.gob.ar\/index.php\/2019\/12\/06\/prefectura-siete-nuevos-marineros-egresaron-especializados-en-puente-y-maquinas\/prefectura-1-2\/'><img loading=\"lazy\" decoding=\"async\" width=\"300\" height=\"192\" src=\"https:\/\/www.legistdf.gob.ar\/wp-content\/uploads\/2019\/12\/Prefectura-1-300x192.jpeg\" class=\"attachment-medium size-medium\" alt=\"\" srcset=\"https:\/\/www.legistdf.gob.ar\/wp-content\/uploads\/2019\/12\/Prefectura-1-300x192.jpeg 300w, https:\/\/www.legistdf.gob.ar\/wp-content\/uploads\/2019\/12\/Prefectura-1-768x491.jpeg 768w, https:\/\/www.legistdf.gob.ar\/wp-content\/uploads\/2019\/12\/Prefectura-1-1024x655.jpeg 1024w, https:\/\/www.legistdf.gob.ar\/wp-content\/uploads\/2019\/12\/Prefectura-1-160x102.jpeg 160w, https:\/\/www.legistdf.gob.ar\/wp-content\/uploads\/2019\/12\/Prefectura-1-280x180.jpeg 280w, https:\/\/www.legistdf.gob.ar\/wp-content\/uploads\/2019\/12\/Prefectura-1.jpeg 1280w\" sizes=\"(max-width: 300px) 100vw, 300px\" data-attachment-id=\"17293\" data-permalink=\"https:\/\/www.legistdf.gob.ar\/index.php\/2019\/12\/06\/prefectura-siete-nuevos-marineros-egresaron-especializados-en-puente-y-maquinas\/prefectura-1-2\/\" data-orig-file=\"https:\/\/www.legistdf.gob.ar\/wp-content\/uploads\/2019\/12\/Prefectura-1.jpeg\" data-orig-size=\"1280,819\" data-comments-opened=\"0\" data-image-meta=\"{&quot;aperture&quot;:&quot;0&quot;,&quot;credit&quot;:&quot;&quot;,&quot;camera&quot;:&quot;&quot;,&quot;caption&quot;:&quot;&quot;,&quot;created_timestamp&quot;:&quot;0&quot;,&quot;copyright&quot;:&quot;&quot;,&quot;focal_length&quot;:&quot;0&quot;,&quot;iso&quot;:&quot;0&quot;,&quot;shutter_speed&quot;:&quot;0&quot;,&quot;title&quot;:&quot;&quot;,&quot;orientation&quot;:&quot;0&quot;}\" data-image-title=\"Prefectura 1\" data-image-description=\"\" data-image-caption=\"\" data-medium-file=\"https:\/\/www.legistdf.gob.ar\/wp-content\/uploads\/2019\/12\/Prefectura-1-300x192.jpeg\" data-large-file=\"https:\/\/www.legistdf.gob.ar\/wp-content\/uploads\/2019\/12\/Prefectura-1-1024x655.jpeg\" \/><\/a>\n\t\t\t<\/dt><\/dl>\n\t\t\t<br style='clear: both' \/>\n\t\t<\/div>\n\n<p>&nbsp;<\/p>\n<p style=\"text-align: right\"><em>EGM &#8211; Genitleza prensa PNA<\/em><\/p>\n","protected":false},"excerpt":{"rendered":"<p>Ushuaia, viernes 6 de diciembre de 2019.- El vicegobernador Juan Carlos Arcando, particip\u00f3 \u2013esta ma\u00f1ana- de la ceremonia de cierre del ciclo 2019 de la Escuela de Formaci\u00f3n y Capacitaci\u00f3n del Personal Embarcado de la Marina Mercante Nacional (EFOCAPEMN) de la Prefectura Naval Argentina. La ceremonia se realiz\u00f3 en el sal\u00f3n de usos m\u00faltiples de [&hellip;]<\/p>\n","protected":false},"author":352,"featured_media":17293,"comment_status":"closed","ping_status":"open","sticky":false,"template":"","format":"standard","meta":{"jetpack_post_was_ever_published":false,"_jetpack_newsletter_access":"","_jetpack_dont_email_post_to_subs":false,"_jetpack_newsletter_tier_id":0,"footnotes":"","jetpack_publicize_message":"PREFECTURA: Siete nuevos marineros egresaron especializados en puente y m\u00e1quinas #Ushuaia #LegisTDF","jetpack_publicize_feature_enabled":true,"jetpack_social_post_already_shared":true,"jetpack_social_options":{"image_generator_settings":{"template":"highway","enabled":false}}},"categories":[1],"tags":[78,1602,87],"jetpack_publicize_connections":[],"jetpack_sharing_enabled":true,"jetpack_featured_media_url":"https:\/\/www.legistdf.gob.ar\/wp-content\/uploads\/2019\/12\/Prefectura-1.jpeg","jetpack-related-posts":[],"_links":{"self":[{"href":"https:\/\/www.legistdf.gob.ar\/index.php\/wp-json\/wp\/v2\/posts\/17292"}],"collection":[{"href":"https:\/\/www.legistdf.gob.ar\/index.php\/wp-json\/wp\/v2\/posts"}],"about":[{"href":"https:\/\/www.legistdf.gob.ar\/index.php\/wp-json\/wp\/v2\/types\/post"}],"author":[{"embeddable":true,"href":"https:\/\/www.legistdf.gob.ar\/index.php\/wp-json\/wp\/v2\/users\/352"}],"replies":[{"embeddable":true,"href":"https:\/\/www.legistdf.gob.ar\/index.php\/wp-json\/wp\/v2\/comments?post=17292"}],"version-history":[{"count":1,"href":"https:\/\/www.legistdf.gob.ar\/index.php\/wp-json\/wp\/v2\/posts\/17292\/revisions"}],"predecessor-version":[{"id":17298,"href":"https:\/\/www.legistdf.gob.ar\/index.php\/wp-json\/wp\/v2\/posts\/17292\/revisions\/17298"}],"wp:featuredmedia":[{"embeddable":true,"href":"https:\/\/www.legistdf.gob.ar\/index.php\/wp-json\/wp\/v2\/media\/17293"}],"wp:attachment":[{"href":"https:\/\/www.legistdf.gob.ar\/index.php\/wp-json\/wp\/v2\/media?parent=17292"}],"wp:term":[{"taxonomy":"category","embeddable":true,"href":"https:\/\/www.legistdf.gob.ar\/index.php\/wp-json\/wp\/v2\/categories?post=17292"},{"taxonomy":"post_tag","embeddable":true,"href":"https:\/\/www.legistdf.gob.ar\/index.php\/wp-json\/wp\/v2\/tags?post=17292"}],"curies":[{"name":"wp","href":"https:\/\/api.w.org\/{rel}","templated":true}]}}