{"id":17300,"date":"2019-12-08T17:18:11","date_gmt":"2019-12-08T20:18:11","guid":{"rendered":"http:\/\/www.legistdf.gob.ar\/?p=17300"},"modified":"2019-12-08T17:18:11","modified_gmt":"2019-12-08T20:18:11","slug":"salud-la-asociacion-civil-reencontrandonos-tiene-edificio-propio","status":"publish","type":"post","link":"https:\/\/www.legistdf.gob.ar\/index.php\/2019\/12\/08\/salud-la-asociacion-civil-reencontrandonos-tiene-edificio-propio\/","title":{"rendered":"SALUD: La Asociaci\u00f3n Civil Reencontr\u00e1ndonos tiene edificio propio"},"content":{"rendered":"<p><strong><img loading=\"lazy\" decoding=\"async\" data-attachment-id=\"17311\" data-permalink=\"https:\/\/www.legistdf.gob.ar\/index.php\/2019\/12\/08\/salud-la-asociacion-civil-reencontrandonos-tiene-edificio-propio\/img_0204-4\/\" data-orig-file=\"https:\/\/www.legistdf.gob.ar\/wp-content\/uploads\/2019\/12\/IMG_0204.jpg\" data-orig-size=\"1500,1000\" data-comments-opened=\"0\" data-image-meta=\"{&quot;aperture&quot;:&quot;5&quot;,&quot;credit&quot;:&quot;&quot;,&quot;camera&quot;:&quot;Canon EOS 6D&quot;,&quot;caption&quot;:&quot;&quot;,&quot;created_timestamp&quot;:&quot;1575622820&quot;,&quot;copyright&quot;:&quot;&quot;,&quot;focal_length&quot;:&quot;24&quot;,&quot;iso&quot;:&quot;400&quot;,&quot;shutter_speed&quot;:&quot;0.008&quot;,&quot;title&quot;:&quot;&quot;,&quot;orientation&quot;:&quot;1&quot;}\" data-image-title=\"IMG_0204\" data-image-description=\"\" data-image-caption=\"\" data-medium-file=\"https:\/\/www.legistdf.gob.ar\/wp-content\/uploads\/2019\/12\/IMG_0204-300x200.jpg\" data-large-file=\"https:\/\/www.legistdf.gob.ar\/wp-content\/uploads\/2019\/12\/IMG_0204-1024x683.jpg\" class=\"alignright wp-image-17311 size-medium\" src=\"http:\/\/www.legistdf.gob.ar\/wp-content\/uploads\/2019\/12\/IMG_0204-300x200.jpg\" alt=\"\" width=\"300\" height=\"200\" srcset=\"https:\/\/www.legistdf.gob.ar\/wp-content\/uploads\/2019\/12\/IMG_0204-300x200.jpg 300w, https:\/\/www.legistdf.gob.ar\/wp-content\/uploads\/2019\/12\/IMG_0204-768x512.jpg 768w, https:\/\/www.legistdf.gob.ar\/wp-content\/uploads\/2019\/12\/IMG_0204-1024x683.jpg 1024w, https:\/\/www.legistdf.gob.ar\/wp-content\/uploads\/2019\/12\/IMG_0204-160x107.jpg 160w, https:\/\/www.legistdf.gob.ar\/wp-content\/uploads\/2019\/12\/IMG_0204.jpg 1500w\" sizes=\"(max-width: 300px) 100vw, 300px\" \/>Ushuaia, domingo 8 de diciembre de 2019.- La comunidad del centro preventivo asistencial Asociaci\u00f3n Civil Reencontr\u00e1ndonos ya cuenta con su edificio propio y a poco de inaugurarse, abrieron las puertas a la comunidad. Invitaron a distintos actores \u201cque hicieron posible este sue\u00f1o y fueron parte de este largo camino\u201d, dijo Estela Lavenia. De la recorrida, participaron la legisladora Liliana Mart\u00ednez Allende y la gobernadora, Dra. Rosana Bertone.<\/strong><\/p>\n<p>&nbsp;<\/p>\n<p>El edificio cuenta con salas de internaci\u00f3n, comedores, salas de estar, consultorios para los profesionales psic\u00f3logos que asisten a los pacientes en recuperaci\u00f3n de adicciones. Adem\u00e1s, el lugar cuenta con dos salones de c\u00e1mara gesell y espacios amplios divididos en los tres niveles que tiene la construcci\u00f3n.<\/p>\n<p>&nbsp;<\/p>\n<p>Se estima la finalizaci\u00f3n de la obra en marzo pr\u00f3ximo y llevar\u00e1 el nombre de M\u00f3nica Manzanares, fundadora de la Asociaci\u00f3n, como tambi\u00e9n colaboradora de la cooperadora \u201cDe coraz\u00f3n a coraz\u00f3n\u201d del Hospital Regional. La familia de Manzanares acompa\u00f1\u00f3 la visita de edificio, junto con autoridades del Estado.<\/p>\n<p>&nbsp;<\/p>\n<p>El lugar est\u00e1 ubicado en el barrio Malvinas Argentinas, sobre la calle Bah\u00eda Agradable, donde finaliza, en un predio cedido por el Estado provincial. A trav\u00e9s de la modificaci\u00f3n del art\u00edculo 12 de la Ley provincial <a href=\"http:\/\/200.41.191.126:8080\/infoley\/index.php\/1630-presupuesto-general-de-gastos-y-recursos-de-la-administracion-central-y-organismos-descentralizados-ejercicio-2017\" target=\"_blank\" rel=\"noopener noreferrer\">N\u00b0 1132<\/a> y ampliaci\u00f3n de m\u00e1s obras provinciales, Ley <a href=\"http:\/\/200.41.191.126:8080\/infoley\/index.php\/1735-poder-ejecutivo-provincial-destinase-recursos-del-resultado-por-tenencia-de-la-emision-de-titulos-de-deuda-para-el-financiamiento-de-obras-de-infraestructura-y-bienes\" target=\"_blank\" rel=\"noopener noreferrer\">N\u00ba 1235<\/a>, que refiere a readecuaci\u00f3n del plan de obras, se gener\u00f3 el convenio para que el Gobierno financie la obra que comenz\u00f3 en marzo de este a\u00f1o y tiene un plazo de obra de 12 meses.<\/p>\n<p>&nbsp;<\/p>\n<p>\u201cHay que trabajar para sostener esta estructura y dar el servicio como corresponde a la comunidad\u201d, dijo Mart\u00ednez Allende, que hizo referencia a un proyecto que trataran el a\u00f1o pr\u00f3ximo para generar recursos que permitan el financiamiento. \u201cLa tarea de Reencontr\u00e1ndonos, es fundamental en la sociedad, es una necesidad que seguramente no la hablamos a diario, la problem\u00e1tica en la provincia existe y este lugar debe estar acorde a las circunstancias\u201d, subray\u00f3 la presidente de la Comisi\u00f3n de Salud P\u00fablica en la Legislatura.<\/p>\n<p><img loading=\"lazy\" decoding=\"async\" data-attachment-id=\"17312\" data-permalink=\"https:\/\/www.legistdf.gob.ar\/index.php\/2019\/12\/08\/salud-la-asociacion-civil-reencontrandonos-tiene-edificio-propio\/img_0215-4\/\" data-orig-file=\"https:\/\/www.legistdf.gob.ar\/wp-content\/uploads\/2019\/12\/IMG_0215.jpg\" data-orig-size=\"1500,1000\" data-comments-opened=\"0\" data-image-meta=\"{&quot;aperture&quot;:&quot;5&quot;,&quot;credit&quot;:&quot;&quot;,&quot;camera&quot;:&quot;Canon EOS 6D&quot;,&quot;caption&quot;:&quot;&quot;,&quot;created_timestamp&quot;:&quot;1575622850&quot;,&quot;copyright&quot;:&quot;&quot;,&quot;focal_length&quot;:&quot;31&quot;,&quot;iso&quot;:&quot;400&quot;,&quot;shutter_speed&quot;:&quot;0.008&quot;,&quot;title&quot;:&quot;&quot;,&quot;orientation&quot;:&quot;1&quot;}\" data-image-title=\"IMG_0215\" data-image-description=\"\" data-image-caption=\"\" data-medium-file=\"https:\/\/www.legistdf.gob.ar\/wp-content\/uploads\/2019\/12\/IMG_0215-300x200.jpg\" data-large-file=\"https:\/\/www.legistdf.gob.ar\/wp-content\/uploads\/2019\/12\/IMG_0215-1024x683.jpg\" class=\"aligncenter wp-image-17312 size-large\" src=\"http:\/\/www.legistdf.gob.ar\/wp-content\/uploads\/2019\/12\/IMG_0215-1024x683.jpg\" alt=\"\" width=\"900\" height=\"600\" srcset=\"https:\/\/www.legistdf.gob.ar\/wp-content\/uploads\/2019\/12\/IMG_0215-1024x683.jpg 1024w, https:\/\/www.legistdf.gob.ar\/wp-content\/uploads\/2019\/12\/IMG_0215-300x200.jpg 300w, https:\/\/www.legistdf.gob.ar\/wp-content\/uploads\/2019\/12\/IMG_0215-768x512.jpg 768w, https:\/\/www.legistdf.gob.ar\/wp-content\/uploads\/2019\/12\/IMG_0215-160x107.jpg 160w, https:\/\/www.legistdf.gob.ar\/wp-content\/uploads\/2019\/12\/IMG_0215.jpg 1500w\" sizes=\"(max-width: 900px) 100vw, 900px\" \/><\/p>\n<p>Mart\u00ednez Allende, cont\u00f3 a Prensa Legislativa que \u201cse trabaj\u00f3 much\u00edsimo junto a Estela (Lavenia) para que este edificio hoy sea una realidad, en el transcurso de estos a\u00f1os hubo much\u00edsima gente que colabor\u00f3 con la Asociaci\u00f3n que no se cansaron de perseguir este sue\u00f1o; de golpear puertas, alternativas, en Naci\u00f3n, en la Provincia y en los municipios\u201d, enumer\u00f3.<\/p>\n<p>&nbsp;<\/p>\n<p>En la actualidad la instituci\u00f3n funciona en \u201cun edificio donde se paga alquiler, se asisten cerca de 40 personas y esto significa m\u00e1s all\u00e1 del trabajo, mucho compromiso con quienes padecen adicciones como de parte de cada familia. Esto es una cuesti\u00f3n de Estado y no podemos desatenderlo\u201d, cuestion\u00f3 Mart\u00ednez Allende.<\/p>\n<p>&nbsp;<\/p>\n<p>En este contexto, sintetiz\u00f3 con la necesidad de continuar trabajando para que m\u00e1s all\u00e1 del edificio, este funcione y cumpla un rol fundamental. \u201cLa estructura y equipo que se necesita para la asistencia de estas situaciones y poder sacar adelante a los pacientes, no es tarea sencilla, no es f\u00e1cil por eso buscamos las herramientas y recursos para poder contener a Reencontr\u00e1ndonos\u201d, asever\u00f3.<\/p>\n<p>&nbsp;<\/p>\n<p>La asociaci\u00f3n trabaja con j\u00f3venes y adultos de toda la provincia, algunos de ellos en condici\u00f3n de internados, en Ushuaia y otros con tratamiento ambulatorio.<\/p>\n<p>&nbsp;<\/p>\n<p style=\"text-align: right\"><em>MBCH-LVV<\/em><\/p>\n<p>&nbsp;<\/p>\n\n\t\t<style type=\"text\/css\">\n\t\t\t#gallery-1 {\n\t\t\t\tmargin: auto;\n\t\t\t}\n\t\t\t#gallery-1 .gallery-item {\n\t\t\t\tfloat: left;\n\t\t\t\tmargin-top: 10px;\n\t\t\t\ttext-align: center;\n\t\t\t\twidth: 33%;\n\t\t\t}\n\t\t\t#gallery-1 img {\n\t\t\t\tborder: 2px solid #cfcfcf;\n\t\t\t}\n\t\t\t#gallery-1 .gallery-caption {\n\t\t\t\tmargin-left: 0;\n\t\t\t}\n\t\t\t\/* see gallery_shortcode() in wp-includes\/media.php *\/\n\t\t<\/style>\n\t\t<div data-carousel-extra='{\"blog_id\":1,\"permalink\":\"https:\\\/\\\/www.legistdf.gob.ar\\\/index.php\\\/2019\\\/12\\\/08\\\/salud-la-asociacion-civil-reencontrandonos-tiene-edificio-propio\\\/\"}' id='gallery-1' class='gallery galleryid-17300 gallery-columns-3 gallery-size-thumbnail'><dl class='gallery-item'>\n\t\t\t<dt class='gallery-icon landscape'>\n\t\t\t\t<a href='https:\/\/www.legistdf.gob.ar\/index.php\/2019\/12\/08\/salud-la-asociacion-civil-reencontrandonos-tiene-edificio-propio\/img_0091-6\/'><img loading=\"lazy\" decoding=\"async\" width=\"150\" height=\"150\" src=\"https:\/\/www.legistdf.gob.ar\/wp-content\/uploads\/2019\/12\/IMG_0091-150x150.jpg\" class=\"attachment-thumbnail size-thumbnail\" alt=\"\" srcset=\"https:\/\/www.legistdf.gob.ar\/wp-content\/uploads\/2019\/12\/IMG_0091-150x150.jpg 150w, https:\/\/www.legistdf.gob.ar\/wp-content\/uploads\/2019\/12\/IMG_0091-64x64.jpg 64w\" sizes=\"(max-width: 150px) 100vw, 150px\" data-attachment-id=\"17301\" data-permalink=\"https:\/\/www.legistdf.gob.ar\/index.php\/2019\/12\/08\/salud-la-asociacion-civil-reencontrandonos-tiene-edificio-propio\/img_0091-6\/\" data-orig-file=\"https:\/\/www.legistdf.gob.ar\/wp-content\/uploads\/2019\/12\/IMG_0091.jpg\" data-orig-size=\"1500,1000\" data-comments-opened=\"0\" data-image-meta=\"{&quot;aperture&quot;:&quot;5&quot;,&quot;credit&quot;:&quot;&quot;,&quot;camera&quot;:&quot;Canon EOS 6D&quot;,&quot;caption&quot;:&quot;&quot;,&quot;created_timestamp&quot;:&quot;1575619387&quot;,&quot;copyright&quot;:&quot;&quot;,&quot;focal_length&quot;:&quot;24&quot;,&quot;iso&quot;:&quot;320&quot;,&quot;shutter_speed&quot;:&quot;0.0125&quot;,&quot;title&quot;:&quot;&quot;,&quot;orientation&quot;:&quot;1&quot;}\" data-image-title=\"IMG_0091\" data-image-description=\"\" data-image-caption=\"\" data-medium-file=\"https:\/\/www.legistdf.gob.ar\/wp-content\/uploads\/2019\/12\/IMG_0091-300x200.jpg\" data-large-file=\"https:\/\/www.legistdf.gob.ar\/wp-content\/uploads\/2019\/12\/IMG_0091-1024x683.jpg\" \/><\/a>\n\t\t\t<\/dt><\/dl><dl class='gallery-item'>\n\t\t\t<dt class='gallery-icon landscape'>\n\t\t\t\t<a href='https:\/\/www.legistdf.gob.ar\/index.php\/2019\/12\/08\/salud-la-asociacion-civil-reencontrandonos-tiene-edificio-propio\/img_0095-7\/'><img loading=\"lazy\" decoding=\"async\" width=\"150\" height=\"150\" src=\"https:\/\/www.legistdf.gob.ar\/wp-content\/uploads\/2019\/12\/IMG_0095-150x150.jpg\" class=\"attachment-thumbnail size-thumbnail\" alt=\"\" srcset=\"https:\/\/www.legistdf.gob.ar\/wp-content\/uploads\/2019\/12\/IMG_0095-150x150.jpg 150w, https:\/\/www.legistdf.gob.ar\/wp-content\/uploads\/2019\/12\/IMG_0095-64x64.jpg 64w\" sizes=\"(max-width: 150px) 100vw, 150px\" data-attachment-id=\"17302\" data-permalink=\"https:\/\/www.legistdf.gob.ar\/index.php\/2019\/12\/08\/salud-la-asociacion-civil-reencontrandonos-tiene-edificio-propio\/img_0095-7\/\" data-orig-file=\"https:\/\/www.legistdf.gob.ar\/wp-content\/uploads\/2019\/12\/IMG_0095.jpg\" data-orig-size=\"1500,1000\" data-comments-opened=\"0\" data-image-meta=\"{&quot;aperture&quot;:&quot;5&quot;,&quot;credit&quot;:&quot;&quot;,&quot;camera&quot;:&quot;Canon EOS 6D&quot;,&quot;caption&quot;:&quot;&quot;,&quot;created_timestamp&quot;:&quot;1575619425&quot;,&quot;copyright&quot;:&quot;&quot;,&quot;focal_length&quot;:&quot;24&quot;,&quot;iso&quot;:&quot;320&quot;,&quot;shutter_speed&quot;:&quot;0.0125&quot;,&quot;title&quot;:&quot;&quot;,&quot;orientation&quot;:&quot;1&quot;}\" data-image-title=\"IMG_0095\" data-image-description=\"\" data-image-caption=\"\" data-medium-file=\"https:\/\/www.legistdf.gob.ar\/wp-content\/uploads\/2019\/12\/IMG_0095-300x200.jpg\" data-large-file=\"https:\/\/www.legistdf.gob.ar\/wp-content\/uploads\/2019\/12\/IMG_0095-1024x683.jpg\" \/><\/a>\n\t\t\t<\/dt><\/dl><dl class='gallery-item'>\n\t\t\t<dt class='gallery-icon landscape'>\n\t\t\t\t<a href='https:\/\/www.legistdf.gob.ar\/index.php\/2019\/12\/08\/salud-la-asociacion-civil-reencontrandonos-tiene-edificio-propio\/img_0096-3\/'><img loading=\"lazy\" decoding=\"async\" width=\"150\" height=\"150\" src=\"https:\/\/www.legistdf.gob.ar\/wp-content\/uploads\/2019\/12\/IMG_0096-150x150.jpg\" class=\"attachment-thumbnail size-thumbnail\" alt=\"\" srcset=\"https:\/\/www.legistdf.gob.ar\/wp-content\/uploads\/2019\/12\/IMG_0096-150x150.jpg 150w, https:\/\/www.legistdf.gob.ar\/wp-content\/uploads\/2019\/12\/IMG_0096-64x64.jpg 64w\" sizes=\"(max-width: 150px) 100vw, 150px\" data-attachment-id=\"17303\" data-permalink=\"https:\/\/www.legistdf.gob.ar\/index.php\/2019\/12\/08\/salud-la-asociacion-civil-reencontrandonos-tiene-edificio-propio\/img_0096-3\/\" data-orig-file=\"https:\/\/www.legistdf.gob.ar\/wp-content\/uploads\/2019\/12\/IMG_0096.jpg\" data-orig-size=\"1500,1000\" data-comments-opened=\"0\" data-image-meta=\"{&quot;aperture&quot;:&quot;5&quot;,&quot;credit&quot;:&quot;&quot;,&quot;camera&quot;:&quot;Canon EOS 6D&quot;,&quot;caption&quot;:&quot;&quot;,&quot;created_timestamp&quot;:&quot;1575619438&quot;,&quot;copyright&quot;:&quot;&quot;,&quot;focal_length&quot;:&quot;24&quot;,&quot;iso&quot;:&quot;320&quot;,&quot;shutter_speed&quot;:&quot;0.0125&quot;,&quot;title&quot;:&quot;&quot;,&quot;orientation&quot;:&quot;1&quot;}\" data-image-title=\"IMG_0096\" data-image-description=\"\" data-image-caption=\"\" data-medium-file=\"https:\/\/www.legistdf.gob.ar\/wp-content\/uploads\/2019\/12\/IMG_0096-300x200.jpg\" data-large-file=\"https:\/\/www.legistdf.gob.ar\/wp-content\/uploads\/2019\/12\/IMG_0096-1024x683.jpg\" \/><\/a>\n\t\t\t<\/dt><\/dl><br style=\"clear: both\" \/><dl class='gallery-item'>\n\t\t\t<dt class='gallery-icon landscape'>\n\t\t\t\t<a href='https:\/\/www.legistdf.gob.ar\/index.php\/2019\/12\/08\/salud-la-asociacion-civil-reencontrandonos-tiene-edificio-propio\/img_0109-5\/'><img loading=\"lazy\" decoding=\"async\" width=\"150\" height=\"150\" src=\"https:\/\/www.legistdf.gob.ar\/wp-content\/uploads\/2019\/12\/IMG_0109-150x150.jpg\" class=\"attachment-thumbnail size-thumbnail\" alt=\"\" srcset=\"https:\/\/www.legistdf.gob.ar\/wp-content\/uploads\/2019\/12\/IMG_0109-150x150.jpg 150w, https:\/\/www.legistdf.gob.ar\/wp-content\/uploads\/2019\/12\/IMG_0109-64x64.jpg 64w\" sizes=\"(max-width: 150px) 100vw, 150px\" data-attachment-id=\"17304\" data-permalink=\"https:\/\/www.legistdf.gob.ar\/index.php\/2019\/12\/08\/salud-la-asociacion-civil-reencontrandonos-tiene-edificio-propio\/img_0109-5\/\" data-orig-file=\"https:\/\/www.legistdf.gob.ar\/wp-content\/uploads\/2019\/12\/IMG_0109.jpg\" data-orig-size=\"1500,1000\" data-comments-opened=\"0\" data-image-meta=\"{&quot;aperture&quot;:&quot;5&quot;,&quot;credit&quot;:&quot;&quot;,&quot;camera&quot;:&quot;Canon EOS 6D&quot;,&quot;caption&quot;:&quot;&quot;,&quot;created_timestamp&quot;:&quot;1575619711&quot;,&quot;copyright&quot;:&quot;&quot;,&quot;focal_length&quot;:&quot;24&quot;,&quot;iso&quot;:&quot;320&quot;,&quot;shutter_speed&quot;:&quot;0.005&quot;,&quot;title&quot;:&quot;&quot;,&quot;orientation&quot;:&quot;1&quot;}\" data-image-title=\"IMG_0109\" data-image-description=\"\" data-image-caption=\"\" data-medium-file=\"https:\/\/www.legistdf.gob.ar\/wp-content\/uploads\/2019\/12\/IMG_0109-300x200.jpg\" data-large-file=\"https:\/\/www.legistdf.gob.ar\/wp-content\/uploads\/2019\/12\/IMG_0109-1024x683.jpg\" \/><\/a>\n\t\t\t<\/dt><\/dl><dl class='gallery-item'>\n\t\t\t<dt class='gallery-icon landscape'>\n\t\t\t\t<a href='https:\/\/www.legistdf.gob.ar\/index.php\/2019\/12\/08\/salud-la-asociacion-civil-reencontrandonos-tiene-edificio-propio\/img_0118-6\/'><img loading=\"lazy\" decoding=\"async\" width=\"150\" height=\"150\" src=\"https:\/\/www.legistdf.gob.ar\/wp-content\/uploads\/2019\/12\/IMG_0118-150x150.jpg\" class=\"attachment-thumbnail size-thumbnail\" alt=\"\" srcset=\"https:\/\/www.legistdf.gob.ar\/wp-content\/uploads\/2019\/12\/IMG_0118-150x150.jpg 150w, https:\/\/www.legistdf.gob.ar\/wp-content\/uploads\/2019\/12\/IMG_0118-64x64.jpg 64w\" sizes=\"(max-width: 150px) 100vw, 150px\" data-attachment-id=\"17305\" data-permalink=\"https:\/\/www.legistdf.gob.ar\/index.php\/2019\/12\/08\/salud-la-asociacion-civil-reencontrandonos-tiene-edificio-propio\/img_0118-6\/\" data-orig-file=\"https:\/\/www.legistdf.gob.ar\/wp-content\/uploads\/2019\/12\/IMG_0118.jpg\" data-orig-size=\"1500,1000\" data-comments-opened=\"0\" data-image-meta=\"{&quot;aperture&quot;:&quot;5&quot;,&quot;credit&quot;:&quot;&quot;,&quot;camera&quot;:&quot;Canon EOS 6D&quot;,&quot;caption&quot;:&quot;&quot;,&quot;created_timestamp&quot;:&quot;1575620098&quot;,&quot;copyright&quot;:&quot;&quot;,&quot;focal_length&quot;:&quot;35&quot;,&quot;iso&quot;:&quot;100&quot;,&quot;shutter_speed&quot;:&quot;0.0025&quot;,&quot;title&quot;:&quot;&quot;,&quot;orientation&quot;:&quot;1&quot;}\" data-image-title=\"IMG_0118\" data-image-description=\"\" data-image-caption=\"\" data-medium-file=\"https:\/\/www.legistdf.gob.ar\/wp-content\/uploads\/2019\/12\/IMG_0118-300x200.jpg\" data-large-file=\"https:\/\/www.legistdf.gob.ar\/wp-content\/uploads\/2019\/12\/IMG_0118-1024x683.jpg\" \/><\/a>\n\t\t\t<\/dt><\/dl><dl class='gallery-item'>\n\t\t\t<dt class='gallery-icon landscape'>\n\t\t\t\t<a href='https:\/\/www.legistdf.gob.ar\/index.php\/2019\/12\/08\/salud-la-asociacion-civil-reencontrandonos-tiene-edificio-propio\/img_0120-4\/'><img loading=\"lazy\" decoding=\"async\" width=\"150\" height=\"150\" src=\"https:\/\/www.legistdf.gob.ar\/wp-content\/uploads\/2019\/12\/IMG_0120-150x150.jpg\" class=\"attachment-thumbnail size-thumbnail\" alt=\"\" srcset=\"https:\/\/www.legistdf.gob.ar\/wp-content\/uploads\/2019\/12\/IMG_0120-150x150.jpg 150w, https:\/\/www.legistdf.gob.ar\/wp-content\/uploads\/2019\/12\/IMG_0120-64x64.jpg 64w\" sizes=\"(max-width: 150px) 100vw, 150px\" data-attachment-id=\"17306\" data-permalink=\"https:\/\/www.legistdf.gob.ar\/index.php\/2019\/12\/08\/salud-la-asociacion-civil-reencontrandonos-tiene-edificio-propio\/img_0120-4\/\" data-orig-file=\"https:\/\/www.legistdf.gob.ar\/wp-content\/uploads\/2019\/12\/IMG_0120.jpg\" data-orig-size=\"1500,1000\" data-comments-opened=\"0\" data-image-meta=\"{&quot;aperture&quot;:&quot;5&quot;,&quot;credit&quot;:&quot;&quot;,&quot;camera&quot;:&quot;Canon EOS 6D&quot;,&quot;caption&quot;:&quot;&quot;,&quot;created_timestamp&quot;:&quot;1575620139&quot;,&quot;copyright&quot;:&quot;&quot;,&quot;focal_length&quot;:&quot;24&quot;,&quot;iso&quot;:&quot;100&quot;,&quot;shutter_speed&quot;:&quot;0.0025&quot;,&quot;title&quot;:&quot;&quot;,&quot;orientation&quot;:&quot;1&quot;}\" data-image-title=\"IMG_0120\" data-image-description=\"\" data-image-caption=\"\" data-medium-file=\"https:\/\/www.legistdf.gob.ar\/wp-content\/uploads\/2019\/12\/IMG_0120-300x200.jpg\" data-large-file=\"https:\/\/www.legistdf.gob.ar\/wp-content\/uploads\/2019\/12\/IMG_0120-1024x683.jpg\" \/><\/a>\n\t\t\t<\/dt><\/dl><br style=\"clear: both\" \/><dl class='gallery-item'>\n\t\t\t<dt class='gallery-icon landscape'>\n\t\t\t\t<a href='https:\/\/www.legistdf.gob.ar\/index.php\/2019\/12\/08\/salud-la-asociacion-civil-reencontrandonos-tiene-edificio-propio\/img_0124-4\/'><img loading=\"lazy\" decoding=\"async\" width=\"150\" height=\"150\" src=\"https:\/\/www.legistdf.gob.ar\/wp-content\/uploads\/2019\/12\/IMG_0124-150x150.jpg\" class=\"attachment-thumbnail size-thumbnail\" alt=\"\" srcset=\"https:\/\/www.legistdf.gob.ar\/wp-content\/uploads\/2019\/12\/IMG_0124-150x150.jpg 150w, https:\/\/www.legistdf.gob.ar\/wp-content\/uploads\/2019\/12\/IMG_0124-64x64.jpg 64w\" sizes=\"(max-width: 150px) 100vw, 150px\" data-attachment-id=\"17307\" data-permalink=\"https:\/\/www.legistdf.gob.ar\/index.php\/2019\/12\/08\/salud-la-asociacion-civil-reencontrandonos-tiene-edificio-propio\/img_0124-4\/\" data-orig-file=\"https:\/\/www.legistdf.gob.ar\/wp-content\/uploads\/2019\/12\/IMG_0124.jpg\" data-orig-size=\"1500,1000\" data-comments-opened=\"0\" data-image-meta=\"{&quot;aperture&quot;:&quot;5&quot;,&quot;credit&quot;:&quot;&quot;,&quot;camera&quot;:&quot;Canon EOS 6D&quot;,&quot;caption&quot;:&quot;&quot;,&quot;created_timestamp&quot;:&quot;1575620391&quot;,&quot;copyright&quot;:&quot;&quot;,&quot;focal_length&quot;:&quot;25&quot;,&quot;iso&quot;:&quot;400&quot;,&quot;shutter_speed&quot;:&quot;0.00625&quot;,&quot;title&quot;:&quot;&quot;,&quot;orientation&quot;:&quot;1&quot;}\" data-image-title=\"IMG_0124\" data-image-description=\"\" data-image-caption=\"\" data-medium-file=\"https:\/\/www.legistdf.gob.ar\/wp-content\/uploads\/2019\/12\/IMG_0124-300x200.jpg\" data-large-file=\"https:\/\/www.legistdf.gob.ar\/wp-content\/uploads\/2019\/12\/IMG_0124-1024x683.jpg\" \/><\/a>\n\t\t\t<\/dt><\/dl><dl class='gallery-item'>\n\t\t\t<dt class='gallery-icon landscape'>\n\t\t\t\t<a href='https:\/\/www.legistdf.gob.ar\/index.php\/2019\/12\/08\/salud-la-asociacion-civil-reencontrandonos-tiene-edificio-propio\/img_0126-4\/'><img loading=\"lazy\" decoding=\"async\" width=\"150\" height=\"150\" src=\"https:\/\/www.legistdf.gob.ar\/wp-content\/uploads\/2019\/12\/IMG_0126-150x150.jpg\" class=\"attachment-thumbnail size-thumbnail\" alt=\"\" srcset=\"https:\/\/www.legistdf.gob.ar\/wp-content\/uploads\/2019\/12\/IMG_0126-150x150.jpg 150w, https:\/\/www.legistdf.gob.ar\/wp-content\/uploads\/2019\/12\/IMG_0126-64x64.jpg 64w\" sizes=\"(max-width: 150px) 100vw, 150px\" data-attachment-id=\"17308\" data-permalink=\"https:\/\/www.legistdf.gob.ar\/index.php\/2019\/12\/08\/salud-la-asociacion-civil-reencontrandonos-tiene-edificio-propio\/img_0126-4\/\" data-orig-file=\"https:\/\/www.legistdf.gob.ar\/wp-content\/uploads\/2019\/12\/IMG_0126.jpg\" data-orig-size=\"1500,1000\" data-comments-opened=\"0\" data-image-meta=\"{&quot;aperture&quot;:&quot;5&quot;,&quot;credit&quot;:&quot;&quot;,&quot;camera&quot;:&quot;Canon EOS 6D&quot;,&quot;caption&quot;:&quot;&quot;,&quot;created_timestamp&quot;:&quot;1575620424&quot;,&quot;copyright&quot;:&quot;&quot;,&quot;focal_length&quot;:&quot;26&quot;,&quot;iso&quot;:&quot;400&quot;,&quot;shutter_speed&quot;:&quot;0.00625&quot;,&quot;title&quot;:&quot;&quot;,&quot;orientation&quot;:&quot;1&quot;}\" data-image-title=\"IMG_0126\" data-image-description=\"\" data-image-caption=\"\" data-medium-file=\"https:\/\/www.legistdf.gob.ar\/wp-content\/uploads\/2019\/12\/IMG_0126-300x200.jpg\" data-large-file=\"https:\/\/www.legistdf.gob.ar\/wp-content\/uploads\/2019\/12\/IMG_0126-1024x683.jpg\" \/><\/a>\n\t\t\t<\/dt><\/dl><dl class='gallery-item'>\n\t\t\t<dt class='gallery-icon landscape'>\n\t\t\t\t<a href='https:\/\/www.legistdf.gob.ar\/index.php\/2019\/12\/08\/salud-la-asociacion-civil-reencontrandonos-tiene-edificio-propio\/img_0160-3\/'><img loading=\"lazy\" decoding=\"async\" width=\"150\" height=\"150\" src=\"https:\/\/www.legistdf.gob.ar\/wp-content\/uploads\/2019\/12\/IMG_0160-150x150.jpg\" class=\"attachment-thumbnail size-thumbnail\" alt=\"\" srcset=\"https:\/\/www.legistdf.gob.ar\/wp-content\/uploads\/2019\/12\/IMG_0160-150x150.jpg 150w, https:\/\/www.legistdf.gob.ar\/wp-content\/uploads\/2019\/12\/IMG_0160-64x64.jpg 64w\" sizes=\"(max-width: 150px) 100vw, 150px\" data-attachment-id=\"17309\" data-permalink=\"https:\/\/www.legistdf.gob.ar\/index.php\/2019\/12\/08\/salud-la-asociacion-civil-reencontrandonos-tiene-edificio-propio\/img_0160-3\/\" data-orig-file=\"https:\/\/www.legistdf.gob.ar\/wp-content\/uploads\/2019\/12\/IMG_0160.jpg\" data-orig-size=\"1500,1000\" data-comments-opened=\"0\" data-image-meta=\"{&quot;aperture&quot;:&quot;5&quot;,&quot;credit&quot;:&quot;&quot;,&quot;camera&quot;:&quot;Canon EOS 6D&quot;,&quot;caption&quot;:&quot;&quot;,&quot;created_timestamp&quot;:&quot;1575622376&quot;,&quot;copyright&quot;:&quot;&quot;,&quot;focal_length&quot;:&quot;33&quot;,&quot;iso&quot;:&quot;400&quot;,&quot;shutter_speed&quot;:&quot;0.008&quot;,&quot;title&quot;:&quot;&quot;,&quot;orientation&quot;:&quot;1&quot;}\" data-image-title=\"IMG_0160\" data-image-description=\"\" data-image-caption=\"\" data-medium-file=\"https:\/\/www.legistdf.gob.ar\/wp-content\/uploads\/2019\/12\/IMG_0160-300x200.jpg\" data-large-file=\"https:\/\/www.legistdf.gob.ar\/wp-content\/uploads\/2019\/12\/IMG_0160-1024x683.jpg\" \/><\/a>\n\t\t\t<\/dt><\/dl><br style=\"clear: both\" \/><dl class='gallery-item'>\n\t\t\t<dt class='gallery-icon landscape'>\n\t\t\t\t<a href='https:\/\/www.legistdf.gob.ar\/index.php\/2019\/12\/08\/salud-la-asociacion-civil-reencontrandonos-tiene-edificio-propio\/img_0193-2\/'><img loading=\"lazy\" decoding=\"async\" width=\"150\" height=\"150\" src=\"https:\/\/www.legistdf.gob.ar\/wp-content\/uploads\/2019\/12\/IMG_0193-150x150.jpg\" class=\"attachment-thumbnail size-thumbnail\" alt=\"\" srcset=\"https:\/\/www.legistdf.gob.ar\/wp-content\/uploads\/2019\/12\/IMG_0193-150x150.jpg 150w, https:\/\/www.legistdf.gob.ar\/wp-content\/uploads\/2019\/12\/IMG_0193-64x64.jpg 64w\" sizes=\"(max-width: 150px) 100vw, 150px\" data-attachment-id=\"17310\" data-permalink=\"https:\/\/www.legistdf.gob.ar\/index.php\/2019\/12\/08\/salud-la-asociacion-civil-reencontrandonos-tiene-edificio-propio\/img_0193-2\/\" data-orig-file=\"https:\/\/www.legistdf.gob.ar\/wp-content\/uploads\/2019\/12\/IMG_0193.jpg\" data-orig-size=\"1500,1000\" data-comments-opened=\"0\" data-image-meta=\"{&quot;aperture&quot;:&quot;5&quot;,&quot;credit&quot;:&quot;&quot;,&quot;camera&quot;:&quot;Canon EOS 6D&quot;,&quot;caption&quot;:&quot;&quot;,&quot;created_timestamp&quot;:&quot;1575622516&quot;,&quot;copyright&quot;:&quot;&quot;,&quot;focal_length&quot;:&quot;41&quot;,&quot;iso&quot;:&quot;400&quot;,&quot;shutter_speed&quot;:&quot;0.008&quot;,&quot;title&quot;:&quot;&quot;,&quot;orientation&quot;:&quot;0&quot;}\" data-image-title=\"IMG_0193\" data-image-description=\"\" data-image-caption=\"\" data-medium-file=\"https:\/\/www.legistdf.gob.ar\/wp-content\/uploads\/2019\/12\/IMG_0193-300x200.jpg\" data-large-file=\"https:\/\/www.legistdf.gob.ar\/wp-content\/uploads\/2019\/12\/IMG_0193-1024x683.jpg\" \/><\/a>\n\t\t\t<\/dt><\/dl><dl class='gallery-item'>\n\t\t\t<dt class='gallery-icon landscape'>\n\t\t\t\t<a href='https:\/\/www.legistdf.gob.ar\/index.php\/2019\/12\/08\/salud-la-asociacion-civil-reencontrandonos-tiene-edificio-propio\/img_0215-4\/'><img loading=\"lazy\" decoding=\"async\" width=\"150\" height=\"150\" src=\"https:\/\/www.legistdf.gob.ar\/wp-content\/uploads\/2019\/12\/IMG_0215-150x150.jpg\" class=\"attachment-thumbnail size-thumbnail\" alt=\"\" srcset=\"https:\/\/www.legistdf.gob.ar\/wp-content\/uploads\/2019\/12\/IMG_0215-150x150.jpg 150w, https:\/\/www.legistdf.gob.ar\/wp-content\/uploads\/2019\/12\/IMG_0215-64x64.jpg 64w\" sizes=\"(max-width: 150px) 100vw, 150px\" data-attachment-id=\"17312\" data-permalink=\"https:\/\/www.legistdf.gob.ar\/index.php\/2019\/12\/08\/salud-la-asociacion-civil-reencontrandonos-tiene-edificio-propio\/img_0215-4\/\" data-orig-file=\"https:\/\/www.legistdf.gob.ar\/wp-content\/uploads\/2019\/12\/IMG_0215.jpg\" data-orig-size=\"1500,1000\" data-comments-opened=\"0\" data-image-meta=\"{&quot;aperture&quot;:&quot;5&quot;,&quot;credit&quot;:&quot;&quot;,&quot;camera&quot;:&quot;Canon EOS 6D&quot;,&quot;caption&quot;:&quot;&quot;,&quot;created_timestamp&quot;:&quot;1575622850&quot;,&quot;copyright&quot;:&quot;&quot;,&quot;focal_length&quot;:&quot;31&quot;,&quot;iso&quot;:&quot;400&quot;,&quot;shutter_speed&quot;:&quot;0.008&quot;,&quot;title&quot;:&quot;&quot;,&quot;orientation&quot;:&quot;1&quot;}\" data-image-title=\"IMG_0215\" data-image-description=\"\" data-image-caption=\"\" data-medium-file=\"https:\/\/www.legistdf.gob.ar\/wp-content\/uploads\/2019\/12\/IMG_0215-300x200.jpg\" data-large-file=\"https:\/\/www.legistdf.gob.ar\/wp-content\/uploads\/2019\/12\/IMG_0215-1024x683.jpg\" \/><\/a>\n\t\t\t<\/dt><\/dl>\n\t\t\t<br style='clear: both' \/>\n\t\t<\/div>\n\n","protected":false},"excerpt":{"rendered":"<p>Ushuaia, domingo 8 de diciembre de 2019.- La comunidad del centro preventivo asistencial Asociaci\u00f3n Civil Reencontr\u00e1ndonos ya cuenta con su edificio propio y a poco de inaugurarse, abrieron las puertas a la comunidad. Invitaron a distintos actores \u201cque hicieron posible este sue\u00f1o y fueron parte de este largo camino\u201d, dijo Estela Lavenia. De la recorrida, [&hellip;]<\/p>\n","protected":false},"author":352,"featured_media":17301,"comment_status":"closed","ping_status":"open","sticky":false,"template":"","format":"standard","meta":{"jetpack_post_was_ever_published":false,"_jetpack_newsletter_access":"","_jetpack_dont_email_post_to_subs":false,"_jetpack_newsletter_tier_id":0,"footnotes":"","jetpack_publicize_message":"SALUD: La Asociaci\u00f3n Civil Reencontr\u00e1ndonos tiene edificio propio #Salud #Ushuaia #TierradelFuego #LegisTDF","jetpack_publicize_feature_enabled":true,"jetpack_social_post_already_shared":true,"jetpack_social_options":{"image_generator_settings":{"template":"highway","enabled":false}}},"categories":[1],"tags":[1673,155,87],"jetpack_publicize_connections":[],"jetpack_sharing_enabled":true,"jetpack_featured_media_url":"https:\/\/www.legistdf.gob.ar\/wp-content\/uploads\/2019\/12\/IMG_0091.jpg","jetpack-related-posts":[],"_links":{"self":[{"href":"https:\/\/www.legistdf.gob.ar\/index.php\/wp-json\/wp\/v2\/posts\/17300"}],"collection":[{"href":"https:\/\/www.legistdf.gob.ar\/index.php\/wp-json\/wp\/v2\/posts"}],"about":[{"href":"https:\/\/www.legistdf.gob.ar\/index.php\/wp-json\/wp\/v2\/types\/post"}],"author":[{"embeddable":true,"href":"https:\/\/www.legistdf.gob.ar\/index.php\/wp-json\/wp\/v2\/users\/352"}],"replies":[{"embeddable":true,"href":"https:\/\/www.legistdf.gob.ar\/index.php\/wp-json\/wp\/v2\/comments?post=17300"}],"version-history":[{"count":4,"href":"https:\/\/www.legistdf.gob.ar\/index.php\/wp-json\/wp\/v2\/posts\/17300\/revisions"}],"predecessor-version":[{"id":17327,"href":"https:\/\/www.legistdf.gob.ar\/index.php\/wp-json\/wp\/v2\/posts\/17300\/revisions\/17327"}],"wp:featuredmedia":[{"embeddable":true,"href":"https:\/\/www.legistdf.gob.ar\/index.php\/wp-json\/wp\/v2\/media\/17301"}],"wp:attachment":[{"href":"https:\/\/www.legistdf.gob.ar\/index.php\/wp-json\/wp\/v2\/media?parent=17300"}],"wp:term":[{"taxonomy":"category","embeddable":true,"href":"https:\/\/www.legistdf.gob.ar\/index.php\/wp-json\/wp\/v2\/categories?post=17300"},{"taxonomy":"post_tag","embeddable":true,"href":"https:\/\/www.legistdf.gob.ar\/index.php\/wp-json\/wp\/v2\/tags?post=17300"}],"curies":[{"name":"wp","href":"https:\/\/api.w.org\/{rel}","templated":true}]}}