{"id":17315,"date":"2019-12-07T17:14:56","date_gmt":"2019-12-07T20:14:56","guid":{"rendered":"http:\/\/www.legistdf.gob.ar\/?p=17315"},"modified":"2019-12-07T17:14:56","modified_gmt":"2019-12-07T20:14:56","slug":"salud-inauguraron-el-hospital-de-dia-de-luccau-ana-esparza","status":"publish","type":"post","link":"https:\/\/www.legistdf.gob.ar\/index.php\/2019\/12\/07\/salud-inauguraron-el-hospital-de-dia-de-luccau-ana-esparza\/","title":{"rendered":"SALUD: Inauguraron el hospital de d\u00eda de LUCCAU \u201cAna Esparza\u00bb"},"content":{"rendered":"<p><strong>Ushuaia, s\u00e1bado 7 de diciembre de 2019.- Celebraron la inauguraci\u00f3n de la nueva sala de pacientes oncol\u00f3gicos del hospital de d\u00eda de la Liga de Lucha contra el C\u00e1ncer Ushuaia. El espacio, forma parte del proyecto de crecimiento de la instituci\u00f3n en busca de brindar \u00abafectividad y efectividad\u00bb y proporcionar mejores servicios a la comunidad en relaci\u00f3n a la problem\u00e1tica de esa patolog\u00eda. Al evento, asisti\u00f3 la presidenta de la Comisi\u00f3n de Salud P\u00fablica de la Legislatura, legisladora Liliana Mart\u00ednez Allende.<\/strong><\/p>\n<p>&nbsp;<\/p>\n<p>En di\u00e1logo con la prensa, la titular de LUCCAU, Adela Recalde, dijo que el nuevo hospital de d\u00eda habla a las claras de \u201ccompromiso de pensar m\u00e1s all\u00e1 de los intereses particulares\u201d y generar \u00e1mbitos para \u201cnuestros vecinos. Va a significar, para quienes tienen que pasar por un momento tan dif\u00edcil, brindarles un lugar confortable, est\u00e9ticamente bello y calidad humana indiscutible\u201d. Indic\u00f3 adem\u00e1s, que se trata de \u201cotro hito\u201d de LUCCAU dirigido a pacientes que deban recibir tratamientos de quimioterapia.<\/p>\n<p>&nbsp;<\/p>\n<p>El nuevo espacio fue bautizado Ana Esparza. De la inauguraci\u00f3n participaron los cuatro hijos de la exministra de Desarrollo Social de la Provincia. El momento, por dem\u00e1s emotivo, signific\u00f3 un reconocimiento a la vecina ushuaiense que fue celebrado por todos.<\/p>\n<p>&nbsp;<\/p>\n<p>El hospital de d\u00eda, con que cuenta la instituci\u00f3n, tambi\u00e9n es aprovechado por pacientes con diagn\u00f3stico con patolog\u00edas no oncol\u00f3gicas con enfermedades autoinmunes, reumat\u00f3gicas, entre otras \u201cque requieren de varias horas de tratamiento\u201d, informaron desde la organizaci\u00f3n. Cuenta tambi\u00e9n de una enfermer\u00eda y preparaci\u00f3n de quimioterapia y otras drogas con una cabina de flujo, utilizado para limpiar flujos de aire. Estas disposiciones permiten cumplir con normas de bioseguridad.<\/p>\n<p>&nbsp;<\/p>\n<p>Del evento, participaron la gobernadora de Tierra del Fuego, Dra. Rosana Bertone; el intendente de Ushuaia, Walter Vuoto; el presidente de la Asociaci\u00f3n Oncologica Clinica de la Argentina, Dr. Jos\u00e9 Mar\u00eda Lastiri; el senador Nacional, Mat\u00edas Rodr\u00edguez y Legisladores electos y la directora M\u00e9dica de LUCCAU,\u00a0 Dra. Ver\u00f3nica Bar\u00f3; la fundadora de la primera filial de la antigua LALCEC, Eugenie Posleman de S\u00e1nchez.<\/p>\n<p>&nbsp;<\/p>\n<p style=\"text-align: right\"><em>Fotograf\u00edas gentileza prensa bloque UCR (Pamela P\u00e9rez) &#8211; AT<\/em><\/p>\n\n\t\t<style type=\"text\/css\">\n\t\t\t#gallery-1 {\n\t\t\t\tmargin: auto;\n\t\t\t}\n\t\t\t#gallery-1 .gallery-item {\n\t\t\t\tfloat: left;\n\t\t\t\tmargin-top: 10px;\n\t\t\t\ttext-align: center;\n\t\t\t\twidth: 33%;\n\t\t\t}\n\t\t\t#gallery-1 img {\n\t\t\t\tborder: 2px solid #cfcfcf;\n\t\t\t}\n\t\t\t#gallery-1 .gallery-caption {\n\t\t\t\tmargin-left: 0;\n\t\t\t}\n\t\t\t\/* see gallery_shortcode() in wp-includes\/media.php *\/\n\t\t<\/style>\n\t\t<div data-carousel-extra='{\"blog_id\":1,\"permalink\":\"https:\\\/\\\/www.legistdf.gob.ar\\\/index.php\\\/2019\\\/12\\\/07\\\/salud-inauguraron-el-hospital-de-dia-de-luccau-ana-esparza\\\/\"}' id='gallery-1' class='gallery galleryid-17315 gallery-columns-3 gallery-size-thumbnail'><dl class='gallery-item'>\n\t\t\t<dt class='gallery-icon landscape'>\n\t\t\t\t<a href='https:\/\/www.legistdf.gob.ar\/index.php\/2019\/12\/07\/salud-inauguraron-el-hospital-de-dia-de-luccau-ana-esparza\/picsart_12-06-09-25-28\/'><img loading=\"lazy\" decoding=\"async\" width=\"150\" height=\"150\" src=\"https:\/\/www.legistdf.gob.ar\/wp-content\/uploads\/2019\/12\/PicsArt_12-06-09.25.28-150x150.jpg\" class=\"attachment-thumbnail size-thumbnail\" alt=\"\" srcset=\"https:\/\/www.legistdf.gob.ar\/wp-content\/uploads\/2019\/12\/PicsArt_12-06-09.25.28-150x150.jpg 150w, https:\/\/www.legistdf.gob.ar\/wp-content\/uploads\/2019\/12\/PicsArt_12-06-09.25.28-64x64.jpg 64w\" sizes=\"(max-width: 150px) 100vw, 150px\" data-attachment-id=\"17321\" data-permalink=\"https:\/\/www.legistdf.gob.ar\/index.php\/2019\/12\/07\/salud-inauguraron-el-hospital-de-dia-de-luccau-ana-esparza\/picsart_12-06-09-25-28\/\" data-orig-file=\"https:\/\/www.legistdf.gob.ar\/wp-content\/uploads\/2019\/12\/PicsArt_12-06-09.25.28.jpg\" data-orig-size=\"2209,1869\" data-comments-opened=\"0\" data-image-meta=\"{&quot;aperture&quot;:&quot;7.1&quot;,&quot;credit&quot;:&quot;&quot;,&quot;camera&quot;:&quot;Canon EOS REBEL T3i&quot;,&quot;caption&quot;:&quot;&quot;,&quot;created_timestamp&quot;:&quot;0&quot;,&quot;copyright&quot;:&quot;&quot;,&quot;focal_length&quot;:&quot;18&quot;,&quot;iso&quot;:&quot;100&quot;,&quot;shutter_speed&quot;:&quot;0.0125&quot;,&quot;title&quot;:&quot;&quot;,&quot;orientation&quot;:&quot;1&quot;}\" data-image-title=\"PicsArt_12-06-09.25.28\" data-image-description=\"\" data-image-caption=\"\" data-medium-file=\"https:\/\/www.legistdf.gob.ar\/wp-content\/uploads\/2019\/12\/PicsArt_12-06-09.25.28-300x254.jpg\" data-large-file=\"https:\/\/www.legistdf.gob.ar\/wp-content\/uploads\/2019\/12\/PicsArt_12-06-09.25.28-1024x866.jpg\" \/><\/a>\n\t\t\t<\/dt><\/dl><dl class='gallery-item'>\n\t\t\t<dt class='gallery-icon landscape'>\n\t\t\t\t<a href='https:\/\/www.legistdf.gob.ar\/index.php\/2019\/12\/07\/salud-inauguraron-el-hospital-de-dia-de-luccau-ana-esparza\/picsart_12-06-09-16-04\/'><img loading=\"lazy\" decoding=\"async\" width=\"150\" height=\"150\" src=\"https:\/\/www.legistdf.gob.ar\/wp-content\/uploads\/2019\/12\/PicsArt_12-06-09.16.04-150x150.jpg\" class=\"attachment-thumbnail size-thumbnail\" alt=\"\" srcset=\"https:\/\/www.legistdf.gob.ar\/wp-content\/uploads\/2019\/12\/PicsArt_12-06-09.16.04-150x150.jpg 150w, https:\/\/www.legistdf.gob.ar\/wp-content\/uploads\/2019\/12\/PicsArt_12-06-09.16.04-64x64.jpg 64w\" sizes=\"(max-width: 150px) 100vw, 150px\" data-attachment-id=\"17316\" data-permalink=\"https:\/\/www.legistdf.gob.ar\/index.php\/2019\/12\/07\/salud-inauguraron-el-hospital-de-dia-de-luccau-ana-esparza\/picsart_12-06-09-16-04\/\" data-orig-file=\"https:\/\/www.legistdf.gob.ar\/wp-content\/uploads\/2019\/12\/PicsArt_12-06-09.16.04.jpg\" data-orig-size=\"2803,1737\" data-comments-opened=\"0\" data-image-meta=\"{&quot;aperture&quot;:&quot;9&quot;,&quot;credit&quot;:&quot;&quot;,&quot;camera&quot;:&quot;Canon EOS REBEL T3i&quot;,&quot;caption&quot;:&quot;&quot;,&quot;created_timestamp&quot;:&quot;0&quot;,&quot;copyright&quot;:&quot;&quot;,&quot;focal_length&quot;:&quot;18&quot;,&quot;iso&quot;:&quot;200&quot;,&quot;shutter_speed&quot;:&quot;0.0166&quot;,&quot;title&quot;:&quot;&quot;,&quot;orientation&quot;:&quot;1&quot;}\" data-image-title=\"PicsArt_12-06-09.16.04\" data-image-description=\"\" data-image-caption=\"\" data-medium-file=\"https:\/\/www.legistdf.gob.ar\/wp-content\/uploads\/2019\/12\/PicsArt_12-06-09.16.04-300x186.jpg\" data-large-file=\"https:\/\/www.legistdf.gob.ar\/wp-content\/uploads\/2019\/12\/PicsArt_12-06-09.16.04-1024x635.jpg\" \/><\/a>\n\t\t\t<\/dt><\/dl><dl class='gallery-item'>\n\t\t\t<dt class='gallery-icon landscape'>\n\t\t\t\t<a href='https:\/\/www.legistdf.gob.ar\/index.php\/2019\/12\/07\/salud-inauguraron-el-hospital-de-dia-de-luccau-ana-esparza\/picsart_12-06-09-19-44\/'><img loading=\"lazy\" decoding=\"async\" width=\"150\" height=\"150\" src=\"https:\/\/www.legistdf.gob.ar\/wp-content\/uploads\/2019\/12\/PicsArt_12-06-09.19.44-150x150.jpg\" class=\"attachment-thumbnail size-thumbnail\" alt=\"\" srcset=\"https:\/\/www.legistdf.gob.ar\/wp-content\/uploads\/2019\/12\/PicsArt_12-06-09.19.44-150x150.jpg 150w, https:\/\/www.legistdf.gob.ar\/wp-content\/uploads\/2019\/12\/PicsArt_12-06-09.19.44-64x64.jpg 64w\" sizes=\"(max-width: 150px) 100vw, 150px\" data-attachment-id=\"17318\" data-permalink=\"https:\/\/www.legistdf.gob.ar\/index.php\/2019\/12\/07\/salud-inauguraron-el-hospital-de-dia-de-luccau-ana-esparza\/picsart_12-06-09-19-44\/\" data-orig-file=\"https:\/\/www.legistdf.gob.ar\/wp-content\/uploads\/2019\/12\/PicsArt_12-06-09.19.44.jpg\" data-orig-size=\"2456,1869\" data-comments-opened=\"0\" data-image-meta=\"{&quot;aperture&quot;:&quot;9&quot;,&quot;credit&quot;:&quot;&quot;,&quot;camera&quot;:&quot;Canon EOS REBEL T3i&quot;,&quot;caption&quot;:&quot;&quot;,&quot;created_timestamp&quot;:&quot;0&quot;,&quot;copyright&quot;:&quot;&quot;,&quot;focal_length&quot;:&quot;18&quot;,&quot;iso&quot;:&quot;100&quot;,&quot;shutter_speed&quot;:&quot;0.0166&quot;,&quot;title&quot;:&quot;&quot;,&quot;orientation&quot;:&quot;1&quot;}\" data-image-title=\"PicsArt_12-06-09.19.44\" data-image-description=\"\" data-image-caption=\"\" data-medium-file=\"https:\/\/www.legistdf.gob.ar\/wp-content\/uploads\/2019\/12\/PicsArt_12-06-09.19.44-300x228.jpg\" data-large-file=\"https:\/\/www.legistdf.gob.ar\/wp-content\/uploads\/2019\/12\/PicsArt_12-06-09.19.44-1024x779.jpg\" \/><\/a>\n\t\t\t<\/dt><\/dl><br style=\"clear: both\" \/><dl class='gallery-item'>\n\t\t\t<dt class='gallery-icon landscape'>\n\t\t\t\t<a href='https:\/\/www.legistdf.gob.ar\/index.php\/2019\/12\/07\/salud-inauguraron-el-hospital-de-dia-de-luccau-ana-esparza\/picsart_12-06-09-17-20\/'><img loading=\"lazy\" decoding=\"async\" width=\"150\" height=\"150\" src=\"https:\/\/www.legistdf.gob.ar\/wp-content\/uploads\/2019\/12\/PicsArt_12-06-09.17.20-150x150.jpg\" class=\"attachment-thumbnail size-thumbnail\" alt=\"\" srcset=\"https:\/\/www.legistdf.gob.ar\/wp-content\/uploads\/2019\/12\/PicsArt_12-06-09.17.20-150x150.jpg 150w, https:\/\/www.legistdf.gob.ar\/wp-content\/uploads\/2019\/12\/PicsArt_12-06-09.17.20-64x64.jpg 64w\" sizes=\"(max-width: 150px) 100vw, 150px\" data-attachment-id=\"17317\" data-permalink=\"https:\/\/www.legistdf.gob.ar\/index.php\/2019\/12\/07\/salud-inauguraron-el-hospital-de-dia-de-luccau-ana-esparza\/picsart_12-06-09-17-20\/\" data-orig-file=\"https:\/\/www.legistdf.gob.ar\/wp-content\/uploads\/2019\/12\/PicsArt_12-06-09.17.20.jpg\" data-orig-size=\"1935,1748\" data-comments-opened=\"0\" data-image-meta=\"{&quot;aperture&quot;:&quot;9&quot;,&quot;credit&quot;:&quot;&quot;,&quot;camera&quot;:&quot;Canon EOS REBEL T3i&quot;,&quot;caption&quot;:&quot;&quot;,&quot;created_timestamp&quot;:&quot;0&quot;,&quot;copyright&quot;:&quot;&quot;,&quot;focal_length&quot;:&quot;27&quot;,&quot;iso&quot;:&quot;200&quot;,&quot;shutter_speed&quot;:&quot;0.0166&quot;,&quot;title&quot;:&quot;&quot;,&quot;orientation&quot;:&quot;1&quot;}\" data-image-title=\"PicsArt_12-06-09.17.20\" data-image-description=\"\" data-image-caption=\"\" data-medium-file=\"https:\/\/www.legistdf.gob.ar\/wp-content\/uploads\/2019\/12\/PicsArt_12-06-09.17.20-300x271.jpg\" data-large-file=\"https:\/\/www.legistdf.gob.ar\/wp-content\/uploads\/2019\/12\/PicsArt_12-06-09.17.20-1024x925.jpg\" \/><\/a>\n\t\t\t<\/dt><\/dl><dl class='gallery-item'>\n\t\t\t<dt class='gallery-icon landscape'>\n\t\t\t\t<a href='https:\/\/www.legistdf.gob.ar\/index.php\/2019\/12\/07\/salud-inauguraron-el-hospital-de-dia-de-luccau-ana-esparza\/picsart_12-06-09-20-48\/'><img loading=\"lazy\" decoding=\"async\" width=\"150\" height=\"150\" src=\"https:\/\/www.legistdf.gob.ar\/wp-content\/uploads\/2019\/12\/PicsArt_12-06-09.20.48-150x150.jpg\" class=\"attachment-thumbnail size-thumbnail\" alt=\"\" srcset=\"https:\/\/www.legistdf.gob.ar\/wp-content\/uploads\/2019\/12\/PicsArt_12-06-09.20.48-150x150.jpg 150w, https:\/\/www.legistdf.gob.ar\/wp-content\/uploads\/2019\/12\/PicsArt_12-06-09.20.48-300x300.jpg 300w, https:\/\/www.legistdf.gob.ar\/wp-content\/uploads\/2019\/12\/PicsArt_12-06-09.20.48-768x765.jpg 768w, https:\/\/www.legistdf.gob.ar\/wp-content\/uploads\/2019\/12\/PicsArt_12-06-09.20.48-1024x1020.jpg 1024w, https:\/\/www.legistdf.gob.ar\/wp-content\/uploads\/2019\/12\/PicsArt_12-06-09.20.48-160x160.jpg 160w, https:\/\/www.legistdf.gob.ar\/wp-content\/uploads\/2019\/12\/PicsArt_12-06-09.20.48-64x64.jpg 64w, https:\/\/www.legistdf.gob.ar\/wp-content\/uploads\/2019\/12\/PicsArt_12-06-09.20.48.jpg 1746w\" sizes=\"(max-width: 150px) 100vw, 150px\" data-attachment-id=\"17319\" data-permalink=\"https:\/\/www.legistdf.gob.ar\/index.php\/2019\/12\/07\/salud-inauguraron-el-hospital-de-dia-de-luccau-ana-esparza\/picsart_12-06-09-20-48\/\" data-orig-file=\"https:\/\/www.legistdf.gob.ar\/wp-content\/uploads\/2019\/12\/PicsArt_12-06-09.20.48.jpg\" data-orig-size=\"1746,1740\" data-comments-opened=\"0\" data-image-meta=\"{&quot;aperture&quot;:&quot;9&quot;,&quot;credit&quot;:&quot;&quot;,&quot;camera&quot;:&quot;Canon EOS REBEL T3i&quot;,&quot;caption&quot;:&quot;&quot;,&quot;created_timestamp&quot;:&quot;0&quot;,&quot;copyright&quot;:&quot;&quot;,&quot;focal_length&quot;:&quot;18&quot;,&quot;iso&quot;:&quot;100&quot;,&quot;shutter_speed&quot;:&quot;0.0166&quot;,&quot;title&quot;:&quot;&quot;,&quot;orientation&quot;:&quot;1&quot;}\" data-image-title=\"PicsArt_12-06-09.20.48\" data-image-description=\"\" data-image-caption=\"\" data-medium-file=\"https:\/\/www.legistdf.gob.ar\/wp-content\/uploads\/2019\/12\/PicsArt_12-06-09.20.48-300x300.jpg\" data-large-file=\"https:\/\/www.legistdf.gob.ar\/wp-content\/uploads\/2019\/12\/PicsArt_12-06-09.20.48-1024x1020.jpg\" \/><\/a>\n\t\t\t<\/dt><\/dl><dl class='gallery-item'>\n\t\t\t<dt class='gallery-icon landscape'>\n\t\t\t\t<a href='https:\/\/www.legistdf.gob.ar\/index.php\/2019\/12\/07\/salud-inauguraron-el-hospital-de-dia-de-luccau-ana-esparza\/picsart_12-06-09-22-12\/'><img loading=\"lazy\" decoding=\"async\" width=\"150\" height=\"150\" src=\"https:\/\/www.legistdf.gob.ar\/wp-content\/uploads\/2019\/12\/PicsArt_12-06-09.22.12-150x150.jpg\" class=\"attachment-thumbnail size-thumbnail\" alt=\"\" srcset=\"https:\/\/www.legistdf.gob.ar\/wp-content\/uploads\/2019\/12\/PicsArt_12-06-09.22.12-150x150.jpg 150w, https:\/\/www.legistdf.gob.ar\/wp-content\/uploads\/2019\/12\/PicsArt_12-06-09.22.12-64x64.jpg 64w\" sizes=\"(max-width: 150px) 100vw, 150px\" data-attachment-id=\"17320\" data-permalink=\"https:\/\/www.legistdf.gob.ar\/index.php\/2019\/12\/07\/salud-inauguraron-el-hospital-de-dia-de-luccau-ana-esparza\/picsart_12-06-09-22-12\/\" data-orig-file=\"https:\/\/www.legistdf.gob.ar\/wp-content\/uploads\/2019\/12\/PicsArt_12-06-09.22.12.jpg\" data-orig-size=\"2158,1809\" data-comments-opened=\"0\" data-image-meta=\"{&quot;aperture&quot;:&quot;8&quot;,&quot;credit&quot;:&quot;&quot;,&quot;camera&quot;:&quot;Canon EOS REBEL T3i&quot;,&quot;caption&quot;:&quot;&quot;,&quot;created_timestamp&quot;:&quot;0&quot;,&quot;copyright&quot;:&quot;&quot;,&quot;focal_length&quot;:&quot;36&quot;,&quot;iso&quot;:&quot;100&quot;,&quot;shutter_speed&quot;:&quot;0.0166&quot;,&quot;title&quot;:&quot;&quot;,&quot;orientation&quot;:&quot;1&quot;}\" data-image-title=\"PicsArt_12-06-09.22.12\" data-image-description=\"\" data-image-caption=\"\" data-medium-file=\"https:\/\/www.legistdf.gob.ar\/wp-content\/uploads\/2019\/12\/PicsArt_12-06-09.22.12-300x251.jpg\" data-large-file=\"https:\/\/www.legistdf.gob.ar\/wp-content\/uploads\/2019\/12\/PicsArt_12-06-09.22.12-1024x858.jpg\" \/><\/a>\n\t\t\t<\/dt><\/dl><br style=\"clear: both\" \/>\n\t\t<\/div>\n\n","protected":false},"excerpt":{"rendered":"<p>Ushuaia, s\u00e1bado 7 de diciembre de 2019.- Celebraron la inauguraci\u00f3n de la nueva sala de pacientes oncol\u00f3gicos del hospital de d\u00eda de la Liga de Lucha contra el C\u00e1ncer Ushuaia. El espacio, forma parte del proyecto de crecimiento de la instituci\u00f3n en busca de brindar \u00abafectividad y efectividad\u00bb y proporcionar mejores servicios a la comunidad [&hellip;]<\/p>\n","protected":false},"author":352,"featured_media":17320,"comment_status":"closed","ping_status":"open","sticky":false,"template":"","format":"standard","meta":{"jetpack_post_was_ever_published":false,"_jetpack_newsletter_access":"","_jetpack_dont_email_post_to_subs":false,"_jetpack_newsletter_tier_id":0,"footnotes":"","jetpack_publicize_message":"SALUD: Inauguraron el hospital de d\u00eda de LUCCAU \u201cAna Esparza\" #Salud #LegisTDF #Ushuaia #TierradelFuego","jetpack_publicize_feature_enabled":true,"jetpack_social_post_already_shared":true,"jetpack_social_options":{"image_generator_settings":{"template":"highway","enabled":false}}},"categories":[1],"tags":[155,1692,48,79],"jetpack_publicize_connections":[],"jetpack_sharing_enabled":true,"jetpack_featured_media_url":"https:\/\/www.legistdf.gob.ar\/wp-content\/uploads\/2019\/12\/PicsArt_12-06-09.22.12.jpg","jetpack-related-posts":[],"_links":{"self":[{"href":"https:\/\/www.legistdf.gob.ar\/index.php\/wp-json\/wp\/v2\/posts\/17315"}],"collection":[{"href":"https:\/\/www.legistdf.gob.ar\/index.php\/wp-json\/wp\/v2\/posts"}],"about":[{"href":"https:\/\/www.legistdf.gob.ar\/index.php\/wp-json\/wp\/v2\/types\/post"}],"author":[{"embeddable":true,"href":"https:\/\/www.legistdf.gob.ar\/index.php\/wp-json\/wp\/v2\/users\/352"}],"replies":[{"embeddable":true,"href":"https:\/\/www.legistdf.gob.ar\/index.php\/wp-json\/wp\/v2\/comments?post=17315"}],"version-history":[{"count":2,"href":"https:\/\/www.legistdf.gob.ar\/index.php\/wp-json\/wp\/v2\/posts\/17315\/revisions"}],"predecessor-version":[{"id":17323,"href":"https:\/\/www.legistdf.gob.ar\/index.php\/wp-json\/wp\/v2\/posts\/17315\/revisions\/17323"}],"wp:featuredmedia":[{"embeddable":true,"href":"https:\/\/www.legistdf.gob.ar\/index.php\/wp-json\/wp\/v2\/media\/17320"}],"wp:attachment":[{"href":"https:\/\/www.legistdf.gob.ar\/index.php\/wp-json\/wp\/v2\/media?parent=17315"}],"wp:term":[{"taxonomy":"category","embeddable":true,"href":"https:\/\/www.legistdf.gob.ar\/index.php\/wp-json\/wp\/v2\/categories?post=17315"},{"taxonomy":"post_tag","embeddable":true,"href":"https:\/\/www.legistdf.gob.ar\/index.php\/wp-json\/wp\/v2\/tags?post=17315"}],"curies":[{"name":"wp","href":"https:\/\/api.w.org\/{rel}","templated":true}]}}