{"id":17337,"date":"2019-12-09T14:06:49","date_gmt":"2019-12-09T17:06:49","guid":{"rendered":"http:\/\/www.legistdf.gob.ar\/?p=17337"},"modified":"2019-12-09T14:06:49","modified_gmt":"2019-12-09T17:06:49","slug":"justicia-presentan-el-edificio-propio-del-superior-tribunal-en-ushuaia","status":"publish","type":"post","link":"https:\/\/www.legistdf.gob.ar\/index.php\/2019\/12\/09\/justicia-presentan-el-edificio-propio-del-superior-tribunal-en-ushuaia\/","title":{"rendered":"JUSTICIA: Presentan el edificio propio del Superior Tribunal en Ushuaia"},"content":{"rendered":"<p><strong>Ushuaia, lunes 9 de diciembre de 2019.- Se realiz\u00f3 la presentaci\u00f3n de la primera etapa del edificio ubicado en Leopoldo Lugones1831 que contempla un sal\u00f3n y el SUM del lugar. Los integrantes del Superior Tribunal de Justicia agradecieron al Fondo Fiduciario por concretar los fondos necesarios y permitir \u201cmayor acceso a la justicia para todos los vecinos\u201d, destac\u00f3 la jueza, Mar\u00eda del Carmen Battaini.<\/strong><\/p>\n<p>&nbsp;<\/p>\n<p>La presentaci\u00f3n se realiz\u00f3 la ma\u00f1ana de este lunes con la anuencia de cumplirse 25 a\u00f1os del Superior Tribunal de Justicia en Tierra del Fuego. En este sentido, se homenaje\u00f3 y destac\u00f3 al personal que trabaja desde los inicios de la instituci\u00f3n. Los jueces, Gonzalo Sagastume, Mar\u00eda del Carmen Battaini y Javier Muchnik, mencionaron el trabajo y compromiso que demand\u00f3 concretar la primera de tres etapas que tiene la obra que desde 2014 estaba en proyecto.<\/p>\n<p>&nbsp;<\/p>\n<p>Los legisladores Liliana Mart\u00ednez Allende (UCR \u2013 Cambiemos) y Federico Bilota (FPV \u2013 PJ) acompa\u00f1aron, en la oportunidad, a la familia judicial en la celebraci\u00f3n y ponderaron el compromiso para fortalecer el acceso a la justicia con las herramientas y mejoras que se dan a diario.<\/p>\n<p>&nbsp;<\/p>\n<p>El Coro del Fin del Mundo y un video institucional, formaron parte de la celebraci\u00f3n que compartieron con invitados especiales, familiares, referentes de los poderes del Estado y p\u00fablico en general.<\/p>\n","protected":false},"excerpt":{"rendered":"<p>Ushuaia, lunes 9 de diciembre de 2019.- Se realiz\u00f3 la presentaci\u00f3n de la primera etapa del edificio ubicado en Leopoldo Lugones1831 que contempla un sal\u00f3n y el SUM del lugar. Los integrantes del Superior Tribunal de Justicia agradecieron al Fondo Fiduciario por concretar los fondos necesarios y permitir \u201cmayor acceso a la justicia para todos [&hellip;]<\/p>\n","protected":false},"author":352,"featured_media":17350,"comment_status":"closed","ping_status":"open","sticky":false,"template":"","format":"standard","meta":{"jetpack_post_was_ever_published":false,"_jetpack_newsletter_access":"","_jetpack_dont_email_post_to_subs":false,"_jetpack_newsletter_tier_id":0,"footnotes":"","jetpack_publicize_message":"","jetpack_publicize_feature_enabled":true,"jetpack_social_post_already_shared":true,"jetpack_social_options":{"image_generator_settings":{"template":"highway","enabled":false}}},"categories":[1],"tags":[],"jetpack_publicize_connections":[],"jetpack_sharing_enabled":true,"jetpack_featured_media_url":"https:\/\/www.legistdf.gob.ar\/wp-content\/uploads\/2019\/12\/IMG_0319-3.jpg","jetpack-related-posts":[],"_links":{"self":[{"href":"https:\/\/www.legistdf.gob.ar\/index.php\/wp-json\/wp\/v2\/posts\/17337"}],"collection":[{"href":"https:\/\/www.legistdf.gob.ar\/index.php\/wp-json\/wp\/v2\/posts"}],"about":[{"href":"https:\/\/www.legistdf.gob.ar\/index.php\/wp-json\/wp\/v2\/types\/post"}],"author":[{"embeddable":true,"href":"https:\/\/www.legistdf.gob.ar\/index.php\/wp-json\/wp\/v2\/users\/352"}],"replies":[{"embeddable":true,"href":"https:\/\/www.legistdf.gob.ar\/index.php\/wp-json\/wp\/v2\/comments?post=17337"}],"version-history":[{"count":1,"href":"https:\/\/www.legistdf.gob.ar\/index.php\/wp-json\/wp\/v2\/posts\/17337\/revisions"}],"predecessor-version":[{"id":17351,"href":"https:\/\/www.legistdf.gob.ar\/index.php\/wp-json\/wp\/v2\/posts\/17337\/revisions\/17351"}],"wp:featuredmedia":[{"embeddable":true,"href":"https:\/\/www.legistdf.gob.ar\/index.php\/wp-json\/wp\/v2\/media\/17350"}],"wp:attachment":[{"href":"https:\/\/www.legistdf.gob.ar\/index.php\/wp-json\/wp\/v2\/media?parent=17337"}],"wp:term":[{"taxonomy":"category","embeddable":true,"href":"https:\/\/www.legistdf.gob.ar\/index.php\/wp-json\/wp\/v2\/categories?post=17337"},{"taxonomy":"post_tag","embeddable":true,"href":"https:\/\/www.legistdf.gob.ar\/index.php\/wp-json\/wp\/v2\/tags?post=17337"}],"curies":[{"name":"wp","href":"https:\/\/api.w.org\/{rel}","templated":true}]}}