{"id":17982,"date":"2019-12-23T18:01:54","date_gmt":"2019-12-23T21:01:54","guid":{"rendered":"http:\/\/www.legistdf.gob.ar\/?p=17982"},"modified":"2019-12-23T18:02:01","modified_gmt":"2019-12-23T21:02:01","slug":"extraordinaria-finalmente-trataran-catorce-proyectos-del-gobierno-en-sesion","status":"publish","type":"post","link":"https:\/\/www.legistdf.gob.ar\/index.php\/2019\/12\/23\/extraordinaria-finalmente-trataran-catorce-proyectos-del-gobierno-en-sesion\/","title":{"rendered":"EXTRAORDINARIA: Finalmente tratar\u00e1n catorce proyectos del Gobierno en sesi\u00f3n \u00a0"},"content":{"rendered":"<p><strong><img loading=\"lazy\" decoding=\"async\" data-attachment-id=\"17860\" data-permalink=\"https:\/\/www.legistdf.gob.ar\/index.php\/2019\/12\/18\/gobierno-encuentro-multisectorial-analizo-la-realidad-de-tierra-del-fuego\/img_1486\/\" data-orig-file=\"https:\/\/www.legistdf.gob.ar\/wp-content\/uploads\/2019\/12\/IMG_1486.jpg\" data-orig-size=\"1500,1000\" data-comments-opened=\"0\" data-image-meta=\"{&quot;aperture&quot;:&quot;2.8&quot;,&quot;credit&quot;:&quot;&quot;,&quot;camera&quot;:&quot;Canon EOS 6D&quot;,&quot;caption&quot;:&quot;&quot;,&quot;created_timestamp&quot;:&quot;1576645934&quot;,&quot;copyright&quot;:&quot;&quot;,&quot;focal_length&quot;:&quot;70&quot;,&quot;iso&quot;:&quot;1250&quot;,&quot;shutter_speed&quot;:&quot;0.0055555555555556&quot;,&quot;title&quot;:&quot;&quot;,&quot;orientation&quot;:&quot;1&quot;}\" data-image-title=\"IMG_1486\" data-image-description=\"\" data-image-caption=\"\" data-medium-file=\"https:\/\/www.legistdf.gob.ar\/wp-content\/uploads\/2019\/12\/IMG_1486-300x200.jpg\" data-large-file=\"https:\/\/www.legistdf.gob.ar\/wp-content\/uploads\/2019\/12\/IMG_1486-1024x683.jpg\" class=\"alignleft wp-image-17860 size-medium\" src=\"http:\/\/www.legistdf.gob.ar\/wp-content\/uploads\/2019\/12\/IMG_1486-300x200.jpg\" alt=\"\" width=\"300\" height=\"200\" srcset=\"https:\/\/www.legistdf.gob.ar\/wp-content\/uploads\/2019\/12\/IMG_1486-300x200.jpg 300w, https:\/\/www.legistdf.gob.ar\/wp-content\/uploads\/2019\/12\/IMG_1486-768x512.jpg 768w, https:\/\/www.legistdf.gob.ar\/wp-content\/uploads\/2019\/12\/IMG_1486-1024x683.jpg 1024w, https:\/\/www.legistdf.gob.ar\/wp-content\/uploads\/2019\/12\/IMG_1486-160x107.jpg 160w, https:\/\/www.legistdf.gob.ar\/wp-content\/uploads\/2019\/12\/IMG_1486.jpg 1500w\" sizes=\"(max-width: 300px) 100vw, 300px\" \/><\/strong><\/p>\n<p><strong>Ushuaia, lunes 23 de diciembre de 2019.- La titular de C\u00e1mara Legislativa, vicegobernadora M\u00f3nica Urquiza, convoc\u00f3 a sesi\u00f3n extraordinaria el pr\u00f3ximo 27 de diciembre a las 10. La resoluci\u00f3n de presidencia N\u00ba 2014\/19 suscripta hoy, solicita en su art\u00edculo primero reunirse \u201cconforme al decreto provincial N\u00ba 4572\/19 emitido por el gober<\/strong><strong>nador prof. Gustavo Melella y las facultades otorgadas por el art\u00edculo 135 inciso 12 de la Constituci\u00f3n provincial\u201d.<\/strong><\/p>\n<p>&nbsp;<\/p>\n<p>Entre los asuntos que abordar\u00e1 la nueva conformaci\u00f3n legislativa, se encuentran:<\/p>\n<p>&nbsp;<\/p>\n<ul>\n<li><strong>Asunto N\u00b0 460\/19<\/strong> mensaje N\u00b0 31\/19 del Poder Ejecutivo provincial sobre proyecto de Ley de Emergencia de la Infraestructura y Equipamiento portuario.<\/li>\n<\/ul>\n<p>&nbsp;<\/p>\n<ul>\n<li><strong>Asunto N\u00b0 461\/19<\/strong> mensaje N\u00b0 29\/19 del Poder Ejecutivo provincial sobre proyecto de Ley de Emergencia del Sistema Sanitario.<\/li>\n<\/ul>\n<p>&nbsp;<\/p>\n<ul>\n<li><strong>Asunto N\u00b0 462\/19<\/strong> mensaje N\u00b0 30\/19 del Poder Ejecutivo provincial sobre proyecto de Ley de Emergencia de la Infraestructura Educativa.<\/li>\n<\/ul>\n<p>&nbsp;<\/p>\n<ul>\n<li><strong>Asunto N\u00b0 463\/19<\/strong> mensaje N\u00b0 28\/19 del Poder Ejecutivo provincial sobre proyecto de Ley de Emergencia de la Administraci\u00f3n P\u00fablica provincial.<\/li>\n<\/ul>\n<p>&nbsp;<\/p>\n<ul>\n<li><strong>Asunto N\u00b0 464\/19<\/strong> mensaje N\u00b0 32\/19 del Poder Ejecutivo provincial sobre proyecto de Ley Ampliaci\u00f3n del Destino de los Fondos de T\u00edtulos de Deuda.<\/li>\n<\/ul>\n<p>&nbsp;<\/p>\n<ul>\n<li><strong>Asunto N\u00b0 465\/19<\/strong> mensaje N\u00b0 33\/19 del Poder Ejecutivo provincial sobre proyecto de Ley Modificaci\u00f3n Ley Provincial N\u00b0 69 &#8211; Direcci\u00f3n Provincial de Puertos (DPP).<\/li>\n<\/ul>\n<p>&nbsp;<\/p>\n<ul>\n<li><strong>Asunto N\u00b0 466\/19<\/strong> mensaje N\u00b0 27\/19 del Poder Ejecutivo provincial sobre proyecto de Ley de Declaraci\u00f3n de Emergencia del Sistema de Previsi\u00f3n Social.<\/li>\n<\/ul>\n<p>&nbsp;<\/p>\n<ul>\n<li><strong>Asunto N\u00b0 467\/19<\/strong> mensaje N\u00b0 35\/19 del Poder Ejecutivo provincial sobre proyecto de Ley Modificaci\u00f3n del art\u00edculo 125 del C\u00f3digo Contravencional\u00bb.<\/li>\n<\/ul>\n<p>&nbsp;<\/p>\n<ul>\n<li><strong>Asunto N\u00b0 468\/19<\/strong> mensaje N\u00b0 34\/19 del Poder Ejecutivo provincial sobre proyecto de Ley Modificaci\u00f3n Ley Provincial N\u00b0 65 &#8211; Instituto Fueguino de Turismo (INFUETUR).<\/li>\n<\/ul>\n<p>&nbsp;<\/p>\n<ul>\n<li><strong>Asunto N\u00b0 470\/19<\/strong> Nota N\u00b0 287\/19 del Poder Ejecutivo provincial con decreto provincial N\u00b0 4526\/19 sobre la designaci\u00f3n del Contador General de la Provincia.<\/li>\n<\/ul>\n<p>&nbsp;<\/p>\n<ul>\n<li><strong>Asunto N\u00b0 471\/19<\/strong> Nota N\u00b0 288\/19 del Poder Ejecutivo provincial con decreto provincial N\u00b0 4527\/19 sobre la designaci\u00f3n del Subcontador General de la Provincia.<\/li>\n<\/ul>\n<p>&nbsp;<\/p>\n<ul>\n<li><strong>Asunto N\u00b0 472\/19<\/strong> Nota N\u00b0 289\/19 del Poder Ejecutivo provincial con decreto provincial N\u00b0 4528\/19 sobre la designaci\u00f3n del Tesorero General de la Provincia.<\/li>\n<\/ul>\n<p>&nbsp;<\/p>\n<ul>\n<li><strong>Asunto N\u00b0 473\/19<\/strong> Nota N\u00b0 290\/19 del Poder Ejecutivo provincial con decreto provincial N\u00b0 4529\/19 sobre la designaci\u00f3n del Subtesorero General de la Provincia.<\/li>\n<\/ul>\n<p>&nbsp;<\/p>\n<ul>\n<li><strong>Asunto N\u00b0 416\/19 <\/strong>del bloque del Movimiento Popular Fueguino (MPF) sobre proyecto de Ley de R\u00e9gimen Especial de Presentaci\u00f3n Espontanea y Regularizaci\u00f3n de Deudas.<\/li>\n<\/ul>\n<p>NEGM<\/p>\n\n\t\t<style type=\"text\/css\">\n\t\t\t#gallery-1 {\n\t\t\t\tmargin: auto;\n\t\t\t}\n\t\t\t#gallery-1 .gallery-item {\n\t\t\t\tfloat: left;\n\t\t\t\tmargin-top: 10px;\n\t\t\t\ttext-align: center;\n\t\t\t\twidth: 100%;\n\t\t\t}\n\t\t\t#gallery-1 img {\n\t\t\t\tborder: 2px solid #cfcfcf;\n\t\t\t}\n\t\t\t#gallery-1 .gallery-caption {\n\t\t\t\tmargin-left: 0;\n\t\t\t}\n\t\t\t\/* see gallery_shortcode() in wp-includes\/media.php *\/\n\t\t<\/style>\n\t\t<div data-carousel-extra='{\"blog_id\":1,\"permalink\":\"https:\\\/\\\/www.legistdf.gob.ar\\\/index.php\\\/2019\\\/12\\\/23\\\/extraordinaria-finalmente-trataran-catorce-proyectos-del-gobierno-en-sesion\\\/\"}' id='gallery-1' class='gallery galleryid-17982 gallery-columns-1 gallery-size-thumbnail'><dl class='gallery-item'>\n\t\t\t<dt class='gallery-icon landscape'>\n\t\t\t\t<a href='https:\/\/www.legistdf.gob.ar\/img_1228\/'><img loading=\"lazy\" decoding=\"async\" width=\"150\" height=\"150\" src=\"https:\/\/www.legistdf.gob.ar\/wp-content\/uploads\/2019\/12\/IMG_1228-150x150.jpg\" class=\"attachment-thumbnail size-thumbnail\" alt=\"\" srcset=\"https:\/\/www.legistdf.gob.ar\/wp-content\/uploads\/2019\/12\/IMG_1228-150x150.jpg 150w, https:\/\/www.legistdf.gob.ar\/wp-content\/uploads\/2019\/12\/IMG_1228-64x64.jpg 64w\" sizes=\"(max-width: 150px) 100vw, 150px\" data-attachment-id=\"17809\" data-permalink=\"https:\/\/www.legistdf.gob.ar\/img_1228\/\" data-orig-file=\"https:\/\/www.legistdf.gob.ar\/wp-content\/uploads\/2019\/12\/IMG_1228.jpg\" data-orig-size=\"1500,1000\" data-comments-opened=\"0\" data-image-meta=\"{&quot;aperture&quot;:&quot;6.3&quot;,&quot;credit&quot;:&quot;&quot;,&quot;camera&quot;:&quot;Canon EOS 6D&quot;,&quot;caption&quot;:&quot;&quot;,&quot;created_timestamp&quot;:&quot;1576580345&quot;,&quot;copyright&quot;:&quot;&quot;,&quot;focal_length&quot;:&quot;531&quot;,&quot;iso&quot;:&quot;2000&quot;,&quot;shutter_speed&quot;:&quot;0.005&quot;,&quot;title&quot;:&quot;&quot;,&quot;orientation&quot;:&quot;1&quot;}\" data-image-title=\"IMG_1228\" data-image-description=\"\" data-image-caption=\"\" data-medium-file=\"https:\/\/www.legistdf.gob.ar\/wp-content\/uploads\/2019\/12\/IMG_1228-300x200.jpg\" data-large-file=\"https:\/\/www.legistdf.gob.ar\/wp-content\/uploads\/2019\/12\/IMG_1228-1024x683.jpg\" \/><\/a>\n\t\t\t<\/dt><\/dl><br style=\"clear: both\" \/>\n\t\t<\/div>\n\n","protected":false},"excerpt":{"rendered":"<p>Ushuaia, lunes 23 de diciembre de 2019.- La titular de C\u00e1mara Legislativa, vicegobernadora M\u00f3nica Urquiza, convoc\u00f3 a sesi\u00f3n extraordinaria el pr\u00f3ximo 27 de diciembre a las 10. La resoluci\u00f3n de presidencia N\u00ba 2014\/19 suscripta hoy, solicita en su art\u00edculo primero reunirse \u201cconforme al decreto provincial N\u00ba 4572\/19 emitido por el gobernador prof. Gustavo Melella y [&hellip;]<\/p>\n","protected":false},"author":352,"featured_media":17809,"comment_status":"closed","ping_status":"open","sticky":false,"template":"","format":"standard","meta":{"jetpack_post_was_ever_published":false,"_jetpack_newsletter_access":"","_jetpack_dont_email_post_to_subs":false,"_jetpack_newsletter_tier_id":0,"footnotes":"","jetpack_publicize_message":"EXTRAORDINARIA: Finalmente tratar\u00e1n catorce proyectos del Gobierno en sesi\u00f3n\r\n#NuevaLegislaturaTDF #TierraDelFuego #LegisTDF","jetpack_publicize_feature_enabled":true,"jetpack_social_post_already_shared":true,"jetpack_social_options":{"image_generator_settings":{"template":"highway","enabled":false}}},"categories":[1],"tags":[1807,959,144,1851,1837],"jetpack_publicize_connections":[],"jetpack_sharing_enabled":true,"jetpack_featured_media_url":"https:\/\/www.legistdf.gob.ar\/wp-content\/uploads\/2019\/12\/IMG_1228.jpg","jetpack-related-posts":[],"_links":{"self":[{"href":"https:\/\/www.legistdf.gob.ar\/index.php\/wp-json\/wp\/v2\/posts\/17982"}],"collection":[{"href":"https:\/\/www.legistdf.gob.ar\/index.php\/wp-json\/wp\/v2\/posts"}],"about":[{"href":"https:\/\/www.legistdf.gob.ar\/index.php\/wp-json\/wp\/v2\/types\/post"}],"author":[{"embeddable":true,"href":"https:\/\/www.legistdf.gob.ar\/index.php\/wp-json\/wp\/v2\/users\/352"}],"replies":[{"embeddable":true,"href":"https:\/\/www.legistdf.gob.ar\/index.php\/wp-json\/wp\/v2\/comments?post=17982"}],"version-history":[{"count":2,"href":"https:\/\/www.legistdf.gob.ar\/index.php\/wp-json\/wp\/v2\/posts\/17982\/revisions"}],"predecessor-version":[{"id":17989,"href":"https:\/\/www.legistdf.gob.ar\/index.php\/wp-json\/wp\/v2\/posts\/17982\/revisions\/17989"}],"wp:featuredmedia":[{"embeddable":true,"href":"https:\/\/www.legistdf.gob.ar\/index.php\/wp-json\/wp\/v2\/media\/17809"}],"wp:attachment":[{"href":"https:\/\/www.legistdf.gob.ar\/index.php\/wp-json\/wp\/v2\/media?parent=17982"}],"wp:term":[{"taxonomy":"category","embeddable":true,"href":"https:\/\/www.legistdf.gob.ar\/index.php\/wp-json\/wp\/v2\/categories?post=17982"},{"taxonomy":"post_tag","embeddable":true,"href":"https:\/\/www.legistdf.gob.ar\/index.php\/wp-json\/wp\/v2\/tags?post=17982"}],"curies":[{"name":"wp","href":"https:\/\/api.w.org\/{rel}","templated":true}]}}