{"id":18004,"date":"2019-12-27T10:20:31","date_gmt":"2019-12-27T13:20:31","guid":{"rendered":"http:\/\/www.legistdf.gob.ar\/?p=18004"},"modified":"2019-12-27T10:20:31","modified_gmt":"2019-12-27T13:20:31","slug":"condolencias-23","status":"publish","type":"post","link":"https:\/\/www.legistdf.gob.ar\/index.php\/2019\/12\/27\/condolencias-23\/","title":{"rendered":"CONDOLENCIAS"},"content":{"rendered":"<p>La Presidenta de la Legislatura de Tierra del Fuego, vicegobernadora M\u00f3nica Urquiza; Legisladores Provinciales; autoridades de C\u00e1mara y personal parlamentario, expresan sus condolencias al Sr. Gobernador de la Provincia, profesor Gustavo Melella, familiares y amigos, ante la desaparici\u00f3n f\u00edsica de quien en vida fuera su madre, Sra. Hortencia Rodr\u00edguez, acaecida recientemente.<\/p>\n<p>&nbsp;<\/p>\n","protected":false},"excerpt":{"rendered":"<p>La Presidenta de la Legislatura de Tierra del Fuego, vicegobernadora M\u00f3nica Urquiza; Legisladores Provinciales; autoridades de C\u00e1mara y personal parlamentario, expresan sus condolencias al Sr. Gobernador de la Provincia, profesor Gustavo Melella, familiares y amigos, ante la desaparici\u00f3n f\u00edsica de quien en vida fuera su madre, Sra. Hortencia Rodr\u00edguez, acaecida recientemente. &nbsp;<\/p>\n","protected":false},"author":352,"featured_media":8374,"comment_status":"closed","ping_status":"open","sticky":false,"template":"","format":"standard","meta":{"jetpack_post_was_ever_published":false,"_jetpack_newsletter_access":"","_jetpack_dont_email_post_to_subs":false,"_jetpack_newsletter_tier_id":0,"footnotes":"","jetpack_publicize_message":"","jetpack_publicize_feature_enabled":true,"jetpack_social_post_already_shared":true,"jetpack_social_options":{"image_generator_settings":{"template":"highway","enabled":false}}},"categories":[1],"tags":[],"jetpack_publicize_connections":[],"jetpack_sharing_enabled":true,"jetpack_featured_media_url":"https:\/\/www.legistdf.gob.ar\/wp-content\/uploads\/2018\/07\/CasaLuto.jpg","jetpack-related-posts":[],"_links":{"self":[{"href":"https:\/\/www.legistdf.gob.ar\/index.php\/wp-json\/wp\/v2\/posts\/18004"}],"collection":[{"href":"https:\/\/www.legistdf.gob.ar\/index.php\/wp-json\/wp\/v2\/posts"}],"about":[{"href":"https:\/\/www.legistdf.gob.ar\/index.php\/wp-json\/wp\/v2\/types\/post"}],"author":[{"embeddable":true,"href":"https:\/\/www.legistdf.gob.ar\/index.php\/wp-json\/wp\/v2\/users\/352"}],"replies":[{"embeddable":true,"href":"https:\/\/www.legistdf.gob.ar\/index.php\/wp-json\/wp\/v2\/comments?post=18004"}],"version-history":[{"count":1,"href":"https:\/\/www.legistdf.gob.ar\/index.php\/wp-json\/wp\/v2\/posts\/18004\/revisions"}],"predecessor-version":[{"id":18005,"href":"https:\/\/www.legistdf.gob.ar\/index.php\/wp-json\/wp\/v2\/posts\/18004\/revisions\/18005"}],"wp:featuredmedia":[{"embeddable":true,"href":"https:\/\/www.legistdf.gob.ar\/index.php\/wp-json\/wp\/v2\/media\/8374"}],"wp:attachment":[{"href":"https:\/\/www.legistdf.gob.ar\/index.php\/wp-json\/wp\/v2\/media?parent=18004"}],"wp:term":[{"taxonomy":"category","embeddable":true,"href":"https:\/\/www.legistdf.gob.ar\/index.php\/wp-json\/wp\/v2\/categories?post=18004"},{"taxonomy":"post_tag","embeddable":true,"href":"https:\/\/www.legistdf.gob.ar\/index.php\/wp-json\/wp\/v2\/tags?post=18004"}],"curies":[{"name":"wp","href":"https:\/\/api.w.org\/{rel}","templated":true}]}}