{"id":18006,"date":"2019-12-27T13:38:36","date_gmt":"2019-12-27T16:38:36","guid":{"rendered":"http:\/\/www.legistdf.gob.ar\/?p=18006"},"modified":"2019-12-27T13:38:36","modified_gmt":"2019-12-27T16:38:36","slug":"legislatura-sancionaron-la-emergencia-de-la-infraestructura-y-equipamiento-portuario","status":"publish","type":"post","link":"https:\/\/www.legistdf.gob.ar\/index.php\/2019\/12\/27\/legislatura-sancionaron-la-emergencia-de-la-infraestructura-y-equipamiento-portuario\/","title":{"rendered":"LEGISLATURA: Sancionaron la emergencia de la infraestructura y equipamiento portuario"},"content":{"rendered":"<p><strong><img loading=\"lazy\" decoding=\"async\" data-attachment-id=\"18008\" data-permalink=\"https:\/\/www.legistdf.gob.ar\/index.php\/2019\/12\/27\/legislatura-sancionaron-la-emergencia-de-la-infraestructura-y-equipamiento-portuario\/img_1759\/\" data-orig-file=\"https:\/\/www.legistdf.gob.ar\/wp-content\/uploads\/2019\/12\/IMG_1759.jpg\" data-orig-size=\"1500,1000\" data-comments-opened=\"0\" data-image-meta=\"{&quot;aperture&quot;:&quot;3.5&quot;,&quot;credit&quot;:&quot;&quot;,&quot;camera&quot;:&quot;Canon EOS 6D&quot;,&quot;caption&quot;:&quot;&quot;,&quot;created_timestamp&quot;:&quot;1577422421&quot;,&quot;copyright&quot;:&quot;&quot;,&quot;focal_length&quot;:&quot;24&quot;,&quot;iso&quot;:&quot;640&quot;,&quot;shutter_speed&quot;:&quot;0.00625&quot;,&quot;title&quot;:&quot;&quot;,&quot;orientation&quot;:&quot;1&quot;}\" data-image-title=\"IMG_1759\" data-image-description=\"\" data-image-caption=\"\" data-medium-file=\"https:\/\/www.legistdf.gob.ar\/wp-content\/uploads\/2019\/12\/IMG_1759-300x200.jpg\" data-large-file=\"https:\/\/www.legistdf.gob.ar\/wp-content\/uploads\/2019\/12\/IMG_1759-1024x683.jpg\" class=\"wp-image-18008 size-medium alignleft\" src=\"http:\/\/www.legistdf.gob.ar\/wp-content\/uploads\/2019\/12\/IMG_1759-300x200.jpg\" alt=\"\" width=\"300\" height=\"200\" srcset=\"https:\/\/www.legistdf.gob.ar\/wp-content\/uploads\/2019\/12\/IMG_1759-300x200.jpg 300w, https:\/\/www.legistdf.gob.ar\/wp-content\/uploads\/2019\/12\/IMG_1759-768x512.jpg 768w, https:\/\/www.legistdf.gob.ar\/wp-content\/uploads\/2019\/12\/IMG_1759-1024x683.jpg 1024w, https:\/\/www.legistdf.gob.ar\/wp-content\/uploads\/2019\/12\/IMG_1759-160x107.jpg 160w, https:\/\/www.legistdf.gob.ar\/wp-content\/uploads\/2019\/12\/IMG_1759.jpg 1500w\" sizes=\"(max-width: 300px) 100vw, 300px\" \/>Ushuaia, viernes 27 de diciembre de 2019.- La Direcci\u00f3n de Puertos es modificada en su Ley madre para declarar la emergencia durante 1 a\u00f1o, y hacer frente a las obras y servicios portuarios necesarios para operar. En este sentido, adem\u00e1s plantea priorizar la actividad del puerto como uno de los ejes centrales de la econom\u00eda de la Provincia y es por esto que, toma el rango ministerial y determina facultades de las autoridades. A propuesta del bloque del Frente de Todos \u2013 Partido Justicialista (FDT-PJ), el legislador Federico Bilota propuso que la pr\u00f3rroga deber\u00e1 ser \u201cponderada\u201d por la Legislatura fueguina, en tanto que el bloque del Partido Verde (PV) no acompa\u00f1\u00f3 la herramienta y consider\u00f3 que se otorga un \u201ccheque en blanco\u201d al Ejecutivo. Fundamentaron desde los bloques del Concertaci\u00f3n Forja, MPF y UCR. Con la presidencia de la sesi\u00f3n extraordinaria de la vicegobernadora M\u00f3nica Urquiza, la normativa result\u00f3 sancionada por 12 votos.<\/strong><\/p>\n<p>&nbsp;<\/p>\n<p>El <a href=\"http:\/\/www.legistdf.gob.ar\/lp\/novedadesip\/Asuntos%20Entrados%202019\/As.%20N%BA%20460-19.pdf\" target=\"_blank\" rel=\"noopener noreferrer\">asunto 460\/19<\/a> refiere al \u201cestado de situaci\u00f3n actual de la infraestructura y servicios portuarios de la Provincia presenta serias dificultades vinculadas con la desinversi\u00f3n, desactualizaci\u00f3n de equipamiento, desarticulaci\u00f3n con empresas y prestadores privados e inadecuada prestaci\u00f3n de algunos servicios, producto de una pol\u00edtica nacional y provincial de los \u00faltimos 4 a\u00f1os que, a la luz de otros fines pol\u00edticos m\u00e1s generales, fueron en desmedro de la actividad portuaria provincial que conlleva a la p\u00e9rdida de competitividad a nivel internacional\u201d, menciona el proyecto.<\/p>\n<p>&nbsp;<\/p>\n<p>Para<strong><img loading=\"lazy\" decoding=\"async\" data-attachment-id=\"18007\" data-permalink=\"https:\/\/www.legistdf.gob.ar\/index.php\/2019\/12\/27\/legislatura-sancionaron-la-emergencia-de-la-infraestructura-y-equipamiento-portuario\/img_1749-1\/\" data-orig-file=\"https:\/\/www.legistdf.gob.ar\/wp-content\/uploads\/2019\/12\/IMG_1749-1.jpg\" data-orig-size=\"1500,1000\" data-comments-opened=\"0\" data-image-meta=\"{&quot;aperture&quot;:&quot;2.8&quot;,&quot;credit&quot;:&quot;&quot;,&quot;camera&quot;:&quot;Canon EOS 6D&quot;,&quot;caption&quot;:&quot;&quot;,&quot;created_timestamp&quot;:&quot;1577422300&quot;,&quot;copyright&quot;:&quot;&quot;,&quot;focal_length&quot;:&quot;33&quot;,&quot;iso&quot;:&quot;640&quot;,&quot;shutter_speed&quot;:&quot;0.00625&quot;,&quot;title&quot;:&quot;&quot;,&quot;orientation&quot;:&quot;1&quot;}\" data-image-title=\"IMG_1749 (1)\" data-image-description=\"\" data-image-caption=\"\" data-medium-file=\"https:\/\/www.legistdf.gob.ar\/wp-content\/uploads\/2019\/12\/IMG_1749-1-300x200.jpg\" data-large-file=\"https:\/\/www.legistdf.gob.ar\/wp-content\/uploads\/2019\/12\/IMG_1749-1-1024x683.jpg\" class=\"wp-image-18007 size-medium alignright\" src=\"http:\/\/www.legistdf.gob.ar\/wp-content\/uploads\/2019\/12\/IMG_1749-1-300x200.jpg\" alt=\"\" width=\"300\" height=\"200\" srcset=\"https:\/\/www.legistdf.gob.ar\/wp-content\/uploads\/2019\/12\/IMG_1749-1-300x200.jpg 300w, https:\/\/www.legistdf.gob.ar\/wp-content\/uploads\/2019\/12\/IMG_1749-1-768x512.jpg 768w, https:\/\/www.legistdf.gob.ar\/wp-content\/uploads\/2019\/12\/IMG_1749-1-1024x683.jpg 1024w, https:\/\/www.legistdf.gob.ar\/wp-content\/uploads\/2019\/12\/IMG_1749-1-160x107.jpg 160w, https:\/\/www.legistdf.gob.ar\/wp-content\/uploads\/2019\/12\/IMG_1749-1.jpg 1500w\" sizes=\"(max-width: 300px) 100vw, 300px\" \/><\/strong> realizar las obras y contar con los servicios portuarios necesarios para operar, la Ley autoriza a las autoridades a realizar las contrataciones necesarias. Limita en 5 millones las contrataciones directas y 10 por contrataci\u00f3n privada. En el caso de las licitaciones p\u00fablicas, no tienen limite.<\/p>\n<p>&nbsp;<\/p>\n<p>Entre las obras determinadas en el asunto N\u00b0 460\/19 se destacan la ampliaci\u00f3n del muelle comercial multiprop\u00f3sito; reparaci\u00f3n y\/o reconstrucci\u00f3n del muelle de catamaranes y embarcaciones menores; defensas del muelle comercial, que actualmente se alquilan a una empresa privada. Reparaci\u00f3n de las zonas de tr\u00e1nsito de camiones, contenedores y peatones ; mejora del sistema de provisi\u00f3n de agua potable para los buques y cruceros tur\u00edsticos; reparaci\u00f3n de la carpeta de rodamiento de la plazoleta fiscal y muelle comercial.<\/p>\n<p>&nbsp;<\/p>\n<p>En cuanto al equipamiento de la DPP, destacan la necesidad de contar con maquinaria pesada a fin de incrementar la prestaci\u00f3n de servicios propios; adquirir repuestos y herramientas para el funcionamiento y mantenimiento de infraestructura y maquinas portuarias; intervenir el soporte a pasajeros que circulan por el puerto (maleteros, carros de traslado, etc.); sistemas en general, de informaci\u00f3n a buques, de medici\u00f3n y de comunicaci\u00f3n.<\/p>\n<p>&nbsp;<\/p>\n<p>El \u00faltimo asunto que aborda la normativa, trata sobre la seguridad portuaria y prev\u00e9 la adquisici\u00f3n de sistemas de control de pasajeros y cargas; protocolos de seguridad y de contingencias desactualizados y atender el sistemas de comunicaci\u00f3n.<\/p>\n<p>&nbsp;<\/p>\n<p style=\"text-align: right\"><em>MBCH &#8211; AT<\/em><\/p>\n\n\t\t<style type=\"text\/css\">\n\t\t\t#gallery-1 {\n\t\t\t\tmargin: auto;\n\t\t\t}\n\t\t\t#gallery-1 .gallery-item {\n\t\t\t\tfloat: left;\n\t\t\t\tmargin-top: 10px;\n\t\t\t\ttext-align: center;\n\t\t\t\twidth: 50%;\n\t\t\t}\n\t\t\t#gallery-1 img {\n\t\t\t\tborder: 2px solid #cfcfcf;\n\t\t\t}\n\t\t\t#gallery-1 .gallery-caption {\n\t\t\t\tmargin-left: 0;\n\t\t\t}\n\t\t\t\/* see gallery_shortcode() in wp-includes\/media.php *\/\n\t\t<\/style>\n\t\t<div data-carousel-extra='{\"blog_id\":1,\"permalink\":\"https:\\\/\\\/www.legistdf.gob.ar\\\/index.php\\\/2019\\\/12\\\/27\\\/legislatura-sancionaron-la-emergencia-de-la-infraestructura-y-equipamiento-portuario\\\/\"}' id='gallery-1' class='gallery galleryid-18006 gallery-columns-2 gallery-size-thumbnail'><dl class='gallery-item'>\n\t\t\t<dt class='gallery-icon landscape'>\n\t\t\t\t<a href='https:\/\/www.legistdf.gob.ar\/index.php\/2019\/12\/27\/legislatura-sancionaron-la-emergencia-de-la-infraestructura-y-equipamiento-portuario\/img_1759\/'><img loading=\"lazy\" decoding=\"async\" width=\"150\" height=\"150\" src=\"https:\/\/www.legistdf.gob.ar\/wp-content\/uploads\/2019\/12\/IMG_1759-150x150.jpg\" class=\"attachment-thumbnail size-thumbnail\" alt=\"\" srcset=\"https:\/\/www.legistdf.gob.ar\/wp-content\/uploads\/2019\/12\/IMG_1759-150x150.jpg 150w, https:\/\/www.legistdf.gob.ar\/wp-content\/uploads\/2019\/12\/IMG_1759-64x64.jpg 64w\" sizes=\"(max-width: 150px) 100vw, 150px\" data-attachment-id=\"18008\" data-permalink=\"https:\/\/www.legistdf.gob.ar\/index.php\/2019\/12\/27\/legislatura-sancionaron-la-emergencia-de-la-infraestructura-y-equipamiento-portuario\/img_1759\/\" data-orig-file=\"https:\/\/www.legistdf.gob.ar\/wp-content\/uploads\/2019\/12\/IMG_1759.jpg\" data-orig-size=\"1500,1000\" data-comments-opened=\"0\" data-image-meta=\"{&quot;aperture&quot;:&quot;3.5&quot;,&quot;credit&quot;:&quot;&quot;,&quot;camera&quot;:&quot;Canon EOS 6D&quot;,&quot;caption&quot;:&quot;&quot;,&quot;created_timestamp&quot;:&quot;1577422421&quot;,&quot;copyright&quot;:&quot;&quot;,&quot;focal_length&quot;:&quot;24&quot;,&quot;iso&quot;:&quot;640&quot;,&quot;shutter_speed&quot;:&quot;0.00625&quot;,&quot;title&quot;:&quot;&quot;,&quot;orientation&quot;:&quot;1&quot;}\" data-image-title=\"IMG_1759\" data-image-description=\"\" data-image-caption=\"\" data-medium-file=\"https:\/\/www.legistdf.gob.ar\/wp-content\/uploads\/2019\/12\/IMG_1759-300x200.jpg\" data-large-file=\"https:\/\/www.legistdf.gob.ar\/wp-content\/uploads\/2019\/12\/IMG_1759-1024x683.jpg\" \/><\/a>\n\t\t\t<\/dt><\/dl><dl class='gallery-item'>\n\t\t\t<dt class='gallery-icon landscape'>\n\t\t\t\t<a href='https:\/\/www.legistdf.gob.ar\/index.php\/2019\/12\/27\/legislatura-sancionaron-la-emergencia-de-la-infraestructura-y-equipamiento-portuario\/img_1749-1\/'><img loading=\"lazy\" decoding=\"async\" width=\"150\" height=\"150\" src=\"https:\/\/www.legistdf.gob.ar\/wp-content\/uploads\/2019\/12\/IMG_1749-1-150x150.jpg\" class=\"attachment-thumbnail size-thumbnail\" alt=\"\" srcset=\"https:\/\/www.legistdf.gob.ar\/wp-content\/uploads\/2019\/12\/IMG_1749-1-150x150.jpg 150w, https:\/\/www.legistdf.gob.ar\/wp-content\/uploads\/2019\/12\/IMG_1749-1-64x64.jpg 64w\" sizes=\"(max-width: 150px) 100vw, 150px\" data-attachment-id=\"18007\" data-permalink=\"https:\/\/www.legistdf.gob.ar\/index.php\/2019\/12\/27\/legislatura-sancionaron-la-emergencia-de-la-infraestructura-y-equipamiento-portuario\/img_1749-1\/\" data-orig-file=\"https:\/\/www.legistdf.gob.ar\/wp-content\/uploads\/2019\/12\/IMG_1749-1.jpg\" data-orig-size=\"1500,1000\" data-comments-opened=\"0\" data-image-meta=\"{&quot;aperture&quot;:&quot;2.8&quot;,&quot;credit&quot;:&quot;&quot;,&quot;camera&quot;:&quot;Canon EOS 6D&quot;,&quot;caption&quot;:&quot;&quot;,&quot;created_timestamp&quot;:&quot;1577422300&quot;,&quot;copyright&quot;:&quot;&quot;,&quot;focal_length&quot;:&quot;33&quot;,&quot;iso&quot;:&quot;640&quot;,&quot;shutter_speed&quot;:&quot;0.00625&quot;,&quot;title&quot;:&quot;&quot;,&quot;orientation&quot;:&quot;1&quot;}\" data-image-title=\"IMG_1749 (1)\" data-image-description=\"\" data-image-caption=\"\" data-medium-file=\"https:\/\/www.legistdf.gob.ar\/wp-content\/uploads\/2019\/12\/IMG_1749-1-300x200.jpg\" data-large-file=\"https:\/\/www.legistdf.gob.ar\/wp-content\/uploads\/2019\/12\/IMG_1749-1-1024x683.jpg\" \/><\/a>\n\t\t\t<\/dt><\/dl><br style=\"clear: both\" \/>\n\t\t<\/div>\n\n<p>&nbsp;<\/p>\n<p>&nbsp;<\/p>\n","protected":false},"excerpt":{"rendered":"<p>Ushuaia, viernes 27 de diciembre de 2019.- La Direcci\u00f3n de Puertos es modificada en su Ley madre para declarar la emergencia durante 1 a\u00f1o, y hacer frente a las obras y servicios portuarios necesarios para operar. En este sentido, adem\u00e1s plantea priorizar la actividad del puerto como uno de los ejes centrales de la econom\u00eda [&hellip;]<\/p>\n","protected":false},"author":352,"featured_media":18008,"comment_status":"closed","ping_status":"open","sticky":false,"template":"","format":"standard","meta":{"jetpack_post_was_ever_published":false,"_jetpack_newsletter_access":"","_jetpack_dont_email_post_to_subs":false,"_jetpack_newsletter_tier_id":0,"footnotes":"","jetpack_publicize_message":"LEGISLATURA: Sancionaron la emergencia de la infraestructura y equipamiento portuario #NuevaLegislaturaTDF #TierradelFuego #Ushuaia #LegisTDF","jetpack_publicize_feature_enabled":true,"jetpack_social_post_already_shared":true,"jetpack_social_options":{"image_generator_settings":{"template":"highway","enabled":false}}},"categories":[1],"tags":[1853,895,1854,1143,117,79,87],"jetpack_publicize_connections":[],"jetpack_sharing_enabled":true,"jetpack_featured_media_url":"https:\/\/www.legistdf.gob.ar\/wp-content\/uploads\/2019\/12\/IMG_1759.jpg","jetpack-related-posts":[],"_links":{"self":[{"href":"https:\/\/www.legistdf.gob.ar\/index.php\/wp-json\/wp\/v2\/posts\/18006"}],"collection":[{"href":"https:\/\/www.legistdf.gob.ar\/index.php\/wp-json\/wp\/v2\/posts"}],"about":[{"href":"https:\/\/www.legistdf.gob.ar\/index.php\/wp-json\/wp\/v2\/types\/post"}],"author":[{"embeddable":true,"href":"https:\/\/www.legistdf.gob.ar\/index.php\/wp-json\/wp\/v2\/users\/352"}],"replies":[{"embeddable":true,"href":"https:\/\/www.legistdf.gob.ar\/index.php\/wp-json\/wp\/v2\/comments?post=18006"}],"version-history":[{"count":1,"href":"https:\/\/www.legistdf.gob.ar\/index.php\/wp-json\/wp\/v2\/posts\/18006\/revisions"}],"predecessor-version":[{"id":18009,"href":"https:\/\/www.legistdf.gob.ar\/index.php\/wp-json\/wp\/v2\/posts\/18006\/revisions\/18009"}],"wp:featuredmedia":[{"embeddable":true,"href":"https:\/\/www.legistdf.gob.ar\/index.php\/wp-json\/wp\/v2\/media\/18008"}],"wp:attachment":[{"href":"https:\/\/www.legistdf.gob.ar\/index.php\/wp-json\/wp\/v2\/media?parent=18006"}],"wp:term":[{"taxonomy":"category","embeddable":true,"href":"https:\/\/www.legistdf.gob.ar\/index.php\/wp-json\/wp\/v2\/categories?post=18006"},{"taxonomy":"post_tag","embeddable":true,"href":"https:\/\/www.legistdf.gob.ar\/index.php\/wp-json\/wp\/v2\/tags?post=18006"}],"curies":[{"name":"wp","href":"https:\/\/api.w.org\/{rel}","templated":true}]}}