{"id":18085,"date":"2019-12-27T18:32:00","date_gmt":"2019-12-27T21:32:00","guid":{"rendered":"http:\/\/www.legistdf.gob.ar\/?p=18085"},"modified":"2019-12-27T18:32:03","modified_gmt":"2019-12-27T21:32:03","slug":"extraordinaria-dieron-sancion-a-la-emergencia-en-el-sistema-previsional","status":"publish","type":"post","link":"https:\/\/www.legistdf.gob.ar\/index.php\/2019\/12\/27\/extraordinaria-dieron-sancion-a-la-emergencia-en-el-sistema-previsional\/","title":{"rendered":"EXTRAORDINARIA: Dieron sanci\u00f3n a la emergencia en el sistema previsional"},"content":{"rendered":"<p><b>Ushuaia, viernes 27 de diciembre de 2019.- El asunto N\u00b0 466\/19, que fue modificado en reuni\u00f3n entre los sectores interesados, fue sancionado por la nueva composici\u00f3n legislativa y aborda medidas para financiar el d\u00e9ficit operativo por el lapso de 2 a\u00f1os. Se orienta a fortalecer financieramente la Caja de Previsi\u00f3n Social de la Provincia de Tierra del Fuego (CPSPTF), \u201ccon el fin primordial de permitir una paulatina reducci\u00f3n del actual d\u00e9ficit financiero del sistema\u201d, que pueda ser gestionado y administrado de manera que \u201cno comprometa a\u00fan m\u00e1s la sustentabilidad del sistema\u201d. Desde el Ejecutivo buscan alcanzar \u201cprogresivamente el equilibrio que asegure a los actuales aportantes y futuros beneficiarios, el acceso a los beneficios\u201d, mencionan en los fundamentos. Por 12 votos afirmativos, la iniciativa gubernamental fue sancionada esta tarde.<\/b><\/p>\n<p><strong>\u00a0<\/strong><\/p>\n<p>Previo al tratamiento del mensaje enviado por el Ejecutivo, la vicegobernadora M\u00f3nica Urquiza invit\u00f3 a los referentes de la Caja previsional y a su titular, a un encuentro en el sal\u00f3n de reuniones del Recinto de Sesiones.<\/p>\n<p>&nbsp;<\/p>\n<p>En el texto se incluyen: La utilizaci\u00f3n de una proporci\u00f3n de las utilidades el Banco de la Provincia (BTF); el aporte adicional de funcionarios pol\u00edticos del Poder Ejecutivo; autoridades electas y designadas de la Legislatura Provincial; autoridades de los \u00f3rganos de control de la Provincia, y de aquellos que cumplen funciones directivas y gerenciales del BTF.<\/p>\n<p>&nbsp;<\/p>\n<p>Adem\u00e1s, establece un aporte compensatorio del 12% del haber pleno hasta el 31 de diciembre de 2021 inclusive, a los pasivos que para acceder al beneficio se les comput\u00f3 al cese servicios con aportes a Caja provincial por un lapso menor a 10 a\u00f1os y que perciben un haber previsional que supere la asignaci\u00f3n b\u00e1sica remunerativa del Gobernador.<\/p>\n<p>&nbsp;<\/p>\n<p>Se modific\u00f3 el art\u00edculo 8\u00b0 bis de la Ley provincial N\u00b0 561, incorpora la Ley provincial N\u00b0 1210, referente a la integraci\u00f3n de los recursos que integrar\u00e1n el Fondo de Sustentabilidad del Sistema Previsional; se establece que anualmente se debe remitir a la Caja de Previsi\u00f3n Social el exceso de ingresos percibidos sobre los gastos devengados de la Agencia de Recaudaci\u00f3n Fueguina (AREF).<\/p>\n<p>&nbsp;<\/p>\n<p>Otro aspecto que se incorpora, es el l\u00edmite m\u00e1ximo para determinar aportes y contribuciones, que ser\u00e1n calculados sobre la asignaci\u00f3n remunerativa de quien ejerce el Poder Ejecutivo. Por encima de ello, se prev\u00e9n aportes adicionales seg\u00fan los par\u00e1metros que se fijan en el proyecto.<\/p>\n<p>&nbsp;<\/p>\n<p>Estas medidas y otras, relacionadas con las deudas del sistema que se contemplan, tienen como prop\u00f3sito \u201csuperar la acuciante situaci\u00f3n del organismo de seguridad social\u201d. Buscan \u201cfortalecer financieramente la CPSPTF, combatir el actual d\u00e9ficit financiero del sistema y que pueda ser administrado de forma tal, que no comprometa a\u00fan m\u00e1s la sustentabilidad del mismo, procurando alcanzar el equilibrio que asegure a los actuales aportantes y futuros beneficiarios el acceso al sistema\u201d, se desprende de los fundamentos.<\/p>\n<p>&nbsp;<\/p>\n<p>Modifican el art\u00edculo 8\u00b0 bis y crean el Fondo de Sustentabilidad del Sistema Previsional que tendr\u00e1 por objeto cubrir los d\u00e9ficits del sistema previo a la aplicaci\u00f3n del mecanismo establecido en el art\u00edculo 23 de la Ley Provincial N\u00b0 1070.<\/p>\n<p>&nbsp;<\/p>\n<p>Esa herramienta se integrar\u00e1 con: Aportantes activos a este r\u00e9gimen previsional que por alg\u00fan motivo percibieran remuneraciones superiores a la asignaci\u00f3n b\u00e1sica remunerativa del Gobernador, realizar\u00e1n un aporte adicional del 15% por sobre el monto que supere la remuneraci\u00f3n e invita al Superior Tribunal de Justicia a adherir mediante una acordada; los afiliados pasivos con haberes superiores al 82% de la asignaci\u00f3n b\u00e1sica remunerativa del Gobernador, en las mismas condiciones realizar\u00e1n un aporte adicional del 15% sobre el excedente al monto indicado.<\/p>\n<p>&nbsp;<\/p>\n<p>Este fondo, tambi\u00e9n tendr\u00e1 contemplado aportes de los funcionarios pol\u00edticos del Poder Ejecutivo, autoridades electas y designadas de la Legislatura provincial, autoridades de los \u00d3rganos de Control de la Provincia que cumplan funciones directivas y gerenciales del BTF, realizar\u00e1n un aporte del 5%, adicional al 14% establecido por el art\u00edculo 8\u00b0 de la Ley provincial N\u00b0 561, destinado a la sustentabilidad del sistema de jubilaciones y pensiones de la Provincia.<\/p>\n<p>&nbsp;<\/p>\n<p>\u201cEl mismo aporte se aplicar\u00e1 a todo aquel aportante activo o beneficiario pasivo que tenga referenciado su haber con alguno de los cargos mencionados precedentemente, cumplan o hayan cumplido funciones en la administraci\u00f3n central y los organismos descentralizados\u201d, menciona la emergencia.<\/p>\n<p>&nbsp;<\/p>\n<p>El asunto originalmente alojado en <a href=\"http:\/\/www.legistdf.gob.ar\/lp\/novedadesip\/Asuntos%20Entrados%202019\/As.%20N%BA%20466-19.pdf\">http:\/\/www.legistdf.gob.ar\/lp\/novedadesip\/Asuntos%20Entrados%202019\/As.%20N%BA%20466-19.pdf<\/a>, sufri\u00f3 modificaciones en el Recinto y estar\u00e1 disponible a la brevedad.<\/p>\n<p>&nbsp;<\/p>\n<p style=\"text-align: right\"><em>MBCH &#8211; AT<\/em><\/p>\n","protected":false},"excerpt":{"rendered":"<p>Ushuaia, viernes 27 de diciembre de 2019.- El asunto N\u00b0 466\/19, que fue modificado en reuni\u00f3n entre los sectores interesados, fue sancionado por la nueva composici\u00f3n legislativa y aborda medidas para financiar el d\u00e9ficit operativo por el lapso de 2 a\u00f1os. Se orienta a fortalecer financieramente la Caja de Previsi\u00f3n Social de la Provincia de [&hellip;]<\/p>\n","protected":false},"author":352,"featured_media":18060,"comment_status":"closed","ping_status":"open","sticky":false,"template":"","format":"standard","meta":{"jetpack_post_was_ever_published":false,"_jetpack_newsletter_access":"","_jetpack_dont_email_post_to_subs":false,"_jetpack_newsletter_tier_id":0,"footnotes":"","jetpack_publicize_message":"EXTRAORDINARIA: Dieron sanci\u00f3n a la emergencia en el sistema previsional #NuevaLegislaturaTDF #Ushuaia #LegisTDF #TierradelFuego","jetpack_publicize_feature_enabled":true,"jetpack_social_post_already_shared":true,"jetpack_social_options":{"image_generator_settings":{"template":"highway","enabled":false}}},"categories":[1],"tags":[1854,78,117,79,87],"jetpack_publicize_connections":[],"jetpack_sharing_enabled":true,"jetpack_featured_media_url":"https:\/\/www.legistdf.gob.ar\/wp-content\/uploads\/2019\/12\/IMG_1794.jpg","jetpack-related-posts":[],"_links":{"self":[{"href":"https:\/\/www.legistdf.gob.ar\/index.php\/wp-json\/wp\/v2\/posts\/18085"}],"collection":[{"href":"https:\/\/www.legistdf.gob.ar\/index.php\/wp-json\/wp\/v2\/posts"}],"about":[{"href":"https:\/\/www.legistdf.gob.ar\/index.php\/wp-json\/wp\/v2\/types\/post"}],"author":[{"embeddable":true,"href":"https:\/\/www.legistdf.gob.ar\/index.php\/wp-json\/wp\/v2\/users\/352"}],"replies":[{"embeddable":true,"href":"https:\/\/www.legistdf.gob.ar\/index.php\/wp-json\/wp\/v2\/comments?post=18085"}],"version-history":[{"count":1,"href":"https:\/\/www.legistdf.gob.ar\/index.php\/wp-json\/wp\/v2\/posts\/18085\/revisions"}],"predecessor-version":[{"id":18086,"href":"https:\/\/www.legistdf.gob.ar\/index.php\/wp-json\/wp\/v2\/posts\/18085\/revisions\/18086"}],"wp:featuredmedia":[{"embeddable":true,"href":"https:\/\/www.legistdf.gob.ar\/index.php\/wp-json\/wp\/v2\/media\/18060"}],"wp:attachment":[{"href":"https:\/\/www.legistdf.gob.ar\/index.php\/wp-json\/wp\/v2\/media?parent=18085"}],"wp:term":[{"taxonomy":"category","embeddable":true,"href":"https:\/\/www.legistdf.gob.ar\/index.php\/wp-json\/wp\/v2\/categories?post=18085"},{"taxonomy":"post_tag","embeddable":true,"href":"https:\/\/www.legistdf.gob.ar\/index.php\/wp-json\/wp\/v2\/tags?post=18085"}],"curies":[{"name":"wp","href":"https:\/\/api.w.org\/{rel}","templated":true}]}}