{"id":18089,"date":"2019-12-27T18:56:36","date_gmt":"2019-12-27T21:56:36","guid":{"rendered":"http:\/\/www.legistdf.gob.ar\/?p=18089"},"modified":"2019-12-27T18:56:36","modified_gmt":"2019-12-27T21:56:36","slug":"extraordinaria-es-ley-la-emergencia-en-infraestructura-educativa","status":"publish","type":"post","link":"https:\/\/www.legistdf.gob.ar\/index.php\/2019\/12\/27\/extraordinaria-es-ley-la-emergencia-en-infraestructura-educativa\/","title":{"rendered":"EXTRAORDINARIA: Es Ley la emergencia en infraestructura educativa"},"content":{"rendered":"<p><strong>Ushuaia, viernes 27 de diciembre de 2019.- En el asunto N\u00b0 462\/19, desde el Ejecutivo refieren a la \u201csituaci\u00f3n actual de los m\u00e1s de 140 edificios escolares\u201d y solicita la \u201cimperiosa necesidad\u201d de intervenir \u201cen los servicios b\u00e1sicos y de infraestructura edilicia y con un plan de acci\u00f3n que permita mayor celeridad en los procedimientos\u201d. Todo eso, permitir\u00e1 reestablecer el funcionamiento de los establecimientos en su totalidad. La propuesta, ampliamente debatida, fue sancionada por unanimidad.<\/strong><\/p>\n<p>&nbsp;<\/p>\n<p>\u201cSe evidencia la ausencia de un plan de mantenimiento preventivo y permanente en la falta o deficiencia de calefacci\u00f3n; limpieza de ductos de calefacci\u00f3n por aire; purgado de radiadores y del sistema de calefacci\u00f3n por agua caliente; rotura de pisos por mal funcionamiento de losa radiante; rotura de calderas; falta de agua; rotura de bombas dejando a los establecimientos sin este servicio b\u00e1sico\u201d, plantea el texto de la norma.<\/p>\n<p>&nbsp;<\/p>\n<p>En este sentido, solicita la emergencia por 1 a\u00f1o a partir del primer d\u00eda de enero y prorrogable a otro. En este periodo, se podr\u00e1n realizar las obras necesarias para garantizar el desarrollo normal de las actividades y, \u201casegurar la plena capacidad y funcionalidad del servicio educativo.<\/p>\n<p>&nbsp;<\/p>\n<p>En el texto, el Ejecutivo pide considerar las obras, refacciones o adquisici\u00f3n de insumos para reestablecer las condiciones de seguridad, funcionalidad y habitabilidad de los edificios escolares. \u201cEspecialmente los servicios b\u00e1sicos de electricidad, gas, agua, sanitarios, calefacci\u00f3n y de conectividad\u201d.<\/p>\n<p>&nbsp;<\/p>\n<p>Esta herramienta, habilita un procedimiento de excepci\u00f3n para las licitaciones p\u00fablicas, durante el plazo de la emergencia y siempre que la situaci\u00f3n lo acredite, para abreviar los plazos para la contrataci\u00f3n de las obras que deber\u00e1n ser publicadas tanto en la p\u00e1gina web de la provincia, como en el Bolet\u00edn Oficial.<\/p>\n<p>&nbsp;<\/p>\n<p>El Ministro Jefe de Gabinete, deber\u00e1 elevar a la Legislatura, un informe semestral detallado de las acciones ejecutadas en el marco de la emergencia y al concluir el periodo establecido de acuerdo a lo normado en el\u00a0 <a href=\"http:\/\/www.legistdf.gob.ar\/lp\/novedadesip\/Asuntos%20Entrados%202019\/As.%20N%BA%20462-19.pdf\" target=\"_blank\" rel=\"noopener noreferrer\">asunto\u00a0<\/a>.<\/p>\n<p>&nbsp;<\/p>\n<p style=\"text-align: right\"><em>MBCH &#8211; AT<\/em><\/p>\n<p>&nbsp;<\/p>\n","protected":false},"excerpt":{"rendered":"<p>Ushuaia, viernes 27 de diciembre de 2019.- En el asunto N\u00b0 462\/19, desde el Ejecutivo refieren a la \u201csituaci\u00f3n actual de los m\u00e1s de 140 edificios escolares\u201d y solicita la \u201cimperiosa necesidad\u201d de intervenir \u201cen los servicios b\u00e1sicos y de infraestructura edilicia y con un plan de acci\u00f3n que permita mayor celeridad en los procedimientos\u201d. [&hellip;]<\/p>\n","protected":false},"author":352,"featured_media":18075,"comment_status":"closed","ping_status":"open","sticky":false,"template":"","format":"standard","meta":{"jetpack_post_was_ever_published":false,"_jetpack_newsletter_access":"","_jetpack_dont_email_post_to_subs":false,"_jetpack_newsletter_tier_id":0,"footnotes":"","jetpack_publicize_message":"EXTRAORDINARIA: Es Ley la emergencia en infraestructura educativa #NuevaLegislaturaTDF #LegisTDF #Ushuaia #TierradelFuego","jetpack_publicize_feature_enabled":true,"jetpack_social_post_already_shared":true,"jetpack_social_options":{"image_generator_settings":{"template":"highway","enabled":false}}},"categories":[1],"tags":[1854,78,117,79,87],"jetpack_publicize_connections":[],"jetpack_sharing_enabled":true,"jetpack_featured_media_url":"https:\/\/www.legistdf.gob.ar\/wp-content\/uploads\/2019\/12\/IMG_1830.jpg","jetpack-related-posts":[],"_links":{"self":[{"href":"https:\/\/www.legistdf.gob.ar\/index.php\/wp-json\/wp\/v2\/posts\/18089"}],"collection":[{"href":"https:\/\/www.legistdf.gob.ar\/index.php\/wp-json\/wp\/v2\/posts"}],"about":[{"href":"https:\/\/www.legistdf.gob.ar\/index.php\/wp-json\/wp\/v2\/types\/post"}],"author":[{"embeddable":true,"href":"https:\/\/www.legistdf.gob.ar\/index.php\/wp-json\/wp\/v2\/users\/352"}],"replies":[{"embeddable":true,"href":"https:\/\/www.legistdf.gob.ar\/index.php\/wp-json\/wp\/v2\/comments?post=18089"}],"version-history":[{"count":1,"href":"https:\/\/www.legistdf.gob.ar\/index.php\/wp-json\/wp\/v2\/posts\/18089\/revisions"}],"predecessor-version":[{"id":18090,"href":"https:\/\/www.legistdf.gob.ar\/index.php\/wp-json\/wp\/v2\/posts\/18089\/revisions\/18090"}],"wp:featuredmedia":[{"embeddable":true,"href":"https:\/\/www.legistdf.gob.ar\/index.php\/wp-json\/wp\/v2\/media\/18075"}],"wp:attachment":[{"href":"https:\/\/www.legistdf.gob.ar\/index.php\/wp-json\/wp\/v2\/media?parent=18089"}],"wp:term":[{"taxonomy":"category","embeddable":true,"href":"https:\/\/www.legistdf.gob.ar\/index.php\/wp-json\/wp\/v2\/categories?post=18089"},{"taxonomy":"post_tag","embeddable":true,"href":"https:\/\/www.legistdf.gob.ar\/index.php\/wp-json\/wp\/v2\/tags?post=18089"}],"curies":[{"name":"wp","href":"https:\/\/api.w.org\/{rel}","templated":true}]}}