{"id":18152,"date":"2020-01-15T15:16:20","date_gmt":"2020-01-15T18:16:20","guid":{"rendered":"http:\/\/www.legistdf.gob.ar\/?p=18152"},"modified":"2020-01-15T15:16:20","modified_gmt":"2020-01-15T18:16:20","slug":"ushuaia-urquiza-pidio-recordar-y-tomar-como-ejemplo-al-exgobernador-ernesto-campos","status":"publish","type":"post","link":"https:\/\/www.legistdf.gob.ar\/index.php\/2020\/01\/15\/ushuaia-urquiza-pidio-recordar-y-tomar-como-ejemplo-al-exgobernador-ernesto-campos\/","title":{"rendered":"USHUAIA: Urquiza pidi\u00f3 recordar y tomar como ejemplo al exgobernador Ernesto Campos"},"content":{"rendered":"<p><strong><img loading=\"lazy\" decoding=\"async\" data-attachment-id=\"18156\" data-permalink=\"https:\/\/www.legistdf.gob.ar\/index.php\/2020\/01\/15\/ushuaia-urquiza-pidio-recordar-y-tomar-como-ejemplo-al-exgobernador-ernesto-campos\/img_1876\/\" data-orig-file=\"https:\/\/www.legistdf.gob.ar\/wp-content\/uploads\/2020\/01\/IMG_1876.jpg\" data-orig-size=\"1500,1000\" data-comments-opened=\"0\" data-image-meta=\"{&quot;aperture&quot;:&quot;16&quot;,&quot;credit&quot;:&quot;&quot;,&quot;camera&quot;:&quot;Canon EOS 6D&quot;,&quot;caption&quot;:&quot;&quot;,&quot;created_timestamp&quot;:&quot;1579066117&quot;,&quot;copyright&quot;:&quot;&quot;,&quot;focal_length&quot;:&quot;47&quot;,&quot;iso&quot;:&quot;800&quot;,&quot;shutter_speed&quot;:&quot;0.00625&quot;,&quot;title&quot;:&quot;&quot;,&quot;orientation&quot;:&quot;1&quot;}\" data-image-title=\"IMG_1876\" data-image-description=\"\" data-image-caption=\"\" data-medium-file=\"https:\/\/www.legistdf.gob.ar\/wp-content\/uploads\/2020\/01\/IMG_1876-300x200.jpg\" data-large-file=\"https:\/\/www.legistdf.gob.ar\/wp-content\/uploads\/2020\/01\/IMG_1876-1024x683.jpg\" class=\"alignright wp-image-18156 size-medium\" src=\"http:\/\/www.legistdf.gob.ar\/wp-content\/uploads\/2020\/01\/IMG_1876-300x200.jpg\" alt=\"\" width=\"300\" height=\"200\" srcset=\"https:\/\/www.legistdf.gob.ar\/wp-content\/uploads\/2020\/01\/IMG_1876-300x200.jpg 300w, https:\/\/www.legistdf.gob.ar\/wp-content\/uploads\/2020\/01\/IMG_1876-768x512.jpg 768w, https:\/\/www.legistdf.gob.ar\/wp-content\/uploads\/2020\/01\/IMG_1876-1024x683.jpg 1024w, https:\/\/www.legistdf.gob.ar\/wp-content\/uploads\/2020\/01\/IMG_1876-160x107.jpg 160w, https:\/\/www.legistdf.gob.ar\/wp-content\/uploads\/2020\/01\/IMG_1876.jpg 1500w\" sizes=\"(max-width: 300px) 100vw, 300px\" \/>Ushuaia, mi\u00e9rcoles 15 de enero de 2020.- La titular del Parlamento, vicegobernadora M\u00f3nica Urquiza, particip\u00f3 este mediod\u00eda del homenaje al exgobernador Ernesto Campos, al cumplirse el 33\u00ba aniversario de su desaparici\u00f3n f\u00edsica. \u201cHa sido un gran ser humano que ha hecho much\u00edsimo por nuestra Provincia\u201d, ponder\u00f3 luego del homenaje en el cementerio de Antiguos Pobladores de la capital fueguina.<\/strong><\/p>\n<p><strong>\u00a0<\/strong><\/p>\n<p>En su recuerdo, la Vicegobernadora destac\u00f3 el trabajo de integraci\u00f3n del territorio provincial, que encar\u00f3 Campos, \u201ccon la Ant\u00e1rtida y con las islas Malvinas\u201d en particular con el proyecto Antares.<\/p>\n<p>&nbsp;<\/p>\n<p>A Ernesto Campos lo calific\u00f3 como \u201cestratega\u201d que avizor\u00f3 el futuro de Tierra del Fuego \u201cdesde sus riquezas naturales y el turismo\u201d. En este punto, resalt\u00f3 la construcci\u00f3n de las hoster\u00edas Petrel, Kaiken y Alakush y el hotel Albatros, espacios \u201cubicados estrat\u00e9gicamente\u201d en todo el territorio de la Isla Grande y que en los \u00faltimos a\u00f1os \u201cse est\u00e1n comenzando a recuperar\u201d, dijo.<\/p>\n<p>&nbsp;<\/p>\n<p>Urquiza entendi\u00f3 necesario \u201crecordarlo permanentemente y tomarlo como ejemplo\u201d ante el desarrollo que gener\u00f3 en nuestra Provincia, y enumer\u00f3 como hitos, la incorporaci\u00f3n del sistema sanitario de salud con nosocomios en Ushuaia y R\u00edo Grande; el fomento a la explotaci\u00f3n hidrocarbur\u00edfera, pavimentaci\u00f3n y obras de infraestructura b\u00e1sicas y vitales para Tierra del Fuego, entre otras.<\/p>\n<p>&nbsp;<\/p>\n<p>\u201cCon todas las herramientas y los beneficios que tenemos a nuestro alcance, los fueguinos no debemos olvidar nunca qui\u00e9n ha sido Ernesto Campos\u201d y destac\u00f3 la figura del \u201cgobernador no fueguino que descansa en el cementerio\u201d de Antiguos Pobladores de Ushuaia, tal como anot\u00f3 el historiador Oscar Domingo Guti\u00e9rrez, al recordar la fecha hist\u00f3rica para los fueguinos.<\/p>\n<p>&nbsp;<\/p>\n<p>Del homenaje al exmandatario fueguino, participaron el gobernador de la Provincia, prof. Gustavo Melella; los legisladores Daniel Rivarola y Emmanuel Trentino (FORJA) y Federico Sciurano (UCR); la titular del Superior Tribunal de Justicia, Dra. Mar\u00eda del Carmen Battaini; la nieta del exmandatario Cecilia Daviou Campos; funcionarios provinciales y municipales; excombatientes de Malvinas; antiguos pobladores e invitados especiales.<\/p>\n<p>&nbsp;<\/p>\n<p style=\"text-align: right\"><em>AT-LVV-EGM<\/em><\/p>\n\n\t\t<style type=\"text\/css\">\n\t\t\t#gallery-1 {\n\t\t\t\tmargin: auto;\n\t\t\t}\n\t\t\t#gallery-1 .gallery-item {\n\t\t\t\tfloat: left;\n\t\t\t\tmargin-top: 10px;\n\t\t\t\ttext-align: center;\n\t\t\t\twidth: 33%;\n\t\t\t}\n\t\t\t#gallery-1 img {\n\t\t\t\tborder: 2px solid #cfcfcf;\n\t\t\t}\n\t\t\t#gallery-1 .gallery-caption {\n\t\t\t\tmargin-left: 0;\n\t\t\t}\n\t\t\t\/* see gallery_shortcode() in wp-includes\/media.php *\/\n\t\t<\/style>\n\t\t<div data-carousel-extra='{\"blog_id\":1,\"permalink\":\"https:\\\/\\\/www.legistdf.gob.ar\\\/index.php\\\/2020\\\/01\\\/15\\\/ushuaia-urquiza-pidio-recordar-y-tomar-como-ejemplo-al-exgobernador-ernesto-campos\\\/\"}' id='gallery-1' class='gallery galleryid-18152 gallery-columns-3 gallery-size-thumbnail'><dl class='gallery-item'>\n\t\t\t<dt class='gallery-icon landscape'>\n\t\t\t\t<a href='https:\/\/www.legistdf.gob.ar\/index.php\/2020\/01\/15\/campos-resaltan-la-figura-del-exgobernador-a-33-anos-de-su-fallecimiento\/img_1884-3\/'><img loading=\"lazy\" decoding=\"async\" width=\"150\" height=\"150\" src=\"https:\/\/www.legistdf.gob.ar\/wp-content\/uploads\/2020\/01\/IMG_1884-150x150.jpg\" class=\"attachment-thumbnail size-thumbnail\" alt=\"\" srcset=\"https:\/\/www.legistdf.gob.ar\/wp-content\/uploads\/2020\/01\/IMG_1884-150x150.jpg 150w, https:\/\/www.legistdf.gob.ar\/wp-content\/uploads\/2020\/01\/IMG_1884-64x64.jpg 64w\" sizes=\"(max-width: 150px) 100vw, 150px\" data-attachment-id=\"18167\" data-permalink=\"https:\/\/www.legistdf.gob.ar\/index.php\/2020\/01\/15\/campos-resaltan-la-figura-del-exgobernador-a-33-anos-de-su-fallecimiento\/img_1884-3\/\" data-orig-file=\"https:\/\/www.legistdf.gob.ar\/wp-content\/uploads\/2020\/01\/IMG_1884.jpg\" data-orig-size=\"1500,1000\" data-comments-opened=\"0\" data-image-meta=\"{&quot;aperture&quot;:&quot;20&quot;,&quot;credit&quot;:&quot;&quot;,&quot;camera&quot;:&quot;Canon EOS 6D&quot;,&quot;caption&quot;:&quot;&quot;,&quot;created_timestamp&quot;:&quot;1579066306&quot;,&quot;copyright&quot;:&quot;&quot;,&quot;focal_length&quot;:&quot;26&quot;,&quot;iso&quot;:&quot;800&quot;,&quot;shutter_speed&quot;:&quot;0.005&quot;,&quot;title&quot;:&quot;&quot;,&quot;orientation&quot;:&quot;1&quot;}\" data-image-title=\"IMG_1884\" data-image-description=\"\" data-image-caption=\"\" data-medium-file=\"https:\/\/www.legistdf.gob.ar\/wp-content\/uploads\/2020\/01\/IMG_1884-300x200.jpg\" data-large-file=\"https:\/\/www.legistdf.gob.ar\/wp-content\/uploads\/2020\/01\/IMG_1884-1024x683.jpg\" \/><\/a>\n\t\t\t<\/dt><\/dl><dl class='gallery-item'>\n\t\t\t<dt class='gallery-icon landscape'>\n\t\t\t\t<a href='https:\/\/www.legistdf.gob.ar\/index.php\/2020\/01\/15\/campos-resaltan-la-figura-del-exgobernador-a-33-anos-de-su-fallecimiento\/img_1897\/'><img loading=\"lazy\" decoding=\"async\" width=\"150\" height=\"150\" src=\"https:\/\/www.legistdf.gob.ar\/wp-content\/uploads\/2020\/01\/IMG_1897-150x150.jpg\" class=\"attachment-thumbnail size-thumbnail\" alt=\"\" srcset=\"https:\/\/www.legistdf.gob.ar\/wp-content\/uploads\/2020\/01\/IMG_1897-150x150.jpg 150w, https:\/\/www.legistdf.gob.ar\/wp-content\/uploads\/2020\/01\/IMG_1897-64x64.jpg 64w\" sizes=\"(max-width: 150px) 100vw, 150px\" data-attachment-id=\"18172\" data-permalink=\"https:\/\/www.legistdf.gob.ar\/index.php\/2020\/01\/15\/campos-resaltan-la-figura-del-exgobernador-a-33-anos-de-su-fallecimiento\/img_1897\/\" data-orig-file=\"https:\/\/www.legistdf.gob.ar\/wp-content\/uploads\/2020\/01\/IMG_1897.jpg\" data-orig-size=\"1500,1000\" data-comments-opened=\"0\" data-image-meta=\"{&quot;aperture&quot;:&quot;22&quot;,&quot;credit&quot;:&quot;&quot;,&quot;camera&quot;:&quot;Canon EOS 6D&quot;,&quot;caption&quot;:&quot;&quot;,&quot;created_timestamp&quot;:&quot;1579066572&quot;,&quot;copyright&quot;:&quot;&quot;,&quot;focal_length&quot;:&quot;42&quot;,&quot;iso&quot;:&quot;800&quot;,&quot;shutter_speed&quot;:&quot;0.005&quot;,&quot;title&quot;:&quot;&quot;,&quot;orientation&quot;:&quot;1&quot;}\" data-image-title=\"IMG_1897\" data-image-description=\"\" data-image-caption=\"\" data-medium-file=\"https:\/\/www.legistdf.gob.ar\/wp-content\/uploads\/2020\/01\/IMG_1897-300x200.jpg\" data-large-file=\"https:\/\/www.legistdf.gob.ar\/wp-content\/uploads\/2020\/01\/IMG_1897-1024x683.jpg\" \/><\/a>\n\t\t\t<\/dt><\/dl><dl class='gallery-item'>\n\t\t\t<dt class='gallery-icon landscape'>\n\t\t\t\t<a href='https:\/\/www.legistdf.gob.ar\/index.php\/2020\/01\/15\/campos-resaltan-la-figura-del-exgobernador-a-33-anos-de-su-fallecimiento\/img_1876-2\/'><img loading=\"lazy\" decoding=\"async\" width=\"150\" height=\"150\" src=\"https:\/\/www.legistdf.gob.ar\/wp-content\/uploads\/2020\/01\/IMG_1876-1-150x150.jpg\" class=\"attachment-thumbnail size-thumbnail\" alt=\"\" srcset=\"https:\/\/www.legistdf.gob.ar\/wp-content\/uploads\/2020\/01\/IMG_1876-1-150x150.jpg 150w, https:\/\/www.legistdf.gob.ar\/wp-content\/uploads\/2020\/01\/IMG_1876-1-64x64.jpg 64w\" sizes=\"(max-width: 150px) 100vw, 150px\" data-attachment-id=\"18164\" data-permalink=\"https:\/\/www.legistdf.gob.ar\/index.php\/2020\/01\/15\/campos-resaltan-la-figura-del-exgobernador-a-33-anos-de-su-fallecimiento\/img_1876-2\/\" data-orig-file=\"https:\/\/www.legistdf.gob.ar\/wp-content\/uploads\/2020\/01\/IMG_1876-1.jpg\" data-orig-size=\"1500,1000\" data-comments-opened=\"0\" data-image-meta=\"{&quot;aperture&quot;:&quot;16&quot;,&quot;credit&quot;:&quot;&quot;,&quot;camera&quot;:&quot;Canon EOS 6D&quot;,&quot;caption&quot;:&quot;&quot;,&quot;created_timestamp&quot;:&quot;1579066117&quot;,&quot;copyright&quot;:&quot;&quot;,&quot;focal_length&quot;:&quot;47&quot;,&quot;iso&quot;:&quot;800&quot;,&quot;shutter_speed&quot;:&quot;0.00625&quot;,&quot;title&quot;:&quot;&quot;,&quot;orientation&quot;:&quot;1&quot;}\" data-image-title=\"IMG_1876\" data-image-description=\"\" data-image-caption=\"\" data-medium-file=\"https:\/\/www.legistdf.gob.ar\/wp-content\/uploads\/2020\/01\/IMG_1876-1-300x200.jpg\" data-large-file=\"https:\/\/www.legistdf.gob.ar\/wp-content\/uploads\/2020\/01\/IMG_1876-1-1024x683.jpg\" \/><\/a>\n\t\t\t<\/dt><\/dl><br style=\"clear: both\" \/>\n\t\t<\/div>\n\n","protected":false},"excerpt":{"rendered":"<p>Ushuaia, mi\u00e9rcoles 15 de enero de 2020.- La titular del Parlamento, vicegobernadora M\u00f3nica Urquiza, particip\u00f3 este mediod\u00eda del homenaje al exgobernador Ernesto Campos, al cumplirse el 33\u00ba aniversario de su desaparici\u00f3n f\u00edsica. \u201cHa sido un gran ser humano que ha hecho much\u00edsimo por nuestra Provincia\u201d, ponder\u00f3 luego del homenaje en el cementerio de Antiguos Pobladores [&hellip;]<\/p>\n","protected":false},"author":352,"featured_media":18156,"comment_status":"closed","ping_status":"open","sticky":false,"template":"","format":"standard","meta":{"jetpack_post_was_ever_published":false,"_jetpack_newsletter_access":"","_jetpack_dont_email_post_to_subs":false,"_jetpack_newsletter_tier_id":0,"footnotes":"","jetpack_publicize_message":"USHUAIA: Urquiza pidi\u00f3 recordar y tomar como ejemplo al exgobernador Ernesto Campos #NuevaLegislaturaTDF #Ushuaia #LegisTDF #Campos","jetpack_publicize_feature_enabled":true,"jetpack_social_post_already_shared":true,"jetpack_social_options":{"image_generator_settings":{"template":"highway","enabled":false}}},"categories":[1],"tags":[1857,144,113,79,87,1837],"jetpack_publicize_connections":[],"jetpack_sharing_enabled":true,"jetpack_featured_media_url":"https:\/\/www.legistdf.gob.ar\/wp-content\/uploads\/2020\/01\/IMG_1876.jpg","jetpack-related-posts":[],"_links":{"self":[{"href":"https:\/\/www.legistdf.gob.ar\/index.php\/wp-json\/wp\/v2\/posts\/18152"}],"collection":[{"href":"https:\/\/www.legistdf.gob.ar\/index.php\/wp-json\/wp\/v2\/posts"}],"about":[{"href":"https:\/\/www.legistdf.gob.ar\/index.php\/wp-json\/wp\/v2\/types\/post"}],"author":[{"embeddable":true,"href":"https:\/\/www.legistdf.gob.ar\/index.php\/wp-json\/wp\/v2\/users\/352"}],"replies":[{"embeddable":true,"href":"https:\/\/www.legistdf.gob.ar\/index.php\/wp-json\/wp\/v2\/comments?post=18152"}],"version-history":[{"count":3,"href":"https:\/\/www.legistdf.gob.ar\/index.php\/wp-json\/wp\/v2\/posts\/18152\/revisions"}],"predecessor-version":[{"id":18178,"href":"https:\/\/www.legistdf.gob.ar\/index.php\/wp-json\/wp\/v2\/posts\/18152\/revisions\/18178"}],"wp:featuredmedia":[{"embeddable":true,"href":"https:\/\/www.legistdf.gob.ar\/index.php\/wp-json\/wp\/v2\/media\/18156"}],"wp:attachment":[{"href":"https:\/\/www.legistdf.gob.ar\/index.php\/wp-json\/wp\/v2\/media?parent=18152"}],"wp:term":[{"taxonomy":"category","embeddable":true,"href":"https:\/\/www.legistdf.gob.ar\/index.php\/wp-json\/wp\/v2\/categories?post=18152"},{"taxonomy":"post_tag","embeddable":true,"href":"https:\/\/www.legistdf.gob.ar\/index.php\/wp-json\/wp\/v2\/tags?post=18152"}],"curies":[{"name":"wp","href":"https:\/\/api.w.org\/{rel}","templated":true}]}}