{"id":18194,"date":"2020-01-29T13:58:17","date_gmt":"2020-01-29T16:58:17","guid":{"rendered":"http:\/\/www.legistdf.gob.ar\/?p=18194"},"modified":"2020-01-29T13:58:17","modified_gmt":"2020-01-29T16:58:17","slug":"gobierno-juro-la-nueva-ministra-de-gobierno-justicia-y-derechos-humanos","status":"publish","type":"post","link":"https:\/\/www.legistdf.gob.ar\/index.php\/2020\/01\/29\/gobierno-juro-la-nueva-ministra-de-gobierno-justicia-y-derechos-humanos\/","title":{"rendered":"GOBIERNO: Jur\u00f3 la nueva ministra de Gobierno, Justicia y Derechos Humanos"},"content":{"rendered":"<p><strong>Ushuaia, mi\u00e9rcoles 29 de enero de 2020.- La Presidenta del Parlamento, vicegobernadora M\u00f3nica Urquiza junto a los legisladores M\u00f3nica Acosta, Daniel Rivarola, Emmanuel Trentino y Federico Greve (FORJA), participaron del acto de jura de la ministra de Gobierno, Justicia y Derechos Humanos, Dra. Adriana Chapper\u00f3n. La ceremonia, encabezada por el gobernador profesor Gustavo Melella, se llev\u00f3 a cabo en el Sal\u00f3n Malvinas de Casa de Gobierno.<\/strong><\/p>\n<p><strong>\u00a0<\/strong><\/p>\n<p>En di\u00e1logo con Prensa Legislativa, la legisladora M\u00f3nica Acosta resalt\u00f3 la figura de la flamante funcionaria. \u201cConocemos a Adriana detr\u00e1s de una vasta trayectoria en la funci\u00f3n p\u00fablica, con much\u00edsima pertenencia social en todos estos a\u00f1os\u201d. En este sentido, consider\u00f3 la importancia de la cartera ministerial a la que llega Chapper\u00f3n y refiri\u00f3 a la necesidad de abordar \u201cla modificaci\u00f3n de algunos paradigmas desde el punto de vista social\u201d, dijo am\u00e9n de otras instancias de acci\u00f3n tambi\u00e9n de inter\u00e9s.<\/p>\n<p>&nbsp;<\/p>\n<p>Adelant\u00f3 su intenci\u00f3n de mantener, desde el bloque oficialista, una reuni\u00f3n con la Ministra para abordar proyectos en los que est\u00e1n trabajando, \u201cvinculados con cuestiones relacionados con la no reincidencia del delito en la Provincia, para lo que se nos ocurre que podr\u00edan existir varios proyectos autogestivos desde el sistema carcelario, para que est\u00e9n munidos de determinadas herramientas\u201d, ejemplific\u00f3 la Parlamentaria. \u201cEl nombramiento de Adriana Chapper\u00f3n es realmente de much\u00edsima calidad para la gesti\u00f3n de Gustavo Melella\u201d, recalc\u00f3 M\u00f3nica Acosta.<\/p>\n<p>En otro orden y respecto del trabajo legislativo, adelant\u00f3 que \u201cya tenemos marcada la agenda a partir del 1\u00ba de marzo\u201d y refiri\u00f3 en ese sentido, al tratamiento de la emergencia administrativa y otro sobre la empresa estatal de Energ\u00eda.<\/p>\n<p>&nbsp;<\/p>\n<p>Por \u00faltimo, agreg\u00f3 que \u201crecepcionamos much\u00edsimas inquietudes y necesidades de la propia comunidad; proyectos que van desde sugerir herramientas en la \u00f3rbita administrativa como la creaci\u00f3n de nuevas carreras como la de psicolog\u00eda social\u201d, cerr\u00f3 la legisladora M\u00f3nica Acosta.<\/p>\n<p>&nbsp;<\/p>\n<p>Por su parte, el legislador Emmanuel Trentino destac\u00f3 la satisfacci\u00f3n sobre la llegada la Dra. Chapper\u00f3n a la gesti\u00f3n gubernamental. \u201cEs una gran mujer y una gran militante, que tiene vasta experiencia en distintos cargos de gesti\u00f3n\u201d, dijo luego del acto de asunci\u00f3n.<\/p>\n<p>&nbsp;<\/p>\n<p>Record\u00f3 que \u201chemos transitado un camino, tanto en las campa\u00f1as como en el trabajo de ejecuci\u00f3n y gesti\u00f3n, y creemos que es una gran persona que va a estar a la altura de las necesidades\u201d. El Parlamentario del bloque FORJA afirm\u00f3 que desde ese espacio \u201cesperamos ser convocados para trabajar en nuevos proyectos y mejorar as\u00ed la calidad de vida a todos los fueguinos\u201d, concluy\u00f3 Emmanuel Trentino.<\/p>\n<p>&nbsp;<\/p>\n<p>Daniel Rivarola tambi\u00e9n dialog\u00f3 con Prensa Legislativa luego de la jura de la Ministra y se mostr\u00f3 \u201cconforme y contento\u201d con la designaci\u00f3n: \u201cA la Dra. Chapper\u00f3n la conocemos desde hace tiempo\u201d, record\u00f3.<\/p>\n<p>&nbsp;<\/p>\n<p>Respecto de la tarea legislativa a futuro, Rivarola adelant\u00f3 \u201clas mejores expectativas para este a\u00f1o, sabemos que empezaron di\u00e1logos distintos despu\u00e9s de la sesi\u00f3n de diciembre, comenzamos a hablar con el resto de los Legisladores, consensuamos algunas cosas, hemos modificado algunas cosas de las leyes sancionadas. Nos espera un a\u00f1o legislativo de consenso, de charla y de mucho trabajo\u201d, cerr\u00f3 el legislador Daniel Rivarola.<\/p>\n<p>&nbsp;<\/p>\n<p>Del acto participaron tambi\u00e9n, funcionarios provinciales y judiciales, representantes de organismos de control y de entes aut\u00e1rticos, personal de las fuerzas armadas y de seguridad e invitados especiales.<\/p>\n<p>&nbsp;<\/p>\n<p style=\"text-align: right\"><em>LVV<\/em><\/p>\n\n\t\t<style type=\"text\/css\">\n\t\t\t#gallery-1 {\n\t\t\t\tmargin: auto;\n\t\t\t}\n\t\t\t#gallery-1 .gallery-item {\n\t\t\t\tfloat: left;\n\t\t\t\tmargin-top: 10px;\n\t\t\t\ttext-align: center;\n\t\t\t\twidth: 33%;\n\t\t\t}\n\t\t\t#gallery-1 img {\n\t\t\t\tborder: 2px solid #cfcfcf;\n\t\t\t}\n\t\t\t#gallery-1 .gallery-caption {\n\t\t\t\tmargin-left: 0;\n\t\t\t}\n\t\t\t\/* see gallery_shortcode() in wp-includes\/media.php *\/\n\t\t<\/style>\n\t\t<div data-carousel-extra='{\"blog_id\":1,\"permalink\":\"https:\\\/\\\/www.legistdf.gob.ar\\\/index.php\\\/2020\\\/01\\\/29\\\/gobierno-juro-la-nueva-ministra-de-gobierno-justicia-y-derechos-humanos\\\/\"}' id='gallery-1' class='gallery galleryid-18194 gallery-columns-3 gallery-size-thumbnail'><dl class='gallery-item'>\n\t\t\t<dt class='gallery-icon landscape'>\n\t\t\t\t<a href='https:\/\/www.legistdf.gob.ar\/index.php\/2020\/01\/29\/gobierno-juro-la-nueva-ministra-de-gobierno-justicia-y-derechos-humanos\/img_1916-3\/'><img loading=\"lazy\" decoding=\"async\" width=\"150\" height=\"150\" src=\"https:\/\/www.legistdf.gob.ar\/wp-content\/uploads\/2020\/01\/IMG_1916-150x150.jpg\" class=\"attachment-thumbnail size-thumbnail\" alt=\"\" srcset=\"https:\/\/www.legistdf.gob.ar\/wp-content\/uploads\/2020\/01\/IMG_1916-150x150.jpg 150w, https:\/\/www.legistdf.gob.ar\/wp-content\/uploads\/2020\/01\/IMG_1916-64x64.jpg 64w\" sizes=\"(max-width: 150px) 100vw, 150px\" data-attachment-id=\"18196\" data-permalink=\"https:\/\/www.legistdf.gob.ar\/index.php\/2020\/01\/29\/gobierno-juro-la-nueva-ministra-de-gobierno-justicia-y-derechos-humanos\/img_1916-3\/\" data-orig-file=\"https:\/\/www.legistdf.gob.ar\/wp-content\/uploads\/2020\/01\/IMG_1916.jpg\" data-orig-size=\"1500,1000\" data-comments-opened=\"0\" data-image-meta=\"{&quot;aperture&quot;:&quot;5.6&quot;,&quot;credit&quot;:&quot;&quot;,&quot;camera&quot;:&quot;Canon EOS 6D&quot;,&quot;caption&quot;:&quot;&quot;,&quot;created_timestamp&quot;:&quot;1580271366&quot;,&quot;copyright&quot;:&quot;&quot;,&quot;focal_length&quot;:&quot;31&quot;,&quot;iso&quot;:&quot;800&quot;,&quot;shutter_speed&quot;:&quot;0.01&quot;,&quot;title&quot;:&quot;&quot;,&quot;orientation&quot;:&quot;0&quot;}\" data-image-title=\"IMG_1916\" data-image-description=\"\" data-image-caption=\"\" data-medium-file=\"https:\/\/www.legistdf.gob.ar\/wp-content\/uploads\/2020\/01\/IMG_1916-300x200.jpg\" data-large-file=\"https:\/\/www.legistdf.gob.ar\/wp-content\/uploads\/2020\/01\/IMG_1916-1024x683.jpg\" \/><\/a>\n\t\t\t<\/dt><\/dl><dl class='gallery-item'>\n\t\t\t<dt class='gallery-icon landscape'>\n\t\t\t\t<a href='https:\/\/www.legistdf.gob.ar\/index.php\/2020\/01\/29\/gobierno-juro-la-nueva-ministra-de-gobierno-justicia-y-derechos-humanos\/img_1927\/'><img loading=\"lazy\" decoding=\"async\" width=\"150\" height=\"150\" src=\"https:\/\/www.legistdf.gob.ar\/wp-content\/uploads\/2020\/01\/IMG_1927-150x150.jpg\" class=\"attachment-thumbnail size-thumbnail\" alt=\"\" srcset=\"https:\/\/www.legistdf.gob.ar\/wp-content\/uploads\/2020\/01\/IMG_1927-150x150.jpg 150w, https:\/\/www.legistdf.gob.ar\/wp-content\/uploads\/2020\/01\/IMG_1927-64x64.jpg 64w\" sizes=\"(max-width: 150px) 100vw, 150px\" data-attachment-id=\"18197\" data-permalink=\"https:\/\/www.legistdf.gob.ar\/index.php\/2020\/01\/29\/gobierno-juro-la-nueva-ministra-de-gobierno-justicia-y-derechos-humanos\/img_1927\/\" data-orig-file=\"https:\/\/www.legistdf.gob.ar\/wp-content\/uploads\/2020\/01\/IMG_1927.jpg\" data-orig-size=\"1500,1096\" data-comments-opened=\"0\" data-image-meta=\"{&quot;aperture&quot;:&quot;7.1&quot;,&quot;credit&quot;:&quot;&quot;,&quot;camera&quot;:&quot;Canon EOS 6D&quot;,&quot;caption&quot;:&quot;&quot;,&quot;created_timestamp&quot;:&quot;1580271970&quot;,&quot;copyright&quot;:&quot;&quot;,&quot;focal_length&quot;:&quot;28&quot;,&quot;iso&quot;:&quot;800&quot;,&quot;shutter_speed&quot;:&quot;0.01&quot;,&quot;title&quot;:&quot;&quot;,&quot;orientation&quot;:&quot;0&quot;}\" data-image-title=\"IMG_1927\" data-image-description=\"\" data-image-caption=\"\" data-medium-file=\"https:\/\/www.legistdf.gob.ar\/wp-content\/uploads\/2020\/01\/IMG_1927-300x219.jpg\" data-large-file=\"https:\/\/www.legistdf.gob.ar\/wp-content\/uploads\/2020\/01\/IMG_1927-1024x748.jpg\" \/><\/a>\n\t\t\t<\/dt><\/dl><dl class='gallery-item'>\n\t\t\t<dt class='gallery-icon landscape'>\n\t\t\t\t<a href='https:\/\/www.legistdf.gob.ar\/index.php\/2020\/01\/29\/gobierno-juro-la-nueva-ministra-de-gobierno-justicia-y-derechos-humanos\/img_1930-2\/'><img loading=\"lazy\" decoding=\"async\" width=\"150\" height=\"150\" src=\"https:\/\/www.legistdf.gob.ar\/wp-content\/uploads\/2020\/01\/IMG_1930-150x150.jpg\" class=\"attachment-thumbnail size-thumbnail\" alt=\"\" srcset=\"https:\/\/www.legistdf.gob.ar\/wp-content\/uploads\/2020\/01\/IMG_1930-150x150.jpg 150w, https:\/\/www.legistdf.gob.ar\/wp-content\/uploads\/2020\/01\/IMG_1930-64x64.jpg 64w\" sizes=\"(max-width: 150px) 100vw, 150px\" data-attachment-id=\"18198\" data-permalink=\"https:\/\/www.legistdf.gob.ar\/index.php\/2020\/01\/29\/gobierno-juro-la-nueva-ministra-de-gobierno-justicia-y-derechos-humanos\/img_1930-2\/\" data-orig-file=\"https:\/\/www.legistdf.gob.ar\/wp-content\/uploads\/2020\/01\/IMG_1930.jpg\" data-orig-size=\"1500,1000\" data-comments-opened=\"0\" data-image-meta=\"{&quot;aperture&quot;:&quot;10&quot;,&quot;credit&quot;:&quot;&quot;,&quot;camera&quot;:&quot;Canon EOS 6D&quot;,&quot;caption&quot;:&quot;&quot;,&quot;created_timestamp&quot;:&quot;1580272001&quot;,&quot;copyright&quot;:&quot;&quot;,&quot;focal_length&quot;:&quot;24&quot;,&quot;iso&quot;:&quot;800&quot;,&quot;shutter_speed&quot;:&quot;0.01&quot;,&quot;title&quot;:&quot;&quot;,&quot;orientation&quot;:&quot;0&quot;}\" data-image-title=\"IMG_1930\" data-image-description=\"\" data-image-caption=\"\" data-medium-file=\"https:\/\/www.legistdf.gob.ar\/wp-content\/uploads\/2020\/01\/IMG_1930-300x200.jpg\" data-large-file=\"https:\/\/www.legistdf.gob.ar\/wp-content\/uploads\/2020\/01\/IMG_1930-1024x683.jpg\" \/><\/a>\n\t\t\t<\/dt><\/dl><br style=\"clear: both\" \/><dl class='gallery-item'>\n\t\t\t<dt class='gallery-icon landscape'>\n\t\t\t\t<a href='https:\/\/www.legistdf.gob.ar\/index.php\/2020\/01\/29\/gobierno-juro-la-nueva-ministra-de-gobierno-justicia-y-derechos-humanos\/img_1935\/'><img loading=\"lazy\" decoding=\"async\" width=\"150\" height=\"150\" src=\"https:\/\/www.legistdf.gob.ar\/wp-content\/uploads\/2020\/01\/IMG_1935-150x150.jpg\" class=\"attachment-thumbnail size-thumbnail\" alt=\"\" srcset=\"https:\/\/www.legistdf.gob.ar\/wp-content\/uploads\/2020\/01\/IMG_1935-150x150.jpg 150w, https:\/\/www.legistdf.gob.ar\/wp-content\/uploads\/2020\/01\/IMG_1935-64x64.jpg 64w\" sizes=\"(max-width: 150px) 100vw, 150px\" data-attachment-id=\"18195\" data-permalink=\"https:\/\/www.legistdf.gob.ar\/index.php\/2020\/01\/29\/gobierno-juro-la-nueva-ministra-de-gobierno-justicia-y-derechos-humanos\/img_1935\/\" data-orig-file=\"https:\/\/www.legistdf.gob.ar\/wp-content\/uploads\/2020\/01\/IMG_1935.jpg\" data-orig-size=\"1500,1000\" data-comments-opened=\"0\" data-image-meta=\"{&quot;aperture&quot;:&quot;8&quot;,&quot;credit&quot;:&quot;&quot;,&quot;camera&quot;:&quot;Canon EOS 6D&quot;,&quot;caption&quot;:&quot;&quot;,&quot;created_timestamp&quot;:&quot;1580272031&quot;,&quot;copyright&quot;:&quot;&quot;,&quot;focal_length&quot;:&quot;35&quot;,&quot;iso&quot;:&quot;800&quot;,&quot;shutter_speed&quot;:&quot;0.01&quot;,&quot;title&quot;:&quot;&quot;,&quot;orientation&quot;:&quot;0&quot;}\" data-image-title=\"IMG_1935\" data-image-description=\"\" data-image-caption=\"\" data-medium-file=\"https:\/\/www.legistdf.gob.ar\/wp-content\/uploads\/2020\/01\/IMG_1935-300x200.jpg\" data-large-file=\"https:\/\/www.legistdf.gob.ar\/wp-content\/uploads\/2020\/01\/IMG_1935-1024x683.jpg\" \/><\/a>\n\t\t\t<\/dt><\/dl>\n\t\t\t<br style='clear: both' \/>\n\t\t<\/div>\n\n","protected":false},"excerpt":{"rendered":"<p>Ushuaia, mi\u00e9rcoles 29 de enero de 2020.- La Presidenta del Parlamento, vicegobernadora M\u00f3nica Urquiza junto a los legisladores M\u00f3nica Acosta, Daniel Rivarola, Emmanuel Trentino y Federico Greve (FORJA), participaron del acto de jura de la ministra de Gobierno, Justicia y Derechos Humanos, Dra. Adriana Chapper\u00f3n. La ceremonia, encabezada por el gobernador profesor Gustavo Melella, se [&hellip;]<\/p>\n","protected":false},"author":352,"featured_media":18195,"comment_status":"closed","ping_status":"open","sticky":false,"template":"","format":"standard","meta":{"jetpack_post_was_ever_published":false,"_jetpack_newsletter_access":"","_jetpack_dont_email_post_to_subs":false,"_jetpack_newsletter_tier_id":0,"footnotes":"","jetpack_publicize_message":"GOBIERNO: Jur\u00f3 la nueva ministra de Gobierno, Justicia y Derechos Humanos #NuevaLegislaturaTDF #LegisTDF #Ushuaia","jetpack_publicize_feature_enabled":true,"jetpack_social_post_already_shared":true,"jetpack_social_options":{"image_generator_settings":{"template":"highway","enabled":false}}},"categories":[1],"tags":[1859,1858,127,78,144,79,87],"jetpack_publicize_connections":[],"jetpack_sharing_enabled":true,"jetpack_featured_media_url":"https:\/\/www.legistdf.gob.ar\/wp-content\/uploads\/2020\/01\/IMG_1935.jpg","jetpack-related-posts":[],"_links":{"self":[{"href":"https:\/\/www.legistdf.gob.ar\/index.php\/wp-json\/wp\/v2\/posts\/18194"}],"collection":[{"href":"https:\/\/www.legistdf.gob.ar\/index.php\/wp-json\/wp\/v2\/posts"}],"about":[{"href":"https:\/\/www.legistdf.gob.ar\/index.php\/wp-json\/wp\/v2\/types\/post"}],"author":[{"embeddable":true,"href":"https:\/\/www.legistdf.gob.ar\/index.php\/wp-json\/wp\/v2\/users\/352"}],"replies":[{"embeddable":true,"href":"https:\/\/www.legistdf.gob.ar\/index.php\/wp-json\/wp\/v2\/comments?post=18194"}],"version-history":[{"count":1,"href":"https:\/\/www.legistdf.gob.ar\/index.php\/wp-json\/wp\/v2\/posts\/18194\/revisions"}],"predecessor-version":[{"id":18199,"href":"https:\/\/www.legistdf.gob.ar\/index.php\/wp-json\/wp\/v2\/posts\/18194\/revisions\/18199"}],"wp:featuredmedia":[{"embeddable":true,"href":"https:\/\/www.legistdf.gob.ar\/index.php\/wp-json\/wp\/v2\/media\/18195"}],"wp:attachment":[{"href":"https:\/\/www.legistdf.gob.ar\/index.php\/wp-json\/wp\/v2\/media?parent=18194"}],"wp:term":[{"taxonomy":"category","embeddable":true,"href":"https:\/\/www.legistdf.gob.ar\/index.php\/wp-json\/wp\/v2\/categories?post=18194"},{"taxonomy":"post_tag","embeddable":true,"href":"https:\/\/www.legistdf.gob.ar\/index.php\/wp-json\/wp\/v2\/tags?post=18194"}],"curies":[{"name":"wp","href":"https:\/\/api.w.org\/{rel}","templated":true}]}}