{"id":18439,"date":"2020-02-17T11:34:40","date_gmt":"2020-02-17T14:34:40","guid":{"rendered":"http:\/\/www.legistdf.gob.ar\/?p=18439"},"modified":"2020-02-17T11:34:40","modified_gmt":"2020-02-17T14:34:40","slug":"rio-grande-martin-perez-inauguro-el-periodo-de-sesiones-ordinarias-del-concejo-deliberante","status":"publish","type":"post","link":"https:\/\/www.legistdf.gob.ar\/index.php\/2020\/02\/17\/rio-grande-martin-perez-inauguro-el-periodo-de-sesiones-ordinarias-del-concejo-deliberante\/","title":{"rendered":"R\u00cdO GRANDE: Mart\u00edn P\u00e9rez inaugur\u00f3 el per\u00edodo de sesiones ordinarias del Concejo Deliberante"},"content":{"rendered":"<p><strong><img loading=\"lazy\" decoding=\"async\" data-attachment-id=\"18440\" data-permalink=\"https:\/\/www.legistdf.gob.ar\/index.php\/2020\/02\/17\/rio-grande-martin-perez-inauguro-el-periodo-de-sesiones-ordinarias-del-concejo-deliberante\/1-183\/\" data-orig-file=\"https:\/\/www.legistdf.gob.ar\/wp-content\/uploads\/2020\/02\/1.jpg\" data-orig-size=\"1920,1280\" data-comments-opened=\"0\" data-image-meta=\"{&quot;aperture&quot;:&quot;6.3&quot;,&quot;credit&quot;:&quot;&quot;,&quot;camera&quot;:&quot;Canon EOS 70D&quot;,&quot;caption&quot;:&quot;&quot;,&quot;created_timestamp&quot;:&quot;1581749494&quot;,&quot;copyright&quot;:&quot;&quot;,&quot;focal_length&quot;:&quot;24&quot;,&quot;iso&quot;:&quot;2000&quot;,&quot;shutter_speed&quot;:&quot;0.00625&quot;,&quot;title&quot;:&quot;&quot;,&quot;orientation&quot;:&quot;1&quot;}\" data-image-title=\"1\" data-image-description=\"\" data-image-caption=\"\" data-medium-file=\"https:\/\/www.legistdf.gob.ar\/wp-content\/uploads\/2020\/02\/1-300x200.jpg\" data-large-file=\"https:\/\/www.legistdf.gob.ar\/wp-content\/uploads\/2020\/02\/1-1024x683.jpg\" class=\"alignleft wp-image-18440 size-medium\" src=\"http:\/\/www.legistdf.gob.ar\/wp-content\/uploads\/2020\/02\/1-300x200.jpg\" alt=\"\" width=\"300\" height=\"200\" srcset=\"https:\/\/www.legistdf.gob.ar\/wp-content\/uploads\/2020\/02\/1-300x200.jpg 300w, https:\/\/www.legistdf.gob.ar\/wp-content\/uploads\/2020\/02\/1-768x512.jpg 768w, https:\/\/www.legistdf.gob.ar\/wp-content\/uploads\/2020\/02\/1-1024x683.jpg 1024w, https:\/\/www.legistdf.gob.ar\/wp-content\/uploads\/2020\/02\/1-160x107.jpg 160w, https:\/\/www.legistdf.gob.ar\/wp-content\/uploads\/2020\/02\/1.jpg 1920w\" sizes=\"(max-width: 300px) 100vw, 300px\" \/>R\u00edo Grande, lunes 17 de febrero de 2020.-\u00a0 La Legislatura acompa\u00f1\u00f3 el inicio de sesiones del Concejo Deliberante, donde el intendente Mart\u00edn P\u00e9rez, brind\u00f3 su primer mensaje al pueblo riograndense desde que asumi\u00f3 al frente del departamento Ejecutivo Municipal. Entre sus palabras, anunci\u00f3 obras para la ciudad, aumento salarial para los empleados municipales, la creaci\u00f3n de la secretaria de la mujer, diversidad y g\u00e9nero, y adem\u00e1s una cl\u00ednica para la atenci\u00f3n medica de las mujeres.<\/strong><\/p>\n<p>&nbsp;<\/p>\n<p>Tras los anuncios los Parlamentarios fueguinos expresaron su satisfacci\u00f3n por las miradas venideras. \u201cEs una fiesta de la democracia\u201d, expres\u00f3 Federico Greve (FORJA).\u00a0 Se trata del primer discurso de Mart\u00edn P\u00e9rez como intendente de la ciudad de R\u00edo Grande, \u201csomos de ac\u00e1, esperamos que pueda concretar todo lo que anunci\u00f3. Ya ten\u00eda una gran base de trabajo despu\u00e9s de 8 a\u00f1os de gesti\u00f3n municipal\u201d, se\u00f1al\u00f3 al t\u00e9rmino del acto que se concret\u00f3 en la sala Angela Loij de la Casa de la Cultura.<\/p>\n<p>&nbsp;<\/p>\n<p>En referencia a las palabras del intendente sobre la deuda de coparticipaci\u00f3n que mantiene el Ejecutivo con el Municipio, Greve, asever\u00f3 que se \u201cva a trabajar en consecuencia para revertirlo\u201d.<\/p>\n<p>&nbsp;<\/p>\n<p>\u201cEl trabajo con la mujer es algo loable, m\u00e1s all\u00e1 que es innovador, queremos ver c\u00f3mo repercute en la ciudad\u201d, sintetiz\u00f3.<\/p>\n<p>&nbsp;<\/p>\n<p>Sobre los anuncios de una cl\u00ednica para la mujer, el Parlamentario se mostr\u00f3 conforme: \u201cMientras se ayude a la comunidad, lo vemos con benepl\u00e1cito. Nosotros tenemos otra pol\u00edtica, en 8 a\u00f1os no entendimos necesario crear la secretaria de la mujer\u201d, ejemplific\u00f3. \u201cEntendemos la coyuntura de hoy y si es necesaria una cl\u00ednica de la mujer y es una soluci\u00f3n para los vecinos de la ciudad, bienvenida sea\u201d, dijo.<\/p>\n<p>&nbsp;<\/p>\n<p>En cuanto al rol legislativo en los anuncios del intendente, el Parlamentario entendi\u00f3 que es \u201cmuy importante conocer las necesidades y mantener un constante di\u00e1logo, una relaci\u00f3n fluida entre el Gobierno, el municipio y la Legislatura. Las obras son transversales y debemos estar a la orden de lo que necesiten los tres intendentes\u201d, puntualiz\u00f3.<\/p>\n<p>&nbsp;<\/p>\n<p>Desde el bloque UCR, la legisladora, Liliana Mart\u00ednez Allende, dijo que siente expectativa por mejorar la calidad de vida de los riograndenses: \u201cHay muchas cuestiones pendientes de resoluci\u00f3n en la ciudad. Por el momento son expresiones de deseo de mejorar y esperemos que lo pueda llevar adelante\u201d, dijo a Prensa Legislativa<\/p>\n<p>&nbsp;<\/p>\n<p>En este contexto, Mart\u00ednez Allende asegur\u00f3 que P\u00e9rez \u201ccuenta con el apoyo de la Legislatura, deseo que se pueda concretar un di\u00e1logo maduro con el Gobierno, para contar con el apoyo que necesita para poder gestionar\u201d.<\/p>\n<p>&nbsp;<\/p>\n<p>\u201cLe deseo todo el \u00e9xito al cuerpo de Concejales, los voy a acompa\u00f1ar desde mi lugar para generar las herramientas necesarias para contribuir\u201d, expres\u00f3.<\/p>\n<p>&nbsp;<\/p>\n<p>Mart\u00ednez Allende destac\u00f3 el anuncio sobre la capacitaci\u00f3n que recibir\u00e1n los agentes municipales en relaci\u00f3n a la Ley Micaela: \u201cMe alegra que el Intendente busque la adhesi\u00f3n a la Ley, la capacitaci\u00f3n que ofrece la Naci\u00f3n es la m\u00e1s adecuada y todos debemos realizarla\u201d, asever\u00f3.<\/p>\n<p>&nbsp;<\/p>\n<p>Por su parte, el referente del partido Verde, Jorge Colazo, dijo que el discurso del Intendende lo emocion\u00f3. \u201cRecord\u00e9 mi intendencia, cuando estuve al frente de este municipio. Me pareci\u00f3 important\u00edsimo el discurso en cuanto a obras, sabe P\u00e9rez que cuenta con todo el apoyo de la Legislatura\u201d.<\/p>\n<p>&nbsp;<\/p>\n<p>\u201cHacen falta obras de la mano de la Naci\u00f3n, hay que trabajar con los Senadores y los Diputados, para que podamos concretar algunos proyectos pendientes\u201d, reflexion\u00f3.<\/p>\n<p>&nbsp;<\/p>\n<p>\u201cEl tema m\u00e1s importante en la Provincia hoy es la cuesti\u00f3n laboral, lo palpamos todos los d\u00edas en los barrios, en las casas que recorremos, la falta de trabajo es terrible no lo es tanto en Ushuaia. Tenemos la posibilidad de hacer algo importante en las f\u00e1bricas, entre todos con la Naci\u00f3n, porque de ah\u00ed depende, no de la Provincia\u201d, cerr\u00f3.<\/p>\n<p>&nbsp;<\/p>\n<p>Por su parte, la legisladora Myriam Mart\u00ednez (FDT \u2013 PJ) dijo a Prensa Legislativa que esperaban, desde su sector, este \u201cdiscurso con mucha expectativa\u201d. Destac\u00f3 el acuerdo salarial que se logr\u00f3: \u201cEn estos tiempos es muy importante generar la prioridad y el Intendente pudo llevar tranquilidad a las familias municipales que hac\u00eda tiempo necesitaban esta equiparaci\u00f3n y se trata de una pauta para todo el a\u00f1o. Esto trae tranquilidad en estos tiempos tan dif\u00edciles\u201d, celebr\u00f3.<\/p>\n<p>&nbsp;<\/p>\n<p>Mart\u00ednez puso en valor \u201cla impronta que le est\u00e1 dando a la ciudad. No est\u00e1 buscando responsables de cuestiones que no se solucionaron, est\u00e1 buscando las soluciones. Manifestar lo que qued\u00f3 pendiente de la gesti\u00f3n anterior, en materia de salud; desarrollo, deportes, etc. son decisiones que los vecinos necesitamos\u201d.<\/p>\n<p>&nbsp;<\/p>\n<p>\u201cEste discurso es el resultado de decidir en base a haber escuchado a los vecinos y sus necesidades, como lo es el centro\u00a0 asistencial en Chacra 11 o el mantenimiento de los centros deportivos como prioridad\u201d, analiz\u00f3 la Parlamentaria del bloque FDT-PJ .<\/p>\n<p>&nbsp;<\/p>\n<p>Por \u00faltimo, Myriam Mart\u00ednez, hizo referencia a la coparticipaci\u00f3n. Manifest\u00f3 a Prensa Legislativa su \u201cpreocupaci\u00f3n\u201d sobre la situaci\u00f3n de las municipalidades de la Provincia. \u201cNecesitan contar con el recurso en tiempo y forma para poder planificar, proyectar y cumplir. Presentamos un proyecto para poder contar con la Ley de goteo y que puedan contar en tiempo y forma con los recursos que le corresponden\u201d, cerr\u00f3.<\/p>\n<p>&nbsp;<\/p>\n<p>El acto tuvo lugar en la Casa de la Cultura de R\u00edo Grande donde la totalidad de los Concejales fueron los protagonistas de la apertura de sesiones ordinarias, tal como prev\u00e9 la Carta Org\u00e1nica Municipal.<\/p>\n<p>&nbsp;<\/p>\n<p style=\"text-align: right\"><em>MBCH<\/em><\/p>\n\n\t\t<style type=\"text\/css\">\n\t\t\t#gallery-1 {\n\t\t\t\tmargin: auto;\n\t\t\t}\n\t\t\t#gallery-1 .gallery-item {\n\t\t\t\tfloat: left;\n\t\t\t\tmargin-top: 10px;\n\t\t\t\ttext-align: center;\n\t\t\t\twidth: 50%;\n\t\t\t}\n\t\t\t#gallery-1 img {\n\t\t\t\tborder: 2px solid #cfcfcf;\n\t\t\t}\n\t\t\t#gallery-1 .gallery-caption {\n\t\t\t\tmargin-left: 0;\n\t\t\t}\n\t\t\t\/* see gallery_shortcode() in wp-includes\/media.php *\/\n\t\t<\/style>\n\t\t<div data-carousel-extra='{\"blog_id\":1,\"permalink\":\"https:\\\/\\\/www.legistdf.gob.ar\\\/index.php\\\/2020\\\/02\\\/17\\\/rio-grande-martin-perez-inauguro-el-periodo-de-sesiones-ordinarias-del-concejo-deliberante\\\/\"}' id='gallery-1' class='gallery galleryid-18439 gallery-columns-2 gallery-size-thumbnail'><dl class='gallery-item'>\n\t\t\t<dt class='gallery-icon landscape'>\n\t\t\t\t<a href='https:\/\/www.legistdf.gob.ar\/index.php\/2020\/02\/17\/rio-grande-martin-perez-inauguro-el-periodo-de-sesiones-ordinarias-del-concejo-deliberante\/1-183\/'><img loading=\"lazy\" decoding=\"async\" width=\"150\" height=\"150\" src=\"https:\/\/www.legistdf.gob.ar\/wp-content\/uploads\/2020\/02\/1-150x150.jpg\" class=\"attachment-thumbnail size-thumbnail\" alt=\"\" srcset=\"https:\/\/www.legistdf.gob.ar\/wp-content\/uploads\/2020\/02\/1-150x150.jpg 150w, https:\/\/www.legistdf.gob.ar\/wp-content\/uploads\/2020\/02\/1-64x64.jpg 64w\" sizes=\"(max-width: 150px) 100vw, 150px\" data-attachment-id=\"18440\" data-permalink=\"https:\/\/www.legistdf.gob.ar\/index.php\/2020\/02\/17\/rio-grande-martin-perez-inauguro-el-periodo-de-sesiones-ordinarias-del-concejo-deliberante\/1-183\/\" data-orig-file=\"https:\/\/www.legistdf.gob.ar\/wp-content\/uploads\/2020\/02\/1.jpg\" data-orig-size=\"1920,1280\" data-comments-opened=\"0\" data-image-meta=\"{&quot;aperture&quot;:&quot;6.3&quot;,&quot;credit&quot;:&quot;&quot;,&quot;camera&quot;:&quot;Canon EOS 70D&quot;,&quot;caption&quot;:&quot;&quot;,&quot;created_timestamp&quot;:&quot;1581749494&quot;,&quot;copyright&quot;:&quot;&quot;,&quot;focal_length&quot;:&quot;24&quot;,&quot;iso&quot;:&quot;2000&quot;,&quot;shutter_speed&quot;:&quot;0.00625&quot;,&quot;title&quot;:&quot;&quot;,&quot;orientation&quot;:&quot;1&quot;}\" data-image-title=\"1\" data-image-description=\"\" data-image-caption=\"\" data-medium-file=\"https:\/\/www.legistdf.gob.ar\/wp-content\/uploads\/2020\/02\/1-300x200.jpg\" data-large-file=\"https:\/\/www.legistdf.gob.ar\/wp-content\/uploads\/2020\/02\/1-1024x683.jpg\" \/><\/a>\n\t\t\t<\/dt><\/dl><dl class='gallery-item'>\n\t\t\t<dt class='gallery-icon landscape'>\n\t\t\t\t<a href='https:\/\/www.legistdf.gob.ar\/index.php\/2020\/02\/17\/rio-grande-martin-perez-inauguro-el-periodo-de-sesiones-ordinarias-del-concejo-deliberante\/2-168\/'><img loading=\"lazy\" decoding=\"async\" width=\"150\" height=\"150\" src=\"https:\/\/www.legistdf.gob.ar\/wp-content\/uploads\/2020\/02\/2-150x150.jpg\" class=\"attachment-thumbnail size-thumbnail\" alt=\"\" srcset=\"https:\/\/www.legistdf.gob.ar\/wp-content\/uploads\/2020\/02\/2-150x150.jpg 150w, https:\/\/www.legistdf.gob.ar\/wp-content\/uploads\/2020\/02\/2-64x64.jpg 64w\" sizes=\"(max-width: 150px) 100vw, 150px\" data-attachment-id=\"18441\" data-permalink=\"https:\/\/www.legistdf.gob.ar\/index.php\/2020\/02\/17\/rio-grande-martin-perez-inauguro-el-periodo-de-sesiones-ordinarias-del-concejo-deliberante\/2-168\/\" data-orig-file=\"https:\/\/www.legistdf.gob.ar\/wp-content\/uploads\/2020\/02\/2.jpg\" data-orig-size=\"1920,1280\" data-comments-opened=\"0\" data-image-meta=\"{&quot;aperture&quot;:&quot;6.3&quot;,&quot;credit&quot;:&quot;&quot;,&quot;camera&quot;:&quot;Canon EOS 70D&quot;,&quot;caption&quot;:&quot;&quot;,&quot;created_timestamp&quot;:&quot;1581749536&quot;,&quot;copyright&quot;:&quot;&quot;,&quot;focal_length&quot;:&quot;24&quot;,&quot;iso&quot;:&quot;2000&quot;,&quot;shutter_speed&quot;:&quot;0.00625&quot;,&quot;title&quot;:&quot;&quot;,&quot;orientation&quot;:&quot;1&quot;}\" data-image-title=\"2\" data-image-description=\"\" data-image-caption=\"\" data-medium-file=\"https:\/\/www.legistdf.gob.ar\/wp-content\/uploads\/2020\/02\/2-300x200.jpg\" data-large-file=\"https:\/\/www.legistdf.gob.ar\/wp-content\/uploads\/2020\/02\/2-1024x683.jpg\" \/><\/a>\n\t\t\t<\/dt><\/dl><br style=\"clear: both\" \/>\n\t\t<\/div>\n\n<p>&nbsp;<\/p>\n","protected":false},"excerpt":{"rendered":"<p>R\u00edo Grande, lunes 17 de febrero de 2020.-\u00a0 La Legislatura acompa\u00f1\u00f3 el inicio de sesiones del Concejo Deliberante, donde el intendente Mart\u00edn P\u00e9rez, brind\u00f3 su primer mensaje al pueblo riograndense desde que asumi\u00f3 al frente del departamento Ejecutivo Municipal. Entre sus palabras, anunci\u00f3 obras para la ciudad, aumento salarial para los empleados municipales, la creaci\u00f3n [&hellip;]<\/p>\n","protected":false},"author":352,"featured_media":18440,"comment_status":"closed","ping_status":"open","sticky":false,"template":"","format":"standard","meta":{"jetpack_post_was_ever_published":false,"_jetpack_newsletter_access":"","_jetpack_dont_email_post_to_subs":false,"_jetpack_newsletter_tier_id":0,"footnotes":"","jetpack_publicize_message":"","jetpack_publicize_feature_enabled":true,"jetpack_social_post_already_shared":true,"jetpack_social_options":{"image_generator_settings":{"template":"highway","enabled":false}}},"categories":[1],"tags":[198,1816,1823,78,96,79],"jetpack_publicize_connections":[],"jetpack_sharing_enabled":true,"jetpack_featured_media_url":"https:\/\/www.legistdf.gob.ar\/wp-content\/uploads\/2020\/02\/1.jpg","jetpack-related-posts":[],"_links":{"self":[{"href":"https:\/\/www.legistdf.gob.ar\/index.php\/wp-json\/wp\/v2\/posts\/18439"}],"collection":[{"href":"https:\/\/www.legistdf.gob.ar\/index.php\/wp-json\/wp\/v2\/posts"}],"about":[{"href":"https:\/\/www.legistdf.gob.ar\/index.php\/wp-json\/wp\/v2\/types\/post"}],"author":[{"embeddable":true,"href":"https:\/\/www.legistdf.gob.ar\/index.php\/wp-json\/wp\/v2\/users\/352"}],"replies":[{"embeddable":true,"href":"https:\/\/www.legistdf.gob.ar\/index.php\/wp-json\/wp\/v2\/comments?post=18439"}],"version-history":[{"count":1,"href":"https:\/\/www.legistdf.gob.ar\/index.php\/wp-json\/wp\/v2\/posts\/18439\/revisions"}],"predecessor-version":[{"id":18442,"href":"https:\/\/www.legistdf.gob.ar\/index.php\/wp-json\/wp\/v2\/posts\/18439\/revisions\/18442"}],"wp:featuredmedia":[{"embeddable":true,"href":"https:\/\/www.legistdf.gob.ar\/index.php\/wp-json\/wp\/v2\/media\/18440"}],"wp:attachment":[{"href":"https:\/\/www.legistdf.gob.ar\/index.php\/wp-json\/wp\/v2\/media?parent=18439"}],"wp:term":[{"taxonomy":"category","embeddable":true,"href":"https:\/\/www.legistdf.gob.ar\/index.php\/wp-json\/wp\/v2\/categories?post=18439"},{"taxonomy":"post_tag","embeddable":true,"href":"https:\/\/www.legistdf.gob.ar\/index.php\/wp-json\/wp\/v2\/tags?post=18439"}],"curies":[{"name":"wp","href":"https:\/\/api.w.org\/{rel}","templated":true}]}}