{"id":19378,"date":"2020-05-11T10:08:21","date_gmt":"2020-05-11T13:08:21","guid":{"rendered":"http:\/\/www.legistdf.gob.ar\/?p=19378"},"modified":"2020-05-11T10:08:21","modified_gmt":"2020-05-11T13:08:21","slug":"legislatura-el-parlamento-se-apresta-a-sesionar-con-protocolo-de-distanciamiento-social","status":"publish","type":"post","link":"https:\/\/www.legistdf.gob.ar\/index.php\/2020\/05\/11\/legislatura-el-parlamento-se-apresta-a-sesionar-con-protocolo-de-distanciamiento-social\/","title":{"rendered":"LEGISLATURA: El Parlamento se apresta a sesionar con protocolo de distanciamiento social"},"content":{"rendered":"<p style=\"font-weight: 400\"><strong>Ushuaia, lunes 11 de mayo de 2020.- A partir del inicio del ais<\/strong><img loading=\"lazy\" decoding=\"async\" data-attachment-id=\"19379\" data-permalink=\"https:\/\/www.legistdf.gob.ar\/index.php\/2020\/05\/11\/legislatura-el-parlamento-se-apresta-a-sesionar-con-protocolo-de-distanciamiento-social\/1-187\/\" data-orig-file=\"https:\/\/www.legistdf.gob.ar\/wp-content\/uploads\/2020\/05\/1.jpg\" data-orig-size=\"4032,1960\" data-comments-opened=\"0\" data-image-meta=\"{&quot;aperture&quot;:&quot;2.4&quot;,&quot;credit&quot;:&quot;&quot;,&quot;camera&quot;:&quot;SM-G9600&quot;,&quot;caption&quot;:&quot;&quot;,&quot;created_timestamp&quot;:&quot;1588930109&quot;,&quot;copyright&quot;:&quot;&quot;,&quot;focal_length&quot;:&quot;4.3&quot;,&quot;iso&quot;:&quot;200&quot;,&quot;shutter_speed&quot;:&quot;0.02&quot;,&quot;title&quot;:&quot;&quot;,&quot;orientation&quot;:&quot;1&quot;}\" data-image-title=\"1\" data-image-description=\"\" data-image-caption=\"\" data-medium-file=\"https:\/\/www.legistdf.gob.ar\/wp-content\/uploads\/2020\/05\/1-300x146.jpg\" data-large-file=\"https:\/\/www.legistdf.gob.ar\/wp-content\/uploads\/2020\/05\/1-1024x498.jpg\" class=\"wp-image-19379 size-medium alignleft\" src=\"http:\/\/www.legistdf.gob.ar\/wp-content\/uploads\/2020\/05\/1-300x146.jpg\" alt=\"\" width=\"300\" height=\"146\" srcset=\"https:\/\/www.legistdf.gob.ar\/wp-content\/uploads\/2020\/05\/1-300x146.jpg 300w, https:\/\/www.legistdf.gob.ar\/wp-content\/uploads\/2020\/05\/1-768x373.jpg 768w, https:\/\/www.legistdf.gob.ar\/wp-content\/uploads\/2020\/05\/1-1024x498.jpg 1024w, https:\/\/www.legistdf.gob.ar\/wp-content\/uploads\/2020\/05\/1-160x78.jpg 160w\" sizes=\"(max-width: 300px) 100vw, 300px\" \/><strong>lamiento social, preventivo y obligatorio, la Legislatura de la Provincia de Tierra del Fuego, Ant\u00e1rtida e Islas del Atl\u00e1ntico Sur, mantiene las guardias m\u00ednimas necesarias desde las secretarias Administrativa y Legislativa, y se establecieron los distintos mecanismos, a fin de evitar la asistencia del personal a sus lugares de trabajo.<\/strong><\/p>\n<p>&nbsp;<\/p>\n<p style=\"font-weight: 400\">La Presidenta de la C\u00e1mara, M\u00f3nica Urquiza expres\u00f3 que \u00abse han realizado reuniones con los Legisladores por videoconferencias, a fin de dar a conocer las tareas realizadas y a efectos de poder llevar adelante las sesiones de manera remota o presencial, as\u00ed como tambi\u00e9n, ambas a la vez\u00bb.<\/p>\n<p>&nbsp;<\/p>\n<p style=\"font-weight: 400\">Para concluir, asegur\u00f3 que \u00abse ha procedido a la adquisici\u00f3n de los medios necesarios y se adecu\u00f3 la distribuci\u00f3n de las bancas en el recinto de sesiones, a fin de dar cumplimiento al distanciamiento social y a los protocolos establecidos por el Ministerio de Salud de la Provincia\u00bb.<\/p>\n<p style=\"text-align: right\"><em>Gentileza<\/em><\/p>\n\n\t\t<style type=\"text\/css\">\n\t\t\t#gallery-1 {\n\t\t\t\tmargin: auto;\n\t\t\t}\n\t\t\t#gallery-1 .gallery-item {\n\t\t\t\tfloat: left;\n\t\t\t\tmargin-top: 10px;\n\t\t\t\ttext-align: center;\n\t\t\t\twidth: 33%;\n\t\t\t}\n\t\t\t#gallery-1 img {\n\t\t\t\tborder: 2px solid #cfcfcf;\n\t\t\t}\n\t\t\t#gallery-1 .gallery-caption {\n\t\t\t\tmargin-left: 0;\n\t\t\t}\n\t\t\t\/* see gallery_shortcode() in wp-includes\/media.php *\/\n\t\t<\/style>\n\t\t<div data-carousel-extra='{\"blog_id\":1,\"permalink\":\"https:\\\/\\\/www.legistdf.gob.ar\\\/index.php\\\/2020\\\/05\\\/11\\\/legislatura-el-parlamento-se-apresta-a-sesionar-con-protocolo-de-distanciamiento-social\\\/\"}' id='gallery-1' class='gallery galleryid-19378 gallery-columns-3 gallery-size-thumbnail'><dl class='gallery-item'>\n\t\t\t<dt class='gallery-icon landscape'>\n\t\t\t\t<a href='https:\/\/www.legistdf.gob.ar\/index.php\/2020\/05\/11\/legislatura-el-parlamento-se-apresta-a-sesionar-con-protocolo-de-distanciamiento-social\/4-130\/'><img loading=\"lazy\" decoding=\"async\" width=\"150\" height=\"150\" src=\"https:\/\/www.legistdf.gob.ar\/wp-content\/uploads\/2020\/05\/4-150x150.jpg\" class=\"attachment-thumbnail size-thumbnail\" alt=\"\" srcset=\"https:\/\/www.legistdf.gob.ar\/wp-content\/uploads\/2020\/05\/4-150x150.jpg 150w, https:\/\/www.legistdf.gob.ar\/wp-content\/uploads\/2020\/05\/4-64x64.jpg 64w\" sizes=\"(max-width: 150px) 100vw, 150px\" data-attachment-id=\"19382\" data-permalink=\"https:\/\/www.legistdf.gob.ar\/index.php\/2020\/05\/11\/legislatura-el-parlamento-se-apresta-a-sesionar-con-protocolo-de-distanciamiento-social\/4-130\/\" data-orig-file=\"https:\/\/www.legistdf.gob.ar\/wp-content\/uploads\/2020\/05\/4.jpg\" data-orig-size=\"4032,1960\" data-comments-opened=\"0\" data-image-meta=\"{&quot;aperture&quot;:&quot;1.5&quot;,&quot;credit&quot;:&quot;&quot;,&quot;camera&quot;:&quot;SM-G9600&quot;,&quot;caption&quot;:&quot;&quot;,&quot;created_timestamp&quot;:&quot;1588930181&quot;,&quot;copyright&quot;:&quot;&quot;,&quot;focal_length&quot;:&quot;4.3&quot;,&quot;iso&quot;:&quot;320&quot;,&quot;shutter_speed&quot;:&quot;0.02&quot;,&quot;title&quot;:&quot;&quot;,&quot;orientation&quot;:&quot;1&quot;}\" data-image-title=\"4\" data-image-description=\"\" data-image-caption=\"\" data-medium-file=\"https:\/\/www.legistdf.gob.ar\/wp-content\/uploads\/2020\/05\/4-300x146.jpg\" data-large-file=\"https:\/\/www.legistdf.gob.ar\/wp-content\/uploads\/2020\/05\/4-1024x498.jpg\" \/><\/a>\n\t\t\t<\/dt><\/dl><dl class='gallery-item'>\n\t\t\t<dt class='gallery-icon landscape'>\n\t\t\t\t<a href='https:\/\/www.legistdf.gob.ar\/index.php\/2020\/05\/11\/legislatura-el-parlamento-se-apresta-a-sesionar-con-protocolo-de-distanciamiento-social\/3-151\/'><img loading=\"lazy\" decoding=\"async\" width=\"150\" height=\"150\" src=\"https:\/\/www.legistdf.gob.ar\/wp-content\/uploads\/2020\/05\/3-150x150.jpg\" class=\"attachment-thumbnail size-thumbnail\" alt=\"\" srcset=\"https:\/\/www.legistdf.gob.ar\/wp-content\/uploads\/2020\/05\/3-150x150.jpg 150w, https:\/\/www.legistdf.gob.ar\/wp-content\/uploads\/2020\/05\/3-64x64.jpg 64w\" sizes=\"(max-width: 150px) 100vw, 150px\" data-attachment-id=\"19381\" data-permalink=\"https:\/\/www.legistdf.gob.ar\/index.php\/2020\/05\/11\/legislatura-el-parlamento-se-apresta-a-sesionar-con-protocolo-de-distanciamiento-social\/3-151\/\" data-orig-file=\"https:\/\/www.legistdf.gob.ar\/wp-content\/uploads\/2020\/05\/3.jpg\" data-orig-size=\"4032,1960\" data-comments-opened=\"0\" data-image-meta=\"{&quot;aperture&quot;:&quot;1.5&quot;,&quot;credit&quot;:&quot;&quot;,&quot;camera&quot;:&quot;SM-G9600&quot;,&quot;caption&quot;:&quot;&quot;,&quot;created_timestamp&quot;:&quot;1588928147&quot;,&quot;copyright&quot;:&quot;&quot;,&quot;focal_length&quot;:&quot;4.3&quot;,&quot;iso&quot;:&quot;250&quot;,&quot;shutter_speed&quot;:&quot;0.03030303030303&quot;,&quot;title&quot;:&quot;&quot;,&quot;orientation&quot;:&quot;1&quot;}\" data-image-title=\"3\" data-image-description=\"\" data-image-caption=\"\" data-medium-file=\"https:\/\/www.legistdf.gob.ar\/wp-content\/uploads\/2020\/05\/3-300x146.jpg\" data-large-file=\"https:\/\/www.legistdf.gob.ar\/wp-content\/uploads\/2020\/05\/3-1024x498.jpg\" \/><\/a>\n\t\t\t<\/dt><\/dl><dl class='gallery-item'>\n\t\t\t<dt class='gallery-icon landscape'>\n\t\t\t\t<a href='https:\/\/www.legistdf.gob.ar\/index.php\/2020\/05\/11\/legislatura-el-parlamento-se-apresta-a-sesionar-con-protocolo-de-distanciamiento-social\/1-187\/'><img loading=\"lazy\" decoding=\"async\" width=\"150\" height=\"150\" src=\"https:\/\/www.legistdf.gob.ar\/wp-content\/uploads\/2020\/05\/1-150x150.jpg\" class=\"attachment-thumbnail size-thumbnail\" alt=\"\" srcset=\"https:\/\/www.legistdf.gob.ar\/wp-content\/uploads\/2020\/05\/1-150x150.jpg 150w, https:\/\/www.legistdf.gob.ar\/wp-content\/uploads\/2020\/05\/1-64x64.jpg 64w\" sizes=\"(max-width: 150px) 100vw, 150px\" data-attachment-id=\"19379\" data-permalink=\"https:\/\/www.legistdf.gob.ar\/index.php\/2020\/05\/11\/legislatura-el-parlamento-se-apresta-a-sesionar-con-protocolo-de-distanciamiento-social\/1-187\/\" data-orig-file=\"https:\/\/www.legistdf.gob.ar\/wp-content\/uploads\/2020\/05\/1.jpg\" data-orig-size=\"4032,1960\" data-comments-opened=\"0\" data-image-meta=\"{&quot;aperture&quot;:&quot;2.4&quot;,&quot;credit&quot;:&quot;&quot;,&quot;camera&quot;:&quot;SM-G9600&quot;,&quot;caption&quot;:&quot;&quot;,&quot;created_timestamp&quot;:&quot;1588930109&quot;,&quot;copyright&quot;:&quot;&quot;,&quot;focal_length&quot;:&quot;4.3&quot;,&quot;iso&quot;:&quot;200&quot;,&quot;shutter_speed&quot;:&quot;0.02&quot;,&quot;title&quot;:&quot;&quot;,&quot;orientation&quot;:&quot;1&quot;}\" data-image-title=\"1\" data-image-description=\"\" data-image-caption=\"\" data-medium-file=\"https:\/\/www.legistdf.gob.ar\/wp-content\/uploads\/2020\/05\/1-300x146.jpg\" data-large-file=\"https:\/\/www.legistdf.gob.ar\/wp-content\/uploads\/2020\/05\/1-1024x498.jpg\" \/><\/a>\n\t\t\t<\/dt><\/dl><br style=\"clear: both\" \/>\n\t\t<\/div>\n\n<p><img loading=\"lazy\" decoding=\"async\" data-attachment-id=\"19130\" data-permalink=\"https:\/\/www.legistdf.gob.ar\/?attachment_id=19130\" data-orig-file=\"https:\/\/www.legistdf.gob.ar\/wp-content\/uploads\/2020\/03\/2-1.jpg\" data-orig-size=\"1251,1250\" data-comments-opened=\"0\" data-image-meta=\"{&quot;aperture&quot;:&quot;0&quot;,&quot;credit&quot;:&quot;&quot;,&quot;camera&quot;:&quot;&quot;,&quot;caption&quot;:&quot;&quot;,&quot;created_timestamp&quot;:&quot;0&quot;,&quot;copyright&quot;:&quot;&quot;,&quot;focal_length&quot;:&quot;0&quot;,&quot;iso&quot;:&quot;0&quot;,&quot;shutter_speed&quot;:&quot;0&quot;,&quot;title&quot;:&quot;&quot;,&quot;orientation&quot;:&quot;1&quot;}\" data-image-title=\"2\" data-image-description=\"\" data-image-caption=\"\" data-medium-file=\"https:\/\/www.legistdf.gob.ar\/wp-content\/uploads\/2020\/03\/2-1-300x300.jpg\" data-large-file=\"https:\/\/www.legistdf.gob.ar\/wp-content\/uploads\/2020\/03\/2-1-1024x1024.jpg\" class=\"aligncenter size-full wp-image-19130\" src=\"http:\/\/www.legistdf.gob.ar\/wp-content\/uploads\/2020\/03\/2-1.jpg\" alt=\"\" width=\"1251\" height=\"1250\" srcset=\"https:\/\/www.legistdf.gob.ar\/wp-content\/uploads\/2020\/03\/2-1.jpg 1251w, https:\/\/www.legistdf.gob.ar\/wp-content\/uploads\/2020\/03\/2-1-150x150.jpg 150w, https:\/\/www.legistdf.gob.ar\/wp-content\/uploads\/2020\/03\/2-1-300x300.jpg 300w, https:\/\/www.legistdf.gob.ar\/wp-content\/uploads\/2020\/03\/2-1-768x767.jpg 768w, https:\/\/www.legistdf.gob.ar\/wp-content\/uploads\/2020\/03\/2-1-1024x1024.jpg 1024w, https:\/\/www.legistdf.gob.ar\/wp-content\/uploads\/2020\/03\/2-1-160x160.jpg 160w, https:\/\/www.legistdf.gob.ar\/wp-content\/uploads\/2020\/03\/2-1-64x64.jpg 64w\" sizes=\"(max-width: 1251px) 100vw, 1251px\" \/><\/p>\n","protected":false},"excerpt":{"rendered":"<p>Ushuaia, lunes 11 de mayo de 2020.- A partir del inicio del aislamiento social, preventivo y obligatorio, la Legislatura de la Provincia de Tierra del Fuego, Ant\u00e1rtida e Islas del Atl\u00e1ntico Sur, mantiene las guardias m\u00ednimas necesarias desde las secretarias Administrativa y Legislativa, y se establecieron los distintos mecanismos, a fin de evitar la asistencia [&hellip;]<\/p>\n","protected":false},"author":352,"featured_media":19379,"comment_status":"closed","ping_status":"open","sticky":false,"template":"","format":"standard","meta":{"jetpack_post_was_ever_published":false,"_jetpack_newsletter_access":"","_jetpack_dont_email_post_to_subs":false,"_jetpack_newsletter_tier_id":0,"footnotes":"","jetpack_publicize_message":"","jetpack_publicize_feature_enabled":true,"jetpack_social_post_already_shared":true,"jetpack_social_options":{"image_generator_settings":{"template":"highway","enabled":false}}},"categories":[1],"tags":[1908,1911,78,144,1923,87],"jetpack_publicize_connections":[],"jetpack_sharing_enabled":true,"jetpack_featured_media_url":"https:\/\/www.legistdf.gob.ar\/wp-content\/uploads\/2020\/05\/1.jpg","jetpack-related-posts":[],"_links":{"self":[{"href":"https:\/\/www.legistdf.gob.ar\/index.php\/wp-json\/wp\/v2\/posts\/19378"}],"collection":[{"href":"https:\/\/www.legistdf.gob.ar\/index.php\/wp-json\/wp\/v2\/posts"}],"about":[{"href":"https:\/\/www.legistdf.gob.ar\/index.php\/wp-json\/wp\/v2\/types\/post"}],"author":[{"embeddable":true,"href":"https:\/\/www.legistdf.gob.ar\/index.php\/wp-json\/wp\/v2\/users\/352"}],"replies":[{"embeddable":true,"href":"https:\/\/www.legistdf.gob.ar\/index.php\/wp-json\/wp\/v2\/comments?post=19378"}],"version-history":[{"count":1,"href":"https:\/\/www.legistdf.gob.ar\/index.php\/wp-json\/wp\/v2\/posts\/19378\/revisions"}],"predecessor-version":[{"id":19384,"href":"https:\/\/www.legistdf.gob.ar\/index.php\/wp-json\/wp\/v2\/posts\/19378\/revisions\/19384"}],"wp:featuredmedia":[{"embeddable":true,"href":"https:\/\/www.legistdf.gob.ar\/index.php\/wp-json\/wp\/v2\/media\/19379"}],"wp:attachment":[{"href":"https:\/\/www.legistdf.gob.ar\/index.php\/wp-json\/wp\/v2\/media?parent=19378"}],"wp:term":[{"taxonomy":"category","embeddable":true,"href":"https:\/\/www.legistdf.gob.ar\/index.php\/wp-json\/wp\/v2\/categories?post=19378"},{"taxonomy":"post_tag","embeddable":true,"href":"https:\/\/www.legistdf.gob.ar\/index.php\/wp-json\/wp\/v2\/tags?post=19378"}],"curies":[{"name":"wp","href":"https:\/\/api.w.org\/{rel}","templated":true}]}}