{"id":19411,"date":"2020-05-21T11:14:09","date_gmt":"2020-05-21T14:14:09","guid":{"rendered":"http:\/\/www.legistdf.gob.ar\/?p=19411"},"modified":"2020-05-21T11:14:10","modified_gmt":"2020-05-21T14:14:10","slug":"seguridad-la-legislatura-se-adapto-para-sesionar-en-el-marco-del-distanciamiento-social","status":"publish","type":"post","link":"https:\/\/www.legistdf.gob.ar\/index.php\/2020\/05\/21\/seguridad-la-legislatura-se-adapto-para-sesionar-en-el-marco-del-distanciamiento-social\/","title":{"rendered":"SEGURIDAD: La Legislatura se adapt\u00f3 para sesionar en el marco del distanciamiento social"},"content":{"rendered":"<p><strong><img loading=\"lazy\" decoding=\"async\" data-attachment-id=\"19418\" data-permalink=\"https:\/\/www.legistdf.gob.ar\/index.php\/2020\/05\/21\/seguridad-la-legislatura-se-adapto-para-sesionar-en-el-marco-del-distanciamiento-social\/20200521_101816\/\" data-orig-file=\"https:\/\/www.legistdf.gob.ar\/wp-content\/uploads\/2020\/05\/20200521_101816.jpg\" data-orig-size=\"2000,1125\" data-comments-opened=\"0\" data-image-meta=\"{&quot;aperture&quot;:&quot;0&quot;,&quot;credit&quot;:&quot;&quot;,&quot;camera&quot;:&quot;&quot;,&quot;caption&quot;:&quot;&quot;,&quot;created_timestamp&quot;:&quot;0&quot;,&quot;copyright&quot;:&quot;&quot;,&quot;focal_length&quot;:&quot;0&quot;,&quot;iso&quot;:&quot;0&quot;,&quot;shutter_speed&quot;:&quot;0&quot;,&quot;title&quot;:&quot;&quot;,&quot;orientation&quot;:&quot;0&quot;}\" data-image-title=\"20200521_101816\" data-image-description=\"\" data-image-caption=\"\" data-medium-file=\"https:\/\/www.legistdf.gob.ar\/wp-content\/uploads\/2020\/05\/20200521_101816-300x169.jpg\" data-large-file=\"https:\/\/www.legistdf.gob.ar\/wp-content\/uploads\/2020\/05\/20200521_101816-1024x576.jpg\" class=\"alignleft wp-image-19418 size-medium\" src=\"http:\/\/www.legistdf.gob.ar\/wp-content\/uploads\/2020\/05\/20200521_101816-300x169.jpg\" alt=\"\" width=\"300\" height=\"169\" srcset=\"https:\/\/www.legistdf.gob.ar\/wp-content\/uploads\/2020\/05\/20200521_101816-300x169.jpg 300w, https:\/\/www.legistdf.gob.ar\/wp-content\/uploads\/2020\/05\/20200521_101816-768x432.jpg 768w, https:\/\/www.legistdf.gob.ar\/wp-content\/uploads\/2020\/05\/20200521_101816-1024x576.jpg 1024w, https:\/\/www.legistdf.gob.ar\/wp-content\/uploads\/2020\/05\/20200521_101816-160x90.jpg 160w, https:\/\/www.legistdf.gob.ar\/wp-content\/uploads\/2020\/05\/20200521_101816.jpg 2000w\" sizes=\"(max-width: 300px) 100vw, 300px\" \/>Ushuaia, jueves 21 de mayo de 2020.- El Parlamento fueguino adopt\u00f3 las medidas de bioseguridad exigidas por el protocolo sanitario dispuesto por el Ministerio de Salud de la Provincia, para asegurar las instalaciones del recinto de sesiones y cumplir con el distanciamiento social determinado frente a la pandemia por el COVID &#8211; 19. Al frente de la gesti\u00f3n con la cartera ministerial estuvo el secretario Legislativo, Mat\u00edas Garc\u00eda Zarlenga y fue auditado por el director provincial de Enfermer\u00eda, Lic. Cristian Segu\u00ed.<\/strong><\/p>\n<p>&nbsp;<\/p>\n<p>En di\u00e1logo con Prensa Legislativa, Garc\u00eda Zarlenga record\u00f3 que fue una determinaci\u00f3n que gestion\u00f3 la vicegobernadora de la Provincia, M\u00f3nica Urquiza, \u201cquien estuvo trabajando en contacto con el ar\u00e9a sanitaria y adecuamos el recinto de sesiones a los requerimientos tanto del Ministerio de Salud de la Naci\u00f3n como de la Provincia\u201d, dijo esta ma\u00f1ana.<\/p>\n<p>&nbsp;<\/p>\n<p>De este modo, el funcionario parlamentario aclar\u00f3 que, de este modo, se da cumplimiento a las mismas exigencias que se solicitan al sector privado y que \u201cse determin\u00f3 la cantidad de personal habilitado para ingresar al recinto\u201d. Asi, sostuvo que en el marco del aislamiento social, preventivo y obligatorio, se limit\u00f3 \u201cel acceso al p\u00fablico y \u00fanicamente se autoriz\u00f3 a permancer un m\u00ednimo de 40 personas\u201d.<\/p>\n<p>&nbsp;<\/p>\n<p>Asimismo, el Secretario Legislativo aclar\u00f3 que la disposici\u00f3n de las bancas de los Legisladores mantienen un distanciamiento de dos metros cincuenta cent\u00edmetros \u201cy hacia atr\u00e1s y hacia adelante, de dos metros. Asegur\u00f3 asi, que \u201cestamos cumpliendo m\u00e1s que con el m\u00ednimo requerido\u201d y entendi\u00f3 que adem\u00e1s de adoptar el protocolo sanitario de forma estricta, se lleva tranquilidad a los Legisladores y al personal de planta permanente que deben prestar servicios en la jornada de la primera sesi\u00f3n legislativa.<img loading=\"lazy\" decoding=\"async\" data-attachment-id=\"19412\" data-permalink=\"https:\/\/www.legistdf.gob.ar\/index.php\/2020\/05\/21\/seguridad-la-legislatura-se-adapto-para-sesionar-en-el-marco-del-distanciamiento-social\/20200521_095252\/\" data-orig-file=\"https:\/\/www.legistdf.gob.ar\/wp-content\/uploads\/2020\/05\/20200521_095252.jpg\" data-orig-size=\"2000,1125\" data-comments-opened=\"0\" data-image-meta=\"{&quot;aperture&quot;:&quot;0&quot;,&quot;credit&quot;:&quot;&quot;,&quot;camera&quot;:&quot;&quot;,&quot;caption&quot;:&quot;&quot;,&quot;created_timestamp&quot;:&quot;0&quot;,&quot;copyright&quot;:&quot;&quot;,&quot;focal_length&quot;:&quot;0&quot;,&quot;iso&quot;:&quot;0&quot;,&quot;shutter_speed&quot;:&quot;0&quot;,&quot;title&quot;:&quot;&quot;,&quot;orientation&quot;:&quot;0&quot;}\" data-image-title=\"20200521_095252\" data-image-description=\"\" data-image-caption=\"\" data-medium-file=\"https:\/\/www.legistdf.gob.ar\/wp-content\/uploads\/2020\/05\/20200521_095252-300x169.jpg\" data-large-file=\"https:\/\/www.legistdf.gob.ar\/wp-content\/uploads\/2020\/05\/20200521_095252-1024x576.jpg\" class=\"alignright wp-image-19412 size-medium\" src=\"http:\/\/www.legistdf.gob.ar\/wp-content\/uploads\/2020\/05\/20200521_095252-300x169.jpg\" alt=\"\" width=\"300\" height=\"169\" srcset=\"https:\/\/www.legistdf.gob.ar\/wp-content\/uploads\/2020\/05\/20200521_095252-300x169.jpg 300w, https:\/\/www.legistdf.gob.ar\/wp-content\/uploads\/2020\/05\/20200521_095252-768x432.jpg 768w, https:\/\/www.legistdf.gob.ar\/wp-content\/uploads\/2020\/05\/20200521_095252-1024x576.jpg 1024w, https:\/\/www.legistdf.gob.ar\/wp-content\/uploads\/2020\/05\/20200521_095252-160x90.jpg 160w, https:\/\/www.legistdf.gob.ar\/wp-content\/uploads\/2020\/05\/20200521_095252.jpg 2000w\" sizes=\"(max-width: 300px) 100vw, 300px\" \/><\/p>\n<p>&nbsp;<\/p>\n<p>En tanto, el licenciado se\u00f1al\u00f3 a Prensa Legislativa que \u201cla verificaci\u00f3n del distanciamiento social y la aplicaci\u00f3n de las dem\u00e1s medidas de prevenci\u00f3n que hay que tener en cuenta ante la pandemia\u201d.<\/p>\n<p>&nbsp;<\/p>\n<p>Durante la labor del personal del Ministerio de Salud, se verificaron los distintos espacios del edificio donde el personal de planta permanente y las autoridades permanecer\u00e1n. \u201cBuscamos que las instalaciones tengan todos los elementos necesarios como \u201calcohol en gel, jab\u00f3n y el uso de tapabocas\u201d, adem\u00e1s del distanciamiento social.<\/p>\n<p>&nbsp;<\/p>\n<p><img loading=\"lazy\" decoding=\"async\" data-attachment-id=\"19421\" data-permalink=\"https:\/\/www.legistdf.gob.ar\/index.php\/2020\/05\/21\/seguridad-la-legislatura-se-adapto-para-sesionar-en-el-marco-del-distanciamiento-social\/20200521_102053\/\" data-orig-file=\"https:\/\/www.legistdf.gob.ar\/wp-content\/uploads\/2020\/05\/20200521_102053.jpg\" data-orig-size=\"2000,1125\" data-comments-opened=\"0\" data-image-meta=\"{&quot;aperture&quot;:&quot;0&quot;,&quot;credit&quot;:&quot;&quot;,&quot;camera&quot;:&quot;&quot;,&quot;caption&quot;:&quot;&quot;,&quot;created_timestamp&quot;:&quot;0&quot;,&quot;copyright&quot;:&quot;&quot;,&quot;focal_length&quot;:&quot;0&quot;,&quot;iso&quot;:&quot;0&quot;,&quot;shutter_speed&quot;:&quot;0&quot;,&quot;title&quot;:&quot;&quot;,&quot;orientation&quot;:&quot;0&quot;}\" data-image-title=\"20200521_102053\" data-image-description=\"\" data-image-caption=\"\" data-medium-file=\"https:\/\/www.legistdf.gob.ar\/wp-content\/uploads\/2020\/05\/20200521_102053-300x169.jpg\" data-large-file=\"https:\/\/www.legistdf.gob.ar\/wp-content\/uploads\/2020\/05\/20200521_102053-1024x576.jpg\" class=\"alignleft wp-image-19421 size-medium\" src=\"http:\/\/www.legistdf.gob.ar\/wp-content\/uploads\/2020\/05\/20200521_102053-300x169.jpg\" alt=\"\" width=\"300\" height=\"169\" srcset=\"https:\/\/www.legistdf.gob.ar\/wp-content\/uploads\/2020\/05\/20200521_102053-300x169.jpg 300w, https:\/\/www.legistdf.gob.ar\/wp-content\/uploads\/2020\/05\/20200521_102053-768x432.jpg 768w, https:\/\/www.legistdf.gob.ar\/wp-content\/uploads\/2020\/05\/20200521_102053-1024x576.jpg 1024w, https:\/\/www.legistdf.gob.ar\/wp-content\/uploads\/2020\/05\/20200521_102053-160x90.jpg 160w, https:\/\/www.legistdf.gob.ar\/wp-content\/uploads\/2020\/05\/20200521_102053.jpg 2000w\" sizes=\"(max-width: 300px) 100vw, 300px\" \/>Para este control, en el acceso al edificio ubicado en Yaganes, se dispuso la suscripci\u00f3n de la declaraci\u00f3n jurada \u201ccon el compromiso individual del personal de respetar\u201d las indicaciones dadas en el marco de la resoluci\u00f3n de Presidencia N\u00b0 0227\/20 por parte del personal y los Parlamentarios, como asi tambi\u00e9n el registro de temperatura corporal y el uso de alcohol en gel.<\/p>\n<p>&nbsp;<\/p>\n<p>&nbsp;<\/p>\n<p style=\"text-align: right\"><em>AT<\/em><\/p>\n\n\t\t<style type=\"text\/css\">\n\t\t\t#gallery-1 {\n\t\t\t\tmargin: auto;\n\t\t\t}\n\t\t\t#gallery-1 .gallery-item {\n\t\t\t\tfloat: left;\n\t\t\t\tmargin-top: 10px;\n\t\t\t\ttext-align: center;\n\t\t\t\twidth: 33%;\n\t\t\t}\n\t\t\t#gallery-1 img {\n\t\t\t\tborder: 2px solid #cfcfcf;\n\t\t\t}\n\t\t\t#gallery-1 .gallery-caption {\n\t\t\t\tmargin-left: 0;\n\t\t\t}\n\t\t\t\/* see gallery_shortcode() in wp-includes\/media.php *\/\n\t\t<\/style>\n\t\t<div data-carousel-extra='{\"blog_id\":1,\"permalink\":\"https:\\\/\\\/www.legistdf.gob.ar\\\/index.php\\\/2020\\\/05\\\/21\\\/seguridad-la-legislatura-se-adapto-para-sesionar-en-el-marco-del-distanciamiento-social\\\/\"}' id='gallery-1' class='gallery galleryid-19411 gallery-columns-3 gallery-size-thumbnail'><dl class='gallery-item'>\n\t\t\t<dt class='gallery-icon landscape'>\n\t\t\t\t<a href='https:\/\/www.legistdf.gob.ar\/index.php\/2020\/05\/21\/seguridad-la-legislatura-se-adapto-para-sesionar-en-el-marco-del-distanciamiento-social\/20200521_102043\/'><img loading=\"lazy\" decoding=\"async\" width=\"150\" height=\"150\" src=\"https:\/\/www.legistdf.gob.ar\/wp-content\/uploads\/2020\/05\/20200521_102043-150x150.jpg\" class=\"attachment-thumbnail size-thumbnail\" alt=\"\" srcset=\"https:\/\/www.legistdf.gob.ar\/wp-content\/uploads\/2020\/05\/20200521_102043-150x150.jpg 150w, https:\/\/www.legistdf.gob.ar\/wp-content\/uploads\/2020\/05\/20200521_102043-64x64.jpg 64w\" sizes=\"(max-width: 150px) 100vw, 150px\" data-attachment-id=\"19420\" data-permalink=\"https:\/\/www.legistdf.gob.ar\/index.php\/2020\/05\/21\/seguridad-la-legislatura-se-adapto-para-sesionar-en-el-marco-del-distanciamiento-social\/20200521_102043\/\" data-orig-file=\"https:\/\/www.legistdf.gob.ar\/wp-content\/uploads\/2020\/05\/20200521_102043.jpg\" data-orig-size=\"2000,1125\" data-comments-opened=\"0\" data-image-meta=\"{&quot;aperture&quot;:&quot;0&quot;,&quot;credit&quot;:&quot;&quot;,&quot;camera&quot;:&quot;&quot;,&quot;caption&quot;:&quot;&quot;,&quot;created_timestamp&quot;:&quot;0&quot;,&quot;copyright&quot;:&quot;&quot;,&quot;focal_length&quot;:&quot;0&quot;,&quot;iso&quot;:&quot;0&quot;,&quot;shutter_speed&quot;:&quot;0&quot;,&quot;title&quot;:&quot;&quot;,&quot;orientation&quot;:&quot;0&quot;}\" data-image-title=\"20200521_102043\" data-image-description=\"\" data-image-caption=\"\" data-medium-file=\"https:\/\/www.legistdf.gob.ar\/wp-content\/uploads\/2020\/05\/20200521_102043-300x169.jpg\" data-large-file=\"https:\/\/www.legistdf.gob.ar\/wp-content\/uploads\/2020\/05\/20200521_102043-1024x576.jpg\" \/><\/a>\n\t\t\t<\/dt><\/dl><dl class='gallery-item'>\n\t\t\t<dt class='gallery-icon landscape'>\n\t\t\t\t<a href='https:\/\/www.legistdf.gob.ar\/index.php\/2020\/05\/21\/seguridad-la-legislatura-se-adapto-para-sesionar-en-el-marco-del-distanciamiento-social\/20200521_101834\/'><img loading=\"lazy\" decoding=\"async\" width=\"150\" height=\"150\" src=\"https:\/\/www.legistdf.gob.ar\/wp-content\/uploads\/2020\/05\/20200521_101834-150x150.jpg\" class=\"attachment-thumbnail size-thumbnail\" alt=\"\" srcset=\"https:\/\/www.legistdf.gob.ar\/wp-content\/uploads\/2020\/05\/20200521_101834-150x150.jpg 150w, https:\/\/www.legistdf.gob.ar\/wp-content\/uploads\/2020\/05\/20200521_101834-64x64.jpg 64w\" sizes=\"(max-width: 150px) 100vw, 150px\" data-attachment-id=\"19419\" data-permalink=\"https:\/\/www.legistdf.gob.ar\/index.php\/2020\/05\/21\/seguridad-la-legislatura-se-adapto-para-sesionar-en-el-marco-del-distanciamiento-social\/20200521_101834\/\" data-orig-file=\"https:\/\/www.legistdf.gob.ar\/wp-content\/uploads\/2020\/05\/20200521_101834.jpg\" data-orig-size=\"2000,1125\" data-comments-opened=\"0\" data-image-meta=\"{&quot;aperture&quot;:&quot;0&quot;,&quot;credit&quot;:&quot;&quot;,&quot;camera&quot;:&quot;&quot;,&quot;caption&quot;:&quot;&quot;,&quot;created_timestamp&quot;:&quot;0&quot;,&quot;copyright&quot;:&quot;&quot;,&quot;focal_length&quot;:&quot;0&quot;,&quot;iso&quot;:&quot;0&quot;,&quot;shutter_speed&quot;:&quot;0&quot;,&quot;title&quot;:&quot;&quot;,&quot;orientation&quot;:&quot;0&quot;}\" data-image-title=\"20200521_101834\" data-image-description=\"\" data-image-caption=\"\" data-medium-file=\"https:\/\/www.legistdf.gob.ar\/wp-content\/uploads\/2020\/05\/20200521_101834-300x169.jpg\" data-large-file=\"https:\/\/www.legistdf.gob.ar\/wp-content\/uploads\/2020\/05\/20200521_101834-1024x576.jpg\" \/><\/a>\n\t\t\t<\/dt><\/dl><dl class='gallery-item'>\n\t\t\t<dt class='gallery-icon landscape'>\n\t\t\t\t<a href='https:\/\/www.legistdf.gob.ar\/index.php\/2020\/05\/21\/seguridad-la-legislatura-se-adapto-para-sesionar-en-el-marco-del-distanciamiento-social\/20200521_102053\/'><img loading=\"lazy\" decoding=\"async\" width=\"150\" height=\"150\" src=\"https:\/\/www.legistdf.gob.ar\/wp-content\/uploads\/2020\/05\/20200521_102053-150x150.jpg\" class=\"attachment-thumbnail size-thumbnail\" alt=\"\" srcset=\"https:\/\/www.legistdf.gob.ar\/wp-content\/uploads\/2020\/05\/20200521_102053-150x150.jpg 150w, https:\/\/www.legistdf.gob.ar\/wp-content\/uploads\/2020\/05\/20200521_102053-64x64.jpg 64w\" sizes=\"(max-width: 150px) 100vw, 150px\" data-attachment-id=\"19421\" data-permalink=\"https:\/\/www.legistdf.gob.ar\/index.php\/2020\/05\/21\/seguridad-la-legislatura-se-adapto-para-sesionar-en-el-marco-del-distanciamiento-social\/20200521_102053\/\" data-orig-file=\"https:\/\/www.legistdf.gob.ar\/wp-content\/uploads\/2020\/05\/20200521_102053.jpg\" data-orig-size=\"2000,1125\" data-comments-opened=\"0\" data-image-meta=\"{&quot;aperture&quot;:&quot;0&quot;,&quot;credit&quot;:&quot;&quot;,&quot;camera&quot;:&quot;&quot;,&quot;caption&quot;:&quot;&quot;,&quot;created_timestamp&quot;:&quot;0&quot;,&quot;copyright&quot;:&quot;&quot;,&quot;focal_length&quot;:&quot;0&quot;,&quot;iso&quot;:&quot;0&quot;,&quot;shutter_speed&quot;:&quot;0&quot;,&quot;title&quot;:&quot;&quot;,&quot;orientation&quot;:&quot;0&quot;}\" data-image-title=\"20200521_102053\" data-image-description=\"\" data-image-caption=\"\" data-medium-file=\"https:\/\/www.legistdf.gob.ar\/wp-content\/uploads\/2020\/05\/20200521_102053-300x169.jpg\" data-large-file=\"https:\/\/www.legistdf.gob.ar\/wp-content\/uploads\/2020\/05\/20200521_102053-1024x576.jpg\" \/><\/a>\n\t\t\t<\/dt><\/dl><br style=\"clear: both\" \/><dl class='gallery-item'>\n\t\t\t<dt class='gallery-icon landscape'>\n\t\t\t\t<a href='https:\/\/www.legistdf.gob.ar\/index.php\/2020\/05\/21\/seguridad-la-legislatura-se-adapto-para-sesionar-en-el-marco-del-distanciamiento-social\/20200521_101816\/'><img loading=\"lazy\" decoding=\"async\" width=\"150\" height=\"150\" src=\"https:\/\/www.legistdf.gob.ar\/wp-content\/uploads\/2020\/05\/20200521_101816-150x150.jpg\" class=\"attachment-thumbnail size-thumbnail\" alt=\"\" srcset=\"https:\/\/www.legistdf.gob.ar\/wp-content\/uploads\/2020\/05\/20200521_101816-150x150.jpg 150w, https:\/\/www.legistdf.gob.ar\/wp-content\/uploads\/2020\/05\/20200521_101816-64x64.jpg 64w\" sizes=\"(max-width: 150px) 100vw, 150px\" data-attachment-id=\"19418\" data-permalink=\"https:\/\/www.legistdf.gob.ar\/index.php\/2020\/05\/21\/seguridad-la-legislatura-se-adapto-para-sesionar-en-el-marco-del-distanciamiento-social\/20200521_101816\/\" data-orig-file=\"https:\/\/www.legistdf.gob.ar\/wp-content\/uploads\/2020\/05\/20200521_101816.jpg\" data-orig-size=\"2000,1125\" data-comments-opened=\"0\" data-image-meta=\"{&quot;aperture&quot;:&quot;0&quot;,&quot;credit&quot;:&quot;&quot;,&quot;camera&quot;:&quot;&quot;,&quot;caption&quot;:&quot;&quot;,&quot;created_timestamp&quot;:&quot;0&quot;,&quot;copyright&quot;:&quot;&quot;,&quot;focal_length&quot;:&quot;0&quot;,&quot;iso&quot;:&quot;0&quot;,&quot;shutter_speed&quot;:&quot;0&quot;,&quot;title&quot;:&quot;&quot;,&quot;orientation&quot;:&quot;0&quot;}\" data-image-title=\"20200521_101816\" data-image-description=\"\" data-image-caption=\"\" data-medium-file=\"https:\/\/www.legistdf.gob.ar\/wp-content\/uploads\/2020\/05\/20200521_101816-300x169.jpg\" data-large-file=\"https:\/\/www.legistdf.gob.ar\/wp-content\/uploads\/2020\/05\/20200521_101816-1024x576.jpg\" \/><\/a>\n\t\t\t<\/dt><\/dl><dl class='gallery-item'>\n\t\t\t<dt class='gallery-icon landscape'>\n\t\t\t\t<a href='https:\/\/www.legistdf.gob.ar\/index.php\/2020\/05\/21\/seguridad-la-legislatura-se-adapto-para-sesionar-en-el-marco-del-distanciamiento-social\/20200521_101745\/'><img loading=\"lazy\" decoding=\"async\" width=\"150\" height=\"150\" src=\"https:\/\/www.legistdf.gob.ar\/wp-content\/uploads\/2020\/05\/20200521_101745-150x150.jpg\" class=\"attachment-thumbnail size-thumbnail\" alt=\"\" srcset=\"https:\/\/www.legistdf.gob.ar\/wp-content\/uploads\/2020\/05\/20200521_101745-150x150.jpg 150w, https:\/\/www.legistdf.gob.ar\/wp-content\/uploads\/2020\/05\/20200521_101745-64x64.jpg 64w\" sizes=\"(max-width: 150px) 100vw, 150px\" data-attachment-id=\"19417\" data-permalink=\"https:\/\/www.legistdf.gob.ar\/index.php\/2020\/05\/21\/seguridad-la-legislatura-se-adapto-para-sesionar-en-el-marco-del-distanciamiento-social\/20200521_101745\/\" data-orig-file=\"https:\/\/www.legistdf.gob.ar\/wp-content\/uploads\/2020\/05\/20200521_101745.jpg\" data-orig-size=\"2000,1125\" data-comments-opened=\"0\" data-image-meta=\"{&quot;aperture&quot;:&quot;0&quot;,&quot;credit&quot;:&quot;&quot;,&quot;camera&quot;:&quot;&quot;,&quot;caption&quot;:&quot;&quot;,&quot;created_timestamp&quot;:&quot;0&quot;,&quot;copyright&quot;:&quot;&quot;,&quot;focal_length&quot;:&quot;0&quot;,&quot;iso&quot;:&quot;0&quot;,&quot;shutter_speed&quot;:&quot;0&quot;,&quot;title&quot;:&quot;&quot;,&quot;orientation&quot;:&quot;0&quot;}\" data-image-title=\"20200521_101745\" data-image-description=\"\" data-image-caption=\"\" data-medium-file=\"https:\/\/www.legistdf.gob.ar\/wp-content\/uploads\/2020\/05\/20200521_101745-300x169.jpg\" data-large-file=\"https:\/\/www.legistdf.gob.ar\/wp-content\/uploads\/2020\/05\/20200521_101745-1024x576.jpg\" \/><\/a>\n\t\t\t<\/dt><\/dl><dl class='gallery-item'>\n\t\t\t<dt class='gallery-icon landscape'>\n\t\t\t\t<a href='https:\/\/www.legistdf.gob.ar\/index.php\/2020\/05\/21\/seguridad-la-legislatura-se-adapto-para-sesionar-en-el-marco-del-distanciamiento-social\/20200521_101737\/'><img loading=\"lazy\" decoding=\"async\" width=\"150\" height=\"150\" src=\"https:\/\/www.legistdf.gob.ar\/wp-content\/uploads\/2020\/05\/20200521_101737-150x150.jpg\" class=\"attachment-thumbnail size-thumbnail\" alt=\"\" srcset=\"https:\/\/www.legistdf.gob.ar\/wp-content\/uploads\/2020\/05\/20200521_101737-150x150.jpg 150w, https:\/\/www.legistdf.gob.ar\/wp-content\/uploads\/2020\/05\/20200521_101737-64x64.jpg 64w\" sizes=\"(max-width: 150px) 100vw, 150px\" data-attachment-id=\"19416\" data-permalink=\"https:\/\/www.legistdf.gob.ar\/index.php\/2020\/05\/21\/seguridad-la-legislatura-se-adapto-para-sesionar-en-el-marco-del-distanciamiento-social\/20200521_101737\/\" data-orig-file=\"https:\/\/www.legistdf.gob.ar\/wp-content\/uploads\/2020\/05\/20200521_101737.jpg\" data-orig-size=\"2000,1125\" data-comments-opened=\"0\" data-image-meta=\"{&quot;aperture&quot;:&quot;0&quot;,&quot;credit&quot;:&quot;&quot;,&quot;camera&quot;:&quot;&quot;,&quot;caption&quot;:&quot;&quot;,&quot;created_timestamp&quot;:&quot;0&quot;,&quot;copyright&quot;:&quot;&quot;,&quot;focal_length&quot;:&quot;0&quot;,&quot;iso&quot;:&quot;0&quot;,&quot;shutter_speed&quot;:&quot;0&quot;,&quot;title&quot;:&quot;&quot;,&quot;orientation&quot;:&quot;0&quot;}\" data-image-title=\"20200521_101737\" data-image-description=\"\" data-image-caption=\"\" data-medium-file=\"https:\/\/www.legistdf.gob.ar\/wp-content\/uploads\/2020\/05\/20200521_101737-300x169.jpg\" data-large-file=\"https:\/\/www.legistdf.gob.ar\/wp-content\/uploads\/2020\/05\/20200521_101737-1024x576.jpg\" \/><\/a>\n\t\t\t<\/dt><\/dl><br style=\"clear: both\" \/><dl class='gallery-item'>\n\t\t\t<dt class='gallery-icon landscape'>\n\t\t\t\t<a href='https:\/\/www.legistdf.gob.ar\/index.php\/2020\/05\/21\/seguridad-la-legislatura-se-adapto-para-sesionar-en-el-marco-del-distanciamiento-social\/20200521_101726\/'><img loading=\"lazy\" decoding=\"async\" width=\"150\" height=\"150\" src=\"https:\/\/www.legistdf.gob.ar\/wp-content\/uploads\/2020\/05\/20200521_101726-150x150.jpg\" class=\"attachment-thumbnail size-thumbnail\" alt=\"\" srcset=\"https:\/\/www.legistdf.gob.ar\/wp-content\/uploads\/2020\/05\/20200521_101726-150x150.jpg 150w, https:\/\/www.legistdf.gob.ar\/wp-content\/uploads\/2020\/05\/20200521_101726-64x64.jpg 64w\" sizes=\"(max-width: 150px) 100vw, 150px\" data-attachment-id=\"19415\" data-permalink=\"https:\/\/www.legistdf.gob.ar\/index.php\/2020\/05\/21\/seguridad-la-legislatura-se-adapto-para-sesionar-en-el-marco-del-distanciamiento-social\/20200521_101726\/\" data-orig-file=\"https:\/\/www.legistdf.gob.ar\/wp-content\/uploads\/2020\/05\/20200521_101726.jpg\" data-orig-size=\"2000,1125\" data-comments-opened=\"0\" data-image-meta=\"{&quot;aperture&quot;:&quot;0&quot;,&quot;credit&quot;:&quot;&quot;,&quot;camera&quot;:&quot;&quot;,&quot;caption&quot;:&quot;&quot;,&quot;created_timestamp&quot;:&quot;0&quot;,&quot;copyright&quot;:&quot;&quot;,&quot;focal_length&quot;:&quot;0&quot;,&quot;iso&quot;:&quot;0&quot;,&quot;shutter_speed&quot;:&quot;0&quot;,&quot;title&quot;:&quot;&quot;,&quot;orientation&quot;:&quot;0&quot;}\" data-image-title=\"20200521_101726\" data-image-description=\"\" data-image-caption=\"\" data-medium-file=\"https:\/\/www.legistdf.gob.ar\/wp-content\/uploads\/2020\/05\/20200521_101726-300x169.jpg\" data-large-file=\"https:\/\/www.legistdf.gob.ar\/wp-content\/uploads\/2020\/05\/20200521_101726-1024x576.jpg\" \/><\/a>\n\t\t\t<\/dt><\/dl><dl class='gallery-item'>\n\t\t\t<dt class='gallery-icon landscape'>\n\t\t\t\t<a href='https:\/\/www.legistdf.gob.ar\/index.php\/2020\/05\/21\/seguridad-la-legislatura-se-adapto-para-sesionar-en-el-marco-del-distanciamiento-social\/20200521_095311\/'><img loading=\"lazy\" decoding=\"async\" width=\"150\" height=\"150\" src=\"https:\/\/www.legistdf.gob.ar\/wp-content\/uploads\/2020\/05\/20200521_095311-150x150.jpg\" class=\"attachment-thumbnail size-thumbnail\" alt=\"\" srcset=\"https:\/\/www.legistdf.gob.ar\/wp-content\/uploads\/2020\/05\/20200521_095311-150x150.jpg 150w, https:\/\/www.legistdf.gob.ar\/wp-content\/uploads\/2020\/05\/20200521_095311-64x64.jpg 64w\" sizes=\"(max-width: 150px) 100vw, 150px\" data-attachment-id=\"19414\" data-permalink=\"https:\/\/www.legistdf.gob.ar\/index.php\/2020\/05\/21\/seguridad-la-legislatura-se-adapto-para-sesionar-en-el-marco-del-distanciamiento-social\/20200521_095311\/\" data-orig-file=\"https:\/\/www.legistdf.gob.ar\/wp-content\/uploads\/2020\/05\/20200521_095311.jpg\" data-orig-size=\"2000,1125\" data-comments-opened=\"0\" data-image-meta=\"{&quot;aperture&quot;:&quot;0&quot;,&quot;credit&quot;:&quot;&quot;,&quot;camera&quot;:&quot;&quot;,&quot;caption&quot;:&quot;&quot;,&quot;created_timestamp&quot;:&quot;0&quot;,&quot;copyright&quot;:&quot;&quot;,&quot;focal_length&quot;:&quot;0&quot;,&quot;iso&quot;:&quot;0&quot;,&quot;shutter_speed&quot;:&quot;0&quot;,&quot;title&quot;:&quot;&quot;,&quot;orientation&quot;:&quot;0&quot;}\" data-image-title=\"20200521_095311\" data-image-description=\"\" data-image-caption=\"\" data-medium-file=\"https:\/\/www.legistdf.gob.ar\/wp-content\/uploads\/2020\/05\/20200521_095311-300x169.jpg\" data-large-file=\"https:\/\/www.legistdf.gob.ar\/wp-content\/uploads\/2020\/05\/20200521_095311-1024x576.jpg\" \/><\/a>\n\t\t\t<\/dt><\/dl><dl class='gallery-item'>\n\t\t\t<dt class='gallery-icon landscape'>\n\t\t\t\t<a href='https:\/\/www.legistdf.gob.ar\/index.php\/2020\/05\/21\/seguridad-la-legislatura-se-adapto-para-sesionar-en-el-marco-del-distanciamiento-social\/20200521_095305\/'><img loading=\"lazy\" decoding=\"async\" width=\"150\" height=\"150\" src=\"https:\/\/www.legistdf.gob.ar\/wp-content\/uploads\/2020\/05\/20200521_095305-150x150.jpg\" class=\"attachment-thumbnail size-thumbnail\" alt=\"\" srcset=\"https:\/\/www.legistdf.gob.ar\/wp-content\/uploads\/2020\/05\/20200521_095305-150x150.jpg 150w, https:\/\/www.legistdf.gob.ar\/wp-content\/uploads\/2020\/05\/20200521_095305-64x64.jpg 64w\" sizes=\"(max-width: 150px) 100vw, 150px\" data-attachment-id=\"19413\" data-permalink=\"https:\/\/www.legistdf.gob.ar\/index.php\/2020\/05\/21\/seguridad-la-legislatura-se-adapto-para-sesionar-en-el-marco-del-distanciamiento-social\/20200521_095305\/\" data-orig-file=\"https:\/\/www.legistdf.gob.ar\/wp-content\/uploads\/2020\/05\/20200521_095305.jpg\" data-orig-size=\"2000,1125\" data-comments-opened=\"0\" data-image-meta=\"{&quot;aperture&quot;:&quot;0&quot;,&quot;credit&quot;:&quot;&quot;,&quot;camera&quot;:&quot;&quot;,&quot;caption&quot;:&quot;&quot;,&quot;created_timestamp&quot;:&quot;0&quot;,&quot;copyright&quot;:&quot;&quot;,&quot;focal_length&quot;:&quot;0&quot;,&quot;iso&quot;:&quot;0&quot;,&quot;shutter_speed&quot;:&quot;0&quot;,&quot;title&quot;:&quot;&quot;,&quot;orientation&quot;:&quot;0&quot;}\" data-image-title=\"20200521_095305\" data-image-description=\"\" data-image-caption=\"\" data-medium-file=\"https:\/\/www.legistdf.gob.ar\/wp-content\/uploads\/2020\/05\/20200521_095305-300x169.jpg\" data-large-file=\"https:\/\/www.legistdf.gob.ar\/wp-content\/uploads\/2020\/05\/20200521_095305-1024x576.jpg\" \/><\/a>\n\t\t\t<\/dt><\/dl><br style=\"clear: both\" \/><dl class='gallery-item'>\n\t\t\t<dt class='gallery-icon landscape'>\n\t\t\t\t<a href='https:\/\/www.legistdf.gob.ar\/index.php\/2020\/05\/21\/seguridad-la-legislatura-se-adapto-para-sesionar-en-el-marco-del-distanciamiento-social\/20200521_095252\/'><img loading=\"lazy\" decoding=\"async\" width=\"150\" height=\"150\" src=\"https:\/\/www.legistdf.gob.ar\/wp-content\/uploads\/2020\/05\/20200521_095252-150x150.jpg\" class=\"attachment-thumbnail size-thumbnail\" alt=\"\" srcset=\"https:\/\/www.legistdf.gob.ar\/wp-content\/uploads\/2020\/05\/20200521_095252-150x150.jpg 150w, https:\/\/www.legistdf.gob.ar\/wp-content\/uploads\/2020\/05\/20200521_095252-64x64.jpg 64w\" sizes=\"(max-width: 150px) 100vw, 150px\" data-attachment-id=\"19412\" data-permalink=\"https:\/\/www.legistdf.gob.ar\/index.php\/2020\/05\/21\/seguridad-la-legislatura-se-adapto-para-sesionar-en-el-marco-del-distanciamiento-social\/20200521_095252\/\" data-orig-file=\"https:\/\/www.legistdf.gob.ar\/wp-content\/uploads\/2020\/05\/20200521_095252.jpg\" data-orig-size=\"2000,1125\" data-comments-opened=\"0\" data-image-meta=\"{&quot;aperture&quot;:&quot;0&quot;,&quot;credit&quot;:&quot;&quot;,&quot;camera&quot;:&quot;&quot;,&quot;caption&quot;:&quot;&quot;,&quot;created_timestamp&quot;:&quot;0&quot;,&quot;copyright&quot;:&quot;&quot;,&quot;focal_length&quot;:&quot;0&quot;,&quot;iso&quot;:&quot;0&quot;,&quot;shutter_speed&quot;:&quot;0&quot;,&quot;title&quot;:&quot;&quot;,&quot;orientation&quot;:&quot;0&quot;}\" data-image-title=\"20200521_095252\" data-image-description=\"\" data-image-caption=\"\" data-medium-file=\"https:\/\/www.legistdf.gob.ar\/wp-content\/uploads\/2020\/05\/20200521_095252-300x169.jpg\" data-large-file=\"https:\/\/www.legistdf.gob.ar\/wp-content\/uploads\/2020\/05\/20200521_095252-1024x576.jpg\" \/><\/a>\n\t\t\t<\/dt><\/dl>\n\t\t\t<br style='clear: both' \/>\n\t\t<\/div>\n\n<p><img loading=\"lazy\" decoding=\"async\" data-attachment-id=\"19127\" data-permalink=\"https:\/\/www.legistdf.gob.ar\/?attachment_id=19127\" data-orig-file=\"https:\/\/www.legistdf.gob.ar\/wp-content\/uploads\/2020\/03\/corona.gif\" data-orig-size=\"1250,1250\" data-comments-opened=\"0\" data-image-meta=\"{&quot;aperture&quot;:&quot;0&quot;,&quot;credit&quot;:&quot;&quot;,&quot;camera&quot;:&quot;&quot;,&quot;caption&quot;:&quot;&quot;,&quot;created_timestamp&quot;:&quot;0&quot;,&quot;copyright&quot;:&quot;&quot;,&quot;focal_length&quot;:&quot;0&quot;,&quot;iso&quot;:&quot;0&quot;,&quot;shutter_speed&quot;:&quot;0&quot;,&quot;title&quot;:&quot;&quot;,&quot;orientation&quot;:&quot;0&quot;}\" data-image-title=\"corona\" data-image-description=\"\" data-image-caption=\"\" data-medium-file=\"https:\/\/www.legistdf.gob.ar\/wp-content\/uploads\/2020\/03\/corona-300x300.gif\" data-large-file=\"https:\/\/www.legistdf.gob.ar\/wp-content\/uploads\/2020\/03\/corona-1024x1024.gif\" class=\"aligncenter size-full wp-image-19127\" src=\"http:\/\/www.legistdf.gob.ar\/wp-content\/uploads\/2020\/03\/corona.gif\" alt=\"\" width=\"1250\" height=\"1250\" \/><\/p>\n","protected":false},"excerpt":{"rendered":"<p>Ushuaia, jueves 21 de mayo de 2020.- El Parlamento fueguino adopt\u00f3 las medidas de bioseguridad exigidas por el protocolo sanitario dispuesto por el Ministerio de Salud de la Provincia, para asegurar las instalaciones del recinto de sesiones y cumplir con el distanciamiento social determinado frente a la pandemia por el COVID &#8211; 19. Al frente [&hellip;]<\/p>\n","protected":false},"author":352,"featured_media":19419,"comment_status":"closed","ping_status":"open","sticky":false,"template":"","format":"standard","meta":{"jetpack_post_was_ever_published":false,"_jetpack_newsletter_access":"","_jetpack_dont_email_post_to_subs":false,"_jetpack_newsletter_tier_id":0,"footnotes":"","jetpack_publicize_message":"","jetpack_publicize_feature_enabled":true,"jetpack_social_post_already_shared":true,"jetpack_social_options":{"image_generator_settings":{"template":"highway","enabled":false}}},"categories":[1],"tags":[1911,144,241,79,87],"jetpack_publicize_connections":[],"jetpack_sharing_enabled":true,"jetpack_featured_media_url":"https:\/\/www.legistdf.gob.ar\/wp-content\/uploads\/2020\/05\/20200521_101834.jpg","jetpack-related-posts":[],"_links":{"self":[{"href":"https:\/\/www.legistdf.gob.ar\/index.php\/wp-json\/wp\/v2\/posts\/19411"}],"collection":[{"href":"https:\/\/www.legistdf.gob.ar\/index.php\/wp-json\/wp\/v2\/posts"}],"about":[{"href":"https:\/\/www.legistdf.gob.ar\/index.php\/wp-json\/wp\/v2\/types\/post"}],"author":[{"embeddable":true,"href":"https:\/\/www.legistdf.gob.ar\/index.php\/wp-json\/wp\/v2\/users\/352"}],"replies":[{"embeddable":true,"href":"https:\/\/www.legistdf.gob.ar\/index.php\/wp-json\/wp\/v2\/comments?post=19411"}],"version-history":[{"count":1,"href":"https:\/\/www.legistdf.gob.ar\/index.php\/wp-json\/wp\/v2\/posts\/19411\/revisions"}],"predecessor-version":[{"id":19422,"href":"https:\/\/www.legistdf.gob.ar\/index.php\/wp-json\/wp\/v2\/posts\/19411\/revisions\/19422"}],"wp:featuredmedia":[{"embeddable":true,"href":"https:\/\/www.legistdf.gob.ar\/index.php\/wp-json\/wp\/v2\/media\/19419"}],"wp:attachment":[{"href":"https:\/\/www.legistdf.gob.ar\/index.php\/wp-json\/wp\/v2\/media?parent=19411"}],"wp:term":[{"taxonomy":"category","embeddable":true,"href":"https:\/\/www.legistdf.gob.ar\/index.php\/wp-json\/wp\/v2\/categories?post=19411"},{"taxonomy":"post_tag","embeddable":true,"href":"https:\/\/www.legistdf.gob.ar\/index.php\/wp-json\/wp\/v2\/tags?post=19411"}],"curies":[{"name":"wp","href":"https:\/\/api.w.org\/{rel}","templated":true}]}}