{"id":19518,"date":"2020-05-22T17:32:35","date_gmt":"2020-05-22T20:32:35","guid":{"rendered":"http:\/\/www.legistdf.gob.ar\/?p=19518"},"modified":"2020-05-22T17:32:35","modified_gmt":"2020-05-22T20:32:35","slug":"comisiones-definieron-las-autoridades-para-la-nueva-composicion","status":"publish","type":"post","link":"https:\/\/www.legistdf.gob.ar\/index.php\/2020\/05\/22\/comisiones-definieron-las-autoridades-para-la-nueva-composicion\/","title":{"rendered":"COMISIONES: Definieron las autoridades para la nueva composici\u00f3n"},"content":{"rendered":"<p><strong>Ushuaia, viernes 22 de mayo de 2020.- Las distintas Comisiones de Asesoramiento Permanente definieron sus autoridades para el presente per\u00edodo luego de la sesi\u00f3n especial de ayer. En el plenario los Legisladores, reunidos en el recinto de sesiones, determinaron qui\u00e9nes ocupar\u00e1n las presidencias, vicepresidencias y secretar\u00edas de cada espacio de debate y an\u00e1lisis.<\/strong><\/p>\n<p>&nbsp;<\/p>\n<p>De acuerdo a la Resoluci\u00f3n de Presidencia N\u00b0 0231\/20 suscripta por la titular de la C\u00e1mara, vicegobernadora M\u00f3nica Urquiza, las Comisiones funcionar\u00e1n con las siguientes integraciones:<\/p>\n<p>&nbsp;<\/p>\n<p><strong>COMISI\u00d3N N\u00b0 1: Legislacion General. Peticiones. Poderes y Reglamentos. Asuntos Constitucionales, Municipales y Comunales. <\/strong><\/p>\n<p>&nbsp;<\/p>\n<p>Presidente: Federico Greve<\/p>\n<p>Vicepresidente: Pablo Villegas<\/p>\n<p>Secretario: Ricardo Furlan<\/p>\n<p>&nbsp;<\/p>\n<p>Y ser\u00e1 integrado adem\u00e1s, como vocales, \u00a0por los legisladores Daniel Rivarola, Emmanuel Trentino (FORJA); legisladora Mar\u00eda Victoria Vuoto (PV); Federico Bilota y Myriam Mart\u00ednez (FDT-PJ) y Federico Sciurano (UCR).<\/p>\n<p>&nbsp;<\/p>\n<p><strong>COMISI\u00d3N N\u00b0 2: Economia. Presupuesto y Hacienda. Finanzas y Politica Fiscal. <\/strong><\/p>\n<p>&nbsp;<\/p>\n<p>Presidente: Federico Sciurano<\/p>\n<p>Vicepresidente: M\u00f3nica Acosta<\/p>\n<p>Secretario: Dami\u00e1n L\u00d6FFLER<\/p>\n<p>&nbsp;<\/p>\n<p>Vocales: Legisladores Daniel Rivarola; Emmanuel Trentino (FORJA); Mar\u00eda Laura Colazo (PV); Myriam Mart\u00ednez, Federico Bilota y Andrea Freites (FDT-PJ).<\/p>\n<p>&nbsp;<\/p>\n<p><strong>COMISION N\u00b0 3: Obra P\u00fablica. Servicios P\u00fablicos. Transportes. Comunicaciones. Agricultura y Ganaderia. Industria. Comercio. Recursos Naturales (Pesca, Bosques, Miner\u00eda, Aguas, Flora y Fauna). Turismo. Energ\u00eda y Combustibles. <\/strong><\/p>\n<p>&nbsp;<\/p>\n<p>Presidente: M\u00f3nica Acosta<\/p>\n<p>Vicepresidente: Liliana Mart\u00ednez Allende<\/p>\n<p>Secretario: Daniel Rivarola<\/p>\n<p>&nbsp;<\/p>\n<p>Vocales: Federico Greve (FORJA); Legislador Damian L\u00f6ffler (MPF); Mar\u00eda Laura Colazo (PV) y Myriam Mart\u00ednez, Ricardo Furlan y Federico Bilota (FDT-PJ).<\/p>\n<p>&nbsp;<\/p>\n<p><strong>COMISI\u00d3N N\u00b0 4: Educaci\u00f3n. Cultura. Medio Ambiente. Ciencia y Tecnolog\u00eda. <\/strong><\/p>\n<p>&nbsp;<\/p>\n<p>Presidente: Emmanuel Trentino<\/p>\n<p>Vicepresidente: Pablo Villegas<\/p>\n<p>Secretario: Federico Greve<\/p>\n<p>&nbsp;<\/p>\n<p>Vocales: Federico Sciurano (UCR); Jorge Colazo (PV); Ricardo Furlan y Andrea Freites (FDT-PJ).<\/p>\n<p>&nbsp;<\/p>\n<p><strong>COMISI\u00d3N N\u00b0 5: Acci\u00f3n Social. Familia y Minoridad. Salud P\u00fablica. Deportes y Recreaci\u00f3n. Vivienda. Tierras Fiscales. Asistencia. Previsi\u00f3n Social y Trabajo. <\/strong><\/p>\n<p>&nbsp;<\/p>\n<p>Presidente: Daniel Rivarola<\/p>\n<p>Vicepresidente: Liliana Mart\u00ednez Allende<\/p>\n<p>Secretario: Damian L\u00f6ffler<\/p>\n<p>&nbsp;<\/p>\n<p>Vocales: M\u00f3nica Acosta (FORJA); Mar\u00eda Victoria Vuoto (PV) y Myriam Mart\u00ednez y Andrea Freites (FDT-PJ).<\/p>\n<p>&nbsp;<\/p>\n<p><strong>COMISI\u00d3N N\u00b0 6: Justicia y Seguridad. Relaciones Institucionales. Seguimiento Legislativo y Derechos Humanos. <\/strong><\/p>\n<p>&nbsp;<\/p>\n<p>Presidente: Pablo Villegas<\/p>\n<p>Vicepresidente: M\u00f3nica Acosta<\/p>\n<p>Secretario: Emmanuel Trentino<\/p>\n<p>&nbsp;<\/p>\n<p>Vocales: Liliana Mart\u00ednez Allende (UCR); Jorge Colazo (PV); Ricardo Furlan y Federico Bilota (FDT-PJ).<\/p>\n<p>&nbsp;<\/p>\n<p><strong>COMISI\u00d3N N\u00b0 7: Parlamento Patag\u00f3nico, MERCOSUR, Integracion Regional y Asuntos Internacionales.-<\/strong><\/p>\n<p>&nbsp;<\/p>\n<p>Presidente: Emmanuel Trentino<\/p>\n<p>Vicepresidente: Federico Sciurano<\/p>\n<p>Secretario: Federico Greve<\/p>\n<p>&nbsp;<\/p>\n<p>Vocales: Daniel Rivarola y M\u00f3nica Acosta (FORJA); Mar\u00eda Laura Colazo, Mar\u00eda Victoria Vuoto y Jorge Colazo (PV); Dami\u00e1n L\u00f6ffler y Pablo Villegas (MPF); Liliana Mart\u00ednez Allende (UCR) y Ricardo Furlan, \u00a0Federico Bilota, Myriam Mart\u00ednez y Andrea Freites.<\/p>\n<p>&nbsp;<\/p>\n<p style=\"text-align: right\"><em>AT<\/em><\/p>\n<p>&nbsp;<\/p>\n","protected":false},"excerpt":{"rendered":"<p>Ushuaia, viernes 22 de mayo de 2020.- Las distintas Comisiones de Asesoramiento Permanente definieron sus autoridades para el presente per\u00edodo luego de la sesi\u00f3n especial de ayer. En el plenario los Legisladores, reunidos en el recinto de sesiones, determinaron qui\u00e9nes ocupar\u00e1n las presidencias, vicepresidencias y secretar\u00edas de cada espacio de debate y an\u00e1lisis. &nbsp; De [&hellip;]<\/p>\n","protected":false},"author":352,"featured_media":19474,"comment_status":"closed","ping_status":"open","sticky":false,"template":"","format":"standard","meta":{"jetpack_post_was_ever_published":false,"_jetpack_newsletter_access":"","_jetpack_dont_email_post_to_subs":false,"_jetpack_newsletter_tier_id":0,"footnotes":"","jetpack_publicize_message":"","jetpack_publicize_feature_enabled":true,"jetpack_social_post_already_shared":true,"jetpack_social_options":{"image_generator_settings":{"template":"highway","enabled":false}}},"categories":[1],"tags":[84,78,644,79,87],"jetpack_publicize_connections":[],"jetpack_sharing_enabled":true,"jetpack_featured_media_url":"https:\/\/www.legistdf.gob.ar\/wp-content\/uploads\/2020\/05\/IMG_5018.jpg","jetpack-related-posts":[],"_links":{"self":[{"href":"https:\/\/www.legistdf.gob.ar\/index.php\/wp-json\/wp\/v2\/posts\/19518"}],"collection":[{"href":"https:\/\/www.legistdf.gob.ar\/index.php\/wp-json\/wp\/v2\/posts"}],"about":[{"href":"https:\/\/www.legistdf.gob.ar\/index.php\/wp-json\/wp\/v2\/types\/post"}],"author":[{"embeddable":true,"href":"https:\/\/www.legistdf.gob.ar\/index.php\/wp-json\/wp\/v2\/users\/352"}],"replies":[{"embeddable":true,"href":"https:\/\/www.legistdf.gob.ar\/index.php\/wp-json\/wp\/v2\/comments?post=19518"}],"version-history":[{"count":1,"href":"https:\/\/www.legistdf.gob.ar\/index.php\/wp-json\/wp\/v2\/posts\/19518\/revisions"}],"predecessor-version":[{"id":19519,"href":"https:\/\/www.legistdf.gob.ar\/index.php\/wp-json\/wp\/v2\/posts\/19518\/revisions\/19519"}],"wp:featuredmedia":[{"embeddable":true,"href":"https:\/\/www.legistdf.gob.ar\/index.php\/wp-json\/wp\/v2\/media\/19474"}],"wp:attachment":[{"href":"https:\/\/www.legistdf.gob.ar\/index.php\/wp-json\/wp\/v2\/media?parent=19518"}],"wp:term":[{"taxonomy":"category","embeddable":true,"href":"https:\/\/www.legistdf.gob.ar\/index.php\/wp-json\/wp\/v2\/categories?post=19518"},{"taxonomy":"post_tag","embeddable":true,"href":"https:\/\/www.legistdf.gob.ar\/index.php\/wp-json\/wp\/v2\/tags?post=19518"}],"curies":[{"name":"wp","href":"https:\/\/api.w.org\/{rel}","templated":true}]}}