{"id":19521,"date":"2020-05-25T09:02:32","date_gmt":"2020-05-25T12:02:32","guid":{"rendered":"http:\/\/www.legistdf.gob.ar\/?p=19521"},"modified":"2020-05-24T21:45:45","modified_gmt":"2020-05-25T00:45:45","slug":"comisiones-ministerios-y-organismos-provinciales-participaran-de-plenario-de-legisladores","status":"publish","type":"post","link":"https:\/\/www.legistdf.gob.ar\/index.php\/2020\/05\/25\/comisiones-ministerios-y-organismos-provinciales-participaran-de-plenario-de-legisladores\/","title":{"rendered":"COMISIONES: Ministerios y organismos provinciales participar\u00e1n de plenario de Legisladores"},"content":{"rendered":"<p><strong>Ushuaia, lunes 25 de mayo de 2020.- Representantes de la Agencia de Recaudaci\u00f3n Fueguina (AREF); Banco de Tierra del Fuego (BTF) y las carteras ministeriales de Obras P\u00fablicas, Finanzas y Producci\u00f3n participar\u00e1n de un encuentro conjunto de Comisiones ma\u00f1ana martes 26 de mayo desde las 11 h.<\/strong><\/p>\n<p><strong>\u00a0<\/strong><\/p>\n<p>Los presidentes de las comisiones de Legislaci\u00f3n General (1); Presupuesto (2); Obra P\u00fablica (3) y Justicia y Seguridad (6), se reunir\u00e1n con los restantes Legisladores que conforman cada espacio en plenario, para analizar los cuatro asuntos que fueron girados a las distintas comisiones, en la sesi\u00f3n especial del jueves pasado. El marco del encuentro ser\u00e1 el recinto de sesiones debido a la necesidad de contar con el distanciamiento social requerido, de acuerdo a las disposiciones de las autoridades parlamentarias y en el contexto de la pandemia por el COVID-19.<\/p>\n<p>&nbsp;<\/p>\n<p>Cabe recordar que las invitaciones fueron encomendadas a la Presidencia de la C\u00e1mara, habida cuenta de la escases de tiempos f\u00edsicos para realizar la convocatoria establecida para la ocasi\u00f3n como se articula habitualmente.<\/p>\n<p>&nbsp;<\/p>\n<p>Los presidentes de las comisiones legisladores Federico Greve; Federico Sciurano, M\u00f3nica Acosta y Pablo Villegas, respectivamente, junto a los dem\u00e1s Parlamentarios, abordar\u00e1n los asuntos N\u00b0 013\/20 adhesi\u00f3n de la Provincia al Consenso Fiscal 2019 suscripto entre el Estado nacional; la Ciudad Aut\u00f3noma de Buenos Aires y otras provincias argentinas; N\u00b0 044\/20 sobre la modificaci\u00f3n de la Ley provincial N\u00b0 168 \u2013 C\u00f3digo Procesal Penal, control restrictivo de la concesi\u00f3n de prisi\u00f3n domiciliaria; asunto N\u00b0 051\/20\u00a0 Mensaje N\u00b0 01\/20 proyecto de Ley que declara la emergencia econ\u00f3mica, fiscal, financiera, administrativa y social en el \u00e1mbito de la Provincia y N\u00b0 455\/19, Mensaje del Poder Ejecutivos sobre la declaraci\u00f3n de inter\u00e9s publico provincial a la actividad petrolera y la creaci\u00f3n de Terra Ignis Petr\u00f3leo y Gas SAU.<\/p>\n<p>&nbsp;<\/p>\n<p>Cabe se\u00f1alar que el legislador Ricardo Furlan participar\u00e1 de ese encuentro de manera remota y contar\u00e1 con los recursos tecnol\u00f3gicos necesarios para la jornada.<\/p>\n<p>&nbsp;<\/p>\n<p style=\"text-align: right\"><em>AT<\/em><\/p>\n","protected":false},"excerpt":{"rendered":"<p>Ushuaia, lunes 25 de mayo de 2020.- Representantes de la Agencia de Recaudaci\u00f3n Fueguina (AREF); Banco de Tierra del Fuego (BTF) y las carteras ministeriales de Obras P\u00fablicas, Finanzas y Producci\u00f3n participar\u00e1n de un encuentro conjunto de Comisiones ma\u00f1ana martes 26 de mayo desde las 11 h. \u00a0 Los presidentes de las comisiones de Legislaci\u00f3n [&hellip;]<\/p>\n","protected":false},"author":352,"featured_media":19470,"comment_status":"closed","ping_status":"open","sticky":false,"template":"","format":"standard","meta":{"jetpack_post_was_ever_published":false,"_jetpack_newsletter_access":"","_jetpack_dont_email_post_to_subs":false,"_jetpack_newsletter_tier_id":0,"footnotes":"","jetpack_publicize_message":"","jetpack_publicize_feature_enabled":true,"jetpack_social_post_already_shared":true,"jetpack_social_options":{"image_generator_settings":{"template":"highway","enabled":false}}},"categories":[1],"tags":[84,1911,78,79,87],"jetpack_publicize_connections":[],"jetpack_sharing_enabled":true,"jetpack_featured_media_url":"https:\/\/www.legistdf.gob.ar\/wp-content\/uploads\/2020\/05\/IMG_5011.jpg","jetpack-related-posts":[],"_links":{"self":[{"href":"https:\/\/www.legistdf.gob.ar\/index.php\/wp-json\/wp\/v2\/posts\/19521"}],"collection":[{"href":"https:\/\/www.legistdf.gob.ar\/index.php\/wp-json\/wp\/v2\/posts"}],"about":[{"href":"https:\/\/www.legistdf.gob.ar\/index.php\/wp-json\/wp\/v2\/types\/post"}],"author":[{"embeddable":true,"href":"https:\/\/www.legistdf.gob.ar\/index.php\/wp-json\/wp\/v2\/users\/352"}],"replies":[{"embeddable":true,"href":"https:\/\/www.legistdf.gob.ar\/index.php\/wp-json\/wp\/v2\/comments?post=19521"}],"version-history":[{"count":1,"href":"https:\/\/www.legistdf.gob.ar\/index.php\/wp-json\/wp\/v2\/posts\/19521\/revisions"}],"predecessor-version":[{"id":19522,"href":"https:\/\/www.legistdf.gob.ar\/index.php\/wp-json\/wp\/v2\/posts\/19521\/revisions\/19522"}],"wp:featuredmedia":[{"embeddable":true,"href":"https:\/\/www.legistdf.gob.ar\/index.php\/wp-json\/wp\/v2\/media\/19470"}],"wp:attachment":[{"href":"https:\/\/www.legistdf.gob.ar\/index.php\/wp-json\/wp\/v2\/media?parent=19521"}],"wp:term":[{"taxonomy":"category","embeddable":true,"href":"https:\/\/www.legistdf.gob.ar\/index.php\/wp-json\/wp\/v2\/categories?post=19521"},{"taxonomy":"post_tag","embeddable":true,"href":"https:\/\/www.legistdf.gob.ar\/index.php\/wp-json\/wp\/v2\/tags?post=19521"}],"curies":[{"name":"wp","href":"https:\/\/api.w.org\/{rel}","templated":true}]}}