{"id":19524,"date":"2020-05-26T12:13:14","date_gmt":"2020-05-26T15:13:14","guid":{"rendered":"http:\/\/www.legistdf.gob.ar\/?p=19524"},"modified":"2020-05-26T12:13:14","modified_gmt":"2020-05-26T15:13:14","slug":"legislatura-la-vicegobernadora-urquiza-convoco-a-la-primera-sesion-ordinaria","status":"publish","type":"post","link":"https:\/\/www.legistdf.gob.ar\/index.php\/2020\/05\/26\/legislatura-la-vicegobernadora-urquiza-convoco-a-la-primera-sesion-ordinaria\/","title":{"rendered":"LEGISLATURA: La vicegobernadora Urquiza convoc\u00f3 a la primera sesi\u00f3n ordinaria"},"content":{"rendered":"<p><strong><img loading=\"lazy\" decoding=\"async\" data-attachment-id=\"19525\" data-permalink=\"https:\/\/www.legistdf.gob.ar\/index.php\/2020\/05\/26\/legislatura-la-vicegobernadora-urquiza-convoco-a-la-primera-sesion-ordinaria\/whatsapp-image-2020-05-26-at-12-01-44\/\" data-orig-file=\"https:\/\/www.legistdf.gob.ar\/wp-content\/uploads\/2020\/05\/WhatsApp-Image-2020-05-26-at-12.01.44.jpeg\" data-orig-size=\"823,1280\" data-comments-opened=\"0\" data-image-meta=\"{&quot;aperture&quot;:&quot;0&quot;,&quot;credit&quot;:&quot;&quot;,&quot;camera&quot;:&quot;&quot;,&quot;caption&quot;:&quot;&quot;,&quot;created_timestamp&quot;:&quot;0&quot;,&quot;copyright&quot;:&quot;&quot;,&quot;focal_length&quot;:&quot;0&quot;,&quot;iso&quot;:&quot;0&quot;,&quot;shutter_speed&quot;:&quot;0&quot;,&quot;title&quot;:&quot;&quot;,&quot;orientation&quot;:&quot;0&quot;}\" data-image-title=\"WhatsApp Image 2020-05-26 at 12.01.44\" data-image-description=\"\" data-image-caption=\"\" data-medium-file=\"https:\/\/www.legistdf.gob.ar\/wp-content\/uploads\/2020\/05\/WhatsApp-Image-2020-05-26-at-12.01.44-193x300.jpeg\" data-large-file=\"https:\/\/www.legistdf.gob.ar\/wp-content\/uploads\/2020\/05\/WhatsApp-Image-2020-05-26-at-12.01.44-658x1024.jpeg\" class=\"alignleft wp-image-19525 size-medium\" src=\"http:\/\/www.legistdf.gob.ar\/wp-content\/uploads\/2020\/05\/WhatsApp-Image-2020-05-26-at-12.01.44-193x300.jpeg\" alt=\"\" width=\"193\" height=\"300\" srcset=\"https:\/\/www.legistdf.gob.ar\/wp-content\/uploads\/2020\/05\/WhatsApp-Image-2020-05-26-at-12.01.44-193x300.jpeg 193w, https:\/\/www.legistdf.gob.ar\/wp-content\/uploads\/2020\/05\/WhatsApp-Image-2020-05-26-at-12.01.44-768x1194.jpeg 768w, https:\/\/www.legistdf.gob.ar\/wp-content\/uploads\/2020\/05\/WhatsApp-Image-2020-05-26-at-12.01.44-658x1024.jpeg 658w, https:\/\/www.legistdf.gob.ar\/wp-content\/uploads\/2020\/05\/WhatsApp-Image-2020-05-26-at-12.01.44-103x160.jpeg 103w, https:\/\/www.legistdf.gob.ar\/wp-content\/uploads\/2020\/05\/WhatsApp-Image-2020-05-26-at-12.01.44.jpeg 823w\" sizes=\"(max-width: 193px) 100vw, 193px\" \/>Ushuaia, martes 26 de mayo de 2019.- La vicegobernadora M\u00f3nica Urquiza suscribi\u00f3 la resoluci\u00f3n de Presidencia N\u00b0 0232\/20 donde convoca a sesi\u00f3n ordinaria para el jueves 28 de mayo a las 11,30 h en el recinto de sesiones de Yaganes y H\u00e9roes de Malvinas. <\/strong><\/p>\n<p>&nbsp;<\/p>\n<p>Asimismo, la Presidencia de la Legislatura determin\u00f3 que la reuni\u00f3n de Labor Parlamentaria se reunir\u00e1 ma\u00f1ana mi\u00e9rcoles 27 de mayo desde las 18 horas en el mismo lugar.<\/p>\n<p>&nbsp;<\/p>\n<p style=\"text-align: right\"><em>AT<\/em><\/p>\n","protected":false},"excerpt":{"rendered":"<p>Ushuaia, martes 26 de mayo de 2019.- La vicegobernadora M\u00f3nica Urquiza suscribi\u00f3 la resoluci\u00f3n de Presidencia N\u00b0 0232\/20 donde convoca a sesi\u00f3n ordinaria para el jueves 28 de mayo a las 11,30 h en el recinto de sesiones de Yaganes y H\u00e9roes de Malvinas. &nbsp; Asimismo, la Presidencia de la Legislatura determin\u00f3 que la reuni\u00f3n [&hellip;]<\/p>\n","protected":false},"author":352,"featured_media":19471,"comment_status":"closed","ping_status":"open","sticky":false,"template":"","format":"standard","meta":{"jetpack_post_was_ever_published":false,"_jetpack_newsletter_access":"","_jetpack_dont_email_post_to_subs":false,"_jetpack_newsletter_tier_id":0,"footnotes":"","jetpack_publicize_message":"","jetpack_publicize_feature_enabled":true,"jetpack_social_post_already_shared":true,"jetpack_social_options":{"image_generator_settings":{"template":"highway","enabled":false}}},"categories":[1],"tags":[78,144,117,79,87],"jetpack_publicize_connections":[],"jetpack_sharing_enabled":true,"jetpack_featured_media_url":"https:\/\/www.legistdf.gob.ar\/wp-content\/uploads\/2020\/05\/IMG_5013.jpg","jetpack-related-posts":[],"_links":{"self":[{"href":"https:\/\/www.legistdf.gob.ar\/index.php\/wp-json\/wp\/v2\/posts\/19524"}],"collection":[{"href":"https:\/\/www.legistdf.gob.ar\/index.php\/wp-json\/wp\/v2\/posts"}],"about":[{"href":"https:\/\/www.legistdf.gob.ar\/index.php\/wp-json\/wp\/v2\/types\/post"}],"author":[{"embeddable":true,"href":"https:\/\/www.legistdf.gob.ar\/index.php\/wp-json\/wp\/v2\/users\/352"}],"replies":[{"embeddable":true,"href":"https:\/\/www.legistdf.gob.ar\/index.php\/wp-json\/wp\/v2\/comments?post=19524"}],"version-history":[{"count":1,"href":"https:\/\/www.legistdf.gob.ar\/index.php\/wp-json\/wp\/v2\/posts\/19524\/revisions"}],"predecessor-version":[{"id":19526,"href":"https:\/\/www.legistdf.gob.ar\/index.php\/wp-json\/wp\/v2\/posts\/19524\/revisions\/19526"}],"wp:featuredmedia":[{"embeddable":true,"href":"https:\/\/www.legistdf.gob.ar\/index.php\/wp-json\/wp\/v2\/media\/19471"}],"wp:attachment":[{"href":"https:\/\/www.legistdf.gob.ar\/index.php\/wp-json\/wp\/v2\/media?parent=19524"}],"wp:term":[{"taxonomy":"category","embeddable":true,"href":"https:\/\/www.legistdf.gob.ar\/index.php\/wp-json\/wp\/v2\/categories?post=19524"},{"taxonomy":"post_tag","embeddable":true,"href":"https:\/\/www.legistdf.gob.ar\/index.php\/wp-json\/wp\/v2\/tags?post=19524"}],"curies":[{"name":"wp","href":"https:\/\/api.w.org\/{rel}","templated":true}]}}