{"id":19603,"date":"2020-05-28T09:41:49","date_gmt":"2020-05-28T12:41:49","guid":{"rendered":"http:\/\/www.legistdf.gob.ar\/?p=19603"},"modified":"2020-05-28T09:41:49","modified_gmt":"2020-05-28T12:41:49","slug":"legislatura-hoy-se-realizara-la-primera-sesion-ordinaria-de-2020","status":"publish","type":"post","link":"https:\/\/www.legistdf.gob.ar\/index.php\/2020\/05\/28\/legislatura-hoy-se-realizara-la-primera-sesion-ordinaria-de-2020\/","title":{"rendered":"LEGISLATURA: Hoy se realizar\u00e1 la primera sesi\u00f3n ordinaria de 2020"},"content":{"rendered":"<p><b><img loading=\"lazy\" decoding=\"async\" data-attachment-id=\"19476\" data-permalink=\"https:\/\/www.legistdf.gob.ar\/index.php\/2020\/05\/21\/fotos-sesion-especial\/img_5025-3\/\" data-orig-file=\"https:\/\/www.legistdf.gob.ar\/wp-content\/uploads\/2020\/05\/IMG_5025.jpg\" data-orig-size=\"1500,1000\" data-comments-opened=\"0\" data-image-meta=\"{&quot;aperture&quot;:&quot;2.8&quot;,&quot;credit&quot;:&quot;&quot;,&quot;camera&quot;:&quot;Canon EOS 6D&quot;,&quot;caption&quot;:&quot;&quot;,&quot;created_timestamp&quot;:&quot;1590045776&quot;,&quot;copyright&quot;:&quot;&quot;,&quot;focal_length&quot;:&quot;35&quot;,&quot;iso&quot;:&quot;1600&quot;,&quot;shutter_speed&quot;:&quot;0.0055555555555556&quot;,&quot;title&quot;:&quot;&quot;,&quot;orientation&quot;:&quot;1&quot;}\" data-image-title=\"IMG_5025\" data-image-description=\"\" data-image-caption=\"\" data-medium-file=\"https:\/\/www.legistdf.gob.ar\/wp-content\/uploads\/2020\/05\/IMG_5025-300x200.jpg\" data-large-file=\"https:\/\/www.legistdf.gob.ar\/wp-content\/uploads\/2020\/05\/IMG_5025-1024x683.jpg\" class=\"alignleft wp-image-19476 size-medium\" src=\"http:\/\/www.legistdf.gob.ar\/wp-content\/uploads\/2020\/05\/IMG_5025-300x200.jpg\" alt=\"\" width=\"300\" height=\"200\" srcset=\"https:\/\/www.legistdf.gob.ar\/wp-content\/uploads\/2020\/05\/IMG_5025-300x200.jpg 300w, https:\/\/www.legistdf.gob.ar\/wp-content\/uploads\/2020\/05\/IMG_5025-768x512.jpg 768w, https:\/\/www.legistdf.gob.ar\/wp-content\/uploads\/2020\/05\/IMG_5025-1024x683.jpg 1024w, https:\/\/www.legistdf.gob.ar\/wp-content\/uploads\/2020\/05\/IMG_5025-160x107.jpg 160w, https:\/\/www.legistdf.gob.ar\/wp-content\/uploads\/2020\/05\/IMG_5025.jpg 1500w\" sizes=\"(max-width: 300px) 100vw, 300px\" \/>Ushuaia, jueves 28 de mayo de 2020.- El Parlamento fueguino se reunir\u00e1 hoy, desde las 11,30 h, en la primera sesi\u00f3n ordinaria del per\u00edodo legislativo que se inaugur\u00f3 el 1 de marzo pasado. En el orden del d\u00eda, se destacan cerca de 60 asuntos, los que ser\u00e1n tratados sobre bancas. \u00a0Ello surge de lo acordado anoche por los Legisladores y la Presidencia de la C\u00e1mara, en la reuni\u00f3n de labor parlamentaria.\u00a0 El encuentro de hoy, ser\u00e1\u00a0presidido por la vicegobernadora y presidenta de la C\u00e1mara, M\u00f3nica Urquiza.<\/b><\/p>\n<p>&nbsp;<\/p>\n<p>Cabe recordar que, para la ocasi\u00f3n, las autoridades legislativas han determinado reiterar <a href=\"http:\/\/www.legistdf.gob.ar\/index.php\/2020\/05\/21\/seguridad-la-legislatura-se-adapto-para-sesionar-en-el-marco-del-distanciamiento-social\/\" target=\"_blank\" rel=\"noopener noreferrer\">el protocolo sanitario aplicado el jueves pasado<\/a> y surge la necesidad de limitar la cantidad de personal de planta permanente y funcionarios, a las actividades esenciales dentro del Recinto de sesiones. Asimismo, se dispuso que la primera sesi\u00f3n ordinaria <strong>sea transmitida por los canales de televisi\u00f3n fueguinos y por la web legislativa www.legistdf.gob.ar<\/strong>.<\/p>\n<p>Se adjunta el <a href=\"http:\/\/www.legistdf.gob.ar\/wp-content\/uploads\/2020\/05\/01bo2805.rtf.docx\" target=\"_blank\" rel=\"noopener noreferrer\">Bolet\u00edn de Asuntos Entrados (BAE)<\/a> y el <a href=\"http:\/\/www.legistdf.gob.ar\/wp-content\/uploads\/2020\/05\/01or2805.rtf.doc\" target=\"_blank\" rel=\"noopener noreferrer\">Orden del D\u00eda (OD)<\/a> de la sesi\u00f3n de hoy.<\/p>\n<p>&nbsp;<\/p>\n<p style=\"text-align: right\"><em>AT con informaci\u00f3n de\u00a0<\/em><\/p>\n<p style=\"text-align: right\"><em>Direcci\u00f3n de Informaci\u00f3n Parlamentaria<\/em><\/p>\n","protected":false},"excerpt":{"rendered":"<p>Ushuaia, jueves 28 de mayo de 2020.- El Parlamento fueguino se reunir\u00e1 hoy, desde las 11,30 h, en la primera sesi\u00f3n ordinaria del per\u00edodo legislativo que se inaugur\u00f3 el 1 de marzo pasado. En el orden del d\u00eda, se destacan cerca de 60 asuntos, los que ser\u00e1n tratados sobre bancas. \u00a0Ello surge de lo acordado [&hellip;]<\/p>\n","protected":false},"author":352,"featured_media":19558,"comment_status":"closed","ping_status":"open","sticky":false,"template":"","format":"standard","meta":{"jetpack_post_was_ever_published":false,"_jetpack_newsletter_access":"","_jetpack_dont_email_post_to_subs":false,"_jetpack_newsletter_tier_id":0,"footnotes":"","jetpack_publicize_message":"","jetpack_publicize_feature_enabled":true,"jetpack_social_post_already_shared":true,"jetpack_social_options":{"image_generator_settings":{"template":"highway","enabled":false}}},"categories":[1],"tags":[1917,1911,78,117,79,87],"jetpack_publicize_connections":[],"jetpack_sharing_enabled":true,"jetpack_featured_media_url":"https:\/\/www.legistdf.gob.ar\/wp-content\/uploads\/2020\/05\/IMG_5199.jpg","jetpack-related-posts":[],"_links":{"self":[{"href":"https:\/\/www.legistdf.gob.ar\/index.php\/wp-json\/wp\/v2\/posts\/19603"}],"collection":[{"href":"https:\/\/www.legistdf.gob.ar\/index.php\/wp-json\/wp\/v2\/posts"}],"about":[{"href":"https:\/\/www.legistdf.gob.ar\/index.php\/wp-json\/wp\/v2\/types\/post"}],"author":[{"embeddable":true,"href":"https:\/\/www.legistdf.gob.ar\/index.php\/wp-json\/wp\/v2\/users\/352"}],"replies":[{"embeddable":true,"href":"https:\/\/www.legistdf.gob.ar\/index.php\/wp-json\/wp\/v2\/comments?post=19603"}],"version-history":[{"count":2,"href":"https:\/\/www.legistdf.gob.ar\/index.php\/wp-json\/wp\/v2\/posts\/19603\/revisions"}],"predecessor-version":[{"id":19607,"href":"https:\/\/www.legistdf.gob.ar\/index.php\/wp-json\/wp\/v2\/posts\/19603\/revisions\/19607"}],"wp:featuredmedia":[{"embeddable":true,"href":"https:\/\/www.legistdf.gob.ar\/index.php\/wp-json\/wp\/v2\/media\/19558"}],"wp:attachment":[{"href":"https:\/\/www.legistdf.gob.ar\/index.php\/wp-json\/wp\/v2\/media?parent=19603"}],"wp:term":[{"taxonomy":"category","embeddable":true,"href":"https:\/\/www.legistdf.gob.ar\/index.php\/wp-json\/wp\/v2\/categories?post=19603"},{"taxonomy":"post_tag","embeddable":true,"href":"https:\/\/www.legistdf.gob.ar\/index.php\/wp-json\/wp\/v2\/tags?post=19603"}],"curies":[{"name":"wp","href":"https:\/\/api.w.org\/{rel}","templated":true}]}}