{"id":20044,"date":"2020-06-10T17:53:47","date_gmt":"2020-06-10T20:53:47","guid":{"rendered":"http:\/\/www.legistdf.gob.ar\/?p=20044"},"modified":"2020-06-10T17:53:47","modified_gmt":"2020-06-10T20:53:47","slug":"comisiones-terra-ignis-sau-manana-seguira-en-analisis-con-mas-invitados","status":"publish","type":"post","link":"https:\/\/www.legistdf.gob.ar\/index.php\/2020\/06\/10\/comisiones-terra-ignis-sau-manana-seguira-en-analisis-con-mas-invitados\/","title":{"rendered":"COMISIONES: Terra Ignis SAU ma\u00f1ana seguir\u00e1 en an\u00e1lisis con m\u00e1s invitados"},"content":{"rendered":"<p><b><img loading=\"lazy\" decoding=\"async\" data-attachment-id=\"20025\" data-permalink=\"https:\/\/www.legistdf.gob.ar\/index.php\/2020\/06\/10\/100620-galeria-de-imagenes-plenario-de-comisiones\/img_6072\/\" data-orig-file=\"https:\/\/www.legistdf.gob.ar\/wp-content\/uploads\/2020\/06\/IMG_6072.jpg\" data-orig-size=\"2000,1333\" data-comments-opened=\"0\" data-image-meta=\"{&quot;aperture&quot;:&quot;0&quot;,&quot;credit&quot;:&quot;&quot;,&quot;camera&quot;:&quot;&quot;,&quot;caption&quot;:&quot;&quot;,&quot;created_timestamp&quot;:&quot;0&quot;,&quot;copyright&quot;:&quot;&quot;,&quot;focal_length&quot;:&quot;0&quot;,&quot;iso&quot;:&quot;0&quot;,&quot;shutter_speed&quot;:&quot;0&quot;,&quot;title&quot;:&quot;&quot;,&quot;orientation&quot;:&quot;0&quot;}\" data-image-title=\"IMG_6072\" data-image-description=\"\" data-image-caption=\"\" data-medium-file=\"https:\/\/www.legistdf.gob.ar\/wp-content\/uploads\/2020\/06\/IMG_6072-300x200.jpg\" data-large-file=\"https:\/\/www.legistdf.gob.ar\/wp-content\/uploads\/2020\/06\/IMG_6072-1024x682.jpg\" class=\"alignleft wp-image-20025 size-medium\" src=\"http:\/\/www.legistdf.gob.ar\/wp-content\/uploads\/2020\/06\/IMG_6072-300x200.jpg\" alt=\"\" width=\"300\" height=\"200\" srcset=\"https:\/\/www.legistdf.gob.ar\/wp-content\/uploads\/2020\/06\/IMG_6072-300x200.jpg 300w, https:\/\/www.legistdf.gob.ar\/wp-content\/uploads\/2020\/06\/IMG_6072-768x512.jpg 768w, https:\/\/www.legistdf.gob.ar\/wp-content\/uploads\/2020\/06\/IMG_6072-1024x682.jpg 1024w, https:\/\/www.legistdf.gob.ar\/wp-content\/uploads\/2020\/06\/IMG_6072-160x107.jpg 160w, https:\/\/www.legistdf.gob.ar\/wp-content\/uploads\/2020\/06\/IMG_6072.jpg 2000w\" sizes=\"(max-width: 300px) 100vw, 300px\" \/>Ushuaia, mi\u00e9rcoles 10 de junio de 2020.- El legislador Federico Sciurano adelant\u00f3 la agenda de invitados para ma\u00f1ana, jueves 11 en el marco del Plenario de Comisiones por el asunto 455\/19. Destac\u00f3 la participaci\u00f3n de la Fiscal\u00eda de Estado y el TCP como los gremios de Luz y Fuerza y la Asociaci\u00f3n de Petroleros Jer\u00e1rquicos de Agua y Energ\u00eda y de referentes de la Cooperativa El\u00e9ctrica de R\u00edo Grande. En una jornada que se adelanta extensa recibir\u00e1n al sector gremial, como sucedi\u00f3 hoy mi\u00e9rcoles. <\/b><\/p>\n<p><strong>\u00a0<\/strong><\/p>\n<p>En di\u00e1logo con Prensa Legislativa, el Presidente de la Comisi\u00f3n N\u00b0 2 dijo que ma\u00f1ana iniciar\u00e1n a las 11,30 h con la participaci\u00f3n del gremio de Petroleros Jer\u00e1rquicos y Petroleros Privados; a las 15, con el Gremio Patag\u00f3nicos y a las 16 h con Camioneros.<\/p>\n<p>&nbsp;<\/p>\n<p><img loading=\"lazy\" decoding=\"async\" data-attachment-id=\"20032\" data-permalink=\"https:\/\/www.legistdf.gob.ar\/index.php\/2020\/06\/10\/100620-galeria-de-imagenes-plenario-de-comisiones\/img_6080\/\" data-orig-file=\"https:\/\/www.legistdf.gob.ar\/wp-content\/uploads\/2020\/06\/IMG_6080.jpg\" data-orig-size=\"2000,1333\" data-comments-opened=\"0\" data-image-meta=\"{&quot;aperture&quot;:&quot;0&quot;,&quot;credit&quot;:&quot;&quot;,&quot;camera&quot;:&quot;&quot;,&quot;caption&quot;:&quot;&quot;,&quot;created_timestamp&quot;:&quot;0&quot;,&quot;copyright&quot;:&quot;&quot;,&quot;focal_length&quot;:&quot;0&quot;,&quot;iso&quot;:&quot;0&quot;,&quot;shutter_speed&quot;:&quot;0&quot;,&quot;title&quot;:&quot;&quot;,&quot;orientation&quot;:&quot;0&quot;}\" data-image-title=\"IMG_6080\" data-image-description=\"\" data-image-caption=\"\" data-medium-file=\"https:\/\/www.legistdf.gob.ar\/wp-content\/uploads\/2020\/06\/IMG_6080-300x200.jpg\" data-large-file=\"https:\/\/www.legistdf.gob.ar\/wp-content\/uploads\/2020\/06\/IMG_6080-1024x682.jpg\" class=\"alignright wp-image-20032 size-medium\" src=\"http:\/\/www.legistdf.gob.ar\/wp-content\/uploads\/2020\/06\/IMG_6080-300x200.jpg\" alt=\"\" width=\"300\" height=\"200\" srcset=\"https:\/\/www.legistdf.gob.ar\/wp-content\/uploads\/2020\/06\/IMG_6080-300x200.jpg 300w, https:\/\/www.legistdf.gob.ar\/wp-content\/uploads\/2020\/06\/IMG_6080-768x512.jpg 768w, https:\/\/www.legistdf.gob.ar\/wp-content\/uploads\/2020\/06\/IMG_6080-1024x682.jpg 1024w, https:\/\/www.legistdf.gob.ar\/wp-content\/uploads\/2020\/06\/IMG_6080-160x107.jpg 160w, https:\/\/www.legistdf.gob.ar\/wp-content\/uploads\/2020\/06\/IMG_6080.jpg 2000w\" sizes=\"(max-width: 300px) 100vw, 300px\" \/><\/p>\n<p>Respecto de la participaci\u00f3n \u00a0de gremios en la jornada de hoy, Sciurano record\u00f3 que entregaron al Parlamento senda documentaci\u00f3n como aporte al proyecto de Ley que analiza la nueva composici\u00f3n legislativa. La Cooperativa El\u00e9ctrica de R\u00edo Grande \u2013en presencia de Walter Garc\u00eda- y la DPE son \u201cun sector que nos interesa escuchar, considerando la cantidad de a\u00f1os que prestan el servicio de distribuci\u00f3n el\u00e9ctrica\u201d.<\/p>\n<p>&nbsp;<\/p>\n<p>&nbsp;<\/p>\n<p><img loading=\"lazy\" decoding=\"async\" data-attachment-id=\"20042\" data-permalink=\"https:\/\/www.legistdf.gob.ar\/index.php\/2020\/06\/10\/100620-galeria-de-imagenes-plenario-de-comisiones\/img_6090\/\" data-orig-file=\"https:\/\/www.legistdf.gob.ar\/wp-content\/uploads\/2020\/06\/IMG_6090.jpg\" data-orig-size=\"2000,1333\" data-comments-opened=\"0\" data-image-meta=\"{&quot;aperture&quot;:&quot;0&quot;,&quot;credit&quot;:&quot;&quot;,&quot;camera&quot;:&quot;&quot;,&quot;caption&quot;:&quot;&quot;,&quot;created_timestamp&quot;:&quot;0&quot;,&quot;copyright&quot;:&quot;&quot;,&quot;focal_length&quot;:&quot;0&quot;,&quot;iso&quot;:&quot;0&quot;,&quot;shutter_speed&quot;:&quot;0&quot;,&quot;title&quot;:&quot;&quot;,&quot;orientation&quot;:&quot;0&quot;}\" data-image-title=\"IMG_6090\" data-image-description=\"\" data-image-caption=\"\" data-medium-file=\"https:\/\/www.legistdf.gob.ar\/wp-content\/uploads\/2020\/06\/IMG_6090-300x200.jpg\" data-large-file=\"https:\/\/www.legistdf.gob.ar\/wp-content\/uploads\/2020\/06\/IMG_6090-1024x682.jpg\" class=\"alignleft wp-image-20042 size-medium\" src=\"http:\/\/www.legistdf.gob.ar\/wp-content\/uploads\/2020\/06\/IMG_6090-300x200.jpg\" alt=\"\" width=\"300\" height=\"200\" srcset=\"https:\/\/www.legistdf.gob.ar\/wp-content\/uploads\/2020\/06\/IMG_6090-300x200.jpg 300w, https:\/\/www.legistdf.gob.ar\/wp-content\/uploads\/2020\/06\/IMG_6090-768x512.jpg 768w, https:\/\/www.legistdf.gob.ar\/wp-content\/uploads\/2020\/06\/IMG_6090-1024x682.jpg 1024w, https:\/\/www.legistdf.gob.ar\/wp-content\/uploads\/2020\/06\/IMG_6090-160x107.jpg 160w, https:\/\/www.legistdf.gob.ar\/wp-content\/uploads\/2020\/06\/IMG_6090.jpg 2000w\" sizes=\"(max-width: 300px) 100vw, 300px\" \/>Tambi\u00e9n fue destacada la participaci\u00f3n de la Asociaci\u00f3n de Petroleros Jer\u00e1rquicos de Agua y Energ\u00eda, quienes \u2013al finalizar la jornada- hicieron su aporte al debate que genera la creaci\u00f3n de Terra Ignis SAU. Expusieron Fabi\u00e1n P\u00e9rez, Ra\u00fal Liscio y Ra\u00fal Moreira.<\/p>\n<p>&nbsp;<\/p>\n<p>&nbsp;<\/p>\n<p>&nbsp;<\/p>\n<p>&nbsp;<\/p>\n<p>https:\/\/youtu.be\/weskDSYzAQY<\/p>\n<p>&nbsp;<\/p>\n<p style=\"text-align: right\"><em>AT<\/em><\/p>\n<p>&nbsp;<\/p>\n","protected":false},"excerpt":{"rendered":"<p>Ushuaia, mi\u00e9rcoles 10 de junio de 2020.- El legislador Federico Sciurano adelant\u00f3 la agenda de invitados para ma\u00f1ana, jueves 11 en el marco del Plenario de Comisiones por el asunto 455\/19. Destac\u00f3 la participaci\u00f3n de la Fiscal\u00eda de Estado y el TCP como los gremios de Luz y Fuerza y la Asociaci\u00f3n de Petroleros Jer\u00e1rquicos [&hellip;]<\/p>\n","protected":false},"author":352,"featured_media":20033,"comment_status":"closed","ping_status":"open","sticky":false,"template":"","format":"standard","meta":{"jetpack_post_was_ever_published":false,"_jetpack_newsletter_access":"","_jetpack_dont_email_post_to_subs":false,"_jetpack_newsletter_tier_id":0,"footnotes":"","jetpack_publicize_message":"","jetpack_publicize_feature_enabled":true,"jetpack_social_post_already_shared":true,"jetpack_social_options":{"image_generator_settings":{"template":"highway","enabled":false}}},"categories":[1],"tags":[84,1824,78,1706,1929,87],"jetpack_publicize_connections":[],"jetpack_sharing_enabled":true,"jetpack_featured_media_url":"https:\/\/www.legistdf.gob.ar\/wp-content\/uploads\/2020\/06\/IMG_6082.jpg","jetpack-related-posts":[],"_links":{"self":[{"href":"https:\/\/www.legistdf.gob.ar\/index.php\/wp-json\/wp\/v2\/posts\/20044"}],"collection":[{"href":"https:\/\/www.legistdf.gob.ar\/index.php\/wp-json\/wp\/v2\/posts"}],"about":[{"href":"https:\/\/www.legistdf.gob.ar\/index.php\/wp-json\/wp\/v2\/types\/post"}],"author":[{"embeddable":true,"href":"https:\/\/www.legistdf.gob.ar\/index.php\/wp-json\/wp\/v2\/users\/352"}],"replies":[{"embeddable":true,"href":"https:\/\/www.legistdf.gob.ar\/index.php\/wp-json\/wp\/v2\/comments?post=20044"}],"version-history":[{"count":1,"href":"https:\/\/www.legistdf.gob.ar\/index.php\/wp-json\/wp\/v2\/posts\/20044\/revisions"}],"predecessor-version":[{"id":20045,"href":"https:\/\/www.legistdf.gob.ar\/index.php\/wp-json\/wp\/v2\/posts\/20044\/revisions\/20045"}],"wp:featuredmedia":[{"embeddable":true,"href":"https:\/\/www.legistdf.gob.ar\/index.php\/wp-json\/wp\/v2\/media\/20033"}],"wp:attachment":[{"href":"https:\/\/www.legistdf.gob.ar\/index.php\/wp-json\/wp\/v2\/media?parent=20044"}],"wp:term":[{"taxonomy":"category","embeddable":true,"href":"https:\/\/www.legistdf.gob.ar\/index.php\/wp-json\/wp\/v2\/categories?post=20044"},{"taxonomy":"post_tag","embeddable":true,"href":"https:\/\/www.legistdf.gob.ar\/index.php\/wp-json\/wp\/v2\/tags?post=20044"}],"curies":[{"name":"wp","href":"https:\/\/api.w.org\/{rel}","templated":true}]}}