{"id":20048,"date":"2020-06-10T18:05:50","date_gmt":"2020-06-10T21:05:50","guid":{"rendered":"http:\/\/www.legistdf.gob.ar\/?p=20048"},"modified":"2020-06-10T18:05:50","modified_gmt":"2020-06-10T21:05:50","slug":"soberania-legisladores-reafirmaron-su-compromiso-en-la-reafirmacion-de-los-derechos-argentinos-sobre-malvinas","status":"publish","type":"post","link":"https:\/\/www.legistdf.gob.ar\/index.php\/2020\/06\/10\/soberania-legisladores-reafirmaron-su-compromiso-en-la-reafirmacion-de-los-derechos-argentinos-sobre-malvinas\/","title":{"rendered":"SOBERAN\u00cdA: Legisladores reafirmaron su compromiso en la reafirmaci\u00f3n de los derechos argentinos sobre Malvinas"},"content":{"rendered":"<p><strong><img loading=\"lazy\" decoding=\"async\" data-attachment-id=\"20049\" data-permalink=\"https:\/\/www.legistdf.gob.ar\/index.php\/2020\/06\/10\/soberania-legisladores-reafirmaron-su-compromiso-en-la-reafirmacion-de-los-derechos-argentinos-sobre-malvinas\/efemerides\/\" data-orig-file=\"https:\/\/www.legistdf.gob.ar\/wp-content\/uploads\/2020\/06\/Efem\u00e9rides.png\" data-orig-size=\"2681,1679\" data-comments-opened=\"0\" data-image-meta=\"{&quot;aperture&quot;:&quot;0&quot;,&quot;credit&quot;:&quot;&quot;,&quot;camera&quot;:&quot;&quot;,&quot;caption&quot;:&quot;&quot;,&quot;created_timestamp&quot;:&quot;0&quot;,&quot;copyright&quot;:&quot;&quot;,&quot;focal_length&quot;:&quot;0&quot;,&quot;iso&quot;:&quot;0&quot;,&quot;shutter_speed&quot;:&quot;0&quot;,&quot;title&quot;:&quot;&quot;,&quot;orientation&quot;:&quot;0&quot;}\" data-image-title=\"Efem\u00e9rides\" data-image-description=\"\" data-image-caption=\"\" data-medium-file=\"https:\/\/www.legistdf.gob.ar\/wp-content\/uploads\/2020\/06\/Efem\u00e9rides-300x188.png\" data-large-file=\"https:\/\/www.legistdf.gob.ar\/wp-content\/uploads\/2020\/06\/Efem\u00e9rides-1024x641.png\" class=\"alignleft wp-image-20049 size-medium\" src=\"http:\/\/www.legistdf.gob.ar\/wp-content\/uploads\/2020\/06\/Efem\u00e9rides-300x188.png\" alt=\"\" width=\"300\" height=\"188\" srcset=\"https:\/\/www.legistdf.gob.ar\/wp-content\/uploads\/2020\/06\/Efem\u00e9rides-300x188.png 300w, https:\/\/www.legistdf.gob.ar\/wp-content\/uploads\/2020\/06\/Efem\u00e9rides-768x481.png 768w, https:\/\/www.legistdf.gob.ar\/wp-content\/uploads\/2020\/06\/Efem\u00e9rides-1024x641.png 1024w, https:\/\/www.legistdf.gob.ar\/wp-content\/uploads\/2020\/06\/Efem\u00e9rides-160x100.png 160w\" sizes=\"(max-width: 300px) 100vw, 300px\" \/>Ushuaia, mi\u00e9rcoles 10 de junio de 2020.- En 1829 se cre\u00f3, desde Buenos Aires, la Comandancia Pol\u00edtica y Militar sobre las Islas Malvinas y las adyacentes al Cabo de Hornos en el Mar Atl\u00e1ntico que fue dirigida por el entonces gobernador Luis Vernet. Esta dependencia se encarg\u00f3 de establecer normas, estructuras jur\u00eddicas y administrativas que consolidaron la soberan\u00eda argentina sobre las Islas. Por esto, hoy se conmemora el d\u00eda de la reafirmaci\u00f3n de los derechos argentinos sobre las islas Malvinas, Georgias del Sur, y Sandwich del Sur y espacios mar\u00edtimos circundantes.<\/strong><\/p>\n<p>&nbsp;<\/p>\n<p>En Ushuaia se realiz\u00f3 el homenaje al gobernador Luis Vernet en conmemoraci\u00f3n\u00a0 a esta fecha y su obra sobre la causa Malvinas. El acto se llevo a cabo en la plaza H\u00e9roes de Malvinas y cont\u00f3 con la presencia de autoridades de la Provincia, la presidenta del Poder Legislativo, M\u00f3nica Urquiza, integrantes de las fuerzas de seguridad y veteranos de guerra de Malvinas.<\/p>\n<p>&nbsp;<\/p>\n<p>Prensa legislativa consult\u00f3 al legislador Federico Sciurano (UCR) sobre la importancia de la fecha: \u201cTransmite el compromiso que tenemos los argentinos y que debemos tener con la defensa de nuestra soberan\u00eda y particularmente con poder recuperar las Islas\u201d, reflexion\u00f3.<\/p>\n<p>&nbsp;<\/p>\n<p>El Legislador record\u00f3 que \u201cun d\u00eda como hoy, el gobernador Luis Vernet asume la Comandancia y que esto marca un hito fundamental para lo que es el reclamo de Argentina en funci\u00f3n de la soberan\u00eda que nos corresponde. Desde ah\u00ed hemos estado siglos reclamando lo que nos corresponde, siglos donde el colonialismo, el poder pol\u00edtico y el militar, han logrado ir imponiendo sus posturas\u201d, cont\u00f3.<\/p>\n<p>&nbsp;<\/p>\n<p>\u201cEsto es un compromiso que los argentinos no debemos abandonar\u201d, expres\u00f3 Sciurano, \u201cuna antorcha de generaci\u00f3n en generaci\u00f3n, hasta que la lucha est\u00e9 en su mejor momento la bandera argentina vuelva a flamear en las Islas Malvinas\u201d, afirm\u00f3.<\/p>\n<p>&nbsp;<\/p>\n<p>Por su parte, el presidente de la bancada del Frente de Todos \u2013 PJ, Federico Bilota, destac\u00f3 la importancia de recordar que las Malvinas Argentinas son adem\u00e1s fueguinas. \u201cSabemos que vamos a recuperar las Islas de manera diplom\u00e1tica, el derecho es imprescriptible, nos ampara la geograf\u00eda, la historia, el derecho internacional\u201d, subray\u00f3.<\/p>\n<p>&nbsp;<\/p>\n<p>En este contexto, el Parlamentario reflexion\u00f3 acerca de los cambios a nivel mundial que atraer\u00e1 la pandemia. \u201cEl mundo est\u00e1 transitando un gran cambio, que va a generar la reapertura del di\u00e1logo desde otra perspectiva y los habitantes del Reino Unido, que est\u00e1n negados a esta discusi\u00f3n, van a tener que comprender que junto con los organismos internacionales, deberemos sentarnos y concretar finalmente la restituci\u00f3n de la soberan\u00eda de nuestras Islas\u201d, se esperanz\u00f3.<\/p>\n<p>&nbsp;<\/p>\n<p>La Legisladora y referente del Partido Verde, Laura Colazo, tambi\u00e9n se expres\u00f3 en consonancia con sus pares, referenci\u00f3 la importancia de esta fecha: \u201cReafirmamos el compromiso y la soberan\u00eda argentina con el recuerdo del primer gobernador argentino de las Islas y el pueblo de Tierra del Fuego tiene una actitud muy activa respecto a esto, no solo en esta fechas\u201d, destac\u00f3.<\/p>\n<p>&nbsp;<\/p>\n<p>\u201cSiempre est\u00e1 presente el reclamo de nuestra soberan\u00eda\u201d, asegur\u00f3 Colazo. \u201cHoy hemos adherido y recordado esta fecha, al comienzo del trabajo en la Comisi\u00f3n, y as\u00ed lo hacemos desde todo el trabajo y los proyectos que sean necesarios tratar para continuar con la doctrina de los que son persistentes al reclamo de continuar el di\u00e1logo y el reclamo por v\u00edas diplom\u00e1ticas en consecuencia con la <a href=\"https:\/\/www.cancilleria.gob.ar\/es\/politica-exterior\/cuestion-malvinas\" target=\"_blank\" rel=\"noopener noreferrer\">resoluci\u00f3n 2065 de las Naciones Unidas<\/a>\u201d, record\u00f3 la Parlamentaria.<\/p>\n<p>&nbsp;<\/p>\n<p>Durante la jornada de trabajo de este mi\u00e9rcoles, al inicio del plenario de comisiones 3, 2 y 1, los Parlamentarios hicieron alusi\u00f3n a la fecha y su recuerdo al gobernador Luis Vernet, adem\u00e1s expresaron su compromiso con el reclamo constante y vigente sobre la restituci\u00f3n de la soberan\u00eda argentina sobre las islas Malvinas y espacios mar\u00edtimos circundantes.<\/p>\n<p>&nbsp;<\/p>\n<p style=\"text-align: right\"><em>MBCH<\/em><\/p>\n\n\t\t<style type=\"text\/css\">\n\t\t\t#gallery-1 {\n\t\t\t\tmargin: auto;\n\t\t\t}\n\t\t\t#gallery-1 .gallery-item {\n\t\t\t\tfloat: left;\n\t\t\t\tmargin-top: 10px;\n\t\t\t\ttext-align: center;\n\t\t\t\twidth: 100%;\n\t\t\t}\n\t\t\t#gallery-1 img {\n\t\t\t\tborder: 2px solid #cfcfcf;\n\t\t\t}\n\t\t\t#gallery-1 .gallery-caption {\n\t\t\t\tmargin-left: 0;\n\t\t\t}\n\t\t\t\/* see gallery_shortcode() in wp-includes\/media.php *\/\n\t\t<\/style>\n\t\t<div data-carousel-extra='{\"blog_id\":1,\"permalink\":\"https:\\\/\\\/www.legistdf.gob.ar\\\/index.php\\\/2020\\\/06\\\/10\\\/soberania-legisladores-reafirmaron-su-compromiso-en-la-reafirmacion-de-los-derechos-argentinos-sobre-malvinas\\\/\"}' id='gallery-1' class='gallery galleryid-20048 gallery-columns-1 gallery-size-medium'><dl class='gallery-item'>\n\t\t\t<dt class='gallery-icon landscape'>\n\t\t\t\t<a href='https:\/\/www.legistdf.gob.ar\/index.php\/2020\/06\/10\/soberania-legisladores-reafirmaron-su-compromiso-en-la-reafirmacion-de-los-derechos-argentinos-sobre-malvinas\/efemerides\/'><img loading=\"lazy\" decoding=\"async\" width=\"300\" height=\"188\" src=\"https:\/\/www.legistdf.gob.ar\/wp-content\/uploads\/2020\/06\/Efem\u00e9rides-300x188.png\" class=\"attachment-medium size-medium\" alt=\"\" srcset=\"https:\/\/www.legistdf.gob.ar\/wp-content\/uploads\/2020\/06\/Efem\u00e9rides-300x188.png 300w, https:\/\/www.legistdf.gob.ar\/wp-content\/uploads\/2020\/06\/Efem\u00e9rides-768x481.png 768w, https:\/\/www.legistdf.gob.ar\/wp-content\/uploads\/2020\/06\/Efem\u00e9rides-1024x641.png 1024w, https:\/\/www.legistdf.gob.ar\/wp-content\/uploads\/2020\/06\/Efem\u00e9rides-160x100.png 160w\" sizes=\"(max-width: 300px) 100vw, 300px\" data-attachment-id=\"20049\" data-permalink=\"https:\/\/www.legistdf.gob.ar\/index.php\/2020\/06\/10\/soberania-legisladores-reafirmaron-su-compromiso-en-la-reafirmacion-de-los-derechos-argentinos-sobre-malvinas\/efemerides\/\" data-orig-file=\"https:\/\/www.legistdf.gob.ar\/wp-content\/uploads\/2020\/06\/Efem\u00e9rides.png\" data-orig-size=\"2681,1679\" data-comments-opened=\"0\" data-image-meta=\"{&quot;aperture&quot;:&quot;0&quot;,&quot;credit&quot;:&quot;&quot;,&quot;camera&quot;:&quot;&quot;,&quot;caption&quot;:&quot;&quot;,&quot;created_timestamp&quot;:&quot;0&quot;,&quot;copyright&quot;:&quot;&quot;,&quot;focal_length&quot;:&quot;0&quot;,&quot;iso&quot;:&quot;0&quot;,&quot;shutter_speed&quot;:&quot;0&quot;,&quot;title&quot;:&quot;&quot;,&quot;orientation&quot;:&quot;0&quot;}\" data-image-title=\"Efem\u00e9rides\" data-image-description=\"\" data-image-caption=\"\" data-medium-file=\"https:\/\/www.legistdf.gob.ar\/wp-content\/uploads\/2020\/06\/Efem\u00e9rides-300x188.png\" data-large-file=\"https:\/\/www.legistdf.gob.ar\/wp-content\/uploads\/2020\/06\/Efem\u00e9rides-1024x641.png\" \/><\/a>\n\t\t\t<\/dt><\/dl><br style=\"clear: both\" \/>\n\t\t<\/div>\n\n<p>&nbsp;<\/p>\n","protected":false},"excerpt":{"rendered":"<p>Ushuaia, mi\u00e9rcoles 10 de junio de 2020.- En 1829 se cre\u00f3, desde Buenos Aires, la Comandancia Pol\u00edtica y Militar sobre las Islas Malvinas y las adyacentes al Cabo de Hornos en el Mar Atl\u00e1ntico que fue dirigida por el entonces gobernador Luis Vernet. Esta dependencia se encarg\u00f3 de establecer normas, estructuras jur\u00eddicas y administrativas que [&hellip;]<\/p>\n","protected":false},"author":352,"featured_media":20049,"comment_status":"closed","ping_status":"open","sticky":false,"template":"","format":"standard","meta":{"jetpack_post_was_ever_published":false,"_jetpack_newsletter_access":"","_jetpack_dont_email_post_to_subs":false,"_jetpack_newsletter_tier_id":0,"footnotes":"","jetpack_publicize_message":"","jetpack_publicize_feature_enabled":true,"jetpack_social_post_already_shared":true,"jetpack_social_options":{"image_generator_settings":{"template":"highway","enabled":false}}},"categories":[1],"tags":[78,141,79,87],"jetpack_publicize_connections":[],"jetpack_sharing_enabled":true,"jetpack_featured_media_url":"https:\/\/www.legistdf.gob.ar\/wp-content\/uploads\/2020\/06\/Efem\u00e9rides.png","jetpack-related-posts":[],"_links":{"self":[{"href":"https:\/\/www.legistdf.gob.ar\/index.php\/wp-json\/wp\/v2\/posts\/20048"}],"collection":[{"href":"https:\/\/www.legistdf.gob.ar\/index.php\/wp-json\/wp\/v2\/posts"}],"about":[{"href":"https:\/\/www.legistdf.gob.ar\/index.php\/wp-json\/wp\/v2\/types\/post"}],"author":[{"embeddable":true,"href":"https:\/\/www.legistdf.gob.ar\/index.php\/wp-json\/wp\/v2\/users\/352"}],"replies":[{"embeddable":true,"href":"https:\/\/www.legistdf.gob.ar\/index.php\/wp-json\/wp\/v2\/comments?post=20048"}],"version-history":[{"count":1,"href":"https:\/\/www.legistdf.gob.ar\/index.php\/wp-json\/wp\/v2\/posts\/20048\/revisions"}],"predecessor-version":[{"id":20050,"href":"https:\/\/www.legistdf.gob.ar\/index.php\/wp-json\/wp\/v2\/posts\/20048\/revisions\/20050"}],"wp:featuredmedia":[{"embeddable":true,"href":"https:\/\/www.legistdf.gob.ar\/index.php\/wp-json\/wp\/v2\/media\/20049"}],"wp:attachment":[{"href":"https:\/\/www.legistdf.gob.ar\/index.php\/wp-json\/wp\/v2\/media?parent=20048"}],"wp:term":[{"taxonomy":"category","embeddable":true,"href":"https:\/\/www.legistdf.gob.ar\/index.php\/wp-json\/wp\/v2\/categories?post=20048"},{"taxonomy":"post_tag","embeddable":true,"href":"https:\/\/www.legistdf.gob.ar\/index.php\/wp-json\/wp\/v2\/tags?post=20048"}],"curies":[{"name":"wp","href":"https:\/\/api.w.org\/{rel}","templated":true}]}}