{"id":20254,"date":"2020-06-18T13:12:53","date_gmt":"2020-06-18T16:12:53","guid":{"rendered":"http:\/\/www.legistdf.gob.ar\/?p=20254"},"modified":"2020-06-18T13:12:53","modified_gmt":"2020-06-18T16:12:53","slug":"comisiones-la-comision-de-educacion-se-reunira-el-miercoles","status":"publish","type":"post","link":"https:\/\/www.legistdf.gob.ar\/index.php\/2020\/06\/18\/comisiones-la-comision-de-educacion-se-reunira-el-miercoles\/","title":{"rendered":"COMISIONES: La Comisi\u00f3n de Educaci\u00f3n se reunir\u00e1 el mi\u00e9rcoles"},"content":{"rendered":"<p><strong>Ushuaia, jueves 18 de junio de 2020.- El legislador Emanuel Trentino (FORJA) convoc\u00f3 a los integrantes de la Comisi\u00f3n de Educaci\u00f3n y Cultura de la Legislatura, a una reuni\u00f3n el mi\u00e9rcoles 24 a las 14 horas.<\/strong><\/p>\n<p><strong>\u00a0<\/strong><\/p>\n<p><strong>El encuentro se desarrollar\u00e1 en instalaciones del recinto de sesiones legislativas, de calle Yaganes 683 de esta capital.<\/strong><\/p>\n","protected":false},"excerpt":{"rendered":"<p>Ushuaia, jueves 18 de junio de 2020.- El legislador Emanuel Trentino (FORJA) convoc\u00f3 a los integrantes de la Comisi\u00f3n de Educaci\u00f3n y Cultura de la Legislatura, a una reuni\u00f3n el mi\u00e9rcoles 24 a las 14 horas. \u00a0 El encuentro se desarrollar\u00e1 en instalaciones del recinto de sesiones legislativas, de calle Yaganes 683 de esta capital.<\/p>\n","protected":false},"author":352,"featured_media":20221,"comment_status":"closed","ping_status":"open","sticky":false,"template":"","format":"standard","meta":{"jetpack_post_was_ever_published":false,"_jetpack_newsletter_access":"","_jetpack_dont_email_post_to_subs":false,"_jetpack_newsletter_tier_id":0,"footnotes":"","jetpack_publicize_message":"","jetpack_publicize_feature_enabled":true,"jetpack_social_post_already_shared":true,"jetpack_social_options":{"image_generator_settings":{"template":"highway","enabled":false}}},"categories":[1],"tags":[84,78,79,87],"jetpack_publicize_connections":[],"jetpack_sharing_enabled":true,"jetpack_featured_media_url":"https:\/\/www.legistdf.gob.ar\/wp-content\/uploads\/2020\/06\/IMG_6231.jpg","jetpack-related-posts":[],"_links":{"self":[{"href":"https:\/\/www.legistdf.gob.ar\/index.php\/wp-json\/wp\/v2\/posts\/20254"}],"collection":[{"href":"https:\/\/www.legistdf.gob.ar\/index.php\/wp-json\/wp\/v2\/posts"}],"about":[{"href":"https:\/\/www.legistdf.gob.ar\/index.php\/wp-json\/wp\/v2\/types\/post"}],"author":[{"embeddable":true,"href":"https:\/\/www.legistdf.gob.ar\/index.php\/wp-json\/wp\/v2\/users\/352"}],"replies":[{"embeddable":true,"href":"https:\/\/www.legistdf.gob.ar\/index.php\/wp-json\/wp\/v2\/comments?post=20254"}],"version-history":[{"count":1,"href":"https:\/\/www.legistdf.gob.ar\/index.php\/wp-json\/wp\/v2\/posts\/20254\/revisions"}],"predecessor-version":[{"id":20255,"href":"https:\/\/www.legistdf.gob.ar\/index.php\/wp-json\/wp\/v2\/posts\/20254\/revisions\/20255"}],"wp:featuredmedia":[{"embeddable":true,"href":"https:\/\/www.legistdf.gob.ar\/index.php\/wp-json\/wp\/v2\/media\/20221"}],"wp:attachment":[{"href":"https:\/\/www.legistdf.gob.ar\/index.php\/wp-json\/wp\/v2\/media?parent=20254"}],"wp:term":[{"taxonomy":"category","embeddable":true,"href":"https:\/\/www.legistdf.gob.ar\/index.php\/wp-json\/wp\/v2\/categories?post=20254"},{"taxonomy":"post_tag","embeddable":true,"href":"https:\/\/www.legistdf.gob.ar\/index.php\/wp-json\/wp\/v2\/tags?post=20254"}],"curies":[{"name":"wp","href":"https:\/\/api.w.org\/{rel}","templated":true}]}}