{"id":20657,"date":"2020-07-21T12:24:08","date_gmt":"2020-07-21T15:24:08","guid":{"rendered":"http:\/\/www.legistdf.gob.ar\/?p=20657"},"modified":"2020-07-21T12:24:08","modified_gmt":"2020-07-21T15:24:08","slug":"legislatura-capacitaron-al-personal-en-seguridad-e-higiene-por-pandemia-por-covid-19","status":"publish","type":"post","link":"https:\/\/www.legistdf.gob.ar\/index.php\/2020\/07\/21\/legislatura-capacitaron-al-personal-en-seguridad-e-higiene-por-pandemia-por-covid-19\/","title":{"rendered":"LEGISLATURA: Capacitaron al personal en seguridad e higiene por pandemia por COVID-19"},"content":{"rendered":"<p><strong>Ushuaia, 20 de Julio de 2020.- La Legislatura Provincial continua con los cursos de capacitaci\u00f3n en seguridad e higiene, al personal de distintas \u00e1reas en relaci\u00f3n al COVID-19. El secretario Administrativo, Gonzalo L\u00f3pez asegur\u00f3 que las distintas reuniones llevadas adelante con los empleados de la casa legislativa fueron \u201crealizadas en un ambiente ameno y agradable, con la participaci\u00f3n -en primer t\u00e9rmino- del \u00e1rea de Mantenimiento, Administraci\u00f3n y Recursos Humanos, y luego Auditoria, Ceremonial y Protocolo y Prensa y Difusi\u00f3n Institucional\u201d.<\/strong><\/p>\n<p>&nbsp;<\/p>\n<p>Al respecto agreg\u00f3 que \u201csi bien, por ejemplo, el personal de mantenimiento conoce de la tarea, aun as\u00ed, no est\u00e1 dem\u00e1s obtener asesoramiento actualizado y orientado a la prevenci\u00f3n, en relaci\u00f3n a la pandemia, como en esta ocasi\u00f3n nos brind\u00f3 la licenciada Luciana Fr\u00edas\u201d.<\/p>\n<p>&nbsp;<\/p>\n<p>Por su parte, el secretario Legislativo, Mat\u00edas Garc\u00eda Zarlenga asegur\u00f3 que \u201ccontinuamos con la capacitaci\u00f3n a los empleados legislativos acerca de las medidas que deben tener en consideraci\u00f3n en el \u00e1mbito laboral en relaci\u00f3n a la pandemia por COVID-19, as\u00ed como los cuidados personales y familiares a tener en consideraci\u00f3n\u201d<\/p>\n<p>&nbsp;<\/p>\n<p>En la misma l\u00ednea, indic\u00f3 que \u201caprovechando el encuentro se sum\u00f3 a la capacitaci\u00f3n realizada por la licenciada en Seguridad e Higiene, el personal de la Direcci\u00f3n de Enfermer\u00eda del Ministerio de Salud, a fin de reforzar conceptos, actualizar m\u00e9todos de diagn\u00f3stico, as\u00ed como la modalidad de trabajo a llevar a cabo en el ingreso de cada establecimiento legislativo\u201d.<\/p>\n<p>&nbsp;<\/p>\n<p>\u201cPara ello, se capacit\u00f3 y demostr\u00f3 la forma y modo en la toma de temperatura, medidas de seguridad y prevenci\u00f3n al momento de llevar dicha tarea, as\u00ed como el accionar a llevar a cabo ante la duda en la detecci\u00f3n de un posible caso de personal con temperatura superior a 37,5\u00b0\u201d finaliz\u00f3 el secretario.<\/p>\n<p>&nbsp;<\/p>\n<p>Finalizado el encuentro, las autoridades agradecieron al personal del Ministerio de Salud, en cabeza del director Provincial de Enfermer\u00eda, licenciado Christian Segu\u00ed, por la capacitaci\u00f3n y el acompa\u00f1amiento hacia la C\u00e1mara Legislativa.<\/p>\n\n\t\t<style type=\"text\/css\">\n\t\t\t#gallery-1 {\n\t\t\t\tmargin: auto;\n\t\t\t}\n\t\t\t#gallery-1 .gallery-item {\n\t\t\t\tfloat: left;\n\t\t\t\tmargin-top: 10px;\n\t\t\t\ttext-align: center;\n\t\t\t\twidth: 33%;\n\t\t\t}\n\t\t\t#gallery-1 img {\n\t\t\t\tborder: 2px solid #cfcfcf;\n\t\t\t}\n\t\t\t#gallery-1 .gallery-caption {\n\t\t\t\tmargin-left: 0;\n\t\t\t}\n\t\t\t\/* see gallery_shortcode() in wp-includes\/media.php *\/\n\t\t<\/style>\n\t\t<div data-carousel-extra='{\"blog_id\":1,\"permalink\":\"https:\\\/\\\/www.legistdf.gob.ar\\\/index.php\\\/2020\\\/07\\\/21\\\/legislatura-capacitaron-al-personal-en-seguridad-e-higiene-por-pandemia-por-covid-19\\\/\"}' id='gallery-1' class='gallery galleryid-20657 gallery-columns-3 gallery-size-thumbnail'><dl class='gallery-item'>\n\t\t\t<dt class='gallery-icon landscape'>\n\t\t\t\t<a href='https:\/\/www.legistdf.gob.ar\/index.php\/2020\/07\/21\/legislatura-capacitaron-al-personal-en-seguridad-e-higiene-por-pandemia-por-covid-19\/img_4217-3\/'><img loading=\"lazy\" decoding=\"async\" width=\"150\" height=\"150\" src=\"https:\/\/www.legistdf.gob.ar\/wp-content\/uploads\/2020\/07\/IMG_4217-150x150.jpg\" class=\"attachment-thumbnail size-thumbnail\" alt=\"\" srcset=\"https:\/\/www.legistdf.gob.ar\/wp-content\/uploads\/2020\/07\/IMG_4217-150x150.jpg 150w, https:\/\/www.legistdf.gob.ar\/wp-content\/uploads\/2020\/07\/IMG_4217-64x64.jpg 64w\" sizes=\"(max-width: 150px) 100vw, 150px\" data-attachment-id=\"20658\" data-permalink=\"https:\/\/www.legistdf.gob.ar\/index.php\/2020\/07\/21\/legislatura-capacitaron-al-personal-en-seguridad-e-higiene-por-pandemia-por-covid-19\/img_4217-3\/\" data-orig-file=\"https:\/\/www.legistdf.gob.ar\/wp-content\/uploads\/2020\/07\/IMG_4217.jpg\" data-orig-size=\"5184,3456\" data-comments-opened=\"0\" data-image-meta=\"{&quot;aperture&quot;:&quot;4.5&quot;,&quot;credit&quot;:&quot;&quot;,&quot;camera&quot;:&quot;Canon EOS Rebel T6&quot;,&quot;caption&quot;:&quot;&quot;,&quot;created_timestamp&quot;:&quot;1594930638&quot;,&quot;copyright&quot;:&quot;&quot;,&quot;focal_length&quot;:&quot;20&quot;,&quot;iso&quot;:&quot;800&quot;,&quot;shutter_speed&quot;:&quot;0.016666666666667&quot;,&quot;title&quot;:&quot;&quot;,&quot;orientation&quot;:&quot;1&quot;}\" data-image-title=\"IMG_4217\" data-image-description=\"\" data-image-caption=\"\" data-medium-file=\"https:\/\/www.legistdf.gob.ar\/wp-content\/uploads\/2020\/07\/IMG_4217-300x200.jpg\" data-large-file=\"https:\/\/www.legistdf.gob.ar\/wp-content\/uploads\/2020\/07\/IMG_4217-1024x683.jpg\" \/><\/a>\n\t\t\t<\/dt><\/dl><dl class='gallery-item'>\n\t\t\t<dt class='gallery-icon landscape'>\n\t\t\t\t<a href='https:\/\/www.legistdf.gob.ar\/index.php\/2020\/07\/21\/legislatura-capacitaron-al-personal-en-seguridad-e-higiene-por-pandemia-por-covid-19\/img_4226-2\/'><img loading=\"lazy\" decoding=\"async\" width=\"150\" height=\"150\" src=\"https:\/\/www.legistdf.gob.ar\/wp-content\/uploads\/2020\/07\/IMG_4226-150x150.jpg\" class=\"attachment-thumbnail size-thumbnail\" alt=\"\" srcset=\"https:\/\/www.legistdf.gob.ar\/wp-content\/uploads\/2020\/07\/IMG_4226-150x150.jpg 150w, https:\/\/www.legistdf.gob.ar\/wp-content\/uploads\/2020\/07\/IMG_4226-64x64.jpg 64w\" sizes=\"(max-width: 150px) 100vw, 150px\" data-attachment-id=\"20659\" data-permalink=\"https:\/\/www.legistdf.gob.ar\/index.php\/2020\/07\/21\/legislatura-capacitaron-al-personal-en-seguridad-e-higiene-por-pandemia-por-covid-19\/img_4226-2\/\" data-orig-file=\"https:\/\/www.legistdf.gob.ar\/wp-content\/uploads\/2020\/07\/IMG_4226.jpg\" data-orig-size=\"5184,3456\" data-comments-opened=\"0\" data-image-meta=\"{&quot;aperture&quot;:&quot;4.5&quot;,&quot;credit&quot;:&quot;&quot;,&quot;camera&quot;:&quot;Canon EOS Rebel T6&quot;,&quot;caption&quot;:&quot;&quot;,&quot;created_timestamp&quot;:&quot;1594930896&quot;,&quot;copyright&quot;:&quot;&quot;,&quot;focal_length&quot;:&quot;36&quot;,&quot;iso&quot;:&quot;640&quot;,&quot;shutter_speed&quot;:&quot;0.0125&quot;,&quot;title&quot;:&quot;&quot;,&quot;orientation&quot;:&quot;1&quot;}\" data-image-title=\"IMG_4226\" data-image-description=\"\" data-image-caption=\"\" data-medium-file=\"https:\/\/www.legistdf.gob.ar\/wp-content\/uploads\/2020\/07\/IMG_4226-300x200.jpg\" data-large-file=\"https:\/\/www.legistdf.gob.ar\/wp-content\/uploads\/2020\/07\/IMG_4226-1024x683.jpg\" \/><\/a>\n\t\t\t<\/dt><\/dl><dl class='gallery-item'>\n\t\t\t<dt class='gallery-icon landscape'>\n\t\t\t\t<a href='https:\/\/www.legistdf.gob.ar\/index.php\/2020\/07\/21\/legislatura-capacitaron-al-personal-en-seguridad-e-higiene-por-pandemia-por-covid-19\/img_4228\/'><img loading=\"lazy\" decoding=\"async\" width=\"150\" height=\"150\" src=\"https:\/\/www.legistdf.gob.ar\/wp-content\/uploads\/2020\/07\/IMG_4228-150x150.jpg\" class=\"attachment-thumbnail size-thumbnail\" alt=\"\" srcset=\"https:\/\/www.legistdf.gob.ar\/wp-content\/uploads\/2020\/07\/IMG_4228-150x150.jpg 150w, https:\/\/www.legistdf.gob.ar\/wp-content\/uploads\/2020\/07\/IMG_4228-64x64.jpg 64w\" sizes=\"(max-width: 150px) 100vw, 150px\" data-attachment-id=\"20660\" data-permalink=\"https:\/\/www.legistdf.gob.ar\/index.php\/2020\/07\/21\/legislatura-capacitaron-al-personal-en-seguridad-e-higiene-por-pandemia-por-covid-19\/img_4228\/\" data-orig-file=\"https:\/\/www.legistdf.gob.ar\/wp-content\/uploads\/2020\/07\/IMG_4228.jpg\" data-orig-size=\"5184,3456\" data-comments-opened=\"0\" data-image-meta=\"{&quot;aperture&quot;:&quot;5.6&quot;,&quot;credit&quot;:&quot;&quot;,&quot;camera&quot;:&quot;Canon EOS Rebel T6&quot;,&quot;caption&quot;:&quot;&quot;,&quot;created_timestamp&quot;:&quot;1594930908&quot;,&quot;copyright&quot;:&quot;&quot;,&quot;focal_length&quot;:&quot;25&quot;,&quot;iso&quot;:&quot;800&quot;,&quot;shutter_speed&quot;:&quot;0.033333333333333&quot;,&quot;title&quot;:&quot;&quot;,&quot;orientation&quot;:&quot;1&quot;}\" data-image-title=\"IMG_4228\" data-image-description=\"\" data-image-caption=\"\" data-medium-file=\"https:\/\/www.legistdf.gob.ar\/wp-content\/uploads\/2020\/07\/IMG_4228-300x200.jpg\" data-large-file=\"https:\/\/www.legistdf.gob.ar\/wp-content\/uploads\/2020\/07\/IMG_4228-1024x683.jpg\" \/><\/a>\n\t\t\t<\/dt><\/dl><br style=\"clear: both\" \/><dl class='gallery-item'>\n\t\t\t<dt class='gallery-icon landscape'>\n\t\t\t\t<a href='https:\/\/www.legistdf.gob.ar\/index.php\/2020\/07\/21\/legislatura-capacitaron-al-personal-en-seguridad-e-higiene-por-pandemia-por-covid-19\/img_4241\/'><img loading=\"lazy\" decoding=\"async\" width=\"150\" height=\"150\" src=\"https:\/\/www.legistdf.gob.ar\/wp-content\/uploads\/2020\/07\/IMG_4241-150x150.jpg\" class=\"attachment-thumbnail size-thumbnail\" alt=\"\" srcset=\"https:\/\/www.legistdf.gob.ar\/wp-content\/uploads\/2020\/07\/IMG_4241-150x150.jpg 150w, https:\/\/www.legistdf.gob.ar\/wp-content\/uploads\/2020\/07\/IMG_4241-64x64.jpg 64w\" sizes=\"(max-width: 150px) 100vw, 150px\" data-attachment-id=\"20661\" data-permalink=\"https:\/\/www.legistdf.gob.ar\/index.php\/2020\/07\/21\/legislatura-capacitaron-al-personal-en-seguridad-e-higiene-por-pandemia-por-covid-19\/img_4241\/\" data-orig-file=\"https:\/\/www.legistdf.gob.ar\/wp-content\/uploads\/2020\/07\/IMG_4241.jpg\" data-orig-size=\"5184,3456\" data-comments-opened=\"0\" data-image-meta=\"{&quot;aperture&quot;:&quot;3.5&quot;,&quot;credit&quot;:&quot;&quot;,&quot;camera&quot;:&quot;Canon EOS Rebel T6&quot;,&quot;caption&quot;:&quot;&quot;,&quot;created_timestamp&quot;:&quot;1594932881&quot;,&quot;copyright&quot;:&quot;&quot;,&quot;focal_length&quot;:&quot;18&quot;,&quot;iso&quot;:&quot;500&quot;,&quot;shutter_speed&quot;:&quot;0.016666666666667&quot;,&quot;title&quot;:&quot;&quot;,&quot;orientation&quot;:&quot;1&quot;}\" data-image-title=\"IMG_4241\" data-image-description=\"\" data-image-caption=\"\" data-medium-file=\"https:\/\/www.legistdf.gob.ar\/wp-content\/uploads\/2020\/07\/IMG_4241-300x200.jpg\" data-large-file=\"https:\/\/www.legistdf.gob.ar\/wp-content\/uploads\/2020\/07\/IMG_4241-1024x683.jpg\" \/><\/a>\n\t\t\t<\/dt><\/dl>\n\t\t\t<br style='clear: both' \/>\n\t\t<\/div>\n\n","protected":false},"excerpt":{"rendered":"<p>Ushuaia, 20 de Julio de 2020.- La Legislatura Provincial continua con los cursos de capacitaci\u00f3n en seguridad e higiene, al personal de distintas \u00e1reas en relaci\u00f3n al COVID-19. El secretario Administrativo, Gonzalo L\u00f3pez asegur\u00f3 que las distintas reuniones llevadas adelante con los empleados de la casa legislativa fueron \u201crealizadas en un ambiente ameno y agradable, [&hellip;]<\/p>\n","protected":false},"author":352,"featured_media":20660,"comment_status":"closed","ping_status":"open","sticky":false,"template":"","format":"standard","meta":{"jetpack_post_was_ever_published":false,"_jetpack_newsletter_access":"","_jetpack_dont_email_post_to_subs":false,"_jetpack_newsletter_tier_id":0,"footnotes":"","jetpack_publicize_message":"","jetpack_publicize_feature_enabled":true,"jetpack_social_post_already_shared":true,"jetpack_social_options":{"image_generator_settings":{"template":"highway","enabled":false}}},"categories":[1],"tags":[192,1911,1879,78,1945,79,87],"jetpack_publicize_connections":[],"jetpack_sharing_enabled":true,"jetpack_featured_media_url":"https:\/\/www.legistdf.gob.ar\/wp-content\/uploads\/2020\/07\/IMG_4228.jpg","jetpack-related-posts":[],"_links":{"self":[{"href":"https:\/\/www.legistdf.gob.ar\/index.php\/wp-json\/wp\/v2\/posts\/20657"}],"collection":[{"href":"https:\/\/www.legistdf.gob.ar\/index.php\/wp-json\/wp\/v2\/posts"}],"about":[{"href":"https:\/\/www.legistdf.gob.ar\/index.php\/wp-json\/wp\/v2\/types\/post"}],"author":[{"embeddable":true,"href":"https:\/\/www.legistdf.gob.ar\/index.php\/wp-json\/wp\/v2\/users\/352"}],"replies":[{"embeddable":true,"href":"https:\/\/www.legistdf.gob.ar\/index.php\/wp-json\/wp\/v2\/comments?post=20657"}],"version-history":[{"count":1,"href":"https:\/\/www.legistdf.gob.ar\/index.php\/wp-json\/wp\/v2\/posts\/20657\/revisions"}],"predecessor-version":[{"id":20662,"href":"https:\/\/www.legistdf.gob.ar\/index.php\/wp-json\/wp\/v2\/posts\/20657\/revisions\/20662"}],"wp:featuredmedia":[{"embeddable":true,"href":"https:\/\/www.legistdf.gob.ar\/index.php\/wp-json\/wp\/v2\/media\/20660"}],"wp:attachment":[{"href":"https:\/\/www.legistdf.gob.ar\/index.php\/wp-json\/wp\/v2\/media?parent=20657"}],"wp:term":[{"taxonomy":"category","embeddable":true,"href":"https:\/\/www.legistdf.gob.ar\/index.php\/wp-json\/wp\/v2\/categories?post=20657"},{"taxonomy":"post_tag","embeddable":true,"href":"https:\/\/www.legistdf.gob.ar\/index.php\/wp-json\/wp\/v2\/tags?post=20657"}],"curies":[{"name":"wp","href":"https:\/\/api.w.org\/{rel}","templated":true}]}}