{"id":20663,"date":"2020-07-21T12:37:54","date_gmt":"2020-07-21T15:37:54","guid":{"rendered":"http:\/\/www.legistdf.gob.ar\/?p=20663"},"modified":"2020-07-21T12:37:54","modified_gmt":"2020-07-21T15:37:54","slug":"comisiones-justicia-y-seguridad-se-reunira-manana-miercoles","status":"publish","type":"post","link":"https:\/\/www.legistdf.gob.ar\/index.php\/2020\/07\/21\/comisiones-justicia-y-seguridad-se-reunira-manana-miercoles\/","title":{"rendered":"COMISIONES: Justicia y Seguridad se reunir\u00e1 ma\u00f1ana mi\u00e9rcoles"},"content":{"rendered":"<p><strong>Ushuaia, martes 21 de julio de 2020.- La Comisi\u00f3n N\u00b0 6 que preside el legislador Pablo Villegas (MPF) mantendr\u00e1 un encuentro, ma\u00f1ana mi\u00e9rcoles 22 desde las 11,30 h para dar tratamiento al siguiente orden del d\u00eda:<\/strong><\/p>\n<p>&nbsp;<\/p>\n<p><a href=\"http:\/\/www.legistdf.gob.ar\/lp\/novedadesip\/Asuntos%20Entrados%202019\/As.%20N%BA%20270-19.pdf\" target=\"_blank\" rel=\"noopener noreferrer\">Asunto N\u00b0 270\/19 PODER JUDICIAL OFICIO N\u00b0 804\/19 ADJUNTANDO PROYECTO DE LEY MODIFICANDO LA LEY N\u00b0 110. LEY ORG\u00c1NICA DEL PODER JUDICIAL<\/a><\/p>\n<p>&nbsp;<\/p>\n<p><a href=\"http:\/\/www.legistdf.gob.ar\/lp\/novedadesip\/Asuntos%20Entrados%202020\/As.%20N%BA%20082-20.pdf\" target=\"_blank\" rel=\"noopener noreferrer\">Asunto N\u00b0 082\/20 PODER JUDICIAL OFICIO N\u00b0 183\/20 ADJUNTANDO PROYECTO DE LEY MODIFICANDO EL ART\u00cdCULO 32 DE LA LEY ORG\u00c1NICA DEL PODER JUDICIAL.<\/a><\/p>\n<p>&nbsp;<\/p>\n<p>Seg\u00fan se desprende del memorando de la Direcci\u00f3n de Comisiones N\u00b0 025\/20, para el abordaje de ambas iniciativas, se espera contar con la presencia del secretario General del Sindicato de Empleados Judiciales Provinciales (SEJUP), Marcelo Kuba y del secretario General de la Uni\u00f3n de Empleados de la Justicia de la Naci\u00f3n (UEJN) de Tierra del Fuego, Luis Bechis.<\/p>\n<p>&nbsp;<\/p>\n<p>Como se acostumbra desde la aprobaci\u00f3n del Protocolo Sanitario, el encuentro se desarrollar\u00e1 en el recinto de sesiones de calle Yaganes 638 de Ushuaia.<\/p>\n","protected":false},"excerpt":{"rendered":"<p>Ushuaia, martes 21 de julio de 2020.- La Comisi\u00f3n N\u00b0 6 que preside el legislador Pablo Villegas (MPF) mantendr\u00e1 un encuentro, ma\u00f1ana mi\u00e9rcoles 22 desde las 11,30 h para dar tratamiento al siguiente orden del d\u00eda: &nbsp; Asunto N\u00b0 270\/19 PODER JUDICIAL OFICIO N\u00b0 804\/19 ADJUNTANDO PROYECTO DE LEY MODIFICANDO LA LEY N\u00b0 110. LEY [&hellip;]<\/p>\n","protected":false},"author":352,"featured_media":19916,"comment_status":"closed","ping_status":"open","sticky":false,"template":"","format":"standard","meta":{"jetpack_post_was_ever_published":false,"_jetpack_newsletter_access":"","_jetpack_dont_email_post_to_subs":false,"_jetpack_newsletter_tier_id":0,"footnotes":"","jetpack_publicize_message":"","jetpack_publicize_feature_enabled":true,"jetpack_social_post_already_shared":true,"jetpack_social_options":{"image_generator_settings":{"template":"highway","enabled":false}}},"categories":[1],"tags":[84,162,106,230,79,87],"jetpack_publicize_connections":[],"jetpack_sharing_enabled":true,"jetpack_featured_media_url":"https:\/\/www.legistdf.gob.ar\/wp-content\/uploads\/2020\/06\/IMG_5943.jpg","jetpack-related-posts":[],"_links":{"self":[{"href":"https:\/\/www.legistdf.gob.ar\/index.php\/wp-json\/wp\/v2\/posts\/20663"}],"collection":[{"href":"https:\/\/www.legistdf.gob.ar\/index.php\/wp-json\/wp\/v2\/posts"}],"about":[{"href":"https:\/\/www.legistdf.gob.ar\/index.php\/wp-json\/wp\/v2\/types\/post"}],"author":[{"embeddable":true,"href":"https:\/\/www.legistdf.gob.ar\/index.php\/wp-json\/wp\/v2\/users\/352"}],"replies":[{"embeddable":true,"href":"https:\/\/www.legistdf.gob.ar\/index.php\/wp-json\/wp\/v2\/comments?post=20663"}],"version-history":[{"count":1,"href":"https:\/\/www.legistdf.gob.ar\/index.php\/wp-json\/wp\/v2\/posts\/20663\/revisions"}],"predecessor-version":[{"id":20664,"href":"https:\/\/www.legistdf.gob.ar\/index.php\/wp-json\/wp\/v2\/posts\/20663\/revisions\/20664"}],"wp:featuredmedia":[{"embeddable":true,"href":"https:\/\/www.legistdf.gob.ar\/index.php\/wp-json\/wp\/v2\/media\/19916"}],"wp:attachment":[{"href":"https:\/\/www.legistdf.gob.ar\/index.php\/wp-json\/wp\/v2\/media?parent=20663"}],"wp:term":[{"taxonomy":"category","embeddable":true,"href":"https:\/\/www.legistdf.gob.ar\/index.php\/wp-json\/wp\/v2\/categories?post=20663"},{"taxonomy":"post_tag","embeddable":true,"href":"https:\/\/www.legistdf.gob.ar\/index.php\/wp-json\/wp\/v2\/tags?post=20663"}],"curies":[{"name":"wp","href":"https:\/\/api.w.org\/{rel}","templated":true}]}}