{"id":20667,"date":"2020-07-21T21:28:32","date_gmt":"2020-07-22T00:28:32","guid":{"rendered":"http:\/\/www.legistdf.gob.ar\/?p=20667"},"modified":"2020-07-21T21:28:32","modified_gmt":"2020-07-22T00:28:32","slug":"turismo-se-analizaron-distintas-alternativas-para-un-corredor-sanitario-seguro-a-la-antartida-para-la-temporada-de-cruceros-que-iniciaria-en-noviembre-dijo-urquiza","status":"publish","type":"post","link":"https:\/\/www.legistdf.gob.ar\/index.php\/2020\/07\/21\/turismo-se-analizaron-distintas-alternativas-para-un-corredor-sanitario-seguro-a-la-antartida-para-la-temporada-de-cruceros-que-iniciaria-en-noviembre-dijo-urquiza\/","title":{"rendered":"TURISMO: \u201cSe analizaron distintas alternativas para un corredor sanitario seguro a la Ant\u00e1rtida, para la temporada de cruceros que iniciar\u00eda en noviembre\u201d, dijo Urquiza  \u00a0"},"content":{"rendered":"<p>&nbsp;<\/p>\n<p><strong><img loading=\"lazy\" decoding=\"async\" data-attachment-id=\"20670\" data-permalink=\"https:\/\/www.legistdf.gob.ar\/index.php\/2020\/07\/21\/turismo-se-analizaron-distintas-alternativas-para-un-corredor-sanitario-seguro-a-la-antartida-para-la-temporada-de-cruceros-que-iniciaria-en-noviembre-dijo-urquiza\/3-152\/\" data-orig-file=\"https:\/\/www.legistdf.gob.ar\/wp-content\/uploads\/2020\/07\/3.jpg\" data-orig-size=\"1280,852\" data-comments-opened=\"0\" data-image-meta=\"{&quot;aperture&quot;:&quot;0&quot;,&quot;credit&quot;:&quot;&quot;,&quot;camera&quot;:&quot;&quot;,&quot;caption&quot;:&quot;&quot;,&quot;created_timestamp&quot;:&quot;0&quot;,&quot;copyright&quot;:&quot;&quot;,&quot;focal_length&quot;:&quot;0&quot;,&quot;iso&quot;:&quot;0&quot;,&quot;shutter_speed&quot;:&quot;0&quot;,&quot;title&quot;:&quot;&quot;,&quot;orientation&quot;:&quot;0&quot;}\" data-image-title=\"3\" data-image-description=\"\" data-image-caption=\"\" data-medium-file=\"https:\/\/www.legistdf.gob.ar\/wp-content\/uploads\/2020\/07\/3-300x200.jpg\" data-large-file=\"https:\/\/www.legistdf.gob.ar\/wp-content\/uploads\/2020\/07\/3-1024x682.jpg\" class=\"alignleft wp-image-20670 size-medium\" src=\"http:\/\/www.legistdf.gob.ar\/wp-content\/uploads\/2020\/07\/3-300x200.jpg\" alt=\"\" width=\"300\" height=\"200\" srcset=\"https:\/\/www.legistdf.gob.ar\/wp-content\/uploads\/2020\/07\/3-300x200.jpg 300w, https:\/\/www.legistdf.gob.ar\/wp-content\/uploads\/2020\/07\/3-768x511.jpg 768w, https:\/\/www.legistdf.gob.ar\/wp-content\/uploads\/2020\/07\/3-1024x682.jpg 1024w, https:\/\/www.legistdf.gob.ar\/wp-content\/uploads\/2020\/07\/3-160x107.jpg 160w, https:\/\/www.legistdf.gob.ar\/wp-content\/uploads\/2020\/07\/3.jpg 1280w\" sizes=\"(max-width: 300px) 100vw, 300px\" \/>Ushuaia, martes 21 de julio de 2020. En el marco de la temporada de cruceros tur\u00edsticos 20\/21, la vicegobernadora M\u00f3nica Urquiza particip\u00f3 de una reuni\u00f3n de forma remota con autoridades provinciales y nacionales, para conocer la situaci\u00f3n de las empresas y el mercado en torno a la pandemia por el COVID \u2013 19. Durante el encuentro se conocieron los detalles de cu\u00e1les son los requerimientos; las tendencias actuales y qu\u00e9 posici\u00f3n tiene la Asociaci\u00f3n Internacional de Tour Operadores Ant\u00e1rticos (IAATO) en relaci\u00f3n a este contexto.\u00a0<\/strong><\/p>\n<p><strong>\u00a0<\/strong><\/p>\n<p>En la reuni\u00f3n se inform\u00f3, el escenario del buque pesquero de acuerdo a las medidas sanitarias y de seguridad que llevan adelante desde el Gobierno provincial. Tambi\u00e9n, los procedimientos a analizar ante un barco con personas infectadas por el virus; los protocolos a definir de forma tal que sean unificados y espec\u00edficos por cada puerto; y, por \u00faltimo, las pol\u00edticas de recambio de los pasajeros.<\/p>\n<p>&nbsp;<\/p>\n<p>Luego de finalizada la reuni\u00f3n, la presidenta de la C\u00e1mara Legislativa se\u00f1al\u00f3 la preocupaci\u00f3n que existe en los agentes portuarios y los representantes de la Asociaci\u00f3n, respecto a la temporada de los cruceros ant\u00e1rticos. \u201cEllos hicieron hincapi\u00e9 en la diferencia que existe entre barcos que proceden de otros pa\u00edses, como los de gran porte que son bioce\u00e1nicos y recambian pasajeros en puertos ajenos al pa\u00eds, con los que operan directamente desde el muelle con turistas que ya entraron al pa\u00eds y navegan por nuestro soberano territorio ant\u00e1rtico, considerados como un viaje de cabotaje\u201d, explic\u00f3 Urquiza.<img loading=\"lazy\" decoding=\"async\" data-attachment-id=\"20669\" data-permalink=\"https:\/\/www.legistdf.gob.ar\/index.php\/2020\/07\/21\/turismo-se-analizaron-distintas-alternativas-para-un-corredor-sanitario-seguro-a-la-antartida-para-la-temporada-de-cruceros-que-iniciaria-en-noviembre-dijo-urquiza\/2-175\/\" data-orig-file=\"https:\/\/www.legistdf.gob.ar\/wp-content\/uploads\/2020\/07\/2-1.jpg\" data-orig-size=\"1280,852\" data-comments-opened=\"0\" data-image-meta=\"{&quot;aperture&quot;:&quot;0&quot;,&quot;credit&quot;:&quot;&quot;,&quot;camera&quot;:&quot;&quot;,&quot;caption&quot;:&quot;&quot;,&quot;created_timestamp&quot;:&quot;0&quot;,&quot;copyright&quot;:&quot;&quot;,&quot;focal_length&quot;:&quot;0&quot;,&quot;iso&quot;:&quot;0&quot;,&quot;shutter_speed&quot;:&quot;0&quot;,&quot;title&quot;:&quot;&quot;,&quot;orientation&quot;:&quot;0&quot;}\" data-image-title=\"2\" data-image-description=\"\" data-image-caption=\"\" data-medium-file=\"https:\/\/www.legistdf.gob.ar\/wp-content\/uploads\/2020\/07\/2-1-300x200.jpg\" data-large-file=\"https:\/\/www.legistdf.gob.ar\/wp-content\/uploads\/2020\/07\/2-1-1024x682.jpg\" class=\"wp-image-20669 size-medium alignright\" src=\"http:\/\/www.legistdf.gob.ar\/wp-content\/uploads\/2020\/07\/2-1-300x200.jpg\" alt=\"\" width=\"300\" height=\"200\" srcset=\"https:\/\/www.legistdf.gob.ar\/wp-content\/uploads\/2020\/07\/2-1-300x200.jpg 300w, https:\/\/www.legistdf.gob.ar\/wp-content\/uploads\/2020\/07\/2-1-768x511.jpg 768w, https:\/\/www.legistdf.gob.ar\/wp-content\/uploads\/2020\/07\/2-1-1024x682.jpg 1024w, https:\/\/www.legistdf.gob.ar\/wp-content\/uploads\/2020\/07\/2-1-160x107.jpg 160w, https:\/\/www.legistdf.gob.ar\/wp-content\/uploads\/2020\/07\/2-1.jpg 1280w\" sizes=\"(max-width: 300px) 100vw, 300px\" \/><\/p>\n<p>&nbsp;<\/p>\n<p>Urquiza, cont\u00f3 que \u201cremarcaron la posibilidad de realizar vuelos ch\u00e1rteres desde el extranjero, con testeos antes de llegar a nuestra Provincia y embarcar en un corredor sanitario seguro, como se hizo en temporada, para garantizar el embarque sin riesgos entre la ciudad y los pasajeros\u201d.<\/p>\n<p>&nbsp;<\/p>\n<p>Agreg\u00f3, que toda esta din\u00e1mica \u201cse vio afectada de acuerdo a las disposiciones nacionales que Tierra del Fuego adhiri\u00f3 y que se deben respetar, por eso tambi\u00e9n participaron las autoridades nacionales\u201d. En este sentido, la Vicegobernadora sostuvo que lo m\u00e1s importante son los protocolos sanitarios que las distintas empresas deber\u00e1n presentar en la Direcci\u00f3n de Puertos, y ser\u00e1n trabajados con organismos federales y provinciales en forma conjunta.<\/p>\n<p>&nbsp;<\/p>\n<p>A su vez precis\u00f3 que \u201cdesde la Provincia tenemos todas las energ\u00edas puestas en la tarea de poder reactivar el turismo, pero con la premisa siempre en la salud que es fundamental\u201d. Asimismo, Urquiza remarc\u00f3 que la reuni\u00f3n fue muy productiva y \u201cquedamos a la espera de la presentaci\u00f3n de IAATO y de las empresas mar\u00edtimas\u201d.<\/p>\n<p>&nbsp;<\/p>\n<p>Finalmente, la titular del Poder Legislativo detall\u00f3 que durante el encuentro mencionaron los protocolos que se llevan a cabo en Noruega respecto a los cruceros que navegan en ese pa\u00eds. Dijo que \u201cla Directora de Sanidad y Frontera les solicit\u00f3 estos proyectos ya plasmados, porque de esto estamos aprendiendo y las experiencias exitosas hay que tenerlas en cuenta\u201d, concluy\u00f3.<\/p>\n<p>&nbsp;<\/p>\n<p><img loading=\"lazy\" decoding=\"async\" data-attachment-id=\"20671\" data-permalink=\"https:\/\/www.legistdf.gob.ar\/index.php\/2020\/07\/21\/turismo-se-analizaron-distintas-alternativas-para-un-corredor-sanitario-seguro-a-la-antartida-para-la-temporada-de-cruceros-que-iniciaria-en-noviembre-dijo-urquiza\/4-131\/\" data-orig-file=\"https:\/\/www.legistdf.gob.ar\/wp-content\/uploads\/2020\/07\/4.jpg\" data-orig-size=\"1280,852\" data-comments-opened=\"0\" data-image-meta=\"{&quot;aperture&quot;:&quot;0&quot;,&quot;credit&quot;:&quot;&quot;,&quot;camera&quot;:&quot;&quot;,&quot;caption&quot;:&quot;&quot;,&quot;created_timestamp&quot;:&quot;0&quot;,&quot;copyright&quot;:&quot;&quot;,&quot;focal_length&quot;:&quot;0&quot;,&quot;iso&quot;:&quot;0&quot;,&quot;shutter_speed&quot;:&quot;0&quot;,&quot;title&quot;:&quot;&quot;,&quot;orientation&quot;:&quot;0&quot;}\" data-image-title=\"4\" data-image-description=\"\" data-image-caption=\"\" data-medium-file=\"https:\/\/www.legistdf.gob.ar\/wp-content\/uploads\/2020\/07\/4-300x200.jpg\" data-large-file=\"https:\/\/www.legistdf.gob.ar\/wp-content\/uploads\/2020\/07\/4-1024x682.jpg\" class=\"wp-image-20671 size-medium alignleft\" src=\"http:\/\/www.legistdf.gob.ar\/wp-content\/uploads\/2020\/07\/4-300x200.jpg\" alt=\"\" width=\"300\" height=\"200\" srcset=\"https:\/\/www.legistdf.gob.ar\/wp-content\/uploads\/2020\/07\/4-300x200.jpg 300w, https:\/\/www.legistdf.gob.ar\/wp-content\/uploads\/2020\/07\/4-768x511.jpg 768w, https:\/\/www.legistdf.gob.ar\/wp-content\/uploads\/2020\/07\/4-1024x682.jpg 1024w, https:\/\/www.legistdf.gob.ar\/wp-content\/uploads\/2020\/07\/4-160x107.jpg 160w, https:\/\/www.legistdf.gob.ar\/wp-content\/uploads\/2020\/07\/4.jpg 1280w\" sizes=\"(max-width: 300px) 100vw, 300px\" \/><\/p>\n<p>En el encuentro participaron el presidente de la Direcci\u00f3n Provincial de Puertos (DPP), Roberto Murcia; el presidente de Instituto Fueguino de Turismo (INFUETUR), Dante Querciali; la directora nacional de Sanidad y Frontera, Claudia Madriz; copresidente del Comit\u00e9 de Puertas de Entrada a la Ant\u00e1rtida de IAATO, Ute Hohn-Bowen, actores de servicios mar\u00edtimos internacional y agencias provinciales del sector.<\/p>\n<p>&nbsp;<\/p>\n<p>&nbsp;<\/p>\n<p>&nbsp;<\/p>\n<p style=\"text-align: right\"><em>Fotograf\u00edas gentileza<\/em><\/p>\n<p style=\"text-align: right\"><em>\u00a0<\/em><\/p>\n<p>&nbsp;<\/p>\n\n\t\t<style type=\"text\/css\">\n\t\t\t#gallery-1 {\n\t\t\t\tmargin: auto;\n\t\t\t}\n\t\t\t#gallery-1 .gallery-item {\n\t\t\t\tfloat: left;\n\t\t\t\tmargin-top: 10px;\n\t\t\t\ttext-align: center;\n\t\t\t\twidth: 33%;\n\t\t\t}\n\t\t\t#gallery-1 img {\n\t\t\t\tborder: 2px solid #cfcfcf;\n\t\t\t}\n\t\t\t#gallery-1 .gallery-caption {\n\t\t\t\tmargin-left: 0;\n\t\t\t}\n\t\t\t\/* see gallery_shortcode() in wp-includes\/media.php *\/\n\t\t<\/style>\n\t\t<div data-carousel-extra='{\"blog_id\":1,\"permalink\":\"https:\\\/\\\/www.legistdf.gob.ar\\\/index.php\\\/2020\\\/07\\\/21\\\/turismo-se-analizaron-distintas-alternativas-para-un-corredor-sanitario-seguro-a-la-antartida-para-la-temporada-de-cruceros-que-iniciaria-en-noviembre-dijo-urquiza\\\/\"}' id='gallery-1' class='gallery galleryid-20667 gallery-columns-3 gallery-size-thumbnail'><dl class='gallery-item'>\n\t\t\t<dt class='gallery-icon landscape'>\n\t\t\t\t<a href='https:\/\/www.legistdf.gob.ar\/index.php\/2020\/07\/21\/turismo-se-analizaron-distintas-alternativas-para-un-corredor-sanitario-seguro-a-la-antartida-para-la-temporada-de-cruceros-que-iniciaria-en-noviembre-dijo-urquiza\/1-190\/'><img loading=\"lazy\" decoding=\"async\" width=\"150\" height=\"150\" src=\"https:\/\/www.legistdf.gob.ar\/wp-content\/uploads\/2020\/07\/1-1-150x150.jpg\" class=\"attachment-thumbnail size-thumbnail\" alt=\"\" srcset=\"https:\/\/www.legistdf.gob.ar\/wp-content\/uploads\/2020\/07\/1-1-150x150.jpg 150w, https:\/\/www.legistdf.gob.ar\/wp-content\/uploads\/2020\/07\/1-1-64x64.jpg 64w\" sizes=\"(max-width: 150px) 100vw, 150px\" data-attachment-id=\"20668\" data-permalink=\"https:\/\/www.legistdf.gob.ar\/index.php\/2020\/07\/21\/turismo-se-analizaron-distintas-alternativas-para-un-corredor-sanitario-seguro-a-la-antartida-para-la-temporada-de-cruceros-que-iniciaria-en-noviembre-dijo-urquiza\/1-190\/\" data-orig-file=\"https:\/\/www.legistdf.gob.ar\/wp-content\/uploads\/2020\/07\/1-1.jpg\" data-orig-size=\"1280,852\" data-comments-opened=\"0\" data-image-meta=\"{&quot;aperture&quot;:&quot;0&quot;,&quot;credit&quot;:&quot;&quot;,&quot;camera&quot;:&quot;&quot;,&quot;caption&quot;:&quot;&quot;,&quot;created_timestamp&quot;:&quot;0&quot;,&quot;copyright&quot;:&quot;&quot;,&quot;focal_length&quot;:&quot;0&quot;,&quot;iso&quot;:&quot;0&quot;,&quot;shutter_speed&quot;:&quot;0&quot;,&quot;title&quot;:&quot;&quot;,&quot;orientation&quot;:&quot;0&quot;}\" data-image-title=\"1\" data-image-description=\"\" data-image-caption=\"\" data-medium-file=\"https:\/\/www.legistdf.gob.ar\/wp-content\/uploads\/2020\/07\/1-1-300x200.jpg\" data-large-file=\"https:\/\/www.legistdf.gob.ar\/wp-content\/uploads\/2020\/07\/1-1-1024x682.jpg\" \/><\/a>\n\t\t\t<\/dt><\/dl><dl class='gallery-item'>\n\t\t\t<dt class='gallery-icon landscape'>\n\t\t\t\t<a href='https:\/\/www.legistdf.gob.ar\/index.php\/2020\/07\/21\/turismo-se-analizaron-distintas-alternativas-para-un-corredor-sanitario-seguro-a-la-antartida-para-la-temporada-de-cruceros-que-iniciaria-en-noviembre-dijo-urquiza\/2-175\/'><img loading=\"lazy\" decoding=\"async\" width=\"150\" height=\"150\" src=\"https:\/\/www.legistdf.gob.ar\/wp-content\/uploads\/2020\/07\/2-1-150x150.jpg\" class=\"attachment-thumbnail size-thumbnail\" alt=\"\" srcset=\"https:\/\/www.legistdf.gob.ar\/wp-content\/uploads\/2020\/07\/2-1-150x150.jpg 150w, https:\/\/www.legistdf.gob.ar\/wp-content\/uploads\/2020\/07\/2-1-64x64.jpg 64w\" sizes=\"(max-width: 150px) 100vw, 150px\" data-attachment-id=\"20669\" data-permalink=\"https:\/\/www.legistdf.gob.ar\/index.php\/2020\/07\/21\/turismo-se-analizaron-distintas-alternativas-para-un-corredor-sanitario-seguro-a-la-antartida-para-la-temporada-de-cruceros-que-iniciaria-en-noviembre-dijo-urquiza\/2-175\/\" data-orig-file=\"https:\/\/www.legistdf.gob.ar\/wp-content\/uploads\/2020\/07\/2-1.jpg\" data-orig-size=\"1280,852\" data-comments-opened=\"0\" data-image-meta=\"{&quot;aperture&quot;:&quot;0&quot;,&quot;credit&quot;:&quot;&quot;,&quot;camera&quot;:&quot;&quot;,&quot;caption&quot;:&quot;&quot;,&quot;created_timestamp&quot;:&quot;0&quot;,&quot;copyright&quot;:&quot;&quot;,&quot;focal_length&quot;:&quot;0&quot;,&quot;iso&quot;:&quot;0&quot;,&quot;shutter_speed&quot;:&quot;0&quot;,&quot;title&quot;:&quot;&quot;,&quot;orientation&quot;:&quot;0&quot;}\" data-image-title=\"2\" data-image-description=\"\" data-image-caption=\"\" data-medium-file=\"https:\/\/www.legistdf.gob.ar\/wp-content\/uploads\/2020\/07\/2-1-300x200.jpg\" data-large-file=\"https:\/\/www.legistdf.gob.ar\/wp-content\/uploads\/2020\/07\/2-1-1024x682.jpg\" \/><\/a>\n\t\t\t<\/dt><\/dl><dl class='gallery-item'>\n\t\t\t<dt class='gallery-icon landscape'>\n\t\t\t\t<a href='https:\/\/www.legistdf.gob.ar\/index.php\/2020\/07\/21\/turismo-se-analizaron-distintas-alternativas-para-un-corredor-sanitario-seguro-a-la-antartida-para-la-temporada-de-cruceros-que-iniciaria-en-noviembre-dijo-urquiza\/3-152\/'><img loading=\"lazy\" decoding=\"async\" width=\"150\" height=\"150\" src=\"https:\/\/www.legistdf.gob.ar\/wp-content\/uploads\/2020\/07\/3-150x150.jpg\" class=\"attachment-thumbnail size-thumbnail\" alt=\"\" srcset=\"https:\/\/www.legistdf.gob.ar\/wp-content\/uploads\/2020\/07\/3-150x150.jpg 150w, https:\/\/www.legistdf.gob.ar\/wp-content\/uploads\/2020\/07\/3-64x64.jpg 64w\" sizes=\"(max-width: 150px) 100vw, 150px\" data-attachment-id=\"20670\" data-permalink=\"https:\/\/www.legistdf.gob.ar\/index.php\/2020\/07\/21\/turismo-se-analizaron-distintas-alternativas-para-un-corredor-sanitario-seguro-a-la-antartida-para-la-temporada-de-cruceros-que-iniciaria-en-noviembre-dijo-urquiza\/3-152\/\" data-orig-file=\"https:\/\/www.legistdf.gob.ar\/wp-content\/uploads\/2020\/07\/3.jpg\" data-orig-size=\"1280,852\" data-comments-opened=\"0\" data-image-meta=\"{&quot;aperture&quot;:&quot;0&quot;,&quot;credit&quot;:&quot;&quot;,&quot;camera&quot;:&quot;&quot;,&quot;caption&quot;:&quot;&quot;,&quot;created_timestamp&quot;:&quot;0&quot;,&quot;copyright&quot;:&quot;&quot;,&quot;focal_length&quot;:&quot;0&quot;,&quot;iso&quot;:&quot;0&quot;,&quot;shutter_speed&quot;:&quot;0&quot;,&quot;title&quot;:&quot;&quot;,&quot;orientation&quot;:&quot;0&quot;}\" data-image-title=\"3\" data-image-description=\"\" data-image-caption=\"\" data-medium-file=\"https:\/\/www.legistdf.gob.ar\/wp-content\/uploads\/2020\/07\/3-300x200.jpg\" data-large-file=\"https:\/\/www.legistdf.gob.ar\/wp-content\/uploads\/2020\/07\/3-1024x682.jpg\" \/><\/a>\n\t\t\t<\/dt><\/dl><br style=\"clear: both\" \/><dl class='gallery-item'>\n\t\t\t<dt class='gallery-icon landscape'>\n\t\t\t\t<a href='https:\/\/www.legistdf.gob.ar\/index.php\/2020\/07\/21\/turismo-se-analizaron-distintas-alternativas-para-un-corredor-sanitario-seguro-a-la-antartida-para-la-temporada-de-cruceros-que-iniciaria-en-noviembre-dijo-urquiza\/4-131\/'><img loading=\"lazy\" decoding=\"async\" width=\"150\" height=\"150\" src=\"https:\/\/www.legistdf.gob.ar\/wp-content\/uploads\/2020\/07\/4-150x150.jpg\" class=\"attachment-thumbnail size-thumbnail\" alt=\"\" srcset=\"https:\/\/www.legistdf.gob.ar\/wp-content\/uploads\/2020\/07\/4-150x150.jpg 150w, https:\/\/www.legistdf.gob.ar\/wp-content\/uploads\/2020\/07\/4-64x64.jpg 64w\" sizes=\"(max-width: 150px) 100vw, 150px\" data-attachment-id=\"20671\" data-permalink=\"https:\/\/www.legistdf.gob.ar\/index.php\/2020\/07\/21\/turismo-se-analizaron-distintas-alternativas-para-un-corredor-sanitario-seguro-a-la-antartida-para-la-temporada-de-cruceros-que-iniciaria-en-noviembre-dijo-urquiza\/4-131\/\" data-orig-file=\"https:\/\/www.legistdf.gob.ar\/wp-content\/uploads\/2020\/07\/4.jpg\" data-orig-size=\"1280,852\" data-comments-opened=\"0\" data-image-meta=\"{&quot;aperture&quot;:&quot;0&quot;,&quot;credit&quot;:&quot;&quot;,&quot;camera&quot;:&quot;&quot;,&quot;caption&quot;:&quot;&quot;,&quot;created_timestamp&quot;:&quot;0&quot;,&quot;copyright&quot;:&quot;&quot;,&quot;focal_length&quot;:&quot;0&quot;,&quot;iso&quot;:&quot;0&quot;,&quot;shutter_speed&quot;:&quot;0&quot;,&quot;title&quot;:&quot;&quot;,&quot;orientation&quot;:&quot;0&quot;}\" data-image-title=\"4\" data-image-description=\"\" data-image-caption=\"\" data-medium-file=\"https:\/\/www.legistdf.gob.ar\/wp-content\/uploads\/2020\/07\/4-300x200.jpg\" data-large-file=\"https:\/\/www.legistdf.gob.ar\/wp-content\/uploads\/2020\/07\/4-1024x682.jpg\" \/><\/a>\n\t\t\t<\/dt><\/dl>\n\t\t\t<br style='clear: both' \/>\n\t\t<\/div>\n\n<p>&nbsp;<\/p>\n","protected":false},"excerpt":{"rendered":"<p>&nbsp; Ushuaia, martes 21 de julio de 2020. En el marco de la temporada de cruceros tur\u00edsticos 20\/21, la vicegobernadora M\u00f3nica Urquiza particip\u00f3 de una reuni\u00f3n de forma remota con autoridades provinciales y nacionales, para conocer la situaci\u00f3n de las empresas y el mercado en torno a la pandemia por el COVID \u2013 19. Durante [&hellip;]<\/p>\n","protected":false},"author":352,"featured_media":20670,"comment_status":"closed","ping_status":"open","sticky":false,"template":"","format":"standard","meta":{"jetpack_post_was_ever_published":false,"_jetpack_newsletter_access":"","_jetpack_dont_email_post_to_subs":false,"_jetpack_newsletter_tier_id":0,"footnotes":"","jetpack_publicize_message":"","jetpack_publicize_feature_enabled":true,"jetpack_social_post_already_shared":true,"jetpack_social_options":{"image_generator_settings":{"template":"highway","enabled":false}}},"categories":[1],"tags":[1947,1949,1953,1905,1951,473,1904,144,1946,1948,1950,1952],"jetpack_publicize_connections":[],"jetpack_sharing_enabled":true,"jetpack_featured_media_url":"https:\/\/www.legistdf.gob.ar\/wp-content\/uploads\/2020\/07\/3.jpg","jetpack-related-posts":[],"_links":{"self":[{"href":"https:\/\/www.legistdf.gob.ar\/index.php\/wp-json\/wp\/v2\/posts\/20667"}],"collection":[{"href":"https:\/\/www.legistdf.gob.ar\/index.php\/wp-json\/wp\/v2\/posts"}],"about":[{"href":"https:\/\/www.legistdf.gob.ar\/index.php\/wp-json\/wp\/v2\/types\/post"}],"author":[{"embeddable":true,"href":"https:\/\/www.legistdf.gob.ar\/index.php\/wp-json\/wp\/v2\/users\/352"}],"replies":[{"embeddable":true,"href":"https:\/\/www.legistdf.gob.ar\/index.php\/wp-json\/wp\/v2\/comments?post=20667"}],"version-history":[{"count":1,"href":"https:\/\/www.legistdf.gob.ar\/index.php\/wp-json\/wp\/v2\/posts\/20667\/revisions"}],"predecessor-version":[{"id":20672,"href":"https:\/\/www.legistdf.gob.ar\/index.php\/wp-json\/wp\/v2\/posts\/20667\/revisions\/20672"}],"wp:featuredmedia":[{"embeddable":true,"href":"https:\/\/www.legistdf.gob.ar\/index.php\/wp-json\/wp\/v2\/media\/20670"}],"wp:attachment":[{"href":"https:\/\/www.legistdf.gob.ar\/index.php\/wp-json\/wp\/v2\/media?parent=20667"}],"wp:term":[{"taxonomy":"category","embeddable":true,"href":"https:\/\/www.legistdf.gob.ar\/index.php\/wp-json\/wp\/v2\/categories?post=20667"},{"taxonomy":"post_tag","embeddable":true,"href":"https:\/\/www.legistdf.gob.ar\/index.php\/wp-json\/wp\/v2\/tags?post=20667"}],"curies":[{"name":"wp","href":"https:\/\/api.w.org\/{rel}","templated":true}]}}