{"id":20674,"date":"2020-07-22T14:08:34","date_gmt":"2020-07-22T17:08:34","guid":{"rendered":"http:\/\/www.legistdf.gob.ar\/?p=20674"},"modified":"2020-07-22T16:39:38","modified_gmt":"2020-07-22T19:39:38","slug":"comisiones-es-importante-tener-la-opinion-de-los-representantes-de-los-trabajadores-dijo-pablo-villegas","status":"publish","type":"post","link":"https:\/\/www.legistdf.gob.ar\/index.php\/2020\/07\/22\/comisiones-es-importante-tener-la-opinion-de-los-representantes-de-los-trabajadores-dijo-pablo-villegas\/","title":{"rendered":"COMISIONES: Es \u201cimportante tener la opini\u00f3n de los representantes de los trabajadores\u201d dijo Pablo Villegas"},"content":{"rendered":"<p><b><img loading=\"lazy\" decoding=\"async\" data-attachment-id=\"20675\" data-permalink=\"https:\/\/www.legistdf.gob.ar\/index.php\/2020\/07\/22\/comisiones-es-importante-tener-la-opinion-de-los-representantes-de-los-trabajadores-dijo-pablo-villegas\/img_6770-2\/\" data-orig-file=\"https:\/\/www.legistdf.gob.ar\/wp-content\/uploads\/2020\/07\/IMG_6770.jpg\" data-orig-size=\"1500,1000\" data-comments-opened=\"0\" data-image-meta=\"{&quot;aperture&quot;:&quot;2.8&quot;,&quot;credit&quot;:&quot;&quot;,&quot;camera&quot;:&quot;Canon EOS 6D&quot;,&quot;caption&quot;:&quot;&quot;,&quot;created_timestamp&quot;:&quot;1595417842&quot;,&quot;copyright&quot;:&quot;&quot;,&quot;focal_length&quot;:&quot;24&quot;,&quot;iso&quot;:&quot;100&quot;,&quot;shutter_speed&quot;:&quot;0.02&quot;,&quot;title&quot;:&quot;&quot;,&quot;orientation&quot;:&quot;1&quot;}\" data-image-title=\"IMG_6770\" data-image-description=\"\" data-image-caption=\"\" data-medium-file=\"https:\/\/www.legistdf.gob.ar\/wp-content\/uploads\/2020\/07\/IMG_6770-300x200.jpg\" data-large-file=\"https:\/\/www.legistdf.gob.ar\/wp-content\/uploads\/2020\/07\/IMG_6770-1024x683.jpg\" class=\"alignleft wp-image-20675 size-medium\" src=\"http:\/\/www.legistdf.gob.ar\/wp-content\/uploads\/2020\/07\/IMG_6770-300x200.jpg\" alt=\"\" width=\"300\" height=\"200\" srcset=\"https:\/\/www.legistdf.gob.ar\/wp-content\/uploads\/2020\/07\/IMG_6770-300x200.jpg 300w, https:\/\/www.legistdf.gob.ar\/wp-content\/uploads\/2020\/07\/IMG_6770-768x512.jpg 768w, https:\/\/www.legistdf.gob.ar\/wp-content\/uploads\/2020\/07\/IMG_6770-1024x683.jpg 1024w, https:\/\/www.legistdf.gob.ar\/wp-content\/uploads\/2020\/07\/IMG_6770-160x107.jpg 160w, https:\/\/www.legistdf.gob.ar\/wp-content\/uploads\/2020\/07\/IMG_6770.jpg 1500w\" sizes=\"(max-width: 300px) 100vw, 300px\" \/>Ushuaia, mi\u00e9rcoles 22 de julio de 2020.- El legislador Pablo Villegas (MPF), presidi\u00f3 la reuni\u00f3n de la Comisi\u00f3n de Justicia y Seguridad, en el marco del debate por la modificaci\u00f3n de la Ley Org\u00e1nica del Poder Judicial. En la jornada, participaron los titulares de los sindicatos <\/b><strong>Uni\u00f3n de Empleados de la Justicia de la Naci\u00f3n (UEJN) y Sindicato de Empleados Judiciales Provinciales (SEJUP). Se ha registrado una \u201creadecuaci\u00f3n de la estructura del Poder Judicial\u201d aunque no asi en el m\u00e1ximo \u00f3rgano, evalu\u00f3 Villegas.<\/strong><\/p>\n<p>&nbsp;<\/p>\n<p>Los asuntos que abord\u00f3 la Comisi\u00f3n, fueron el<a href=\"http:\/\/www.legistdf.gob.ar\/lp\/novedadesip\/Asuntos%20Entrados%202019\/As.%20N%BA%20270-19.pdf\" target=\"_blank\" rel=\"noopener noreferrer\"> N\u00b0 270\/19<\/a> Poder Judicial Oficio N\u00b0 804\/19 Proyecto de Ley que modifica la Ley N\u00b0 110. Ley org\u00e1nica del Poder Judicial y <a href=\"http:\/\/www.legistdf.gob.ar\/lp\/novedadesip\/Asuntos%20Entrados%202020\/As.%20N%BA%20082-20.pdf\" target=\"_blank\" rel=\"noopener noreferrer\">N\u00b0 082\/20<\/a> Poder Judicial Oficio N\u00b0 183\/20 Proyecto de Ley que modifica el art\u00edculo 32 de la Ley org\u00e1nica del Poder Judicial.<\/p>\n<p>&nbsp;<\/p>\n<p>El Presidente de la Comisi\u00f3n, destac\u00f3 el \u201cmarco de respeto institucional\u201d que se vivi\u00f3 en la jornada. Agreg\u00f3 que se viven \u201cotros tiempos pol\u00edticos\u201d y que es \u201cimportante tener la opini\u00f3n de los representantes de los trabajadores\u201d para que se evaluen \u2013adem\u00e1s de los asuntos de hoy- \u201cotras cuestiones que tienen que ver con una mejor administraci\u00f3n de justicia\u201d, dijo al t\u00e9rmino del encuentro.<\/p>\n<p>&nbsp;<\/p>\n<p><img loading=\"lazy\" decoding=\"async\" data-attachment-id=\"20683\" data-permalink=\"https:\/\/www.legistdf.gob.ar\/index.php\/2020\/07\/22\/comisiones-es-importante-tener-la-opinion-de-los-representantes-de-los-trabajadores-dijo-pablo-villegas\/img_6778\/\" data-orig-file=\"https:\/\/www.legistdf.gob.ar\/wp-content\/uploads\/2020\/07\/IMG_6778.jpg\" data-orig-size=\"1500,1000\" data-comments-opened=\"0\" data-image-meta=\"{&quot;aperture&quot;:&quot;2.8&quot;,&quot;credit&quot;:&quot;&quot;,&quot;camera&quot;:&quot;Canon EOS 6D&quot;,&quot;caption&quot;:&quot;&quot;,&quot;created_timestamp&quot;:&quot;1595417842&quot;,&quot;copyright&quot;:&quot;&quot;,&quot;focal_length&quot;:&quot;24&quot;,&quot;iso&quot;:&quot;100&quot;,&quot;shutter_speed&quot;:&quot;0.02&quot;,&quot;title&quot;:&quot;&quot;,&quot;orientation&quot;:&quot;1&quot;}\" data-image-title=\"IMG_6778\" data-image-description=\"\" data-image-caption=\"\" data-medium-file=\"https:\/\/www.legistdf.gob.ar\/wp-content\/uploads\/2020\/07\/IMG_6778-300x200.jpg\" data-large-file=\"https:\/\/www.legistdf.gob.ar\/wp-content\/uploads\/2020\/07\/IMG_6778-1024x683.jpg\" class=\"alignright wp-image-20683 size-medium\" src=\"http:\/\/www.legistdf.gob.ar\/wp-content\/uploads\/2020\/07\/IMG_6778-300x200.jpg\" alt=\"\" width=\"300\" height=\"200\" srcset=\"https:\/\/www.legistdf.gob.ar\/wp-content\/uploads\/2020\/07\/IMG_6778-300x200.jpg 300w, https:\/\/www.legistdf.gob.ar\/wp-content\/uploads\/2020\/07\/IMG_6778-768x512.jpg 768w, https:\/\/www.legistdf.gob.ar\/wp-content\/uploads\/2020\/07\/IMG_6778-1024x683.jpg 1024w, https:\/\/www.legistdf.gob.ar\/wp-content\/uploads\/2020\/07\/IMG_6778-160x107.jpg 160w, https:\/\/www.legistdf.gob.ar\/wp-content\/uploads\/2020\/07\/IMG_6778.jpg 1500w\" sizes=\"(max-width: 300px) 100vw, 300px\" \/>Consultado sobre su mirada de los proyectos y la necesidad de la ampliaci\u00f3n del Superior Tribunal de Justicia (STJ) en sus miembros, Villegas adelant\u00f3 que su posici\u00f3n es favorable y lo ha manifestado oportunamente. En este sentido, refiri\u00f3 a que los Convencionales Constituyentes establecieron un mecanismo que \u201creserva y garantiza una amplia libertad en las m\u00e1ximas autoridades del Poder Judicial, en poder determinar las condiciones de su organizaci\u00f3n, que son necesarias y fundamentales\u201d.<\/p>\n<p>&nbsp;<\/p>\n<p>Tambi\u00e9n record\u00f3 que la semana pasada, <a href=\"http:\/\/www.legistdf.gob.ar\/index.php\/2020\/07\/16\/comisiones-trataron-la-modificacion-de-la-ley-organica-del-poder-judicial\/\" target=\"_blank\" rel=\"noopener noreferrer\">el Presidente del STJ, dr. Gonzalo Sagastume<\/a> particip\u00f3 y expuso en el recinto de sesiones sobre la necesidad de dar tratamiento a los asuntos y fundament\u00f3 sobre las consideraciones de la Acordada de ese organismo. \u201cEn ese marco, trabajamos y acompa\u00f1amos un requerimiento de un Poder del Estado que entiende que es necesario un <em>aggiornamiento<\/em> de esa estructura, como ha venido sucediendo desde 1993\u201d cuando se sancion\u00f3 la Ley Provincial N\u00b0 110. \u201cDesde esa \u00e9poca se han creado juzgados de Ejecuci\u00f3n Penal, Correccionales, de Instrucci\u00f3n; C\u00e1mara Civil, Penal, Tribunales de Juicio; nombramiento de fiscales, defensores\u201d, entre otras dependencias.<\/p>\n<p>&nbsp;<\/p>\n<p><img loading=\"lazy\" decoding=\"async\" data-attachment-id=\"20685\" data-permalink=\"https:\/\/www.legistdf.gob.ar\/index.php\/2020\/07\/22\/comisiones-es-importante-tener-la-opinion-de-los-representantes-de-los-trabajadores-dijo-pablo-villegas\/img_6780\/\" data-orig-file=\"https:\/\/www.legistdf.gob.ar\/wp-content\/uploads\/2020\/07\/IMG_6780.jpg\" data-orig-size=\"1500,1000\" data-comments-opened=\"0\" data-image-meta=\"{&quot;aperture&quot;:&quot;2.8&quot;,&quot;credit&quot;:&quot;&quot;,&quot;camera&quot;:&quot;Canon EOS 6D&quot;,&quot;caption&quot;:&quot;&quot;,&quot;created_timestamp&quot;:&quot;1595417842&quot;,&quot;copyright&quot;:&quot;&quot;,&quot;focal_length&quot;:&quot;24&quot;,&quot;iso&quot;:&quot;100&quot;,&quot;shutter_speed&quot;:&quot;0.02&quot;,&quot;title&quot;:&quot;&quot;,&quot;orientation&quot;:&quot;1&quot;}\" data-image-title=\"IMG_6780\" data-image-description=\"\" data-image-caption=\"\" data-medium-file=\"https:\/\/www.legistdf.gob.ar\/wp-content\/uploads\/2020\/07\/IMG_6780-300x200.jpg\" data-large-file=\"https:\/\/www.legistdf.gob.ar\/wp-content\/uploads\/2020\/07\/IMG_6780-1024x683.jpg\" class=\"alignleft wp-image-20685 size-medium\" src=\"http:\/\/www.legistdf.gob.ar\/wp-content\/uploads\/2020\/07\/IMG_6780-300x200.jpg\" alt=\"\" width=\"300\" height=\"200\" srcset=\"https:\/\/www.legistdf.gob.ar\/wp-content\/uploads\/2020\/07\/IMG_6780-300x200.jpg 300w, https:\/\/www.legistdf.gob.ar\/wp-content\/uploads\/2020\/07\/IMG_6780-768x512.jpg 768w, https:\/\/www.legistdf.gob.ar\/wp-content\/uploads\/2020\/07\/IMG_6780-1024x683.jpg 1024w, https:\/\/www.legistdf.gob.ar\/wp-content\/uploads\/2020\/07\/IMG_6780-160x107.jpg 160w, https:\/\/www.legistdf.gob.ar\/wp-content\/uploads\/2020\/07\/IMG_6780.jpg 1500w\" sizes=\"(max-width: 300px) 100vw, 300px\" \/>Entendi\u00f3, sobre el final de sus declaraciones, que se ha registrado una \u201creadecuaci\u00f3n de la estructura del Poder Judicial\u201d aunque no asi en el m\u00e1ximo \u00f3rgano. \u201cEllos entienden que es el momento\u201d, cerr\u00f3.<\/p>\n<p>&nbsp;<\/p>\n<p>Del encuentro participaron los legisladores Emmanuel Trentino y M\u00f3nica Acosta (FORJA) y Federico Sciurano y Liliana Mart\u00ednez Allende (UCR) de manera presencial, mientras tanto -y por determinaci\u00f3n del Presidente de ese espacio-, lo hicieron en forma remota, los legisladores Federico Greve (FORJA) y Ricardo Furlan (FDT-PJ).<\/p>\n<p>https:\/\/youtu.be\/DH0MuUg2QUc<\/p>\n<p style=\"text-align: right\"><em>AT<\/em><\/p>\n\n\t\t<style type=\"text\/css\">\n\t\t\t#gallery-1 {\n\t\t\t\tmargin: auto;\n\t\t\t}\n\t\t\t#gallery-1 .gallery-item {\n\t\t\t\tfloat: left;\n\t\t\t\tmargin-top: 10px;\n\t\t\t\ttext-align: center;\n\t\t\t\twidth: 33%;\n\t\t\t}\n\t\t\t#gallery-1 img {\n\t\t\t\tborder: 2px solid #cfcfcf;\n\t\t\t}\n\t\t\t#gallery-1 .gallery-caption {\n\t\t\t\tmargin-left: 0;\n\t\t\t}\n\t\t\t\/* see gallery_shortcode() in wp-includes\/media.php *\/\n\t\t<\/style>\n\t\t<div data-carousel-extra='{\"blog_id\":1,\"permalink\":\"https:\\\/\\\/www.legistdf.gob.ar\\\/index.php\\\/2020\\\/07\\\/22\\\/comisiones-es-importante-tener-la-opinion-de-los-representantes-de-los-trabajadores-dijo-pablo-villegas\\\/\"}' id='gallery-1' class='gallery galleryid-20674 gallery-columns-3 gallery-size-medium'><dl class='gallery-item'>\n\t\t\t<dt class='gallery-icon landscape'>\n\t\t\t\t<a href='https:\/\/www.legistdf.gob.ar\/index.php\/2020\/07\/22\/comisiones-es-importante-tener-la-opinion-de-los-representantes-de-los-trabajadores-dijo-pablo-villegas\/img_6770-2\/'><img loading=\"lazy\" decoding=\"async\" width=\"300\" height=\"200\" src=\"https:\/\/www.legistdf.gob.ar\/wp-content\/uploads\/2020\/07\/IMG_6770-300x200.jpg\" class=\"attachment-medium size-medium\" alt=\"\" srcset=\"https:\/\/www.legistdf.gob.ar\/wp-content\/uploads\/2020\/07\/IMG_6770-300x200.jpg 300w, https:\/\/www.legistdf.gob.ar\/wp-content\/uploads\/2020\/07\/IMG_6770-768x512.jpg 768w, https:\/\/www.legistdf.gob.ar\/wp-content\/uploads\/2020\/07\/IMG_6770-1024x683.jpg 1024w, https:\/\/www.legistdf.gob.ar\/wp-content\/uploads\/2020\/07\/IMG_6770-160x107.jpg 160w, https:\/\/www.legistdf.gob.ar\/wp-content\/uploads\/2020\/07\/IMG_6770.jpg 1500w\" sizes=\"(max-width: 300px) 100vw, 300px\" data-attachment-id=\"20675\" data-permalink=\"https:\/\/www.legistdf.gob.ar\/index.php\/2020\/07\/22\/comisiones-es-importante-tener-la-opinion-de-los-representantes-de-los-trabajadores-dijo-pablo-villegas\/img_6770-2\/\" data-orig-file=\"https:\/\/www.legistdf.gob.ar\/wp-content\/uploads\/2020\/07\/IMG_6770.jpg\" data-orig-size=\"1500,1000\" data-comments-opened=\"0\" data-image-meta=\"{&quot;aperture&quot;:&quot;2.8&quot;,&quot;credit&quot;:&quot;&quot;,&quot;camera&quot;:&quot;Canon EOS 6D&quot;,&quot;caption&quot;:&quot;&quot;,&quot;created_timestamp&quot;:&quot;1595417842&quot;,&quot;copyright&quot;:&quot;&quot;,&quot;focal_length&quot;:&quot;24&quot;,&quot;iso&quot;:&quot;100&quot;,&quot;shutter_speed&quot;:&quot;0.02&quot;,&quot;title&quot;:&quot;&quot;,&quot;orientation&quot;:&quot;1&quot;}\" data-image-title=\"IMG_6770\" data-image-description=\"\" data-image-caption=\"\" data-medium-file=\"https:\/\/www.legistdf.gob.ar\/wp-content\/uploads\/2020\/07\/IMG_6770-300x200.jpg\" data-large-file=\"https:\/\/www.legistdf.gob.ar\/wp-content\/uploads\/2020\/07\/IMG_6770-1024x683.jpg\" \/><\/a>\n\t\t\t<\/dt><\/dl><dl class='gallery-item'>\n\t\t\t<dt class='gallery-icon landscape'>\n\t\t\t\t<a href='https:\/\/www.legistdf.gob.ar\/index.php\/2020\/07\/22\/comisiones-es-importante-tener-la-opinion-de-los-representantes-de-los-trabajadores-dijo-pablo-villegas\/img_6799-2\/'><img loading=\"lazy\" decoding=\"async\" width=\"300\" height=\"200\" src=\"https:\/\/www.legistdf.gob.ar\/wp-content\/uploads\/2020\/07\/IMG_6799-300x200.jpg\" class=\"attachment-medium size-medium\" alt=\"\" srcset=\"https:\/\/www.legistdf.gob.ar\/wp-content\/uploads\/2020\/07\/IMG_6799-300x200.jpg 300w, https:\/\/www.legistdf.gob.ar\/wp-content\/uploads\/2020\/07\/IMG_6799-768x512.jpg 768w, https:\/\/www.legistdf.gob.ar\/wp-content\/uploads\/2020\/07\/IMG_6799-1024x683.jpg 1024w, https:\/\/www.legistdf.gob.ar\/wp-content\/uploads\/2020\/07\/IMG_6799-160x107.jpg 160w, https:\/\/www.legistdf.gob.ar\/wp-content\/uploads\/2020\/07\/IMG_6799.jpg 1500w\" sizes=\"(max-width: 300px) 100vw, 300px\" data-attachment-id=\"20686\" data-permalink=\"https:\/\/www.legistdf.gob.ar\/index.php\/2020\/07\/22\/comisiones-es-importante-tener-la-opinion-de-los-representantes-de-los-trabajadores-dijo-pablo-villegas\/img_6799-2\/\" data-orig-file=\"https:\/\/www.legistdf.gob.ar\/wp-content\/uploads\/2020\/07\/IMG_6799.jpg\" data-orig-size=\"1500,1000\" data-comments-opened=\"0\" data-image-meta=\"{&quot;aperture&quot;:&quot;2.8&quot;,&quot;credit&quot;:&quot;&quot;,&quot;camera&quot;:&quot;Canon EOS 6D&quot;,&quot;caption&quot;:&quot;&quot;,&quot;created_timestamp&quot;:&quot;1595417842&quot;,&quot;copyright&quot;:&quot;&quot;,&quot;focal_length&quot;:&quot;24&quot;,&quot;iso&quot;:&quot;100&quot;,&quot;shutter_speed&quot;:&quot;0.02&quot;,&quot;title&quot;:&quot;&quot;,&quot;orientation&quot;:&quot;1&quot;}\" data-image-title=\"IMG_6799\" data-image-description=\"\" data-image-caption=\"\" data-medium-file=\"https:\/\/www.legistdf.gob.ar\/wp-content\/uploads\/2020\/07\/IMG_6799-300x200.jpg\" data-large-file=\"https:\/\/www.legistdf.gob.ar\/wp-content\/uploads\/2020\/07\/IMG_6799-1024x683.jpg\" \/><\/a>\n\t\t\t<\/dt><\/dl><dl class='gallery-item'>\n\t\t\t<dt class='gallery-icon landscape'>\n\t\t\t\t<a href='https:\/\/www.legistdf.gob.ar\/index.php\/2020\/07\/22\/comisiones-es-importante-tener-la-opinion-de-los-representantes-de-los-trabajadores-dijo-pablo-villegas\/img_6780\/'><img loading=\"lazy\" decoding=\"async\" width=\"300\" height=\"200\" src=\"https:\/\/www.legistdf.gob.ar\/wp-content\/uploads\/2020\/07\/IMG_6780-300x200.jpg\" class=\"attachment-medium size-medium\" alt=\"\" srcset=\"https:\/\/www.legistdf.gob.ar\/wp-content\/uploads\/2020\/07\/IMG_6780-300x200.jpg 300w, https:\/\/www.legistdf.gob.ar\/wp-content\/uploads\/2020\/07\/IMG_6780-768x512.jpg 768w, https:\/\/www.legistdf.gob.ar\/wp-content\/uploads\/2020\/07\/IMG_6780-1024x683.jpg 1024w, https:\/\/www.legistdf.gob.ar\/wp-content\/uploads\/2020\/07\/IMG_6780-160x107.jpg 160w, https:\/\/www.legistdf.gob.ar\/wp-content\/uploads\/2020\/07\/IMG_6780.jpg 1500w\" sizes=\"(max-width: 300px) 100vw, 300px\" data-attachment-id=\"20685\" data-permalink=\"https:\/\/www.legistdf.gob.ar\/index.php\/2020\/07\/22\/comisiones-es-importante-tener-la-opinion-de-los-representantes-de-los-trabajadores-dijo-pablo-villegas\/img_6780\/\" data-orig-file=\"https:\/\/www.legistdf.gob.ar\/wp-content\/uploads\/2020\/07\/IMG_6780.jpg\" data-orig-size=\"1500,1000\" data-comments-opened=\"0\" data-image-meta=\"{&quot;aperture&quot;:&quot;2.8&quot;,&quot;credit&quot;:&quot;&quot;,&quot;camera&quot;:&quot;Canon EOS 6D&quot;,&quot;caption&quot;:&quot;&quot;,&quot;created_timestamp&quot;:&quot;1595417842&quot;,&quot;copyright&quot;:&quot;&quot;,&quot;focal_length&quot;:&quot;24&quot;,&quot;iso&quot;:&quot;100&quot;,&quot;shutter_speed&quot;:&quot;0.02&quot;,&quot;title&quot;:&quot;&quot;,&quot;orientation&quot;:&quot;1&quot;}\" data-image-title=\"IMG_6780\" data-image-description=\"\" data-image-caption=\"\" data-medium-file=\"https:\/\/www.legistdf.gob.ar\/wp-content\/uploads\/2020\/07\/IMG_6780-300x200.jpg\" data-large-file=\"https:\/\/www.legistdf.gob.ar\/wp-content\/uploads\/2020\/07\/IMG_6780-1024x683.jpg\" \/><\/a>\n\t\t\t<\/dt><\/dl><br style=\"clear: both\" \/><dl class='gallery-item'>\n\t\t\t<dt class='gallery-icon landscape'>\n\t\t\t\t<a href='https:\/\/www.legistdf.gob.ar\/index.php\/2020\/07\/22\/comisiones-es-importante-tener-la-opinion-de-los-representantes-de-los-trabajadores-dijo-pablo-villegas\/img_6779-2\/'><img loading=\"lazy\" decoding=\"async\" width=\"300\" height=\"200\" src=\"https:\/\/www.legistdf.gob.ar\/wp-content\/uploads\/2020\/07\/IMG_6779-300x200.jpg\" class=\"attachment-medium size-medium\" alt=\"\" srcset=\"https:\/\/www.legistdf.gob.ar\/wp-content\/uploads\/2020\/07\/IMG_6779-300x200.jpg 300w, https:\/\/www.legistdf.gob.ar\/wp-content\/uploads\/2020\/07\/IMG_6779-768x512.jpg 768w, https:\/\/www.legistdf.gob.ar\/wp-content\/uploads\/2020\/07\/IMG_6779-1024x683.jpg 1024w, https:\/\/www.legistdf.gob.ar\/wp-content\/uploads\/2020\/07\/IMG_6779-160x107.jpg 160w, https:\/\/www.legistdf.gob.ar\/wp-content\/uploads\/2020\/07\/IMG_6779.jpg 1500w\" sizes=\"(max-width: 300px) 100vw, 300px\" data-attachment-id=\"20684\" data-permalink=\"https:\/\/www.legistdf.gob.ar\/index.php\/2020\/07\/22\/comisiones-es-importante-tener-la-opinion-de-los-representantes-de-los-trabajadores-dijo-pablo-villegas\/img_6779-2\/\" data-orig-file=\"https:\/\/www.legistdf.gob.ar\/wp-content\/uploads\/2020\/07\/IMG_6779.jpg\" data-orig-size=\"1500,1000\" data-comments-opened=\"0\" data-image-meta=\"{&quot;aperture&quot;:&quot;2.8&quot;,&quot;credit&quot;:&quot;&quot;,&quot;camera&quot;:&quot;Canon EOS 6D&quot;,&quot;caption&quot;:&quot;&quot;,&quot;created_timestamp&quot;:&quot;1595417842&quot;,&quot;copyright&quot;:&quot;&quot;,&quot;focal_length&quot;:&quot;24&quot;,&quot;iso&quot;:&quot;100&quot;,&quot;shutter_speed&quot;:&quot;0.02&quot;,&quot;title&quot;:&quot;&quot;,&quot;orientation&quot;:&quot;1&quot;}\" data-image-title=\"IMG_6779\" data-image-description=\"\" data-image-caption=\"\" data-medium-file=\"https:\/\/www.legistdf.gob.ar\/wp-content\/uploads\/2020\/07\/IMG_6779-300x200.jpg\" data-large-file=\"https:\/\/www.legistdf.gob.ar\/wp-content\/uploads\/2020\/07\/IMG_6779-1024x683.jpg\" \/><\/a>\n\t\t\t<\/dt><\/dl><dl class='gallery-item'>\n\t\t\t<dt class='gallery-icon landscape'>\n\t\t\t\t<a href='https:\/\/www.legistdf.gob.ar\/index.php\/2020\/07\/22\/comisiones-es-importante-tener-la-opinion-de-los-representantes-de-los-trabajadores-dijo-pablo-villegas\/img_6778\/'><img loading=\"lazy\" decoding=\"async\" width=\"300\" height=\"200\" src=\"https:\/\/www.legistdf.gob.ar\/wp-content\/uploads\/2020\/07\/IMG_6778-300x200.jpg\" class=\"attachment-medium size-medium\" alt=\"\" srcset=\"https:\/\/www.legistdf.gob.ar\/wp-content\/uploads\/2020\/07\/IMG_6778-300x200.jpg 300w, https:\/\/www.legistdf.gob.ar\/wp-content\/uploads\/2020\/07\/IMG_6778-768x512.jpg 768w, https:\/\/www.legistdf.gob.ar\/wp-content\/uploads\/2020\/07\/IMG_6778-1024x683.jpg 1024w, https:\/\/www.legistdf.gob.ar\/wp-content\/uploads\/2020\/07\/IMG_6778-160x107.jpg 160w, https:\/\/www.legistdf.gob.ar\/wp-content\/uploads\/2020\/07\/IMG_6778.jpg 1500w\" sizes=\"(max-width: 300px) 100vw, 300px\" data-attachment-id=\"20683\" data-permalink=\"https:\/\/www.legistdf.gob.ar\/index.php\/2020\/07\/22\/comisiones-es-importante-tener-la-opinion-de-los-representantes-de-los-trabajadores-dijo-pablo-villegas\/img_6778\/\" data-orig-file=\"https:\/\/www.legistdf.gob.ar\/wp-content\/uploads\/2020\/07\/IMG_6778.jpg\" data-orig-size=\"1500,1000\" data-comments-opened=\"0\" data-image-meta=\"{&quot;aperture&quot;:&quot;2.8&quot;,&quot;credit&quot;:&quot;&quot;,&quot;camera&quot;:&quot;Canon EOS 6D&quot;,&quot;caption&quot;:&quot;&quot;,&quot;created_timestamp&quot;:&quot;1595417842&quot;,&quot;copyright&quot;:&quot;&quot;,&quot;focal_length&quot;:&quot;24&quot;,&quot;iso&quot;:&quot;100&quot;,&quot;shutter_speed&quot;:&quot;0.02&quot;,&quot;title&quot;:&quot;&quot;,&quot;orientation&quot;:&quot;1&quot;}\" data-image-title=\"IMG_6778\" data-image-description=\"\" data-image-caption=\"\" data-medium-file=\"https:\/\/www.legistdf.gob.ar\/wp-content\/uploads\/2020\/07\/IMG_6778-300x200.jpg\" data-large-file=\"https:\/\/www.legistdf.gob.ar\/wp-content\/uploads\/2020\/07\/IMG_6778-1024x683.jpg\" \/><\/a>\n\t\t\t<\/dt><\/dl><dl class='gallery-item'>\n\t\t\t<dt class='gallery-icon landscape'>\n\t\t\t\t<a href='https:\/\/www.legistdf.gob.ar\/index.php\/2020\/07\/22\/comisiones-es-importante-tener-la-opinion-de-los-representantes-de-los-trabajadores-dijo-pablo-villegas\/img_6777-3\/'><img loading=\"lazy\" decoding=\"async\" width=\"300\" height=\"200\" src=\"https:\/\/www.legistdf.gob.ar\/wp-content\/uploads\/2020\/07\/IMG_6777-300x200.jpg\" class=\"attachment-medium size-medium\" alt=\"\" srcset=\"https:\/\/www.legistdf.gob.ar\/wp-content\/uploads\/2020\/07\/IMG_6777-300x200.jpg 300w, https:\/\/www.legistdf.gob.ar\/wp-content\/uploads\/2020\/07\/IMG_6777-768x512.jpg 768w, https:\/\/www.legistdf.gob.ar\/wp-content\/uploads\/2020\/07\/IMG_6777-1024x683.jpg 1024w, https:\/\/www.legistdf.gob.ar\/wp-content\/uploads\/2020\/07\/IMG_6777-160x107.jpg 160w, https:\/\/www.legistdf.gob.ar\/wp-content\/uploads\/2020\/07\/IMG_6777.jpg 1500w\" sizes=\"(max-width: 300px) 100vw, 300px\" data-attachment-id=\"20682\" data-permalink=\"https:\/\/www.legistdf.gob.ar\/index.php\/2020\/07\/22\/comisiones-es-importante-tener-la-opinion-de-los-representantes-de-los-trabajadores-dijo-pablo-villegas\/img_6777-3\/\" data-orig-file=\"https:\/\/www.legistdf.gob.ar\/wp-content\/uploads\/2020\/07\/IMG_6777.jpg\" data-orig-size=\"1500,1000\" data-comments-opened=\"0\" data-image-meta=\"{&quot;aperture&quot;:&quot;2.8&quot;,&quot;credit&quot;:&quot;&quot;,&quot;camera&quot;:&quot;Canon EOS 6D&quot;,&quot;caption&quot;:&quot;&quot;,&quot;created_timestamp&quot;:&quot;1595417842&quot;,&quot;copyright&quot;:&quot;&quot;,&quot;focal_length&quot;:&quot;24&quot;,&quot;iso&quot;:&quot;100&quot;,&quot;shutter_speed&quot;:&quot;0.02&quot;,&quot;title&quot;:&quot;&quot;,&quot;orientation&quot;:&quot;1&quot;}\" data-image-title=\"IMG_6777\" data-image-description=\"\" data-image-caption=\"\" data-medium-file=\"https:\/\/www.legistdf.gob.ar\/wp-content\/uploads\/2020\/07\/IMG_6777-300x200.jpg\" data-large-file=\"https:\/\/www.legistdf.gob.ar\/wp-content\/uploads\/2020\/07\/IMG_6777-1024x683.jpg\" \/><\/a>\n\t\t\t<\/dt><\/dl><br style=\"clear: both\" \/><dl class='gallery-item'>\n\t\t\t<dt class='gallery-icon landscape'>\n\t\t\t\t<a href='https:\/\/www.legistdf.gob.ar\/index.php\/2020\/07\/22\/comisiones-es-importante-tener-la-opinion-de-los-representantes-de-los-trabajadores-dijo-pablo-villegas\/img_6776\/'><img loading=\"lazy\" decoding=\"async\" width=\"300\" height=\"200\" src=\"https:\/\/www.legistdf.gob.ar\/wp-content\/uploads\/2020\/07\/IMG_6776-300x200.jpg\" class=\"attachment-medium size-medium\" alt=\"\" srcset=\"https:\/\/www.legistdf.gob.ar\/wp-content\/uploads\/2020\/07\/IMG_6776-300x200.jpg 300w, https:\/\/www.legistdf.gob.ar\/wp-content\/uploads\/2020\/07\/IMG_6776-768x512.jpg 768w, https:\/\/www.legistdf.gob.ar\/wp-content\/uploads\/2020\/07\/IMG_6776-1024x683.jpg 1024w, https:\/\/www.legistdf.gob.ar\/wp-content\/uploads\/2020\/07\/IMG_6776-160x107.jpg 160w, https:\/\/www.legistdf.gob.ar\/wp-content\/uploads\/2020\/07\/IMG_6776.jpg 1500w\" sizes=\"(max-width: 300px) 100vw, 300px\" data-attachment-id=\"20681\" data-permalink=\"https:\/\/www.legistdf.gob.ar\/index.php\/2020\/07\/22\/comisiones-es-importante-tener-la-opinion-de-los-representantes-de-los-trabajadores-dijo-pablo-villegas\/img_6776\/\" data-orig-file=\"https:\/\/www.legistdf.gob.ar\/wp-content\/uploads\/2020\/07\/IMG_6776.jpg\" data-orig-size=\"1500,1000\" data-comments-opened=\"0\" data-image-meta=\"{&quot;aperture&quot;:&quot;2.8&quot;,&quot;credit&quot;:&quot;&quot;,&quot;camera&quot;:&quot;Canon EOS 6D&quot;,&quot;caption&quot;:&quot;&quot;,&quot;created_timestamp&quot;:&quot;1595417842&quot;,&quot;copyright&quot;:&quot;&quot;,&quot;focal_length&quot;:&quot;24&quot;,&quot;iso&quot;:&quot;100&quot;,&quot;shutter_speed&quot;:&quot;0.02&quot;,&quot;title&quot;:&quot;&quot;,&quot;orientation&quot;:&quot;1&quot;}\" data-image-title=\"IMG_6776\" data-image-description=\"\" data-image-caption=\"\" data-medium-file=\"https:\/\/www.legistdf.gob.ar\/wp-content\/uploads\/2020\/07\/IMG_6776-300x200.jpg\" data-large-file=\"https:\/\/www.legistdf.gob.ar\/wp-content\/uploads\/2020\/07\/IMG_6776-1024x683.jpg\" \/><\/a>\n\t\t\t<\/dt><\/dl><dl class='gallery-item'>\n\t\t\t<dt class='gallery-icon landscape'>\n\t\t\t\t<a href='https:\/\/www.legistdf.gob.ar\/index.php\/2020\/07\/22\/comisiones-es-importante-tener-la-opinion-de-los-representantes-de-los-trabajadores-dijo-pablo-villegas\/img_6775\/'><img loading=\"lazy\" decoding=\"async\" width=\"300\" height=\"200\" src=\"https:\/\/www.legistdf.gob.ar\/wp-content\/uploads\/2020\/07\/IMG_6775-300x200.jpg\" class=\"attachment-medium size-medium\" alt=\"\" srcset=\"https:\/\/www.legistdf.gob.ar\/wp-content\/uploads\/2020\/07\/IMG_6775-300x200.jpg 300w, https:\/\/www.legistdf.gob.ar\/wp-content\/uploads\/2020\/07\/IMG_6775-768x512.jpg 768w, https:\/\/www.legistdf.gob.ar\/wp-content\/uploads\/2020\/07\/IMG_6775-1024x683.jpg 1024w, https:\/\/www.legistdf.gob.ar\/wp-content\/uploads\/2020\/07\/IMG_6775-160x107.jpg 160w, https:\/\/www.legistdf.gob.ar\/wp-content\/uploads\/2020\/07\/IMG_6775.jpg 1500w\" sizes=\"(max-width: 300px) 100vw, 300px\" data-attachment-id=\"20680\" data-permalink=\"https:\/\/www.legistdf.gob.ar\/index.php\/2020\/07\/22\/comisiones-es-importante-tener-la-opinion-de-los-representantes-de-los-trabajadores-dijo-pablo-villegas\/img_6775\/\" data-orig-file=\"https:\/\/www.legistdf.gob.ar\/wp-content\/uploads\/2020\/07\/IMG_6775.jpg\" data-orig-size=\"1500,1000\" data-comments-opened=\"0\" data-image-meta=\"{&quot;aperture&quot;:&quot;2.8&quot;,&quot;credit&quot;:&quot;&quot;,&quot;camera&quot;:&quot;Canon EOS 6D&quot;,&quot;caption&quot;:&quot;&quot;,&quot;created_timestamp&quot;:&quot;1595417842&quot;,&quot;copyright&quot;:&quot;&quot;,&quot;focal_length&quot;:&quot;24&quot;,&quot;iso&quot;:&quot;100&quot;,&quot;shutter_speed&quot;:&quot;0.02&quot;,&quot;title&quot;:&quot;&quot;,&quot;orientation&quot;:&quot;1&quot;}\" data-image-title=\"IMG_6775\" data-image-description=\"\" data-image-caption=\"\" data-medium-file=\"https:\/\/www.legistdf.gob.ar\/wp-content\/uploads\/2020\/07\/IMG_6775-300x200.jpg\" data-large-file=\"https:\/\/www.legistdf.gob.ar\/wp-content\/uploads\/2020\/07\/IMG_6775-1024x683.jpg\" \/><\/a>\n\t\t\t<\/dt><\/dl><dl class='gallery-item'>\n\t\t\t<dt class='gallery-icon landscape'>\n\t\t\t\t<a href='https:\/\/www.legistdf.gob.ar\/index.php\/2020\/07\/22\/comisiones-es-importante-tener-la-opinion-de-los-representantes-de-los-trabajadores-dijo-pablo-villegas\/img_6774-2\/'><img loading=\"lazy\" decoding=\"async\" width=\"300\" height=\"200\" src=\"https:\/\/www.legistdf.gob.ar\/wp-content\/uploads\/2020\/07\/IMG_6774-300x200.jpg\" class=\"attachment-medium size-medium\" alt=\"\" srcset=\"https:\/\/www.legistdf.gob.ar\/wp-content\/uploads\/2020\/07\/IMG_6774-300x200.jpg 300w, https:\/\/www.legistdf.gob.ar\/wp-content\/uploads\/2020\/07\/IMG_6774-768x512.jpg 768w, https:\/\/www.legistdf.gob.ar\/wp-content\/uploads\/2020\/07\/IMG_6774-1024x683.jpg 1024w, https:\/\/www.legistdf.gob.ar\/wp-content\/uploads\/2020\/07\/IMG_6774-160x107.jpg 160w, https:\/\/www.legistdf.gob.ar\/wp-content\/uploads\/2020\/07\/IMG_6774.jpg 1500w\" sizes=\"(max-width: 300px) 100vw, 300px\" data-attachment-id=\"20679\" data-permalink=\"https:\/\/www.legistdf.gob.ar\/index.php\/2020\/07\/22\/comisiones-es-importante-tener-la-opinion-de-los-representantes-de-los-trabajadores-dijo-pablo-villegas\/img_6774-2\/\" data-orig-file=\"https:\/\/www.legistdf.gob.ar\/wp-content\/uploads\/2020\/07\/IMG_6774.jpg\" data-orig-size=\"1500,1000\" data-comments-opened=\"0\" data-image-meta=\"{&quot;aperture&quot;:&quot;2.8&quot;,&quot;credit&quot;:&quot;&quot;,&quot;camera&quot;:&quot;Canon EOS 6D&quot;,&quot;caption&quot;:&quot;&quot;,&quot;created_timestamp&quot;:&quot;1595417842&quot;,&quot;copyright&quot;:&quot;&quot;,&quot;focal_length&quot;:&quot;24&quot;,&quot;iso&quot;:&quot;100&quot;,&quot;shutter_speed&quot;:&quot;0.02&quot;,&quot;title&quot;:&quot;&quot;,&quot;orientation&quot;:&quot;1&quot;}\" data-image-title=\"IMG_6774\" data-image-description=\"\" data-image-caption=\"\" data-medium-file=\"https:\/\/www.legistdf.gob.ar\/wp-content\/uploads\/2020\/07\/IMG_6774-300x200.jpg\" data-large-file=\"https:\/\/www.legistdf.gob.ar\/wp-content\/uploads\/2020\/07\/IMG_6774-1024x683.jpg\" \/><\/a>\n\t\t\t<\/dt><\/dl><br style=\"clear: both\" \/><dl class='gallery-item'>\n\t\t\t<dt class='gallery-icon landscape'>\n\t\t\t\t<a href='https:\/\/www.legistdf.gob.ar\/index.php\/2020\/07\/22\/comisiones-es-importante-tener-la-opinion-de-los-representantes-de-los-trabajadores-dijo-pablo-villegas\/img_6773-2\/'><img loading=\"lazy\" decoding=\"async\" width=\"300\" height=\"200\" src=\"https:\/\/www.legistdf.gob.ar\/wp-content\/uploads\/2020\/07\/IMG_6773-300x200.jpg\" class=\"attachment-medium size-medium\" alt=\"\" srcset=\"https:\/\/www.legistdf.gob.ar\/wp-content\/uploads\/2020\/07\/IMG_6773-300x200.jpg 300w, https:\/\/www.legistdf.gob.ar\/wp-content\/uploads\/2020\/07\/IMG_6773-768x512.jpg 768w, https:\/\/www.legistdf.gob.ar\/wp-content\/uploads\/2020\/07\/IMG_6773-1024x683.jpg 1024w, https:\/\/www.legistdf.gob.ar\/wp-content\/uploads\/2020\/07\/IMG_6773-160x107.jpg 160w, https:\/\/www.legistdf.gob.ar\/wp-content\/uploads\/2020\/07\/IMG_6773.jpg 1500w\" sizes=\"(max-width: 300px) 100vw, 300px\" data-attachment-id=\"20678\" data-permalink=\"https:\/\/www.legistdf.gob.ar\/index.php\/2020\/07\/22\/comisiones-es-importante-tener-la-opinion-de-los-representantes-de-los-trabajadores-dijo-pablo-villegas\/img_6773-2\/\" data-orig-file=\"https:\/\/www.legistdf.gob.ar\/wp-content\/uploads\/2020\/07\/IMG_6773.jpg\" data-orig-size=\"1500,1000\" data-comments-opened=\"0\" data-image-meta=\"{&quot;aperture&quot;:&quot;2.8&quot;,&quot;credit&quot;:&quot;&quot;,&quot;camera&quot;:&quot;Canon EOS 6D&quot;,&quot;caption&quot;:&quot;&quot;,&quot;created_timestamp&quot;:&quot;1595417842&quot;,&quot;copyright&quot;:&quot;&quot;,&quot;focal_length&quot;:&quot;24&quot;,&quot;iso&quot;:&quot;100&quot;,&quot;shutter_speed&quot;:&quot;0.02&quot;,&quot;title&quot;:&quot;&quot;,&quot;orientation&quot;:&quot;1&quot;}\" data-image-title=\"IMG_6773\" data-image-description=\"\" data-image-caption=\"\" data-medium-file=\"https:\/\/www.legistdf.gob.ar\/wp-content\/uploads\/2020\/07\/IMG_6773-300x200.jpg\" data-large-file=\"https:\/\/www.legistdf.gob.ar\/wp-content\/uploads\/2020\/07\/IMG_6773-1024x683.jpg\" \/><\/a>\n\t\t\t<\/dt><\/dl><dl class='gallery-item'>\n\t\t\t<dt class='gallery-icon landscape'>\n\t\t\t\t<a href='https:\/\/www.legistdf.gob.ar\/index.php\/2020\/07\/22\/comisiones-es-importante-tener-la-opinion-de-los-representantes-de-los-trabajadores-dijo-pablo-villegas\/img_6772-2\/'><img loading=\"lazy\" decoding=\"async\" width=\"300\" height=\"200\" src=\"https:\/\/www.legistdf.gob.ar\/wp-content\/uploads\/2020\/07\/IMG_6772-300x200.jpg\" class=\"attachment-medium size-medium\" alt=\"\" srcset=\"https:\/\/www.legistdf.gob.ar\/wp-content\/uploads\/2020\/07\/IMG_6772-300x200.jpg 300w, https:\/\/www.legistdf.gob.ar\/wp-content\/uploads\/2020\/07\/IMG_6772-768x512.jpg 768w, https:\/\/www.legistdf.gob.ar\/wp-content\/uploads\/2020\/07\/IMG_6772-1024x683.jpg 1024w, https:\/\/www.legistdf.gob.ar\/wp-content\/uploads\/2020\/07\/IMG_6772-160x107.jpg 160w, https:\/\/www.legistdf.gob.ar\/wp-content\/uploads\/2020\/07\/IMG_6772.jpg 1500w\" sizes=\"(max-width: 300px) 100vw, 300px\" data-attachment-id=\"20677\" data-permalink=\"https:\/\/www.legistdf.gob.ar\/index.php\/2020\/07\/22\/comisiones-es-importante-tener-la-opinion-de-los-representantes-de-los-trabajadores-dijo-pablo-villegas\/img_6772-2\/\" data-orig-file=\"https:\/\/www.legistdf.gob.ar\/wp-content\/uploads\/2020\/07\/IMG_6772.jpg\" data-orig-size=\"1500,1000\" data-comments-opened=\"0\" data-image-meta=\"{&quot;aperture&quot;:&quot;2.8&quot;,&quot;credit&quot;:&quot;&quot;,&quot;camera&quot;:&quot;Canon EOS 6D&quot;,&quot;caption&quot;:&quot;&quot;,&quot;created_timestamp&quot;:&quot;1595417842&quot;,&quot;copyright&quot;:&quot;&quot;,&quot;focal_length&quot;:&quot;24&quot;,&quot;iso&quot;:&quot;100&quot;,&quot;shutter_speed&quot;:&quot;0.02&quot;,&quot;title&quot;:&quot;&quot;,&quot;orientation&quot;:&quot;1&quot;}\" data-image-title=\"IMG_6772\" data-image-description=\"\" data-image-caption=\"\" data-medium-file=\"https:\/\/www.legistdf.gob.ar\/wp-content\/uploads\/2020\/07\/IMG_6772-300x200.jpg\" data-large-file=\"https:\/\/www.legistdf.gob.ar\/wp-content\/uploads\/2020\/07\/IMG_6772-1024x683.jpg\" \/><\/a>\n\t\t\t<\/dt><\/dl><dl class='gallery-item'>\n\t\t\t<dt class='gallery-icon landscape'>\n\t\t\t\t<a href='https:\/\/www.legistdf.gob.ar\/index.php\/2020\/07\/22\/comisiones-es-importante-tener-la-opinion-de-los-representantes-de-los-trabajadores-dijo-pablo-villegas\/img_6771\/'><img loading=\"lazy\" decoding=\"async\" width=\"300\" height=\"200\" src=\"https:\/\/www.legistdf.gob.ar\/wp-content\/uploads\/2020\/07\/IMG_6771-300x200.jpg\" class=\"attachment-medium size-medium\" alt=\"\" srcset=\"https:\/\/www.legistdf.gob.ar\/wp-content\/uploads\/2020\/07\/IMG_6771-300x200.jpg 300w, https:\/\/www.legistdf.gob.ar\/wp-content\/uploads\/2020\/07\/IMG_6771-768x512.jpg 768w, https:\/\/www.legistdf.gob.ar\/wp-content\/uploads\/2020\/07\/IMG_6771-1024x683.jpg 1024w, https:\/\/www.legistdf.gob.ar\/wp-content\/uploads\/2020\/07\/IMG_6771-160x107.jpg 160w, https:\/\/www.legistdf.gob.ar\/wp-content\/uploads\/2020\/07\/IMG_6771.jpg 1500w\" sizes=\"(max-width: 300px) 100vw, 300px\" data-attachment-id=\"20676\" data-permalink=\"https:\/\/www.legistdf.gob.ar\/index.php\/2020\/07\/22\/comisiones-es-importante-tener-la-opinion-de-los-representantes-de-los-trabajadores-dijo-pablo-villegas\/img_6771\/\" data-orig-file=\"https:\/\/www.legistdf.gob.ar\/wp-content\/uploads\/2020\/07\/IMG_6771.jpg\" data-orig-size=\"1500,1000\" data-comments-opened=\"0\" data-image-meta=\"{&quot;aperture&quot;:&quot;2.8&quot;,&quot;credit&quot;:&quot;&quot;,&quot;camera&quot;:&quot;Canon EOS 6D&quot;,&quot;caption&quot;:&quot;&quot;,&quot;created_timestamp&quot;:&quot;1595417842&quot;,&quot;copyright&quot;:&quot;&quot;,&quot;focal_length&quot;:&quot;24&quot;,&quot;iso&quot;:&quot;100&quot;,&quot;shutter_speed&quot;:&quot;0.02&quot;,&quot;title&quot;:&quot;&quot;,&quot;orientation&quot;:&quot;1&quot;}\" data-image-title=\"IMG_6771\" data-image-description=\"\" data-image-caption=\"\" data-medium-file=\"https:\/\/www.legistdf.gob.ar\/wp-content\/uploads\/2020\/07\/IMG_6771-300x200.jpg\" data-large-file=\"https:\/\/www.legistdf.gob.ar\/wp-content\/uploads\/2020\/07\/IMG_6771-1024x683.jpg\" \/><\/a>\n\t\t\t<\/dt><\/dl><br style=\"clear: both\" \/>\n\t\t<\/div>\n\n<p>&nbsp;<\/p>\n","protected":false},"excerpt":{"rendered":"<p>Ushuaia, mi\u00e9rcoles 22 de julio de 2020.- El legislador Pablo Villegas (MPF), presidi\u00f3 la reuni\u00f3n de la Comisi\u00f3n de Justicia y Seguridad, en el marco del debate por la modificaci\u00f3n de la Ley Org\u00e1nica del Poder Judicial. En la jornada, participaron los titulares de los sindicatos Uni\u00f3n de Empleados de la Justicia de la Naci\u00f3n [&hellip;]<\/p>\n","protected":false},"author":352,"featured_media":20680,"comment_status":"closed","ping_status":"open","sticky":false,"template":"","format":"standard","meta":{"jetpack_post_was_ever_published":false,"_jetpack_newsletter_access":"","_jetpack_dont_email_post_to_subs":false,"_jetpack_newsletter_tier_id":0,"footnotes":"","jetpack_publicize_message":"","jetpack_publicize_feature_enabled":true,"jetpack_social_post_already_shared":true,"jetpack_social_options":{"image_generator_settings":{"template":"highway","enabled":false}}},"categories":[1],"tags":[84,162,106,1954,1955,79,87],"jetpack_publicize_connections":[],"jetpack_sharing_enabled":true,"jetpack_featured_media_url":"https:\/\/www.legistdf.gob.ar\/wp-content\/uploads\/2020\/07\/IMG_6775.jpg","jetpack-related-posts":[],"_links":{"self":[{"href":"https:\/\/www.legistdf.gob.ar\/index.php\/wp-json\/wp\/v2\/posts\/20674"}],"collection":[{"href":"https:\/\/www.legistdf.gob.ar\/index.php\/wp-json\/wp\/v2\/posts"}],"about":[{"href":"https:\/\/www.legistdf.gob.ar\/index.php\/wp-json\/wp\/v2\/types\/post"}],"author":[{"embeddable":true,"href":"https:\/\/www.legistdf.gob.ar\/index.php\/wp-json\/wp\/v2\/users\/352"}],"replies":[{"embeddable":true,"href":"https:\/\/www.legistdf.gob.ar\/index.php\/wp-json\/wp\/v2\/comments?post=20674"}],"version-history":[{"count":2,"href":"https:\/\/www.legistdf.gob.ar\/index.php\/wp-json\/wp\/v2\/posts\/20674\/revisions"}],"predecessor-version":[{"id":20689,"href":"https:\/\/www.legistdf.gob.ar\/index.php\/wp-json\/wp\/v2\/posts\/20674\/revisions\/20689"}],"wp:featuredmedia":[{"embeddable":true,"href":"https:\/\/www.legistdf.gob.ar\/index.php\/wp-json\/wp\/v2\/media\/20680"}],"wp:attachment":[{"href":"https:\/\/www.legistdf.gob.ar\/index.php\/wp-json\/wp\/v2\/media?parent=20674"}],"wp:term":[{"taxonomy":"category","embeddable":true,"href":"https:\/\/www.legistdf.gob.ar\/index.php\/wp-json\/wp\/v2\/categories?post=20674"},{"taxonomy":"post_tag","embeddable":true,"href":"https:\/\/www.legistdf.gob.ar\/index.php\/wp-json\/wp\/v2\/tags?post=20674"}],"curies":[{"name":"wp","href":"https:\/\/api.w.org\/{rel}","templated":true}]}}